{"id":28122,"date":"2025-02-26T13:24:31","date_gmt":"2025-02-26T19:24:31","guid":{"rendered":"https:\/\/thepueblatimes.mx\/?p=28122"},"modified":"2025-02-26T13:24:31","modified_gmt":"2025-02-26T19:24:31","slug":"congreso-de-puebla-una-institucion-de-puertas-abiertas-para-promover-la-cultura","status":"publish","type":"post","link":"https:\/\/thepueblatimes.mx\/index.php\/2025\/02\/26\/congreso-de-puebla-una-institucion-de-puertas-abiertas-para-promover-la-cultura\/","title":{"rendered":"Congreso de Puebla, una instituci\u00f3n de puertas abiertas para promover la cultura"},"content":{"rendered":"<h3><strong><em>-Se desarroll\u00f3 el Foro \u201cCarnavales de Puebla: Tradici\u00f3n, Cultura y Desarrollo\u201d<\/em><\/strong><\/h3>\n<p>&nbsp;<\/p>\n<p>Con el objetivo de promover la importancia de los carnavales en el estado de Puebla como manifestaciones culturales, atractivos tur\u00edsticos y herramientas de desarrollo econ\u00f3mico, fomentando su preservaci\u00f3n, promoci\u00f3n y mejora continua, el Congreso del Estado de Puebla, a trav\u00e9s de la presidenta de la Comisi\u00f3n de Turismo, Ang\u00e9lica Patricia Alvarado Ju\u00e1rez llev\u00f3 a cabo el Foro \u00abCarnavales de Puebla: Tradici\u00f3n, Cultura y Desarrollo\u00bb.<\/p>\n<p>En el marco de la inauguraci\u00f3n, la diputada presidenta de la Junta de Gobierno y Coordinaci\u00f3n Pol\u00edtica, Laura Artemisa Garc\u00eda Ch\u00e1vez destac\u00f3 que el Poder Legislativo es una instituci\u00f3n de puertas abiertas para difundir e impulsar las costumbres, tradiciones, cultura, baile, danza, canto y m\u00fasica, as\u00ed como todo lo que se hace en cada una de las regiones del Estado de Puebla.<\/p>\n<p>Resalt\u00f3 que los carnavales en cada una de las regiones son una experiencia extraordinaria que se manifiesta a trav\u00e9s de sus bailes, danzas, trajes y m\u00fasica que intervienen para su desarrollo; agreg\u00f3 que esta actividad implica un esfuerzo f\u00edsico y preparaci\u00f3n de cada una de las personas que participan con compromiso y orgullo de sus tradiciones.<\/p>\n<p>En el desarrollo del evento, las y los diputados, Azucena Rosas Tapia, Jos\u00e9 Luis Figueroa Cort\u00e9s, P\u00e1vel Gaspar Ram\u00edrez y Ang\u00e9lica Patricia Alvarado Ju\u00e1rez, coincidieron en que los Carnavales de las diferentes regiones del Estado son manifestaciones sociales, que hacen una fiesta para el pueblo, mantienen el arraigo a sus ra\u00edces, el orgullo a sus costumbres, dejando ver que, en cada danza, hacen del pueblo un depositario de la tradici\u00f3n.<\/p>\n<p>El Foro Carnavales de Puebla: Tradici\u00f3n, Cultura y Desarrollo, cont\u00f3 con la presencia de las y los legisladores, Mar\u00eda Soledad Amieva Zamora, El\u00edas Lozada Ortega, Rosal\u00edo Zanatta Vidaurri, Esther Mart\u00ednez Romano, Julio Miguel Huerta G\u00f3mez, Azucena Rosas Tapia, P\u00e1vel Gaspar Ram\u00edrez, Jos\u00e9 Luis Figueroa Cort\u00e9s, as\u00ed como del presidente de la Comisi\u00f3n de Turismo del Congreso del Estado de Veracruz, el diputado Igor Fidel Roji L\u00f3pez.<\/p>\n<p>Adem\u00e1s, asistieron representantes de la Secretar\u00eda de Arte y Cultura del Gobierno del Estado; el director de INAH, Manuel Villaruel V\u00e1zquez; el coordinador de Ciudades del Aprendizaje de la UNESCO, Luis Arenal y el director de Turismo del Ayuntamiento de Puebla, Jos\u00e9 Carlos Huerta Ram\u00edrez; el profesor, Santiago Amaury Mendoza y la maestra, Irene Vega.<\/p>\n","protected":false},"excerpt":{"rendered":"<p>-Se desarroll\u00f3 el Foro \u201cCarnavales de Puebla: Tradici\u00f3n, Cultura y Desarrollo\u201d &nbsp; Con el objetivo de promover la importancia de los carnavales en el estado de Puebla como manifestaciones culturales, atractivos tur\u00edsticos y herramientas de desarrollo econ\u00f3mico, fomentando su preservaci\u00f3n, promoci\u00f3n y mejora continua, el Congreso del Estado de Puebla, a trav\u00e9s de la presidenta&#8230;<\/p>\n","protected":false},"author":16,"featured_media":28123,"comment_status":"closed","ping_status":"closed","sticky":false,"template":"","format":"standard","meta":[],"categories":[3],"tags":[3286,2694,3154,3184,2283],"yoast_head":"<!-- This site is optimized with the Yoast SEO plugin v20.8 - https:\/\/yoast.com\/wordpress\/plugins\/seo\/ -->\n<title>Congreso de Puebla, una instituci\u00f3n de puertas abiertas para promover la cultura - The Puebla Times<\/title>\n<meta name=\"robots\" content=\"index, follow, max-snippet:-1, max-image-preview:large, max-video-preview:-1\" \/>\n<link rel=\"canonical\" href=\"https:\/\/thepueblatimes.mx\/index.php\/2025\/02\/26\/congreso-de-puebla-una-institucion-de-puertas-abiertas-para-promover-la-cultura\/\" \/>\n<meta property=\"og:locale\" content=\"es_ES\" \/>\n<meta property=\"og:type\" content=\"article\" \/>\n<meta property=\"og:title\" content=\"Congreso de Puebla, una instituci\u00f3n de puertas abiertas para promover la cultura - The Puebla Times\" \/>\n<meta property=\"og:description\" content=\"-Se desarroll\u00f3 el Foro \u201cCarnavales de Puebla: Tradici\u00f3n, Cultura y Desarrollo\u201d &nbsp; Con el objetivo de promover la importancia de los carnavales en el estado de Puebla como manifestaciones culturales, atractivos tur\u00edsticos y herramientas de desarrollo econ\u00f3mico, fomentando su preservaci\u00f3n, promoci\u00f3n y mejora continua, el Congreso del Estado de Puebla, a trav\u00e9s de la presidenta...\" \/>\n<meta property=\"og:url\" content=\"https:\/\/thepueblatimes.mx\/index.php\/2025\/02\/26\/congreso-de-puebla-una-institucion-de-puertas-abiertas-para-promover-la-cultura\/\" \/>\n<meta property=\"og:site_name\" content=\"The Puebla Times\" \/>\n<meta property=\"article:published_time\" content=\"2025-02-26T19:24:31+00:00\" \/>\n<meta property=\"og:image\" content=\"https:\/\/thepueblatimes.mx\/wp-content\/uploads\/2025\/02\/WhatsApp-Image-2025-02-26-at-11.43.22-1.jpeg\" \/>\n\t<meta property=\"og:image:width\" content=\"1600\" \/>\n\t<meta property=\"og:image:height\" content=\"1066\" \/>\n\t<meta property=\"og:image:type\" content=\"image\/jpeg\" \/>\n<meta name=\"author\" content=\"Sa\u00fal Hern\u00e1ndez\" \/>\n<meta name=\"twitter:card\" content=\"summary_large_image\" \/>\n<meta name=\"twitter:label1\" content=\"Escrito por\" \/>\n\t<meta name=\"twitter:data1\" content=\"Sa\u00fal Hern\u00e1ndez\" \/>\n\t<meta name=\"twitter:label2\" content=\"Tiempo de lectura\" \/>\n\t<meta name=\"twitter:data2\" content=\"2 minutos\" \/>\n<script type=\"application\/ld+json\" class=\"yoast-schema-graph\">{\"@context\":\"https:\/\/schema.org\",\"@graph\":[{\"@type\":\"WebPage\",\"@id\":\"https:\/\/thepueblatimes.mx\/index.php\/2025\/02\/26\/congreso-de-puebla-una-institucion-de-puertas-abiertas-para-promover-la-cultura\/\",\"url\":\"https:\/\/thepueblatimes.mx\/index.php\/2025\/02\/26\/congreso-de-puebla-una-institucion-de-puertas-abiertas-para-promover-la-cultura\/\",\"name\":\"Congreso de Puebla, una instituci\u00f3n de puertas abiertas para promover la cultura - The Puebla Times\",\"isPartOf\":{\"@id\":\"https:\/\/thepueblatimes.mx\/#website\"},\"datePublished\":\"2025-02-26T19:24:31+00:00\",\"dateModified\":\"2025-02-26T19:24:31+00:00\",\"author\":{\"@id\":\"https:\/\/thepueblatimes.mx\/#\/schema\/person\/1664894c2f65ce2c7a08d8f5f905c13c\"},\"breadcrumb\":{\"@id\":\"https:\/\/thepueblatimes.mx\/index.php\/2025\/02\/26\/congreso-de-puebla-una-institucion-de-puertas-abiertas-para-promover-la-cultura\/#breadcrumb\"},\"inLanguage\":\"es\",\"potentialAction\":[{\"@type\":\"ReadAction\",\"target\":[\"https:\/\/thepueblatimes.mx\/index.php\/2025\/02\/26\/congreso-de-puebla-una-institucion-de-puertas-abiertas-para-promover-la-cultura\/\"]}]},{\"@type\":\"BreadcrumbList\",\"@id\":\"https:\/\/thepueblatimes.mx\/index.php\/2025\/02\/26\/congreso-de-puebla-una-institucion-de-puertas-abiertas-para-promover-la-cultura\/#breadcrumb\",\"itemListElement\":[{\"@type\":\"ListItem\",\"position\":1,\"name\":\"Portada\",\"item\":\"https:\/\/thepueblatimes.mx\/\"},{\"@type\":\"ListItem\",\"position\":2,\"name\":\"Congreso de Puebla, una instituci\u00f3n de puertas abiertas para promover la cultura\"}]},{\"@type\":\"WebSite\",\"@id\":\"https:\/\/thepueblatimes.mx\/#website\",\"url\":\"https:\/\/thepueblatimes.mx\/\",\"name\":\"The Puebla Times\",\"description\":\"Noticias del Estado de Puebla\",\"potentialAction\":[{\"@type\":\"SearchAction\",\"target\":{\"@type\":\"EntryPoint\",\"urlTemplate\":\"https:\/\/thepueblatimes.mx\/?s={search_term_string}\"},\"query-input\":\"required name=search_term_string\"}],\"inLanguage\":\"es\"},{\"@type\":\"Person\",\"@id\":\"https:\/\/thepueblatimes.mx\/#\/schema\/person\/1664894c2f65ce2c7a08d8f5f905c13c\",\"name\":\"Sa\u00fal Hern\u00e1ndez\",\"image\":{\"@type\":\"ImageObject\",\"inLanguage\":\"es\",\"@id\":\"https:\/\/thepueblatimes.mx\/#\/schema\/person\/image\/\",\"url\":\"https:\/\/secure.gravatar.com\/avatar\/11be338693f243309532caad8f10c930?s=96&d=mm&r=g\",\"contentUrl\":\"https:\/\/secure.gravatar.com\/avatar\/11be338693f243309532caad8f10c930?s=96&d=mm&r=g\",\"caption\":\"Sa\u00fal Hern\u00e1ndez\"},\"url\":\"https:\/\/thepueblatimes.mx\/index.php\/author\/saulhernandez\/\"}]}<\/script>\n<!-- \/ Yoast SEO plugin. -->","yoast_head_json":{"title":"Congreso de Puebla, una instituci\u00f3n de puertas abiertas para promover la cultura - The Puebla Times","robots":{"index":"index","follow":"follow","max-snippet":"max-snippet:-1","max-image-preview":"max-image-preview:large","max-video-preview":"max-video-preview:-1"},"canonical":"https:\/\/thepueblatimes.mx\/index.php\/2025\/02\/26\/congreso-de-puebla-una-institucion-de-puertas-abiertas-para-promover-la-cultura\/","og_locale":"es_ES","og_type":"article","og_title":"Congreso de Puebla, una instituci\u00f3n de puertas abiertas para promover la cultura - The Puebla Times","og_description":"-Se desarroll\u00f3 el Foro \u201cCarnavales de Puebla: Tradici\u00f3n, Cultura y Desarrollo\u201d &nbsp; Con el objetivo de promover la importancia de los carnavales en el estado de Puebla como manifestaciones culturales, atractivos tur\u00edsticos y herramientas de desarrollo econ\u00f3mico, fomentando su preservaci\u00f3n, promoci\u00f3n y mejora continua, el Congreso del Estado de Puebla, a trav\u00e9s de la presidenta...","og_url":"https:\/\/thepueblatimes.mx\/index.php\/2025\/02\/26\/congreso-de-puebla-una-institucion-de-puertas-abiertas-para-promover-la-cultura\/","og_site_name":"The Puebla Times","article_published_time":"2025-02-26T19:24:31+00:00","og_image":[{"width":1600,"height":1066,"url":"https:\/\/thepueblatimes.mx\/wp-content\/uploads\/2025\/02\/WhatsApp-Image-2025-02-26-at-11.43.22-1.jpeg","type":"image\/jpeg"}],"author":"Sa\u00fal Hern\u00e1ndez","twitter_card":"summary_large_image","twitter_misc":{"Escrito por":"Sa\u00fal Hern\u00e1ndez","Tiempo de lectura":"2 minutos"},"schema":{"@context":"https:\/\/schema.org","@graph":[{"@type":"WebPage","@id":"https:\/\/thepueblatimes.mx\/index.php\/2025\/02\/26\/congreso-de-puebla-una-institucion-de-puertas-abiertas-para-promover-la-cultura\/","url":"https:\/\/thepueblatimes.mx\/index.php\/2025\/02\/26\/congreso-de-puebla-una-institucion-de-puertas-abiertas-para-promover-la-cultura\/","name":"Congreso de Puebla, una instituci\u00f3n de puertas abiertas para promover la cultura - The Puebla Times","isPartOf":{"@id":"https:\/\/thepueblatimes.mx\/#website"},"datePublished":"2025-02-26T19:24:31+00:00","dateModified":"2025-02-26T19:24:31+00:00","author":{"@id":"https:\/\/thepueblatimes.mx\/#\/schema\/person\/1664894c2f65ce2c7a08d8f5f905c13c"},"breadcrumb":{"@id":"https:\/\/thepueblatimes.mx\/index.php\/2025\/02\/26\/congreso-de-puebla-una-institucion-de-puertas-abiertas-para-promover-la-cultura\/#breadcrumb"},"inLanguage":"es","potentialAction":[{"@type":"ReadAction","target":["https:\/\/thepueblatimes.mx\/index.php\/2025\/02\/26\/congreso-de-puebla-una-institucion-de-puertas-abiertas-para-promover-la-cultura\/"]}]},{"@type":"BreadcrumbList","@id":"https:\/\/thepueblatimes.mx\/index.php\/2025\/02\/26\/congreso-de-puebla-una-institucion-de-puertas-abiertas-para-promover-la-cultura\/#breadcrumb","itemListElement":[{"@type":"ListItem","position":1,"name":"Portada","item":"https:\/\/thepueblatimes.mx\/"},{"@type":"ListItem","position":2,"name":"Congreso de Puebla, una instituci\u00f3n de puertas abiertas para promover la cultura"}]},{"@type":"WebSite","@id":"https:\/\/thepueblatimes.mx\/#website","url":"https:\/\/thepueblatimes.mx\/","name":"The Puebla Times","description":"Noticias del Estado de Puebla","potentialAction":[{"@type":"SearchAction","target":{"@type":"EntryPoint","urlTemplate":"https:\/\/thepueblatimes.mx\/?s={search_term_string}"},"query-input":"required name=search_term_string"}],"inLanguage":"es"},{"@type":"Person","@id":"https:\/\/thepueblatimes.mx\/#\/schema\/person\/1664894c2f65ce2c7a08d8f5f905c13c","name":"Sa\u00fal Hern\u00e1ndez","image":{"@type":"ImageObject","inLanguage":"es","@id":"https:\/\/thepueblatimes.mx\/#\/schema\/person\/image\/","url":"https:\/\/secure.gravatar.com\/avatar\/11be338693f243309532caad8f10c930?s=96&d=mm&r=g","contentUrl":"https:\/\/secure.gravatar.com\/avatar\/11be338693f243309532caad8f10c930?s=96&d=mm&r=g","caption":"Sa\u00fal Hern\u00e1ndez"},"url":"https:\/\/thepueblatimes.mx\/index.php\/author\/saulhernandez\/"}]}},"jetpack_featured_media_url":"https:\/\/thepueblatimes.mx\/wp-content\/uploads\/2025\/02\/WhatsApp-Image-2025-02-26-at-11.43.22-1.jpeg","_links":{"self":[{"href":"https:\/\/thepueblatimes.mx\/index.php\/wp-json\/wp\/v2\/posts\/28122"}],"collection":[{"href":"https:\/\/thepueblatimes.mx\/index.php\/wp-json\/wp\/v2\/posts"}],"about":[{"href":"https:\/\/thepueblatimes.mx\/index.php\/wp-json\/wp\/v2\/types\/post"}],"author":[{"embeddable":true,"href":"https:\/\/thepueblatimes.mx\/index.php\/wp-json\/wp\/v2\/users\/16"}],"replies":[{"embeddable":true,"href":"https:\/\/thepueblatimes.mx\/index.php\/wp-json\/wp\/v2\/comments?post=28122"}],"version-history":[{"count":1,"href":"https:\/\/thepueblatimes.mx\/index.php\/wp-json\/wp\/v2\/posts\/28122\/revisions"}],"predecessor-version":[{"id":28124,"href":"https:\/\/thepueblatimes.mx\/index.php\/wp-json\/wp\/v2\/posts\/28122\/revisions\/28124"}],"wp:featuredmedia":[{"embeddable":true,"href":"https:\/\/thepueblatimes.mx\/index.php\/wp-json\/wp\/v2\/media\/28123"}],"wp:attachment":[{"href":"https:\/\/thepueblatimes.mx\/index.php\/wp-json\/wp\/v2\/media?parent=28122"}],"wp:term":[{"taxonomy":"category","embeddable":true,"href":"https:\/\/thepueblatimes.mx\/index.php\/wp-json\/wp\/v2\/categories?post=28122"},{"taxonomy":"post_tag","embeddable":true,"href":"https:\/\/thepueblatimes.mx\/index.php\/wp-json\/wp\/v2\/tags?post=28122"}],"curies":[{"name":"wp","href":"https:\/\/api.w.org\/{rel}","templated":true}]}}