{"id":28072,"date":"2025-02-24T14:58:13","date_gmt":"2025-02-24T20:58:13","guid":{"rendered":"https:\/\/thepueblatimes.mx\/?p=28072"},"modified":"2025-02-24T14:58:13","modified_gmt":"2025-02-24T20:58:13","slug":"condena-sedif-violencia-cometida-contra-menor-en-santa-rita-tlahuapan","status":"publish","type":"post","link":"https:\/\/thepueblatimes.mx\/index.php\/2025\/02\/24\/condena-sedif-violencia-cometida-contra-menor-en-santa-rita-tlahuapan\/","title":{"rendered":"Condena SEDIF violencia cometida contra menor en Santa Rita Tlahuapan"},"content":{"rendered":"<h3><em><strong>-No habr\u00e1 impunidad en agresi\u00f3n contra infantes.<\/strong><\/em><\/h3>\n<p>CIUDAD DE PUEBLA, Pue.- El Sistema Estatal DIF rechaza todo tipo de violencia en contra de cualquier ser humano, pero m\u00e1s a\u00fan cuando se trata de un menor de edad. Por ello, expresa la m\u00e1s firme condena ante los hechos ocurridos en Santa Rita Tlahuapan, donde un ni\u00f1o fue acosado y hostigado por hombres a bordo de una unidad de transporte colectivo.<\/p>\n<p>Desde el primer momento, por instrucciones de la presidenta honoraria del Patronato del SEDIF, Ceci Arellano, se brind\u00f3 acompa\u00f1amiento total a este caso. En coordinaci\u00f3n con las autoridades de San Mart\u00edn Texmelucan, donde ocurrieron los hechos, a trav\u00e9s de la Delegaci\u00f3n 08 y el DIF Municipal se present\u00f3 la denuncia correspondiente ante el Ministerio P\u00fablico para que se realice la investigaci\u00f3n y se haga justicia.<\/p>\n<p>Las acciones se coordinan entre la Procuradur\u00eda de Protecci\u00f3n de los Derechos de Ni\u00f1as, Ni\u00f1os y Adolescentes, a trav\u00e9s del Departamento de Cl\u00ednicas de Prevenci\u00f3n y Atenci\u00f3n al Maltrato, encabezado por el abogado Arturo Almonte, y la Direcci\u00f3n de Delegaciones del SEDIF.<\/p>\n<p>Reiteramos que el Sistema Estatal DIF del estado (SEDIF), se mantendr\u00e1 vigilante hasta que este caso se esclarezca y los responsables sean sancionados conforme a la ley. Tal como ha sido la indicaci\u00f3n del Gobernador Alejandro Armenta, la prioridad es proteger a la infancia y adolescencia, asegurando que ning\u00fan acto de violencia quede impune.<\/p>\n<p>En el SEDIF, seguiremos acompa\u00f1ando cada etapa del proceso y otorgando el apoyo necesario para garantizar la integridad del menor y su familia. Exhortamos a la sociedad a denunciar cualquier abuso en contra de los derechos de la ni\u00f1ez. Con el esfuerzo conjunto de las autoridades y la ciudadan\u00eda, trabajaremos para construir un entorno seguro y libre de violencia para nuestras ni\u00f1as, ni\u00f1os y adolescentes.<\/p>\n","protected":false},"excerpt":{"rendered":"<p>-No habr\u00e1 impunidad en agresi\u00f3n contra infantes. CIUDAD DE PUEBLA, Pue.- El Sistema Estatal DIF rechaza todo tipo de violencia en contra de cualquier ser humano, pero m\u00e1s a\u00fan cuando se trata de un menor de edad. Por ello, expresa la m\u00e1s firme condena ante los hechos ocurridos en Santa Rita Tlahuapan, donde un ni\u00f1o&#8230;<\/p>\n","protected":false},"author":16,"featured_media":28073,"comment_status":"closed","ping_status":"closed","sticky":false,"template":"","format":"standard","meta":[],"categories":[3],"tags":[3146,2196,1341,63],"yoast_head":"<!-- This site is optimized with the Yoast SEO plugin v20.8 - https:\/\/yoast.com\/wordpress\/plugins\/seo\/ -->\n<title>Condena SEDIF violencia cometida contra menor en Santa Rita Tlahuapan - The Puebla Times<\/title>\n<meta name=\"robots\" content=\"index, follow, max-snippet:-1, max-image-preview:large, max-video-preview:-1\" \/>\n<link rel=\"canonical\" href=\"https:\/\/thepueblatimes.mx\/index.php\/2025\/02\/24\/condena-sedif-violencia-cometida-contra-menor-en-santa-rita-tlahuapan\/\" \/>\n<meta property=\"og:locale\" content=\"es_ES\" \/>\n<meta property=\"og:type\" content=\"article\" \/>\n<meta property=\"og:title\" content=\"Condena SEDIF violencia cometida contra menor en Santa Rita Tlahuapan - The Puebla Times\" \/>\n<meta property=\"og:description\" content=\"-No habr\u00e1 impunidad en agresi\u00f3n contra infantes. CIUDAD DE PUEBLA, Pue.- El Sistema Estatal DIF rechaza todo tipo de violencia en contra de cualquier ser humano, pero m\u00e1s a\u00fan cuando se trata de un menor de edad. Por ello, expresa la m\u00e1s firme condena ante los hechos ocurridos en Santa Rita Tlahuapan, donde un ni\u00f1o...\" \/>\n<meta property=\"og:url\" content=\"https:\/\/thepueblatimes.mx\/index.php\/2025\/02\/24\/condena-sedif-violencia-cometida-contra-menor-en-santa-rita-tlahuapan\/\" \/>\n<meta property=\"og:site_name\" content=\"The Puebla Times\" \/>\n<meta property=\"article:published_time\" content=\"2025-02-24T20:58:13+00:00\" \/>\n<meta property=\"og:image\" content=\"https:\/\/thepueblatimes.mx\/wp-content\/uploads\/2025\/02\/WhatsApp-Image-2025-02-23-at-10.21.00-2.jpeg\" \/>\n\t<meta property=\"og:image:width\" content=\"1280\" \/>\n\t<meta property=\"og:image:height\" content=\"853\" \/>\n\t<meta property=\"og:image:type\" content=\"image\/jpeg\" \/>\n<meta name=\"author\" content=\"Sa\u00fal Hern\u00e1ndez\" \/>\n<meta name=\"twitter:card\" content=\"summary_large_image\" \/>\n<meta name=\"twitter:label1\" content=\"Escrito por\" \/>\n\t<meta name=\"twitter:data1\" content=\"Sa\u00fal Hern\u00e1ndez\" \/>\n\t<meta name=\"twitter:label2\" content=\"Tiempo de lectura\" \/>\n\t<meta name=\"twitter:data2\" content=\"2 minutos\" \/>\n<script type=\"application\/ld+json\" class=\"yoast-schema-graph\">{\"@context\":\"https:\/\/schema.org\",\"@graph\":[{\"@type\":\"WebPage\",\"@id\":\"https:\/\/thepueblatimes.mx\/index.php\/2025\/02\/24\/condena-sedif-violencia-cometida-contra-menor-en-santa-rita-tlahuapan\/\",\"url\":\"https:\/\/thepueblatimes.mx\/index.php\/2025\/02\/24\/condena-sedif-violencia-cometida-contra-menor-en-santa-rita-tlahuapan\/\",\"name\":\"Condena SEDIF violencia cometida contra menor en Santa Rita Tlahuapan - The Puebla Times\",\"isPartOf\":{\"@id\":\"https:\/\/thepueblatimes.mx\/#website\"},\"datePublished\":\"2025-02-24T20:58:13+00:00\",\"dateModified\":\"2025-02-24T20:58:13+00:00\",\"author\":{\"@id\":\"https:\/\/thepueblatimes.mx\/#\/schema\/person\/1664894c2f65ce2c7a08d8f5f905c13c\"},\"breadcrumb\":{\"@id\":\"https:\/\/thepueblatimes.mx\/index.php\/2025\/02\/24\/condena-sedif-violencia-cometida-contra-menor-en-santa-rita-tlahuapan\/#breadcrumb\"},\"inLanguage\":\"es\",\"potentialAction\":[{\"@type\":\"ReadAction\",\"target\":[\"https:\/\/thepueblatimes.mx\/index.php\/2025\/02\/24\/condena-sedif-violencia-cometida-contra-menor-en-santa-rita-tlahuapan\/\"]}]},{\"@type\":\"BreadcrumbList\",\"@id\":\"https:\/\/thepueblatimes.mx\/index.php\/2025\/02\/24\/condena-sedif-violencia-cometida-contra-menor-en-santa-rita-tlahuapan\/#breadcrumb\",\"itemListElement\":[{\"@type\":\"ListItem\",\"position\":1,\"name\":\"Portada\",\"item\":\"https:\/\/thepueblatimes.mx\/\"},{\"@type\":\"ListItem\",\"position\":2,\"name\":\"Condena SEDIF violencia cometida contra menor en Santa Rita Tlahuapan\"}]},{\"@type\":\"WebSite\",\"@id\":\"https:\/\/thepueblatimes.mx\/#website\",\"url\":\"https:\/\/thepueblatimes.mx\/\",\"name\":\"The Puebla Times\",\"description\":\"Noticias del Estado de Puebla\",\"potentialAction\":[{\"@type\":\"SearchAction\",\"target\":{\"@type\":\"EntryPoint\",\"urlTemplate\":\"https:\/\/thepueblatimes.mx\/?s={search_term_string}\"},\"query-input\":\"required name=search_term_string\"}],\"inLanguage\":\"es\"},{\"@type\":\"Person\",\"@id\":\"https:\/\/thepueblatimes.mx\/#\/schema\/person\/1664894c2f65ce2c7a08d8f5f905c13c\",\"name\":\"Sa\u00fal Hern\u00e1ndez\",\"image\":{\"@type\":\"ImageObject\",\"inLanguage\":\"es\",\"@id\":\"https:\/\/thepueblatimes.mx\/#\/schema\/person\/image\/\",\"url\":\"https:\/\/secure.gravatar.com\/avatar\/11be338693f243309532caad8f10c930?s=96&d=mm&r=g\",\"contentUrl\":\"https:\/\/secure.gravatar.com\/avatar\/11be338693f243309532caad8f10c930?s=96&d=mm&r=g\",\"caption\":\"Sa\u00fal Hern\u00e1ndez\"},\"url\":\"https:\/\/thepueblatimes.mx\/index.php\/author\/saulhernandez\/\"}]}<\/script>\n<!-- \/ Yoast SEO plugin. -->","yoast_head_json":{"title":"Condena SEDIF violencia cometida contra menor en Santa Rita Tlahuapan - The Puebla Times","robots":{"index":"index","follow":"follow","max-snippet":"max-snippet:-1","max-image-preview":"max-image-preview:large","max-video-preview":"max-video-preview:-1"},"canonical":"https:\/\/thepueblatimes.mx\/index.php\/2025\/02\/24\/condena-sedif-violencia-cometida-contra-menor-en-santa-rita-tlahuapan\/","og_locale":"es_ES","og_type":"article","og_title":"Condena SEDIF violencia cometida contra menor en Santa Rita Tlahuapan - The Puebla Times","og_description":"-No habr\u00e1 impunidad en agresi\u00f3n contra infantes. CIUDAD DE PUEBLA, Pue.- El Sistema Estatal DIF rechaza todo tipo de violencia en contra de cualquier ser humano, pero m\u00e1s a\u00fan cuando se trata de un menor de edad. Por ello, expresa la m\u00e1s firme condena ante los hechos ocurridos en Santa Rita Tlahuapan, donde un ni\u00f1o...","og_url":"https:\/\/thepueblatimes.mx\/index.php\/2025\/02\/24\/condena-sedif-violencia-cometida-contra-menor-en-santa-rita-tlahuapan\/","og_site_name":"The Puebla Times","article_published_time":"2025-02-24T20:58:13+00:00","og_image":[{"width":1280,"height":853,"url":"https:\/\/thepueblatimes.mx\/wp-content\/uploads\/2025\/02\/WhatsApp-Image-2025-02-23-at-10.21.00-2.jpeg","type":"image\/jpeg"}],"author":"Sa\u00fal Hern\u00e1ndez","twitter_card":"summary_large_image","twitter_misc":{"Escrito por":"Sa\u00fal Hern\u00e1ndez","Tiempo de lectura":"2 minutos"},"schema":{"@context":"https:\/\/schema.org","@graph":[{"@type":"WebPage","@id":"https:\/\/thepueblatimes.mx\/index.php\/2025\/02\/24\/condena-sedif-violencia-cometida-contra-menor-en-santa-rita-tlahuapan\/","url":"https:\/\/thepueblatimes.mx\/index.php\/2025\/02\/24\/condena-sedif-violencia-cometida-contra-menor-en-santa-rita-tlahuapan\/","name":"Condena SEDIF violencia cometida contra menor en Santa Rita Tlahuapan - The Puebla Times","isPartOf":{"@id":"https:\/\/thepueblatimes.mx\/#website"},"datePublished":"2025-02-24T20:58:13+00:00","dateModified":"2025-02-24T20:58:13+00:00","author":{"@id":"https:\/\/thepueblatimes.mx\/#\/schema\/person\/1664894c2f65ce2c7a08d8f5f905c13c"},"breadcrumb":{"@id":"https:\/\/thepueblatimes.mx\/index.php\/2025\/02\/24\/condena-sedif-violencia-cometida-contra-menor-en-santa-rita-tlahuapan\/#breadcrumb"},"inLanguage":"es","potentialAction":[{"@type":"ReadAction","target":["https:\/\/thepueblatimes.mx\/index.php\/2025\/02\/24\/condena-sedif-violencia-cometida-contra-menor-en-santa-rita-tlahuapan\/"]}]},{"@type":"BreadcrumbList","@id":"https:\/\/thepueblatimes.mx\/index.php\/2025\/02\/24\/condena-sedif-violencia-cometida-contra-menor-en-santa-rita-tlahuapan\/#breadcrumb","itemListElement":[{"@type":"ListItem","position":1,"name":"Portada","item":"https:\/\/thepueblatimes.mx\/"},{"@type":"ListItem","position":2,"name":"Condena SEDIF violencia cometida contra menor en Santa Rita Tlahuapan"}]},{"@type":"WebSite","@id":"https:\/\/thepueblatimes.mx\/#website","url":"https:\/\/thepueblatimes.mx\/","name":"The Puebla Times","description":"Noticias del Estado de Puebla","potentialAction":[{"@type":"SearchAction","target":{"@type":"EntryPoint","urlTemplate":"https:\/\/thepueblatimes.mx\/?s={search_term_string}"},"query-input":"required name=search_term_string"}],"inLanguage":"es"},{"@type":"Person","@id":"https:\/\/thepueblatimes.mx\/#\/schema\/person\/1664894c2f65ce2c7a08d8f5f905c13c","name":"Sa\u00fal Hern\u00e1ndez","image":{"@type":"ImageObject","inLanguage":"es","@id":"https:\/\/thepueblatimes.mx\/#\/schema\/person\/image\/","url":"https:\/\/secure.gravatar.com\/avatar\/11be338693f243309532caad8f10c930?s=96&d=mm&r=g","contentUrl":"https:\/\/secure.gravatar.com\/avatar\/11be338693f243309532caad8f10c930?s=96&d=mm&r=g","caption":"Sa\u00fal Hern\u00e1ndez"},"url":"https:\/\/thepueblatimes.mx\/index.php\/author\/saulhernandez\/"}]}},"jetpack_featured_media_url":"https:\/\/thepueblatimes.mx\/wp-content\/uploads\/2025\/02\/WhatsApp-Image-2025-02-23-at-10.21.00-2.jpeg","_links":{"self":[{"href":"https:\/\/thepueblatimes.mx\/index.php\/wp-json\/wp\/v2\/posts\/28072"}],"collection":[{"href":"https:\/\/thepueblatimes.mx\/index.php\/wp-json\/wp\/v2\/posts"}],"about":[{"href":"https:\/\/thepueblatimes.mx\/index.php\/wp-json\/wp\/v2\/types\/post"}],"author":[{"embeddable":true,"href":"https:\/\/thepueblatimes.mx\/index.php\/wp-json\/wp\/v2\/users\/16"}],"replies":[{"embeddable":true,"href":"https:\/\/thepueblatimes.mx\/index.php\/wp-json\/wp\/v2\/comments?post=28072"}],"version-history":[{"count":1,"href":"https:\/\/thepueblatimes.mx\/index.php\/wp-json\/wp\/v2\/posts\/28072\/revisions"}],"predecessor-version":[{"id":28074,"href":"https:\/\/thepueblatimes.mx\/index.php\/wp-json\/wp\/v2\/posts\/28072\/revisions\/28074"}],"wp:featuredmedia":[{"embeddable":true,"href":"https:\/\/thepueblatimes.mx\/index.php\/wp-json\/wp\/v2\/media\/28073"}],"wp:attachment":[{"href":"https:\/\/thepueblatimes.mx\/index.php\/wp-json\/wp\/v2\/media?parent=28072"}],"wp:term":[{"taxonomy":"category","embeddable":true,"href":"https:\/\/thepueblatimes.mx\/index.php\/wp-json\/wp\/v2\/categories?post=28072"},{"taxonomy":"post_tag","embeddable":true,"href":"https:\/\/thepueblatimes.mx\/index.php\/wp-json\/wp\/v2\/tags?post=28072"}],"curies":[{"name":"wp","href":"https:\/\/api.w.org\/{rel}","templated":true}]}}