{"id":28067,"date":"2025-02-24T14:50:11","date_gmt":"2025-02-24T20:50:11","guid":{"rendered":"https:\/\/thepueblatimes.mx\/?p=28067"},"modified":"2025-02-24T14:53:25","modified_gmt":"2025-02-24T20:53:25","slug":"reaparecio-juan-lira-maldonado","status":"publish","type":"post","link":"https:\/\/thepueblatimes.mx\/index.php\/2025\/02\/24\/reaparecio-juan-lira-maldonado\/","title":{"rendered":"Reapareci\u00f3 Juan Lira Maldonado"},"content":{"rendered":"<p>POR FRED ESTRADA<\/p>\n<p>Luego de que circularan versiones sobre su detenci\u00f3n, Juan Lira Maldonado, el Moco, excandidato de Fuerza por M\u00e9xico (FXM) a la presidencia municipal de Chignahuapan, reapareci\u00f3 en redes sociales.<\/p>\n<p>Juan Lira actualiz\u00f3 su cuenta de Facebook y escribi\u00f3 \u201cBuenos d\u00edas Chignahuapan, por ac\u00e1 todo bien, \u00e1nimo\u00bb.<\/p>\n<p>Y con ello, en el \u00e1nimo social qued\u00f3 en claro que no fue detenido, como se especul\u00f3.<\/p>\n<p>Esto, aunque a finales del 2024, la Fiscal\u00eda General del Estado (FGE) revel\u00f3 que retomar\u00eda la carpeta de investigaci\u00f3n en contra de Juan Lira, por el presunto delito de dinero.<\/p>\n","protected":false},"excerpt":{"rendered":"<p>POR FRED ESTRADA Luego de que circularan versiones sobre su detenci\u00f3n, Juan Lira Maldonado, el Moco, excandidato de Fuerza por M\u00e9xico (FXM) a la presidencia municipal de Chignahuapan, reapareci\u00f3 en redes sociales. Juan Lira actualiz\u00f3 su cuenta de Facebook y escribi\u00f3 \u201cBuenos d\u00edas Chignahuapan, por ac\u00e1 todo bien, \u00e1nimo\u00bb. Y con ello, en el \u00e1nimo&#8230;<\/p>\n","protected":false},"author":16,"featured_media":28069,"comment_status":"closed","ping_status":"closed","sticky":false,"template":"","format":"standard","meta":[],"categories":[542],"tags":[351,3121,1308,2281,200],"yoast_head":"<!-- This site is optimized with the Yoast SEO plugin v20.8 - https:\/\/yoast.com\/wordpress\/plugins\/seo\/ -->\n<title>Reapareci\u00f3 Juan Lira Maldonado - The Puebla Times<\/title>\n<meta name=\"robots\" content=\"index, follow, max-snippet:-1, max-image-preview:large, max-video-preview:-1\" \/>\n<link rel=\"canonical\" href=\"https:\/\/thepueblatimes.mx\/index.php\/2025\/02\/24\/reaparecio-juan-lira-maldonado\/\" \/>\n<meta property=\"og:locale\" content=\"es_ES\" \/>\n<meta property=\"og:type\" content=\"article\" \/>\n<meta property=\"og:title\" content=\"Reapareci\u00f3 Juan Lira Maldonado - The Puebla Times\" \/>\n<meta property=\"og:description\" content=\"POR FRED ESTRADA Luego de que circularan versiones sobre su detenci\u00f3n, Juan Lira Maldonado, el Moco, excandidato de Fuerza por M\u00e9xico (FXM) a la presidencia municipal de Chignahuapan, reapareci\u00f3 en redes sociales. Juan Lira actualiz\u00f3 su cuenta de Facebook y escribi\u00f3 \u201cBuenos d\u00edas Chignahuapan, por ac\u00e1 todo bien, \u00e1nimo\u00bb. Y con ello, en el \u00e1nimo...\" \/>\n<meta property=\"og:url\" content=\"https:\/\/thepueblatimes.mx\/index.php\/2025\/02\/24\/reaparecio-juan-lira-maldonado\/\" \/>\n<meta property=\"og:site_name\" content=\"The Puebla Times\" \/>\n<meta property=\"article:published_time\" content=\"2025-02-24T20:50:11+00:00\" \/>\n<meta property=\"article:modified_time\" content=\"2025-02-24T20:53:25+00:00\" \/>\n<meta property=\"og:image\" content=\"https:\/\/thepueblatimes.mx\/wp-content\/uploads\/2025\/02\/480591242_647172747826778_925774587053745143_n.jpg\" \/>\n\t<meta property=\"og:image:width\" content=\"1080\" \/>\n\t<meta property=\"og:image:height\" content=\"1033\" \/>\n\t<meta property=\"og:image:type\" content=\"image\/jpeg\" \/>\n<meta name=\"author\" content=\"Sa\u00fal Hern\u00e1ndez\" \/>\n<meta name=\"twitter:card\" content=\"summary_large_image\" \/>\n<meta name=\"twitter:label1\" content=\"Escrito por\" \/>\n\t<meta name=\"twitter:data1\" content=\"Sa\u00fal Hern\u00e1ndez\" \/>\n\t<meta name=\"twitter:label2\" content=\"Tiempo de lectura\" \/>\n\t<meta name=\"twitter:data2\" content=\"1 minuto\" \/>\n<script type=\"application\/ld+json\" class=\"yoast-schema-graph\">{\"@context\":\"https:\/\/schema.org\",\"@graph\":[{\"@type\":\"WebPage\",\"@id\":\"https:\/\/thepueblatimes.mx\/index.php\/2025\/02\/24\/reaparecio-juan-lira-maldonado\/\",\"url\":\"https:\/\/thepueblatimes.mx\/index.php\/2025\/02\/24\/reaparecio-juan-lira-maldonado\/\",\"name\":\"Reapareci\u00f3 Juan Lira Maldonado - The Puebla Times\",\"isPartOf\":{\"@id\":\"https:\/\/thepueblatimes.mx\/#website\"},\"datePublished\":\"2025-02-24T20:50:11+00:00\",\"dateModified\":\"2025-02-24T20:53:25+00:00\",\"author\":{\"@id\":\"https:\/\/thepueblatimes.mx\/#\/schema\/person\/1664894c2f65ce2c7a08d8f5f905c13c\"},\"breadcrumb\":{\"@id\":\"https:\/\/thepueblatimes.mx\/index.php\/2025\/02\/24\/reaparecio-juan-lira-maldonado\/#breadcrumb\"},\"inLanguage\":\"es\",\"potentialAction\":[{\"@type\":\"ReadAction\",\"target\":[\"https:\/\/thepueblatimes.mx\/index.php\/2025\/02\/24\/reaparecio-juan-lira-maldonado\/\"]}]},{\"@type\":\"BreadcrumbList\",\"@id\":\"https:\/\/thepueblatimes.mx\/index.php\/2025\/02\/24\/reaparecio-juan-lira-maldonado\/#breadcrumb\",\"itemListElement\":[{\"@type\":\"ListItem\",\"position\":1,\"name\":\"Portada\",\"item\":\"https:\/\/thepueblatimes.mx\/\"},{\"@type\":\"ListItem\",\"position\":2,\"name\":\"Reapareci\u00f3 Juan Lira Maldonado\"}]},{\"@type\":\"WebSite\",\"@id\":\"https:\/\/thepueblatimes.mx\/#website\",\"url\":\"https:\/\/thepueblatimes.mx\/\",\"name\":\"The Puebla Times\",\"description\":\"Noticias del Estado de Puebla\",\"potentialAction\":[{\"@type\":\"SearchAction\",\"target\":{\"@type\":\"EntryPoint\",\"urlTemplate\":\"https:\/\/thepueblatimes.mx\/?s={search_term_string}\"},\"query-input\":\"required name=search_term_string\"}],\"inLanguage\":\"es\"},{\"@type\":\"Person\",\"@id\":\"https:\/\/thepueblatimes.mx\/#\/schema\/person\/1664894c2f65ce2c7a08d8f5f905c13c\",\"name\":\"Sa\u00fal Hern\u00e1ndez\",\"image\":{\"@type\":\"ImageObject\",\"inLanguage\":\"es\",\"@id\":\"https:\/\/thepueblatimes.mx\/#\/schema\/person\/image\/\",\"url\":\"https:\/\/secure.gravatar.com\/avatar\/11be338693f243309532caad8f10c930?s=96&d=mm&r=g\",\"contentUrl\":\"https:\/\/secure.gravatar.com\/avatar\/11be338693f243309532caad8f10c930?s=96&d=mm&r=g\",\"caption\":\"Sa\u00fal Hern\u00e1ndez\"},\"url\":\"https:\/\/thepueblatimes.mx\/index.php\/author\/saulhernandez\/\"}]}<\/script>\n<!-- \/ Yoast SEO plugin. -->","yoast_head_json":{"title":"Reapareci\u00f3 Juan Lira Maldonado - The Puebla Times","robots":{"index":"index","follow":"follow","max-snippet":"max-snippet:-1","max-image-preview":"max-image-preview:large","max-video-preview":"max-video-preview:-1"},"canonical":"https:\/\/thepueblatimes.mx\/index.php\/2025\/02\/24\/reaparecio-juan-lira-maldonado\/","og_locale":"es_ES","og_type":"article","og_title":"Reapareci\u00f3 Juan Lira Maldonado - The Puebla Times","og_description":"POR FRED ESTRADA Luego de que circularan versiones sobre su detenci\u00f3n, Juan Lira Maldonado, el Moco, excandidato de Fuerza por M\u00e9xico (FXM) a la presidencia municipal de Chignahuapan, reapareci\u00f3 en redes sociales. Juan Lira actualiz\u00f3 su cuenta de Facebook y escribi\u00f3 \u201cBuenos d\u00edas Chignahuapan, por ac\u00e1 todo bien, \u00e1nimo\u00bb. Y con ello, en el \u00e1nimo...","og_url":"https:\/\/thepueblatimes.mx\/index.php\/2025\/02\/24\/reaparecio-juan-lira-maldonado\/","og_site_name":"The Puebla Times","article_published_time":"2025-02-24T20:50:11+00:00","article_modified_time":"2025-02-24T20:53:25+00:00","og_image":[{"width":1080,"height":1033,"url":"https:\/\/thepueblatimes.mx\/wp-content\/uploads\/2025\/02\/480591242_647172747826778_925774587053745143_n.jpg","type":"image\/jpeg"}],"author":"Sa\u00fal Hern\u00e1ndez","twitter_card":"summary_large_image","twitter_misc":{"Escrito por":"Sa\u00fal Hern\u00e1ndez","Tiempo de lectura":"1 minuto"},"schema":{"@context":"https:\/\/schema.org","@graph":[{"@type":"WebPage","@id":"https:\/\/thepueblatimes.mx\/index.php\/2025\/02\/24\/reaparecio-juan-lira-maldonado\/","url":"https:\/\/thepueblatimes.mx\/index.php\/2025\/02\/24\/reaparecio-juan-lira-maldonado\/","name":"Reapareci\u00f3 Juan Lira Maldonado - The Puebla Times","isPartOf":{"@id":"https:\/\/thepueblatimes.mx\/#website"},"datePublished":"2025-02-24T20:50:11+00:00","dateModified":"2025-02-24T20:53:25+00:00","author":{"@id":"https:\/\/thepueblatimes.mx\/#\/schema\/person\/1664894c2f65ce2c7a08d8f5f905c13c"},"breadcrumb":{"@id":"https:\/\/thepueblatimes.mx\/index.php\/2025\/02\/24\/reaparecio-juan-lira-maldonado\/#breadcrumb"},"inLanguage":"es","potentialAction":[{"@type":"ReadAction","target":["https:\/\/thepueblatimes.mx\/index.php\/2025\/02\/24\/reaparecio-juan-lira-maldonado\/"]}]},{"@type":"BreadcrumbList","@id":"https:\/\/thepueblatimes.mx\/index.php\/2025\/02\/24\/reaparecio-juan-lira-maldonado\/#breadcrumb","itemListElement":[{"@type":"ListItem","position":1,"name":"Portada","item":"https:\/\/thepueblatimes.mx\/"},{"@type":"ListItem","position":2,"name":"Reapareci\u00f3 Juan Lira Maldonado"}]},{"@type":"WebSite","@id":"https:\/\/thepueblatimes.mx\/#website","url":"https:\/\/thepueblatimes.mx\/","name":"The Puebla Times","description":"Noticias del Estado de Puebla","potentialAction":[{"@type":"SearchAction","target":{"@type":"EntryPoint","urlTemplate":"https:\/\/thepueblatimes.mx\/?s={search_term_string}"},"query-input":"required name=search_term_string"}],"inLanguage":"es"},{"@type":"Person","@id":"https:\/\/thepueblatimes.mx\/#\/schema\/person\/1664894c2f65ce2c7a08d8f5f905c13c","name":"Sa\u00fal Hern\u00e1ndez","image":{"@type":"ImageObject","inLanguage":"es","@id":"https:\/\/thepueblatimes.mx\/#\/schema\/person\/image\/","url":"https:\/\/secure.gravatar.com\/avatar\/11be338693f243309532caad8f10c930?s=96&d=mm&r=g","contentUrl":"https:\/\/secure.gravatar.com\/avatar\/11be338693f243309532caad8f10c930?s=96&d=mm&r=g","caption":"Sa\u00fal Hern\u00e1ndez"},"url":"https:\/\/thepueblatimes.mx\/index.php\/author\/saulhernandez\/"}]}},"jetpack_featured_media_url":"https:\/\/thepueblatimes.mx\/wp-content\/uploads\/2025\/02\/480591242_647172747826778_925774587053745143_n.jpg","_links":{"self":[{"href":"https:\/\/thepueblatimes.mx\/index.php\/wp-json\/wp\/v2\/posts\/28067"}],"collection":[{"href":"https:\/\/thepueblatimes.mx\/index.php\/wp-json\/wp\/v2\/posts"}],"about":[{"href":"https:\/\/thepueblatimes.mx\/index.php\/wp-json\/wp\/v2\/types\/post"}],"author":[{"embeddable":true,"href":"https:\/\/thepueblatimes.mx\/index.php\/wp-json\/wp\/v2\/users\/16"}],"replies":[{"embeddable":true,"href":"https:\/\/thepueblatimes.mx\/index.php\/wp-json\/wp\/v2\/comments?post=28067"}],"version-history":[{"count":2,"href":"https:\/\/thepueblatimes.mx\/index.php\/wp-json\/wp\/v2\/posts\/28067\/revisions"}],"predecessor-version":[{"id":28071,"href":"https:\/\/thepueblatimes.mx\/index.php\/wp-json\/wp\/v2\/posts\/28067\/revisions\/28071"}],"wp:featuredmedia":[{"embeddable":true,"href":"https:\/\/thepueblatimes.mx\/index.php\/wp-json\/wp\/v2\/media\/28069"}],"wp:attachment":[{"href":"https:\/\/thepueblatimes.mx\/index.php\/wp-json\/wp\/v2\/media?parent=28067"}],"wp:term":[{"taxonomy":"category","embeddable":true,"href":"https:\/\/thepueblatimes.mx\/index.php\/wp-json\/wp\/v2\/categories?post=28067"},{"taxonomy":"post_tag","embeddable":true,"href":"https:\/\/thepueblatimes.mx\/index.php\/wp-json\/wp\/v2\/tags?post=28067"}],"curies":[{"name":"wp","href":"https:\/\/api.w.org\/{rel}","templated":true}]}}