{"id":28061,"date":"2025-02-24T13:59:46","date_gmt":"2025-02-24T19:59:46","guid":{"rendered":"https:\/\/thepueblatimes.mx\/?p=28061"},"modified":"2025-02-24T13:59:46","modified_gmt":"2025-02-24T19:59:46","slug":"la-aprehension-en-un-corto-lapso-de-nueve-personas-en-cuautlancingo-reflejo-de-la-inseguridad-que-se-vive-en-ese-municipio","status":"publish","type":"post","link":"https:\/\/thepueblatimes.mx\/index.php\/2025\/02\/24\/la-aprehension-en-un-corto-lapso-de-nueve-personas-en-cuautlancingo-reflejo-de-la-inseguridad-que-se-vive-en-ese-municipio\/","title":{"rendered":"La aprehensi\u00f3n en un corto lapso de nueve personas en Cuautlancingo reflejo de la inseguridad que se vive en ese municipio"},"content":{"rendered":"<p>POR FRED ESTRADA<\/p>\n<p>Las autoridades de Cuautlancingo informaron en un corto plazo de la aprehensi\u00f3n de nueve personas, por diversos delitos, lo que representa en el fondo, el reflejo de la inseguridad que viven de manera cotidiana los habitantes de ese municipio.<\/p>\n<p>Lo evidente es que las autoridades pueden realizar su trabajo, pero el n\u00famero de il\u00edcitos es mayor y lo realizado es solo una parte del enorme reto que representa la inseguridad en el municipio gobernado por Omar Mu\u00f1oz.<\/p>\n<p>Por una parte, elementos de la Secretar\u00eda de Seguridad Ciudadana y Protecci\u00f3n Civil de Cuautlancingo, detuvieron a cuatro personas en posesi\u00f3n de armas de fuego sin licencia y presuntas sustancias il\u00edcitas.<\/p>\n<p>Mientras que tambi\u00e9n se detuvo a cinco personas por lesiones y da\u00f1o en propiedad ajena doloso en la Unidad Habitacional Volkswagen 2, ubicada en la junta auxiliar de Sanctorum.<\/p>\n<p>Estas acciones, que debieran tomarse como positivas, en el fondo son solo un reflejo del nivel de inseguridad que prevalece en Cuautlancingo y que de acuerdo a registros de la Fiscal\u00eda General del Estado, en el trimestre comprendido entre noviembre de 2024 y enero de 2025, se reflej\u00f3 en el registro de 568 carpetas de investigaci\u00f3n.<\/p>\n<p>En noviembre de 2024, 186; en diciembre de 2024, 168; y en enero de 2025, 214 carpetas de investigaci\u00f3n, respectivamente.<\/p>\n<p>De ellas 8 por homicidio, 39 por lesiones, un feminicidio, 3 por abuso sexual, 5 por acoso sexual, 266 por robo, 105 por robo de veh\u00edculo automotor 13 por robo a transportistas y 38 robos a negocio, por mencionar solo algunos rubros.<\/p>\n","protected":false},"excerpt":{"rendered":"<p>POR FRED ESTRADA Las autoridades de Cuautlancingo informaron en un corto plazo de la aprehensi\u00f3n de nueve personas, por diversos delitos, lo que representa en el fondo, el reflejo de la inseguridad que viven de manera cotidiana los habitantes de ese municipio. Lo evidente es que las autoridades pueden realizar su trabajo, pero el n\u00famero&#8230;<\/p>\n","protected":false},"author":16,"featured_media":28062,"comment_status":"closed","ping_status":"closed","sticky":false,"template":"","format":"standard","meta":[],"categories":[542],"tags":[343,238,260,2541],"yoast_head":"<!-- This site is optimized with the Yoast SEO plugin v20.8 - https:\/\/yoast.com\/wordpress\/plugins\/seo\/ -->\n<title>La aprehensi\u00f3n en un corto lapso de nueve personas en Cuautlancingo reflejo de la inseguridad que se vive en ese municipio - The Puebla Times<\/title>\n<meta name=\"robots\" content=\"index, follow, max-snippet:-1, max-image-preview:large, max-video-preview:-1\" \/>\n<link rel=\"canonical\" href=\"https:\/\/thepueblatimes.mx\/index.php\/2025\/02\/24\/la-aprehension-en-un-corto-lapso-de-nueve-personas-en-cuautlancingo-reflejo-de-la-inseguridad-que-se-vive-en-ese-municipio\/\" \/>\n<meta property=\"og:locale\" content=\"es_ES\" \/>\n<meta property=\"og:type\" content=\"article\" \/>\n<meta property=\"og:title\" content=\"La aprehensi\u00f3n en un corto lapso de nueve personas en Cuautlancingo reflejo de la inseguridad que se vive en ese municipio - The Puebla Times\" \/>\n<meta property=\"og:description\" content=\"POR FRED ESTRADA Las autoridades de Cuautlancingo informaron en un corto plazo de la aprehensi\u00f3n de nueve personas, por diversos delitos, lo que representa en el fondo, el reflejo de la inseguridad que viven de manera cotidiana los habitantes de ese municipio. Lo evidente es que las autoridades pueden realizar su trabajo, pero el n\u00famero...\" \/>\n<meta property=\"og:url\" content=\"https:\/\/thepueblatimes.mx\/index.php\/2025\/02\/24\/la-aprehension-en-un-corto-lapso-de-nueve-personas-en-cuautlancingo-reflejo-de-la-inseguridad-que-se-vive-en-ese-municipio\/\" \/>\n<meta property=\"og:site_name\" content=\"The Puebla Times\" \/>\n<meta property=\"article:published_time\" content=\"2025-02-24T19:59:46+00:00\" \/>\n<meta property=\"og:image\" content=\"https:\/\/thepueblatimes.mx\/wp-content\/uploads\/2025\/02\/a1c80ffcd33c39b913a507605d1b587e.jpeg\" \/>\n\t<meta property=\"og:image:width\" content=\"1005\" \/>\n\t<meta property=\"og:image:height\" content=\"1052\" \/>\n\t<meta property=\"og:image:type\" content=\"image\/jpeg\" \/>\n<meta name=\"author\" content=\"Sa\u00fal Hern\u00e1ndez\" \/>\n<meta name=\"twitter:card\" content=\"summary_large_image\" \/>\n<meta name=\"twitter:label1\" content=\"Escrito por\" \/>\n\t<meta name=\"twitter:data1\" content=\"Sa\u00fal Hern\u00e1ndez\" \/>\n\t<meta name=\"twitter:label2\" content=\"Tiempo de lectura\" \/>\n\t<meta name=\"twitter:data2\" content=\"2 minutos\" \/>\n<script type=\"application\/ld+json\" class=\"yoast-schema-graph\">{\"@context\":\"https:\/\/schema.org\",\"@graph\":[{\"@type\":\"WebPage\",\"@id\":\"https:\/\/thepueblatimes.mx\/index.php\/2025\/02\/24\/la-aprehension-en-un-corto-lapso-de-nueve-personas-en-cuautlancingo-reflejo-de-la-inseguridad-que-se-vive-en-ese-municipio\/\",\"url\":\"https:\/\/thepueblatimes.mx\/index.php\/2025\/02\/24\/la-aprehension-en-un-corto-lapso-de-nueve-personas-en-cuautlancingo-reflejo-de-la-inseguridad-que-se-vive-en-ese-municipio\/\",\"name\":\"La aprehensi\u00f3n en un corto lapso de nueve personas en Cuautlancingo reflejo de la inseguridad que se vive en ese municipio - The Puebla Times\",\"isPartOf\":{\"@id\":\"https:\/\/thepueblatimes.mx\/#website\"},\"datePublished\":\"2025-02-24T19:59:46+00:00\",\"dateModified\":\"2025-02-24T19:59:46+00:00\",\"author\":{\"@id\":\"https:\/\/thepueblatimes.mx\/#\/schema\/person\/1664894c2f65ce2c7a08d8f5f905c13c\"},\"breadcrumb\":{\"@id\":\"https:\/\/thepueblatimes.mx\/index.php\/2025\/02\/24\/la-aprehension-en-un-corto-lapso-de-nueve-personas-en-cuautlancingo-reflejo-de-la-inseguridad-que-se-vive-en-ese-municipio\/#breadcrumb\"},\"inLanguage\":\"es\",\"potentialAction\":[{\"@type\":\"ReadAction\",\"target\":[\"https:\/\/thepueblatimes.mx\/index.php\/2025\/02\/24\/la-aprehension-en-un-corto-lapso-de-nueve-personas-en-cuautlancingo-reflejo-de-la-inseguridad-que-se-vive-en-ese-municipio\/\"]}]},{\"@type\":\"BreadcrumbList\",\"@id\":\"https:\/\/thepueblatimes.mx\/index.php\/2025\/02\/24\/la-aprehension-en-un-corto-lapso-de-nueve-personas-en-cuautlancingo-reflejo-de-la-inseguridad-que-se-vive-en-ese-municipio\/#breadcrumb\",\"itemListElement\":[{\"@type\":\"ListItem\",\"position\":1,\"name\":\"Portada\",\"item\":\"https:\/\/thepueblatimes.mx\/\"},{\"@type\":\"ListItem\",\"position\":2,\"name\":\"La aprehensi\u00f3n en un corto lapso de nueve personas en Cuautlancingo reflejo de la inseguridad que se vive en ese municipio\"}]},{\"@type\":\"WebSite\",\"@id\":\"https:\/\/thepueblatimes.mx\/#website\",\"url\":\"https:\/\/thepueblatimes.mx\/\",\"name\":\"The Puebla Times\",\"description\":\"Noticias del Estado de Puebla\",\"potentialAction\":[{\"@type\":\"SearchAction\",\"target\":{\"@type\":\"EntryPoint\",\"urlTemplate\":\"https:\/\/thepueblatimes.mx\/?s={search_term_string}\"},\"query-input\":\"required name=search_term_string\"}],\"inLanguage\":\"es\"},{\"@type\":\"Person\",\"@id\":\"https:\/\/thepueblatimes.mx\/#\/schema\/person\/1664894c2f65ce2c7a08d8f5f905c13c\",\"name\":\"Sa\u00fal Hern\u00e1ndez\",\"image\":{\"@type\":\"ImageObject\",\"inLanguage\":\"es\",\"@id\":\"https:\/\/thepueblatimes.mx\/#\/schema\/person\/image\/\",\"url\":\"https:\/\/secure.gravatar.com\/avatar\/11be338693f243309532caad8f10c930?s=96&d=mm&r=g\",\"contentUrl\":\"https:\/\/secure.gravatar.com\/avatar\/11be338693f243309532caad8f10c930?s=96&d=mm&r=g\",\"caption\":\"Sa\u00fal Hern\u00e1ndez\"},\"url\":\"https:\/\/thepueblatimes.mx\/index.php\/author\/saulhernandez\/\"}]}<\/script>\n<!-- \/ Yoast SEO plugin. -->","yoast_head_json":{"title":"La aprehensi\u00f3n en un corto lapso de nueve personas en Cuautlancingo reflejo de la inseguridad que se vive en ese municipio - The Puebla Times","robots":{"index":"index","follow":"follow","max-snippet":"max-snippet:-1","max-image-preview":"max-image-preview:large","max-video-preview":"max-video-preview:-1"},"canonical":"https:\/\/thepueblatimes.mx\/index.php\/2025\/02\/24\/la-aprehension-en-un-corto-lapso-de-nueve-personas-en-cuautlancingo-reflejo-de-la-inseguridad-que-se-vive-en-ese-municipio\/","og_locale":"es_ES","og_type":"article","og_title":"La aprehensi\u00f3n en un corto lapso de nueve personas en Cuautlancingo reflejo de la inseguridad que se vive en ese municipio - The Puebla Times","og_description":"POR FRED ESTRADA Las autoridades de Cuautlancingo informaron en un corto plazo de la aprehensi\u00f3n de nueve personas, por diversos delitos, lo que representa en el fondo, el reflejo de la inseguridad que viven de manera cotidiana los habitantes de ese municipio. Lo evidente es que las autoridades pueden realizar su trabajo, pero el n\u00famero...","og_url":"https:\/\/thepueblatimes.mx\/index.php\/2025\/02\/24\/la-aprehension-en-un-corto-lapso-de-nueve-personas-en-cuautlancingo-reflejo-de-la-inseguridad-que-se-vive-en-ese-municipio\/","og_site_name":"The Puebla Times","article_published_time":"2025-02-24T19:59:46+00:00","og_image":[{"width":1005,"height":1052,"url":"https:\/\/thepueblatimes.mx\/wp-content\/uploads\/2025\/02\/a1c80ffcd33c39b913a507605d1b587e.jpeg","type":"image\/jpeg"}],"author":"Sa\u00fal Hern\u00e1ndez","twitter_card":"summary_large_image","twitter_misc":{"Escrito por":"Sa\u00fal Hern\u00e1ndez","Tiempo de lectura":"2 minutos"},"schema":{"@context":"https:\/\/schema.org","@graph":[{"@type":"WebPage","@id":"https:\/\/thepueblatimes.mx\/index.php\/2025\/02\/24\/la-aprehension-en-un-corto-lapso-de-nueve-personas-en-cuautlancingo-reflejo-de-la-inseguridad-que-se-vive-en-ese-municipio\/","url":"https:\/\/thepueblatimes.mx\/index.php\/2025\/02\/24\/la-aprehension-en-un-corto-lapso-de-nueve-personas-en-cuautlancingo-reflejo-de-la-inseguridad-que-se-vive-en-ese-municipio\/","name":"La aprehensi\u00f3n en un corto lapso de nueve personas en Cuautlancingo reflejo de la inseguridad que se vive en ese municipio - The Puebla Times","isPartOf":{"@id":"https:\/\/thepueblatimes.mx\/#website"},"datePublished":"2025-02-24T19:59:46+00:00","dateModified":"2025-02-24T19:59:46+00:00","author":{"@id":"https:\/\/thepueblatimes.mx\/#\/schema\/person\/1664894c2f65ce2c7a08d8f5f905c13c"},"breadcrumb":{"@id":"https:\/\/thepueblatimes.mx\/index.php\/2025\/02\/24\/la-aprehension-en-un-corto-lapso-de-nueve-personas-en-cuautlancingo-reflejo-de-la-inseguridad-que-se-vive-en-ese-municipio\/#breadcrumb"},"inLanguage":"es","potentialAction":[{"@type":"ReadAction","target":["https:\/\/thepueblatimes.mx\/index.php\/2025\/02\/24\/la-aprehension-en-un-corto-lapso-de-nueve-personas-en-cuautlancingo-reflejo-de-la-inseguridad-que-se-vive-en-ese-municipio\/"]}]},{"@type":"BreadcrumbList","@id":"https:\/\/thepueblatimes.mx\/index.php\/2025\/02\/24\/la-aprehension-en-un-corto-lapso-de-nueve-personas-en-cuautlancingo-reflejo-de-la-inseguridad-que-se-vive-en-ese-municipio\/#breadcrumb","itemListElement":[{"@type":"ListItem","position":1,"name":"Portada","item":"https:\/\/thepueblatimes.mx\/"},{"@type":"ListItem","position":2,"name":"La aprehensi\u00f3n en un corto lapso de nueve personas en Cuautlancingo reflejo de la inseguridad que se vive en ese municipio"}]},{"@type":"WebSite","@id":"https:\/\/thepueblatimes.mx\/#website","url":"https:\/\/thepueblatimes.mx\/","name":"The Puebla Times","description":"Noticias del Estado de Puebla","potentialAction":[{"@type":"SearchAction","target":{"@type":"EntryPoint","urlTemplate":"https:\/\/thepueblatimes.mx\/?s={search_term_string}"},"query-input":"required name=search_term_string"}],"inLanguage":"es"},{"@type":"Person","@id":"https:\/\/thepueblatimes.mx\/#\/schema\/person\/1664894c2f65ce2c7a08d8f5f905c13c","name":"Sa\u00fal Hern\u00e1ndez","image":{"@type":"ImageObject","inLanguage":"es","@id":"https:\/\/thepueblatimes.mx\/#\/schema\/person\/image\/","url":"https:\/\/secure.gravatar.com\/avatar\/11be338693f243309532caad8f10c930?s=96&d=mm&r=g","contentUrl":"https:\/\/secure.gravatar.com\/avatar\/11be338693f243309532caad8f10c930?s=96&d=mm&r=g","caption":"Sa\u00fal Hern\u00e1ndez"},"url":"https:\/\/thepueblatimes.mx\/index.php\/author\/saulhernandez\/"}]}},"jetpack_featured_media_url":"https:\/\/thepueblatimes.mx\/wp-content\/uploads\/2025\/02\/a1c80ffcd33c39b913a507605d1b587e.jpeg","_links":{"self":[{"href":"https:\/\/thepueblatimes.mx\/index.php\/wp-json\/wp\/v2\/posts\/28061"}],"collection":[{"href":"https:\/\/thepueblatimes.mx\/index.php\/wp-json\/wp\/v2\/posts"}],"about":[{"href":"https:\/\/thepueblatimes.mx\/index.php\/wp-json\/wp\/v2\/types\/post"}],"author":[{"embeddable":true,"href":"https:\/\/thepueblatimes.mx\/index.php\/wp-json\/wp\/v2\/users\/16"}],"replies":[{"embeddable":true,"href":"https:\/\/thepueblatimes.mx\/index.php\/wp-json\/wp\/v2\/comments?post=28061"}],"version-history":[{"count":1,"href":"https:\/\/thepueblatimes.mx\/index.php\/wp-json\/wp\/v2\/posts\/28061\/revisions"}],"predecessor-version":[{"id":28063,"href":"https:\/\/thepueblatimes.mx\/index.php\/wp-json\/wp\/v2\/posts\/28061\/revisions\/28063"}],"wp:featuredmedia":[{"embeddable":true,"href":"https:\/\/thepueblatimes.mx\/index.php\/wp-json\/wp\/v2\/media\/28062"}],"wp:attachment":[{"href":"https:\/\/thepueblatimes.mx\/index.php\/wp-json\/wp\/v2\/media?parent=28061"}],"wp:term":[{"taxonomy":"category","embeddable":true,"href":"https:\/\/thepueblatimes.mx\/index.php\/wp-json\/wp\/v2\/categories?post=28061"},{"taxonomy":"post_tag","embeddable":true,"href":"https:\/\/thepueblatimes.mx\/index.php\/wp-json\/wp\/v2\/tags?post=28061"}],"curies":[{"name":"wp","href":"https:\/\/api.w.org\/{rel}","templated":true}]}}