{"id":28055,"date":"2025-02-24T13:28:50","date_gmt":"2025-02-24T19:28:50","guid":{"rendered":"https:\/\/thepueblatimes.mx\/?p=28055"},"modified":"2025-02-24T13:28:50","modified_gmt":"2025-02-24T19:28:50","slug":"brinda-sedif-acompanamiento-a-familia-del-menor-violentado-en-santa-rita-tlahuapan","status":"publish","type":"post","link":"https:\/\/thepueblatimes.mx\/index.php\/2025\/02\/24\/brinda-sedif-acompanamiento-a-familia-del-menor-violentado-en-santa-rita-tlahuapan\/","title":{"rendered":"Brinda SEDIF acompa\u00f1amiento a familia del menor violentado en Santa Rita Tlahuapan"},"content":{"rendered":"<h3><em><strong>&#8211; El indignante caso servir\u00e1 para que no vuelva a ser agredido ning\u00fan menor de edad, dice el director del DIF, Raymundo Atanacio Luna.<\/strong><\/em><\/h3>\n<p>SANTA RITA TLAHUAPAN, PUE. El gobierno de Puebla a trav\u00e9s del Sistema Estatal DIF, acompa\u00f1ar\u00e1 con diversas acciones a la familia del menor que fue acosado por un conductor del transporte p\u00fablico de este municipio.<\/p>\n<p>En una visita realizada al hogar del menor, por instrucciones de la se\u00f1ora Ceci Arellano, el Director General del DIF Raymundo Atanacio Luna, coment\u00f3 que las acciones legales que se realicen por parte de la Fiscal\u00eda General del Estado para deslindar responsabilidades, ser\u00e1n un ejemplo a nivel nacional para que no vuelva a ser violentado un menor de edad.<\/p>\n<p>Acompa\u00f1ado por la presidenta municipal del mencionado municipio, Rosiceli D\u00edaz Hern\u00e1ndez, el titular del SEDIF, prometi\u00f3 que se har\u00e1 cumplir la ley en este lamentable hecho que indign\u00f3 a la sociedad y pidi\u00f3 actuar con responsabilidad para generar acciones coordinadas entre el gobierno, municipio y sociedad.<\/p>\n<p>Por su parte, D\u00edaz Hern\u00e1ndez agradeci\u00f3 el apoyo y disposici\u00f3n del gobernador Alejandro Armenta y su esposa Ceci Arellano, quienes instruyeron de inmediato que se brindara seguridad jur\u00eddica al menor y a su familia. Se dijo dispuesta en todo momento para coadyuvar con todo tipo de esfuerzos con las autoridades.<\/p>\n<p>Cabe se\u00f1alar que el gobierno de Alejandro Armenta impulsa la cruzada de valores para promover los derechos de ni\u00f1as, ni\u00f1os y adolescentes, la cual ha sido abrazada por los gobiernos municipales.<\/p>\n<p>En la reuni\u00f3n estuvo presente el procurador para la Defensa de Ni\u00f1as, Ni\u00f1os y Adolescentes, Ra\u00fal D\u00edaz de Le\u00f3n y la presidenta del Sistema Municipal DIF, Betsab\u00e9 D\u00edaz.<\/p>\n<p>La abuelita del menor, F\u00e9lix D\u00edaz Rosas, confi\u00f3 en las autoridades del gobierno humano del mandatario Alejandro Armenta.<\/p>\n","protected":false},"excerpt":{"rendered":"<p>&#8211; El indignante caso servir\u00e1 para que no vuelva a ser agredido ning\u00fan menor de edad, dice el director del DIF, Raymundo Atanacio Luna. SANTA RITA TLAHUAPAN, PUE. El gobierno de Puebla a trav\u00e9s del Sistema Estatal DIF, acompa\u00f1ar\u00e1 con diversas acciones a la familia del menor que fue acosado por un conductor del transporte&#8230;<\/p>\n","protected":false},"author":16,"featured_media":28056,"comment_status":"closed","ping_status":"closed","sticky":false,"template":"","format":"standard","meta":[],"categories":[3],"tags":[1651,3264,3263,2196,1341],"yoast_head":"<!-- This site is optimized with the Yoast SEO plugin v20.8 - https:\/\/yoast.com\/wordpress\/plugins\/seo\/ -->\n<title>Brinda SEDIF acompa\u00f1amiento a familia del menor violentado en Santa Rita Tlahuapan - The Puebla Times<\/title>\n<meta name=\"robots\" content=\"index, follow, max-snippet:-1, max-image-preview:large, max-video-preview:-1\" \/>\n<link rel=\"canonical\" href=\"https:\/\/thepueblatimes.mx\/index.php\/2025\/02\/24\/brinda-sedif-acompanamiento-a-familia-del-menor-violentado-en-santa-rita-tlahuapan\/\" \/>\n<meta property=\"og:locale\" content=\"es_ES\" \/>\n<meta property=\"og:type\" content=\"article\" \/>\n<meta property=\"og:title\" content=\"Brinda SEDIF acompa\u00f1amiento a familia del menor violentado en Santa Rita Tlahuapan - The Puebla Times\" \/>\n<meta property=\"og:description\" content=\"&#8211; El indignante caso servir\u00e1 para que no vuelva a ser agredido ning\u00fan menor de edad, dice el director del DIF, Raymundo Atanacio Luna. SANTA RITA TLAHUAPAN, PUE. El gobierno de Puebla a trav\u00e9s del Sistema Estatal DIF, acompa\u00f1ar\u00e1 con diversas acciones a la familia del menor que fue acosado por un conductor del transporte...\" \/>\n<meta property=\"og:url\" content=\"https:\/\/thepueblatimes.mx\/index.php\/2025\/02\/24\/brinda-sedif-acompanamiento-a-familia-del-menor-violentado-en-santa-rita-tlahuapan\/\" \/>\n<meta property=\"og:site_name\" content=\"The Puebla Times\" \/>\n<meta property=\"article:published_time\" content=\"2025-02-24T19:28:50+00:00\" \/>\n<meta property=\"og:image\" content=\"https:\/\/thepueblatimes.mx\/wp-content\/uploads\/2025\/02\/WhatsApp-Image-2025-02-24-at-10.59.26-2.jpeg\" \/>\n\t<meta property=\"og:image:width\" content=\"1600\" \/>\n\t<meta property=\"og:image:height\" content=\"1066\" \/>\n\t<meta property=\"og:image:type\" content=\"image\/jpeg\" \/>\n<meta name=\"author\" content=\"Sa\u00fal Hern\u00e1ndez\" \/>\n<meta name=\"twitter:card\" content=\"summary_large_image\" \/>\n<meta name=\"twitter:label1\" content=\"Escrito por\" \/>\n\t<meta name=\"twitter:data1\" content=\"Sa\u00fal Hern\u00e1ndez\" \/>\n\t<meta name=\"twitter:label2\" content=\"Tiempo de lectura\" \/>\n\t<meta name=\"twitter:data2\" content=\"2 minutos\" \/>\n<script type=\"application\/ld+json\" class=\"yoast-schema-graph\">{\"@context\":\"https:\/\/schema.org\",\"@graph\":[{\"@type\":\"WebPage\",\"@id\":\"https:\/\/thepueblatimes.mx\/index.php\/2025\/02\/24\/brinda-sedif-acompanamiento-a-familia-del-menor-violentado-en-santa-rita-tlahuapan\/\",\"url\":\"https:\/\/thepueblatimes.mx\/index.php\/2025\/02\/24\/brinda-sedif-acompanamiento-a-familia-del-menor-violentado-en-santa-rita-tlahuapan\/\",\"name\":\"Brinda SEDIF acompa\u00f1amiento a familia del menor violentado en Santa Rita Tlahuapan - The Puebla Times\",\"isPartOf\":{\"@id\":\"https:\/\/thepueblatimes.mx\/#website\"},\"datePublished\":\"2025-02-24T19:28:50+00:00\",\"dateModified\":\"2025-02-24T19:28:50+00:00\",\"author\":{\"@id\":\"https:\/\/thepueblatimes.mx\/#\/schema\/person\/1664894c2f65ce2c7a08d8f5f905c13c\"},\"breadcrumb\":{\"@id\":\"https:\/\/thepueblatimes.mx\/index.php\/2025\/02\/24\/brinda-sedif-acompanamiento-a-familia-del-menor-violentado-en-santa-rita-tlahuapan\/#breadcrumb\"},\"inLanguage\":\"es\",\"potentialAction\":[{\"@type\":\"ReadAction\",\"target\":[\"https:\/\/thepueblatimes.mx\/index.php\/2025\/02\/24\/brinda-sedif-acompanamiento-a-familia-del-menor-violentado-en-santa-rita-tlahuapan\/\"]}]},{\"@type\":\"BreadcrumbList\",\"@id\":\"https:\/\/thepueblatimes.mx\/index.php\/2025\/02\/24\/brinda-sedif-acompanamiento-a-familia-del-menor-violentado-en-santa-rita-tlahuapan\/#breadcrumb\",\"itemListElement\":[{\"@type\":\"ListItem\",\"position\":1,\"name\":\"Portada\",\"item\":\"https:\/\/thepueblatimes.mx\/\"},{\"@type\":\"ListItem\",\"position\":2,\"name\":\"Brinda SEDIF acompa\u00f1amiento a familia del menor violentado en Santa Rita Tlahuapan\"}]},{\"@type\":\"WebSite\",\"@id\":\"https:\/\/thepueblatimes.mx\/#website\",\"url\":\"https:\/\/thepueblatimes.mx\/\",\"name\":\"The Puebla Times\",\"description\":\"Noticias del Estado de Puebla\",\"potentialAction\":[{\"@type\":\"SearchAction\",\"target\":{\"@type\":\"EntryPoint\",\"urlTemplate\":\"https:\/\/thepueblatimes.mx\/?s={search_term_string}\"},\"query-input\":\"required name=search_term_string\"}],\"inLanguage\":\"es\"},{\"@type\":\"Person\",\"@id\":\"https:\/\/thepueblatimes.mx\/#\/schema\/person\/1664894c2f65ce2c7a08d8f5f905c13c\",\"name\":\"Sa\u00fal Hern\u00e1ndez\",\"image\":{\"@type\":\"ImageObject\",\"inLanguage\":\"es\",\"@id\":\"https:\/\/thepueblatimes.mx\/#\/schema\/person\/image\/\",\"url\":\"https:\/\/secure.gravatar.com\/avatar\/11be338693f243309532caad8f10c930?s=96&d=mm&r=g\",\"contentUrl\":\"https:\/\/secure.gravatar.com\/avatar\/11be338693f243309532caad8f10c930?s=96&d=mm&r=g\",\"caption\":\"Sa\u00fal Hern\u00e1ndez\"},\"url\":\"https:\/\/thepueblatimes.mx\/index.php\/author\/saulhernandez\/\"}]}<\/script>\n<!-- \/ Yoast SEO plugin. -->","yoast_head_json":{"title":"Brinda SEDIF acompa\u00f1amiento a familia del menor violentado en Santa Rita Tlahuapan - The Puebla Times","robots":{"index":"index","follow":"follow","max-snippet":"max-snippet:-1","max-image-preview":"max-image-preview:large","max-video-preview":"max-video-preview:-1"},"canonical":"https:\/\/thepueblatimes.mx\/index.php\/2025\/02\/24\/brinda-sedif-acompanamiento-a-familia-del-menor-violentado-en-santa-rita-tlahuapan\/","og_locale":"es_ES","og_type":"article","og_title":"Brinda SEDIF acompa\u00f1amiento a familia del menor violentado en Santa Rita Tlahuapan - The Puebla Times","og_description":"&#8211; El indignante caso servir\u00e1 para que no vuelva a ser agredido ning\u00fan menor de edad, dice el director del DIF, Raymundo Atanacio Luna. SANTA RITA TLAHUAPAN, PUE. El gobierno de Puebla a trav\u00e9s del Sistema Estatal DIF, acompa\u00f1ar\u00e1 con diversas acciones a la familia del menor que fue acosado por un conductor del transporte...","og_url":"https:\/\/thepueblatimes.mx\/index.php\/2025\/02\/24\/brinda-sedif-acompanamiento-a-familia-del-menor-violentado-en-santa-rita-tlahuapan\/","og_site_name":"The Puebla Times","article_published_time":"2025-02-24T19:28:50+00:00","og_image":[{"width":1600,"height":1066,"url":"https:\/\/thepueblatimes.mx\/wp-content\/uploads\/2025\/02\/WhatsApp-Image-2025-02-24-at-10.59.26-2.jpeg","type":"image\/jpeg"}],"author":"Sa\u00fal Hern\u00e1ndez","twitter_card":"summary_large_image","twitter_misc":{"Escrito por":"Sa\u00fal Hern\u00e1ndez","Tiempo de lectura":"2 minutos"},"schema":{"@context":"https:\/\/schema.org","@graph":[{"@type":"WebPage","@id":"https:\/\/thepueblatimes.mx\/index.php\/2025\/02\/24\/brinda-sedif-acompanamiento-a-familia-del-menor-violentado-en-santa-rita-tlahuapan\/","url":"https:\/\/thepueblatimes.mx\/index.php\/2025\/02\/24\/brinda-sedif-acompanamiento-a-familia-del-menor-violentado-en-santa-rita-tlahuapan\/","name":"Brinda SEDIF acompa\u00f1amiento a familia del menor violentado en Santa Rita Tlahuapan - The Puebla Times","isPartOf":{"@id":"https:\/\/thepueblatimes.mx\/#website"},"datePublished":"2025-02-24T19:28:50+00:00","dateModified":"2025-02-24T19:28:50+00:00","author":{"@id":"https:\/\/thepueblatimes.mx\/#\/schema\/person\/1664894c2f65ce2c7a08d8f5f905c13c"},"breadcrumb":{"@id":"https:\/\/thepueblatimes.mx\/index.php\/2025\/02\/24\/brinda-sedif-acompanamiento-a-familia-del-menor-violentado-en-santa-rita-tlahuapan\/#breadcrumb"},"inLanguage":"es","potentialAction":[{"@type":"ReadAction","target":["https:\/\/thepueblatimes.mx\/index.php\/2025\/02\/24\/brinda-sedif-acompanamiento-a-familia-del-menor-violentado-en-santa-rita-tlahuapan\/"]}]},{"@type":"BreadcrumbList","@id":"https:\/\/thepueblatimes.mx\/index.php\/2025\/02\/24\/brinda-sedif-acompanamiento-a-familia-del-menor-violentado-en-santa-rita-tlahuapan\/#breadcrumb","itemListElement":[{"@type":"ListItem","position":1,"name":"Portada","item":"https:\/\/thepueblatimes.mx\/"},{"@type":"ListItem","position":2,"name":"Brinda SEDIF acompa\u00f1amiento a familia del menor violentado en Santa Rita Tlahuapan"}]},{"@type":"WebSite","@id":"https:\/\/thepueblatimes.mx\/#website","url":"https:\/\/thepueblatimes.mx\/","name":"The Puebla Times","description":"Noticias del Estado de Puebla","potentialAction":[{"@type":"SearchAction","target":{"@type":"EntryPoint","urlTemplate":"https:\/\/thepueblatimes.mx\/?s={search_term_string}"},"query-input":"required name=search_term_string"}],"inLanguage":"es"},{"@type":"Person","@id":"https:\/\/thepueblatimes.mx\/#\/schema\/person\/1664894c2f65ce2c7a08d8f5f905c13c","name":"Sa\u00fal Hern\u00e1ndez","image":{"@type":"ImageObject","inLanguage":"es","@id":"https:\/\/thepueblatimes.mx\/#\/schema\/person\/image\/","url":"https:\/\/secure.gravatar.com\/avatar\/11be338693f243309532caad8f10c930?s=96&d=mm&r=g","contentUrl":"https:\/\/secure.gravatar.com\/avatar\/11be338693f243309532caad8f10c930?s=96&d=mm&r=g","caption":"Sa\u00fal Hern\u00e1ndez"},"url":"https:\/\/thepueblatimes.mx\/index.php\/author\/saulhernandez\/"}]}},"jetpack_featured_media_url":"https:\/\/thepueblatimes.mx\/wp-content\/uploads\/2025\/02\/WhatsApp-Image-2025-02-24-at-10.59.26-2.jpeg","_links":{"self":[{"href":"https:\/\/thepueblatimes.mx\/index.php\/wp-json\/wp\/v2\/posts\/28055"}],"collection":[{"href":"https:\/\/thepueblatimes.mx\/index.php\/wp-json\/wp\/v2\/posts"}],"about":[{"href":"https:\/\/thepueblatimes.mx\/index.php\/wp-json\/wp\/v2\/types\/post"}],"author":[{"embeddable":true,"href":"https:\/\/thepueblatimes.mx\/index.php\/wp-json\/wp\/v2\/users\/16"}],"replies":[{"embeddable":true,"href":"https:\/\/thepueblatimes.mx\/index.php\/wp-json\/wp\/v2\/comments?post=28055"}],"version-history":[{"count":1,"href":"https:\/\/thepueblatimes.mx\/index.php\/wp-json\/wp\/v2\/posts\/28055\/revisions"}],"predecessor-version":[{"id":28057,"href":"https:\/\/thepueblatimes.mx\/index.php\/wp-json\/wp\/v2\/posts\/28055\/revisions\/28057"}],"wp:featuredmedia":[{"embeddable":true,"href":"https:\/\/thepueblatimes.mx\/index.php\/wp-json\/wp\/v2\/media\/28056"}],"wp:attachment":[{"href":"https:\/\/thepueblatimes.mx\/index.php\/wp-json\/wp\/v2\/media?parent=28055"}],"wp:term":[{"taxonomy":"category","embeddable":true,"href":"https:\/\/thepueblatimes.mx\/index.php\/wp-json\/wp\/v2\/categories?post=28055"},{"taxonomy":"post_tag","embeddable":true,"href":"https:\/\/thepueblatimes.mx\/index.php\/wp-json\/wp\/v2\/tags?post=28055"}],"curies":[{"name":"wp","href":"https:\/\/api.w.org\/{rel}","templated":true}]}}