{"id":28028,"date":"2025-02-22T12:30:51","date_gmt":"2025-02-22T18:30:51","guid":{"rendered":"https:\/\/thepueblatimes.mx\/?p=28028"},"modified":"2025-02-22T12:30:51","modified_gmt":"2025-02-22T18:30:51","slug":"sedif-puebla-reconoce-20-anos-de-compromiso-de-cinia-mexico-con-la-inclusion-laboral","status":"publish","type":"post","link":"https:\/\/thepueblatimes.mx\/index.php\/2025\/02\/22\/sedif-puebla-reconoce-20-anos-de-compromiso-de-cinia-mexico-con-la-inclusion-laboral\/","title":{"rendered":"SEDIF Puebla reconoce 20 a\u00f1os de compromiso de CINIA M\u00e9xico con la inclusi\u00f3n laboral"},"content":{"rendered":"<p>CIUDAD DE PUEBLA, PUE. \u2013 En el marco del 20 aniversario de CINIA M\u00e9xico, el Sistema Estatal DIF (SEDIF), reafirm\u00f3 su compromiso con la inclusi\u00f3n y el bienestar de las personas con discapacidad, al destacar la labor de esta empresa que ha generado oportunidades laborales dignas para cientos de poblanos.<\/p>\n<p>Durante la ceremonia, el director general del SEDIF, Raymundo Atanacio, quien asisti\u00f3 en representaci\u00f3n de la presidenta honoraria del Patronato, Ceci Arellano, y del gobernador Alejandro Armenta, reconoci\u00f3 el impacto positivo de CINIA en la comunidad. En su mensaje, Atanacio subray\u00f3 la importancia de fortalecer alianzas con instituciones que promueven la integraci\u00f3n social y econ\u00f3mica de personas con discapacidad.<\/p>\n<p>Atanacio Luna record\u00f3 que el gobierno de Puebla a trav\u00e9s del SEDIF, se alinea a la pol\u00edtica de inclusi\u00f3n del gobierno que encabeza la Doctora Claudia Sheinbaum, quien con su amplia visi\u00f3n humanista, desarrolla estrategias que permiten incorporar e involucrar a todos los ciudadanos en actividades diversas de las diferentes fuentes de servicios productivas.<\/p>\n<p>Por su parte, el director general de CINIA, Fernando D\u00edez Torres, destac\u00f3 los logros alcanzados a lo largo de estas dos d\u00e9cadas y el compromiso de la organizaci\u00f3n con la inclusi\u00f3n laboral; reiter\u00f3 su disposici\u00f3n a seguir colaborando con el gobierno del estado para ampliar el alcance de sus programas.<\/p>\n<p>Con estas acciones, el SEDIF refuerza su labor de impulsar estrategias que permitan a las personas con discapacidad acceder a una real igualdad y mejores condiciones de vida, aline\u00e1ndose con las pol\u00edticas de bienestar del gobierno estatal y federal.<\/p>\n","protected":false},"excerpt":{"rendered":"<p>CIUDAD DE PUEBLA, PUE. \u2013 En el marco del 20 aniversario de CINIA M\u00e9xico, el Sistema Estatal DIF (SEDIF), reafirm\u00f3 su compromiso con la inclusi\u00f3n y el bienestar de las personas con discapacidad, al destacar la labor de esta empresa que ha generado oportunidades laborales dignas para cientos de poblanos. Durante la ceremonia, el director&#8230;<\/p>\n","protected":false},"author":16,"featured_media":28029,"comment_status":"closed","ping_status":"closed","sticky":false,"template":"","format":"standard","meta":[],"categories":[3],"tags":[2480,3255,3256,1341],"yoast_head":"<!-- This site is optimized with the Yoast SEO plugin v20.8 - https:\/\/yoast.com\/wordpress\/plugins\/seo\/ -->\n<title>SEDIF Puebla reconoce 20 a\u00f1os de compromiso de CINIA M\u00e9xico con la inclusi\u00f3n laboral - The Puebla Times<\/title>\n<meta name=\"robots\" content=\"index, follow, max-snippet:-1, max-image-preview:large, max-video-preview:-1\" \/>\n<link rel=\"canonical\" href=\"https:\/\/thepueblatimes.mx\/index.php\/2025\/02\/22\/sedif-puebla-reconoce-20-anos-de-compromiso-de-cinia-mexico-con-la-inclusion-laboral\/\" \/>\n<meta property=\"og:locale\" content=\"es_ES\" \/>\n<meta property=\"og:type\" content=\"article\" \/>\n<meta property=\"og:title\" content=\"SEDIF Puebla reconoce 20 a\u00f1os de compromiso de CINIA M\u00e9xico con la inclusi\u00f3n laboral - The Puebla Times\" \/>\n<meta property=\"og:description\" content=\"CIUDAD DE PUEBLA, PUE. \u2013 En el marco del 20 aniversario de CINIA M\u00e9xico, el Sistema Estatal DIF (SEDIF), reafirm\u00f3 su compromiso con la inclusi\u00f3n y el bienestar de las personas con discapacidad, al destacar la labor de esta empresa que ha generado oportunidades laborales dignas para cientos de poblanos. Durante la ceremonia, el director...\" \/>\n<meta property=\"og:url\" content=\"https:\/\/thepueblatimes.mx\/index.php\/2025\/02\/22\/sedif-puebla-reconoce-20-anos-de-compromiso-de-cinia-mexico-con-la-inclusion-laboral\/\" \/>\n<meta property=\"og:site_name\" content=\"The Puebla Times\" \/>\n<meta property=\"article:published_time\" content=\"2025-02-22T18:30:51+00:00\" \/>\n<meta property=\"og:image\" content=\"https:\/\/thepueblatimes.mx\/wp-content\/uploads\/2025\/02\/WhatsApp-Image-2025-02-22-at-11.26.07-1.jpeg\" \/>\n\t<meta property=\"og:image:width\" content=\"1280\" \/>\n\t<meta property=\"og:image:height\" content=\"853\" \/>\n\t<meta property=\"og:image:type\" content=\"image\/jpeg\" \/>\n<meta name=\"author\" content=\"Sa\u00fal Hern\u00e1ndez\" \/>\n<meta name=\"twitter:card\" content=\"summary_large_image\" \/>\n<meta name=\"twitter:label1\" content=\"Escrito por\" \/>\n\t<meta name=\"twitter:data1\" content=\"Sa\u00fal Hern\u00e1ndez\" \/>\n\t<meta name=\"twitter:label2\" content=\"Tiempo de lectura\" \/>\n\t<meta name=\"twitter:data2\" content=\"2 minutos\" \/>\n<script type=\"application\/ld+json\" class=\"yoast-schema-graph\">{\"@context\":\"https:\/\/schema.org\",\"@graph\":[{\"@type\":\"WebPage\",\"@id\":\"https:\/\/thepueblatimes.mx\/index.php\/2025\/02\/22\/sedif-puebla-reconoce-20-anos-de-compromiso-de-cinia-mexico-con-la-inclusion-laboral\/\",\"url\":\"https:\/\/thepueblatimes.mx\/index.php\/2025\/02\/22\/sedif-puebla-reconoce-20-anos-de-compromiso-de-cinia-mexico-con-la-inclusion-laboral\/\",\"name\":\"SEDIF Puebla reconoce 20 a\u00f1os de compromiso de CINIA M\u00e9xico con la inclusi\u00f3n laboral - The Puebla Times\",\"isPartOf\":{\"@id\":\"https:\/\/thepueblatimes.mx\/#website\"},\"datePublished\":\"2025-02-22T18:30:51+00:00\",\"dateModified\":\"2025-02-22T18:30:51+00:00\",\"author\":{\"@id\":\"https:\/\/thepueblatimes.mx\/#\/schema\/person\/1664894c2f65ce2c7a08d8f5f905c13c\"},\"breadcrumb\":{\"@id\":\"https:\/\/thepueblatimes.mx\/index.php\/2025\/02\/22\/sedif-puebla-reconoce-20-anos-de-compromiso-de-cinia-mexico-con-la-inclusion-laboral\/#breadcrumb\"},\"inLanguage\":\"es\",\"potentialAction\":[{\"@type\":\"ReadAction\",\"target\":[\"https:\/\/thepueblatimes.mx\/index.php\/2025\/02\/22\/sedif-puebla-reconoce-20-anos-de-compromiso-de-cinia-mexico-con-la-inclusion-laboral\/\"]}]},{\"@type\":\"BreadcrumbList\",\"@id\":\"https:\/\/thepueblatimes.mx\/index.php\/2025\/02\/22\/sedif-puebla-reconoce-20-anos-de-compromiso-de-cinia-mexico-con-la-inclusion-laboral\/#breadcrumb\",\"itemListElement\":[{\"@type\":\"ListItem\",\"position\":1,\"name\":\"Portada\",\"item\":\"https:\/\/thepueblatimes.mx\/\"},{\"@type\":\"ListItem\",\"position\":2,\"name\":\"SEDIF Puebla reconoce 20 a\u00f1os de compromiso de CINIA M\u00e9xico con la inclusi\u00f3n laboral\"}]},{\"@type\":\"WebSite\",\"@id\":\"https:\/\/thepueblatimes.mx\/#website\",\"url\":\"https:\/\/thepueblatimes.mx\/\",\"name\":\"The Puebla Times\",\"description\":\"Noticias del Estado de Puebla\",\"potentialAction\":[{\"@type\":\"SearchAction\",\"target\":{\"@type\":\"EntryPoint\",\"urlTemplate\":\"https:\/\/thepueblatimes.mx\/?s={search_term_string}\"},\"query-input\":\"required name=search_term_string\"}],\"inLanguage\":\"es\"},{\"@type\":\"Person\",\"@id\":\"https:\/\/thepueblatimes.mx\/#\/schema\/person\/1664894c2f65ce2c7a08d8f5f905c13c\",\"name\":\"Sa\u00fal Hern\u00e1ndez\",\"image\":{\"@type\":\"ImageObject\",\"inLanguage\":\"es\",\"@id\":\"https:\/\/thepueblatimes.mx\/#\/schema\/person\/image\/\",\"url\":\"https:\/\/secure.gravatar.com\/avatar\/11be338693f243309532caad8f10c930?s=96&d=mm&r=g\",\"contentUrl\":\"https:\/\/secure.gravatar.com\/avatar\/11be338693f243309532caad8f10c930?s=96&d=mm&r=g\",\"caption\":\"Sa\u00fal Hern\u00e1ndez\"},\"url\":\"https:\/\/thepueblatimes.mx\/index.php\/author\/saulhernandez\/\"}]}<\/script>\n<!-- \/ Yoast SEO plugin. -->","yoast_head_json":{"title":"SEDIF Puebla reconoce 20 a\u00f1os de compromiso de CINIA M\u00e9xico con la inclusi\u00f3n laboral - The Puebla Times","robots":{"index":"index","follow":"follow","max-snippet":"max-snippet:-1","max-image-preview":"max-image-preview:large","max-video-preview":"max-video-preview:-1"},"canonical":"https:\/\/thepueblatimes.mx\/index.php\/2025\/02\/22\/sedif-puebla-reconoce-20-anos-de-compromiso-de-cinia-mexico-con-la-inclusion-laboral\/","og_locale":"es_ES","og_type":"article","og_title":"SEDIF Puebla reconoce 20 a\u00f1os de compromiso de CINIA M\u00e9xico con la inclusi\u00f3n laboral - The Puebla Times","og_description":"CIUDAD DE PUEBLA, PUE. \u2013 En el marco del 20 aniversario de CINIA M\u00e9xico, el Sistema Estatal DIF (SEDIF), reafirm\u00f3 su compromiso con la inclusi\u00f3n y el bienestar de las personas con discapacidad, al destacar la labor de esta empresa que ha generado oportunidades laborales dignas para cientos de poblanos. Durante la ceremonia, el director...","og_url":"https:\/\/thepueblatimes.mx\/index.php\/2025\/02\/22\/sedif-puebla-reconoce-20-anos-de-compromiso-de-cinia-mexico-con-la-inclusion-laboral\/","og_site_name":"The Puebla Times","article_published_time":"2025-02-22T18:30:51+00:00","og_image":[{"width":1280,"height":853,"url":"https:\/\/thepueblatimes.mx\/wp-content\/uploads\/2025\/02\/WhatsApp-Image-2025-02-22-at-11.26.07-1.jpeg","type":"image\/jpeg"}],"author":"Sa\u00fal Hern\u00e1ndez","twitter_card":"summary_large_image","twitter_misc":{"Escrito por":"Sa\u00fal Hern\u00e1ndez","Tiempo de lectura":"2 minutos"},"schema":{"@context":"https:\/\/schema.org","@graph":[{"@type":"WebPage","@id":"https:\/\/thepueblatimes.mx\/index.php\/2025\/02\/22\/sedif-puebla-reconoce-20-anos-de-compromiso-de-cinia-mexico-con-la-inclusion-laboral\/","url":"https:\/\/thepueblatimes.mx\/index.php\/2025\/02\/22\/sedif-puebla-reconoce-20-anos-de-compromiso-de-cinia-mexico-con-la-inclusion-laboral\/","name":"SEDIF Puebla reconoce 20 a\u00f1os de compromiso de CINIA M\u00e9xico con la inclusi\u00f3n laboral - The Puebla Times","isPartOf":{"@id":"https:\/\/thepueblatimes.mx\/#website"},"datePublished":"2025-02-22T18:30:51+00:00","dateModified":"2025-02-22T18:30:51+00:00","author":{"@id":"https:\/\/thepueblatimes.mx\/#\/schema\/person\/1664894c2f65ce2c7a08d8f5f905c13c"},"breadcrumb":{"@id":"https:\/\/thepueblatimes.mx\/index.php\/2025\/02\/22\/sedif-puebla-reconoce-20-anos-de-compromiso-de-cinia-mexico-con-la-inclusion-laboral\/#breadcrumb"},"inLanguage":"es","potentialAction":[{"@type":"ReadAction","target":["https:\/\/thepueblatimes.mx\/index.php\/2025\/02\/22\/sedif-puebla-reconoce-20-anos-de-compromiso-de-cinia-mexico-con-la-inclusion-laboral\/"]}]},{"@type":"BreadcrumbList","@id":"https:\/\/thepueblatimes.mx\/index.php\/2025\/02\/22\/sedif-puebla-reconoce-20-anos-de-compromiso-de-cinia-mexico-con-la-inclusion-laboral\/#breadcrumb","itemListElement":[{"@type":"ListItem","position":1,"name":"Portada","item":"https:\/\/thepueblatimes.mx\/"},{"@type":"ListItem","position":2,"name":"SEDIF Puebla reconoce 20 a\u00f1os de compromiso de CINIA M\u00e9xico con la inclusi\u00f3n laboral"}]},{"@type":"WebSite","@id":"https:\/\/thepueblatimes.mx\/#website","url":"https:\/\/thepueblatimes.mx\/","name":"The Puebla Times","description":"Noticias del Estado de Puebla","potentialAction":[{"@type":"SearchAction","target":{"@type":"EntryPoint","urlTemplate":"https:\/\/thepueblatimes.mx\/?s={search_term_string}"},"query-input":"required name=search_term_string"}],"inLanguage":"es"},{"@type":"Person","@id":"https:\/\/thepueblatimes.mx\/#\/schema\/person\/1664894c2f65ce2c7a08d8f5f905c13c","name":"Sa\u00fal Hern\u00e1ndez","image":{"@type":"ImageObject","inLanguage":"es","@id":"https:\/\/thepueblatimes.mx\/#\/schema\/person\/image\/","url":"https:\/\/secure.gravatar.com\/avatar\/11be338693f243309532caad8f10c930?s=96&d=mm&r=g","contentUrl":"https:\/\/secure.gravatar.com\/avatar\/11be338693f243309532caad8f10c930?s=96&d=mm&r=g","caption":"Sa\u00fal Hern\u00e1ndez"},"url":"https:\/\/thepueblatimes.mx\/index.php\/author\/saulhernandez\/"}]}},"jetpack_featured_media_url":"https:\/\/thepueblatimes.mx\/wp-content\/uploads\/2025\/02\/WhatsApp-Image-2025-02-22-at-11.26.07-1.jpeg","_links":{"self":[{"href":"https:\/\/thepueblatimes.mx\/index.php\/wp-json\/wp\/v2\/posts\/28028"}],"collection":[{"href":"https:\/\/thepueblatimes.mx\/index.php\/wp-json\/wp\/v2\/posts"}],"about":[{"href":"https:\/\/thepueblatimes.mx\/index.php\/wp-json\/wp\/v2\/types\/post"}],"author":[{"embeddable":true,"href":"https:\/\/thepueblatimes.mx\/index.php\/wp-json\/wp\/v2\/users\/16"}],"replies":[{"embeddable":true,"href":"https:\/\/thepueblatimes.mx\/index.php\/wp-json\/wp\/v2\/comments?post=28028"}],"version-history":[{"count":1,"href":"https:\/\/thepueblatimes.mx\/index.php\/wp-json\/wp\/v2\/posts\/28028\/revisions"}],"predecessor-version":[{"id":28030,"href":"https:\/\/thepueblatimes.mx\/index.php\/wp-json\/wp\/v2\/posts\/28028\/revisions\/28030"}],"wp:featuredmedia":[{"embeddable":true,"href":"https:\/\/thepueblatimes.mx\/index.php\/wp-json\/wp\/v2\/media\/28029"}],"wp:attachment":[{"href":"https:\/\/thepueblatimes.mx\/index.php\/wp-json\/wp\/v2\/media?parent=28028"}],"wp:term":[{"taxonomy":"category","embeddable":true,"href":"https:\/\/thepueblatimes.mx\/index.php\/wp-json\/wp\/v2\/categories?post=28028"},{"taxonomy":"post_tag","embeddable":true,"href":"https:\/\/thepueblatimes.mx\/index.php\/wp-json\/wp\/v2\/tags?post=28028"}],"curies":[{"name":"wp","href":"https:\/\/api.w.org\/{rel}","templated":true}]}}