{"id":28024,"date":"2025-02-22T11:32:59","date_gmt":"2025-02-22T17:32:59","guid":{"rendered":"https:\/\/thepueblatimes.mx\/?p=28024"},"modified":"2025-02-22T13:12:51","modified_gmt":"2025-02-22T19:12:51","slug":"fuga-del-complejo-de-seguridad-de-la-scc-puebla-la-ssc-aclaro-la-situacion","status":"publish","type":"post","link":"https:\/\/thepueblatimes.mx\/index.php\/2025\/02\/22\/fuga-del-complejo-de-seguridad-de-la-scc-puebla-la-ssc-aclaro-la-situacion\/","title":{"rendered":"En Puebla capital, preso se escapa  del Complejo de Seguridad SCC"},"content":{"rendered":"<p>POR FRED ESTRADA<\/p>\n<p>Lo que faltaba, un presunto delincuente burl\u00f3 la seguridad del Complejo de Seguridad de la Polic\u00eda Municipal y escap\u00f3. Pero la Secretar\u00eda de Seguridad Ciudadana (SSC) desminti\u00f3 la versi\u00f3n.<\/p>\n<p>La primera versi\u00f3n indic\u00f3 que, tras la fuga, se realiz\u00f3 un despliegue de b\u00fasqueda, que fue infructuoso. E incluso se hablo del choque de patrullas.<\/p>\n<p>Hasta donde se sabe, el hombre se encontraba detenido en el Complejo de Seguridad de la Secretar\u00eda de Seguridad Ciudadana (SSC), pero logr\u00f3 salir por la puerta principal.<\/p>\n<p>Sin embargo, v\u00eda redes sociales, la SSC neg\u00f3 los hechos, y pidi\u00f3 consultar fuentes oficiales.<\/p>\n<p>Al respecto, escribi\u00f3:<br \/>\nEsta Secretar\u00eda informa que las versiones que circulan en redes sociales, sobre la supuesta fuga de algunos detenidos al interior de nuestro Complejo de Seguridad, es informaci\u00f3n totalmente falsa.<\/p>\n<p>Tambi\u00e9n es falso que hubiera unidades involucradas en choques y\/o drones en los hechos mencionados.<\/p>\n<p>Los dos sujetos detenidos durante la madrugada fueron presentados para deslindar responsabilidades y contin\u00faan al interior del complejo.<\/p>\n<p>Consulta siempre fuentes oficiales. Evita la desinformaci\u00f3n.<\/p>\n<p>Sin embargo, no precis\u00f3 el nombre de los detenidos, ni los motivos de su aprehensi\u00f3n, as\u00ed como ante qu\u00e9 agente del ministerio p\u00fablico fueron consignados.<\/p>\n","protected":false},"excerpt":{"rendered":"<p>POR FRED ESTRADA Lo que faltaba, un presunto delincuente burl\u00f3 la seguridad del Complejo de Seguridad de la Polic\u00eda Municipal y escap\u00f3. Pero la Secretar\u00eda de Seguridad Ciudadana (SSC) desminti\u00f3 la versi\u00f3n. La primera versi\u00f3n indic\u00f3 que, tras la fuga, se realiz\u00f3 un despliegue de b\u00fasqueda, que fue infructuoso. E incluso se hablo del choque&#8230;<\/p>\n","protected":false},"author":16,"featured_media":28025,"comment_status":"closed","ping_status":"closed","sticky":false,"template":"","format":"standard","meta":[],"categories":[3],"tags":[3252,414,3253,3254],"yoast_head":"<!-- This site is optimized with the Yoast SEO plugin v20.8 - https:\/\/yoast.com\/wordpress\/plugins\/seo\/ -->\n<title>En Puebla capital, preso se escapa del Complejo de Seguridad SCC - The Puebla Times<\/title>\n<meta name=\"robots\" content=\"index, follow, max-snippet:-1, max-image-preview:large, max-video-preview:-1\" \/>\n<link rel=\"canonical\" href=\"https:\/\/thepueblatimes.mx\/index.php\/2025\/02\/22\/fuga-del-complejo-de-seguridad-de-la-scc-puebla-la-ssc-aclaro-la-situacion\/\" \/>\n<meta property=\"og:locale\" content=\"es_ES\" \/>\n<meta property=\"og:type\" content=\"article\" \/>\n<meta property=\"og:title\" content=\"En Puebla capital, preso se escapa del Complejo de Seguridad SCC - The Puebla Times\" \/>\n<meta property=\"og:description\" content=\"POR FRED ESTRADA Lo que faltaba, un presunto delincuente burl\u00f3 la seguridad del Complejo de Seguridad de la Polic\u00eda Municipal y escap\u00f3. Pero la Secretar\u00eda de Seguridad Ciudadana (SSC) desminti\u00f3 la versi\u00f3n. La primera versi\u00f3n indic\u00f3 que, tras la fuga, se realiz\u00f3 un despliegue de b\u00fasqueda, que fue infructuoso. E incluso se hablo del choque...\" \/>\n<meta property=\"og:url\" content=\"https:\/\/thepueblatimes.mx\/index.php\/2025\/02\/22\/fuga-del-complejo-de-seguridad-de-la-scc-puebla-la-ssc-aclaro-la-situacion\/\" \/>\n<meta property=\"og:site_name\" content=\"The Puebla Times\" \/>\n<meta property=\"article:published_time\" content=\"2025-02-22T17:32:59+00:00\" \/>\n<meta property=\"article:modified_time\" content=\"2025-02-22T19:12:51+00:00\" \/>\n<meta property=\"og:image\" content=\"https:\/\/thepueblatimes.mx\/wp-content\/uploads\/2025\/02\/complejo-metropolitano-de-seguridad-430366.jpg\" \/>\n\t<meta property=\"og:image:width\" content=\"1000\" \/>\n\t<meta property=\"og:image:height\" content=\"666\" \/>\n\t<meta property=\"og:image:type\" content=\"image\/jpeg\" \/>\n<meta name=\"author\" content=\"Sa\u00fal Hern\u00e1ndez\" \/>\n<meta name=\"twitter:card\" content=\"summary_large_image\" \/>\n<meta name=\"twitter:label1\" content=\"Escrito por\" \/>\n\t<meta name=\"twitter:data1\" content=\"Sa\u00fal Hern\u00e1ndez\" \/>\n\t<meta name=\"twitter:label2\" content=\"Tiempo de lectura\" \/>\n\t<meta name=\"twitter:data2\" content=\"1 minuto\" \/>\n<script type=\"application\/ld+json\" class=\"yoast-schema-graph\">{\"@context\":\"https:\/\/schema.org\",\"@graph\":[{\"@type\":\"WebPage\",\"@id\":\"https:\/\/thepueblatimes.mx\/index.php\/2025\/02\/22\/fuga-del-complejo-de-seguridad-de-la-scc-puebla-la-ssc-aclaro-la-situacion\/\",\"url\":\"https:\/\/thepueblatimes.mx\/index.php\/2025\/02\/22\/fuga-del-complejo-de-seguridad-de-la-scc-puebla-la-ssc-aclaro-la-situacion\/\",\"name\":\"En Puebla capital, preso se escapa del Complejo de Seguridad SCC - The Puebla Times\",\"isPartOf\":{\"@id\":\"https:\/\/thepueblatimes.mx\/#website\"},\"datePublished\":\"2025-02-22T17:32:59+00:00\",\"dateModified\":\"2025-02-22T19:12:51+00:00\",\"author\":{\"@id\":\"https:\/\/thepueblatimes.mx\/#\/schema\/person\/1664894c2f65ce2c7a08d8f5f905c13c\"},\"breadcrumb\":{\"@id\":\"https:\/\/thepueblatimes.mx\/index.php\/2025\/02\/22\/fuga-del-complejo-de-seguridad-de-la-scc-puebla-la-ssc-aclaro-la-situacion\/#breadcrumb\"},\"inLanguage\":\"es\",\"potentialAction\":[{\"@type\":\"ReadAction\",\"target\":[\"https:\/\/thepueblatimes.mx\/index.php\/2025\/02\/22\/fuga-del-complejo-de-seguridad-de-la-scc-puebla-la-ssc-aclaro-la-situacion\/\"]}]},{\"@type\":\"BreadcrumbList\",\"@id\":\"https:\/\/thepueblatimes.mx\/index.php\/2025\/02\/22\/fuga-del-complejo-de-seguridad-de-la-scc-puebla-la-ssc-aclaro-la-situacion\/#breadcrumb\",\"itemListElement\":[{\"@type\":\"ListItem\",\"position\":1,\"name\":\"Portada\",\"item\":\"https:\/\/thepueblatimes.mx\/\"},{\"@type\":\"ListItem\",\"position\":2,\"name\":\"En Puebla capital, preso se escapa del Complejo de Seguridad SCC\"}]},{\"@type\":\"WebSite\",\"@id\":\"https:\/\/thepueblatimes.mx\/#website\",\"url\":\"https:\/\/thepueblatimes.mx\/\",\"name\":\"The Puebla Times\",\"description\":\"Noticias del Estado de Puebla\",\"potentialAction\":[{\"@type\":\"SearchAction\",\"target\":{\"@type\":\"EntryPoint\",\"urlTemplate\":\"https:\/\/thepueblatimes.mx\/?s={search_term_string}\"},\"query-input\":\"required name=search_term_string\"}],\"inLanguage\":\"es\"},{\"@type\":\"Person\",\"@id\":\"https:\/\/thepueblatimes.mx\/#\/schema\/person\/1664894c2f65ce2c7a08d8f5f905c13c\",\"name\":\"Sa\u00fal Hern\u00e1ndez\",\"image\":{\"@type\":\"ImageObject\",\"inLanguage\":\"es\",\"@id\":\"https:\/\/thepueblatimes.mx\/#\/schema\/person\/image\/\",\"url\":\"https:\/\/secure.gravatar.com\/avatar\/11be338693f243309532caad8f10c930?s=96&d=mm&r=g\",\"contentUrl\":\"https:\/\/secure.gravatar.com\/avatar\/11be338693f243309532caad8f10c930?s=96&d=mm&r=g\",\"caption\":\"Sa\u00fal Hern\u00e1ndez\"},\"url\":\"https:\/\/thepueblatimes.mx\/index.php\/author\/saulhernandez\/\"}]}<\/script>\n<!-- \/ Yoast SEO plugin. -->","yoast_head_json":{"title":"En Puebla capital, preso se escapa del Complejo de Seguridad SCC - The Puebla Times","robots":{"index":"index","follow":"follow","max-snippet":"max-snippet:-1","max-image-preview":"max-image-preview:large","max-video-preview":"max-video-preview:-1"},"canonical":"https:\/\/thepueblatimes.mx\/index.php\/2025\/02\/22\/fuga-del-complejo-de-seguridad-de-la-scc-puebla-la-ssc-aclaro-la-situacion\/","og_locale":"es_ES","og_type":"article","og_title":"En Puebla capital, preso se escapa del Complejo de Seguridad SCC - The Puebla Times","og_description":"POR FRED ESTRADA Lo que faltaba, un presunto delincuente burl\u00f3 la seguridad del Complejo de Seguridad de la Polic\u00eda Municipal y escap\u00f3. Pero la Secretar\u00eda de Seguridad Ciudadana (SSC) desminti\u00f3 la versi\u00f3n. La primera versi\u00f3n indic\u00f3 que, tras la fuga, se realiz\u00f3 un despliegue de b\u00fasqueda, que fue infructuoso. E incluso se hablo del choque...","og_url":"https:\/\/thepueblatimes.mx\/index.php\/2025\/02\/22\/fuga-del-complejo-de-seguridad-de-la-scc-puebla-la-ssc-aclaro-la-situacion\/","og_site_name":"The Puebla Times","article_published_time":"2025-02-22T17:32:59+00:00","article_modified_time":"2025-02-22T19:12:51+00:00","og_image":[{"width":1000,"height":666,"url":"https:\/\/thepueblatimes.mx\/wp-content\/uploads\/2025\/02\/complejo-metropolitano-de-seguridad-430366.jpg","type":"image\/jpeg"}],"author":"Sa\u00fal Hern\u00e1ndez","twitter_card":"summary_large_image","twitter_misc":{"Escrito por":"Sa\u00fal Hern\u00e1ndez","Tiempo de lectura":"1 minuto"},"schema":{"@context":"https:\/\/schema.org","@graph":[{"@type":"WebPage","@id":"https:\/\/thepueblatimes.mx\/index.php\/2025\/02\/22\/fuga-del-complejo-de-seguridad-de-la-scc-puebla-la-ssc-aclaro-la-situacion\/","url":"https:\/\/thepueblatimes.mx\/index.php\/2025\/02\/22\/fuga-del-complejo-de-seguridad-de-la-scc-puebla-la-ssc-aclaro-la-situacion\/","name":"En Puebla capital, preso se escapa del Complejo de Seguridad SCC - The Puebla Times","isPartOf":{"@id":"https:\/\/thepueblatimes.mx\/#website"},"datePublished":"2025-02-22T17:32:59+00:00","dateModified":"2025-02-22T19:12:51+00:00","author":{"@id":"https:\/\/thepueblatimes.mx\/#\/schema\/person\/1664894c2f65ce2c7a08d8f5f905c13c"},"breadcrumb":{"@id":"https:\/\/thepueblatimes.mx\/index.php\/2025\/02\/22\/fuga-del-complejo-de-seguridad-de-la-scc-puebla-la-ssc-aclaro-la-situacion\/#breadcrumb"},"inLanguage":"es","potentialAction":[{"@type":"ReadAction","target":["https:\/\/thepueblatimes.mx\/index.php\/2025\/02\/22\/fuga-del-complejo-de-seguridad-de-la-scc-puebla-la-ssc-aclaro-la-situacion\/"]}]},{"@type":"BreadcrumbList","@id":"https:\/\/thepueblatimes.mx\/index.php\/2025\/02\/22\/fuga-del-complejo-de-seguridad-de-la-scc-puebla-la-ssc-aclaro-la-situacion\/#breadcrumb","itemListElement":[{"@type":"ListItem","position":1,"name":"Portada","item":"https:\/\/thepueblatimes.mx\/"},{"@type":"ListItem","position":2,"name":"En Puebla capital, preso se escapa del Complejo de Seguridad SCC"}]},{"@type":"WebSite","@id":"https:\/\/thepueblatimes.mx\/#website","url":"https:\/\/thepueblatimes.mx\/","name":"The Puebla Times","description":"Noticias del Estado de Puebla","potentialAction":[{"@type":"SearchAction","target":{"@type":"EntryPoint","urlTemplate":"https:\/\/thepueblatimes.mx\/?s={search_term_string}"},"query-input":"required name=search_term_string"}],"inLanguage":"es"},{"@type":"Person","@id":"https:\/\/thepueblatimes.mx\/#\/schema\/person\/1664894c2f65ce2c7a08d8f5f905c13c","name":"Sa\u00fal Hern\u00e1ndez","image":{"@type":"ImageObject","inLanguage":"es","@id":"https:\/\/thepueblatimes.mx\/#\/schema\/person\/image\/","url":"https:\/\/secure.gravatar.com\/avatar\/11be338693f243309532caad8f10c930?s=96&d=mm&r=g","contentUrl":"https:\/\/secure.gravatar.com\/avatar\/11be338693f243309532caad8f10c930?s=96&d=mm&r=g","caption":"Sa\u00fal Hern\u00e1ndez"},"url":"https:\/\/thepueblatimes.mx\/index.php\/author\/saulhernandez\/"}]}},"jetpack_featured_media_url":"https:\/\/thepueblatimes.mx\/wp-content\/uploads\/2025\/02\/complejo-metropolitano-de-seguridad-430366.jpg","_links":{"self":[{"href":"https:\/\/thepueblatimes.mx\/index.php\/wp-json\/wp\/v2\/posts\/28024"}],"collection":[{"href":"https:\/\/thepueblatimes.mx\/index.php\/wp-json\/wp\/v2\/posts"}],"about":[{"href":"https:\/\/thepueblatimes.mx\/index.php\/wp-json\/wp\/v2\/types\/post"}],"author":[{"embeddable":true,"href":"https:\/\/thepueblatimes.mx\/index.php\/wp-json\/wp\/v2\/users\/16"}],"replies":[{"embeddable":true,"href":"https:\/\/thepueblatimes.mx\/index.php\/wp-json\/wp\/v2\/comments?post=28024"}],"version-history":[{"count":3,"href":"https:\/\/thepueblatimes.mx\/index.php\/wp-json\/wp\/v2\/posts\/28024\/revisions"}],"predecessor-version":[{"id":28032,"href":"https:\/\/thepueblatimes.mx\/index.php\/wp-json\/wp\/v2\/posts\/28024\/revisions\/28032"}],"wp:featuredmedia":[{"embeddable":true,"href":"https:\/\/thepueblatimes.mx\/index.php\/wp-json\/wp\/v2\/media\/28025"}],"wp:attachment":[{"href":"https:\/\/thepueblatimes.mx\/index.php\/wp-json\/wp\/v2\/media?parent=28024"}],"wp:term":[{"taxonomy":"category","embeddable":true,"href":"https:\/\/thepueblatimes.mx\/index.php\/wp-json\/wp\/v2\/categories?post=28024"},{"taxonomy":"post_tag","embeddable":true,"href":"https:\/\/thepueblatimes.mx\/index.php\/wp-json\/wp\/v2\/tags?post=28024"}],"curies":[{"name":"wp","href":"https:\/\/api.w.org\/{rel}","templated":true}]}}