{"id":28016,"date":"2025-02-22T10:14:16","date_gmt":"2025-02-22T16:14:16","guid":{"rendered":"https:\/\/thepueblatimes.mx\/?p=28016"},"modified":"2025-02-22T10:14:16","modified_gmt":"2025-02-22T16:14:16","slug":"sedif-puebla-brinda-apoyo-integral-a-joven-rescatado-de-registro-en-villa-frontera","status":"publish","type":"post","link":"https:\/\/thepueblatimes.mx\/index.php\/2025\/02\/22\/sedif-puebla-brinda-apoyo-integral-a-joven-rescatado-de-registro-en-villa-frontera\/","title":{"rendered":"SEDIF Puebla brinda apoyo integral a joven rescatado de registro en Villa Frontera"},"content":{"rendered":"<p>Puebla, Pue.\u2014 En respuesta al compromiso del Sistema Estatal DIF (SEDIF) de velar por el bienestar de los sectores m\u00e1s vulnerables, la presidenta honoraria del Patronato, Ceci Arellano, ha instruido acciones inmediatas para atender el caso de Hermenegildo, el joven que durante dos a\u00f1os habit\u00f3 en un registro de la Comisi\u00f3n Federal de Electricidad (CFE) en la autopista M\u00e9xico-Puebla, a la altura de Villa Frontera.<\/p>\n<p>El director general del SEDIF, Raymundo Atanacio Luna, se traslad\u00f3 al sal\u00f3n social de Villa Frontera para evaluar las necesidades prioritarias de Hermenegildo. Siguiendo las indicaciones de la presidenta honoraria, Atanacio gestion\u00f3 su traslado al Hospital General del Norte, donde se le practicar\u00e1 una evaluaci\u00f3n m\u00e9dica exhaustiva para determinar su estado de salud actual.<\/p>\n<p>Una vez que los profesionales de la salud confirmen su estabilidad, Hermenegildo ser\u00e1 dado de alta e incorporado a actividades laborales acordes a su experiencia como jardinero. Para facilitar su reintegraci\u00f3n, el SEDIF le proporcionar\u00e1 un kit completo de herramientas de jardiner\u00eda, brind\u00e1ndole as\u00ed los medios necesarios para retomar su oficio y fomentar su autonom\u00eda.<\/p>\n<p>Estas acciones reflejan el compromiso del gobierno estatal, encabezado por el gobernador Alejandro Armenta, y del SEDIF, bajo la direcci\u00f3n de Ceci Arellano, de implementar pol\u00edticas p\u00fablicas que promuevan la inclusi\u00f3n y el bienestar de todas las personas en situaci\u00f3n de vulnerabilidad.<\/p>\n<p>El SEDIF reafirma su misi\u00f3n de garantizar una vida digna para todos los poblanos, especialmente aquellos que enfrentan condiciones adversas, mediante programas y acciones que impulsen su desarrollo integral y reintegraci\u00f3n social.<\/p>\n","protected":false},"excerpt":{"rendered":"<p>Puebla, Pue.\u2014 En respuesta al compromiso del Sistema Estatal DIF (SEDIF) de velar por el bienestar de los sectores m\u00e1s vulnerables, la presidenta honoraria del Patronato, Ceci Arellano, ha instruido acciones inmediatas para atender el caso de Hermenegildo, el joven que durante dos a\u00f1os habit\u00f3 en un registro de la Comisi\u00f3n Federal de Electricidad (CFE)&#8230;<\/p>\n","protected":false},"author":16,"featured_media":28017,"comment_status":"closed","ping_status":"closed","sticky":false,"template":"","format":"standard","meta":[],"categories":[3],"tags":[3250,1289,1341],"yoast_head":"<!-- This site is optimized with the Yoast SEO plugin v20.8 - https:\/\/yoast.com\/wordpress\/plugins\/seo\/ -->\n<title>SEDIF Puebla brinda apoyo integral a joven rescatado de registro en Villa Frontera - The Puebla Times<\/title>\n<meta name=\"robots\" content=\"index, follow, max-snippet:-1, max-image-preview:large, max-video-preview:-1\" \/>\n<link rel=\"canonical\" href=\"https:\/\/thepueblatimes.mx\/index.php\/2025\/02\/22\/sedif-puebla-brinda-apoyo-integral-a-joven-rescatado-de-registro-en-villa-frontera\/\" \/>\n<meta property=\"og:locale\" content=\"es_ES\" \/>\n<meta property=\"og:type\" content=\"article\" \/>\n<meta property=\"og:title\" content=\"SEDIF Puebla brinda apoyo integral a joven rescatado de registro en Villa Frontera - The Puebla Times\" \/>\n<meta property=\"og:description\" content=\"Puebla, Pue.\u2014 En respuesta al compromiso del Sistema Estatal DIF (SEDIF) de velar por el bienestar de los sectores m\u00e1s vulnerables, la presidenta honoraria del Patronato, Ceci Arellano, ha instruido acciones inmediatas para atender el caso de Hermenegildo, el joven que durante dos a\u00f1os habit\u00f3 en un registro de la Comisi\u00f3n Federal de Electricidad (CFE)...\" \/>\n<meta property=\"og:url\" content=\"https:\/\/thepueblatimes.mx\/index.php\/2025\/02\/22\/sedif-puebla-brinda-apoyo-integral-a-joven-rescatado-de-registro-en-villa-frontera\/\" \/>\n<meta property=\"og:site_name\" content=\"The Puebla Times\" \/>\n<meta property=\"article:published_time\" content=\"2025-02-22T16:14:16+00:00\" \/>\n<meta property=\"og:image\" content=\"https:\/\/thepueblatimes.mx\/wp-content\/uploads\/2025\/02\/WhatsApp-Image-2025-02-21-at-16.59.29-2.jpeg\" \/>\n\t<meta property=\"og:image:width\" content=\"1600\" \/>\n\t<meta property=\"og:image:height\" content=\"1066\" \/>\n\t<meta property=\"og:image:type\" content=\"image\/jpeg\" \/>\n<meta name=\"author\" content=\"Sa\u00fal Hern\u00e1ndez\" \/>\n<meta name=\"twitter:card\" content=\"summary_large_image\" \/>\n<meta name=\"twitter:label1\" content=\"Escrito por\" \/>\n\t<meta name=\"twitter:data1\" content=\"Sa\u00fal Hern\u00e1ndez\" \/>\n\t<meta name=\"twitter:label2\" content=\"Tiempo de lectura\" \/>\n\t<meta name=\"twitter:data2\" content=\"2 minutos\" \/>\n<script type=\"application\/ld+json\" class=\"yoast-schema-graph\">{\"@context\":\"https:\/\/schema.org\",\"@graph\":[{\"@type\":\"WebPage\",\"@id\":\"https:\/\/thepueblatimes.mx\/index.php\/2025\/02\/22\/sedif-puebla-brinda-apoyo-integral-a-joven-rescatado-de-registro-en-villa-frontera\/\",\"url\":\"https:\/\/thepueblatimes.mx\/index.php\/2025\/02\/22\/sedif-puebla-brinda-apoyo-integral-a-joven-rescatado-de-registro-en-villa-frontera\/\",\"name\":\"SEDIF Puebla brinda apoyo integral a joven rescatado de registro en Villa Frontera - The Puebla Times\",\"isPartOf\":{\"@id\":\"https:\/\/thepueblatimes.mx\/#website\"},\"datePublished\":\"2025-02-22T16:14:16+00:00\",\"dateModified\":\"2025-02-22T16:14:16+00:00\",\"author\":{\"@id\":\"https:\/\/thepueblatimes.mx\/#\/schema\/person\/1664894c2f65ce2c7a08d8f5f905c13c\"},\"breadcrumb\":{\"@id\":\"https:\/\/thepueblatimes.mx\/index.php\/2025\/02\/22\/sedif-puebla-brinda-apoyo-integral-a-joven-rescatado-de-registro-en-villa-frontera\/#breadcrumb\"},\"inLanguage\":\"es\",\"potentialAction\":[{\"@type\":\"ReadAction\",\"target\":[\"https:\/\/thepueblatimes.mx\/index.php\/2025\/02\/22\/sedif-puebla-brinda-apoyo-integral-a-joven-rescatado-de-registro-en-villa-frontera\/\"]}]},{\"@type\":\"BreadcrumbList\",\"@id\":\"https:\/\/thepueblatimes.mx\/index.php\/2025\/02\/22\/sedif-puebla-brinda-apoyo-integral-a-joven-rescatado-de-registro-en-villa-frontera\/#breadcrumb\",\"itemListElement\":[{\"@type\":\"ListItem\",\"position\":1,\"name\":\"Portada\",\"item\":\"https:\/\/thepueblatimes.mx\/\"},{\"@type\":\"ListItem\",\"position\":2,\"name\":\"SEDIF Puebla brinda apoyo integral a joven rescatado de registro en Villa Frontera\"}]},{\"@type\":\"WebSite\",\"@id\":\"https:\/\/thepueblatimes.mx\/#website\",\"url\":\"https:\/\/thepueblatimes.mx\/\",\"name\":\"The Puebla Times\",\"description\":\"Noticias del Estado de Puebla\",\"potentialAction\":[{\"@type\":\"SearchAction\",\"target\":{\"@type\":\"EntryPoint\",\"urlTemplate\":\"https:\/\/thepueblatimes.mx\/?s={search_term_string}\"},\"query-input\":\"required name=search_term_string\"}],\"inLanguage\":\"es\"},{\"@type\":\"Person\",\"@id\":\"https:\/\/thepueblatimes.mx\/#\/schema\/person\/1664894c2f65ce2c7a08d8f5f905c13c\",\"name\":\"Sa\u00fal Hern\u00e1ndez\",\"image\":{\"@type\":\"ImageObject\",\"inLanguage\":\"es\",\"@id\":\"https:\/\/thepueblatimes.mx\/#\/schema\/person\/image\/\",\"url\":\"https:\/\/secure.gravatar.com\/avatar\/11be338693f243309532caad8f10c930?s=96&d=mm&r=g\",\"contentUrl\":\"https:\/\/secure.gravatar.com\/avatar\/11be338693f243309532caad8f10c930?s=96&d=mm&r=g\",\"caption\":\"Sa\u00fal Hern\u00e1ndez\"},\"url\":\"https:\/\/thepueblatimes.mx\/index.php\/author\/saulhernandez\/\"}]}<\/script>\n<!-- \/ Yoast SEO plugin. -->","yoast_head_json":{"title":"SEDIF Puebla brinda apoyo integral a joven rescatado de registro en Villa Frontera - The Puebla Times","robots":{"index":"index","follow":"follow","max-snippet":"max-snippet:-1","max-image-preview":"max-image-preview:large","max-video-preview":"max-video-preview:-1"},"canonical":"https:\/\/thepueblatimes.mx\/index.php\/2025\/02\/22\/sedif-puebla-brinda-apoyo-integral-a-joven-rescatado-de-registro-en-villa-frontera\/","og_locale":"es_ES","og_type":"article","og_title":"SEDIF Puebla brinda apoyo integral a joven rescatado de registro en Villa Frontera - The Puebla Times","og_description":"Puebla, Pue.\u2014 En respuesta al compromiso del Sistema Estatal DIF (SEDIF) de velar por el bienestar de los sectores m\u00e1s vulnerables, la presidenta honoraria del Patronato, Ceci Arellano, ha instruido acciones inmediatas para atender el caso de Hermenegildo, el joven que durante dos a\u00f1os habit\u00f3 en un registro de la Comisi\u00f3n Federal de Electricidad (CFE)...","og_url":"https:\/\/thepueblatimes.mx\/index.php\/2025\/02\/22\/sedif-puebla-brinda-apoyo-integral-a-joven-rescatado-de-registro-en-villa-frontera\/","og_site_name":"The Puebla Times","article_published_time":"2025-02-22T16:14:16+00:00","og_image":[{"width":1600,"height":1066,"url":"https:\/\/thepueblatimes.mx\/wp-content\/uploads\/2025\/02\/WhatsApp-Image-2025-02-21-at-16.59.29-2.jpeg","type":"image\/jpeg"}],"author":"Sa\u00fal Hern\u00e1ndez","twitter_card":"summary_large_image","twitter_misc":{"Escrito por":"Sa\u00fal Hern\u00e1ndez","Tiempo de lectura":"2 minutos"},"schema":{"@context":"https:\/\/schema.org","@graph":[{"@type":"WebPage","@id":"https:\/\/thepueblatimes.mx\/index.php\/2025\/02\/22\/sedif-puebla-brinda-apoyo-integral-a-joven-rescatado-de-registro-en-villa-frontera\/","url":"https:\/\/thepueblatimes.mx\/index.php\/2025\/02\/22\/sedif-puebla-brinda-apoyo-integral-a-joven-rescatado-de-registro-en-villa-frontera\/","name":"SEDIF Puebla brinda apoyo integral a joven rescatado de registro en Villa Frontera - The Puebla Times","isPartOf":{"@id":"https:\/\/thepueblatimes.mx\/#website"},"datePublished":"2025-02-22T16:14:16+00:00","dateModified":"2025-02-22T16:14:16+00:00","author":{"@id":"https:\/\/thepueblatimes.mx\/#\/schema\/person\/1664894c2f65ce2c7a08d8f5f905c13c"},"breadcrumb":{"@id":"https:\/\/thepueblatimes.mx\/index.php\/2025\/02\/22\/sedif-puebla-brinda-apoyo-integral-a-joven-rescatado-de-registro-en-villa-frontera\/#breadcrumb"},"inLanguage":"es","potentialAction":[{"@type":"ReadAction","target":["https:\/\/thepueblatimes.mx\/index.php\/2025\/02\/22\/sedif-puebla-brinda-apoyo-integral-a-joven-rescatado-de-registro-en-villa-frontera\/"]}]},{"@type":"BreadcrumbList","@id":"https:\/\/thepueblatimes.mx\/index.php\/2025\/02\/22\/sedif-puebla-brinda-apoyo-integral-a-joven-rescatado-de-registro-en-villa-frontera\/#breadcrumb","itemListElement":[{"@type":"ListItem","position":1,"name":"Portada","item":"https:\/\/thepueblatimes.mx\/"},{"@type":"ListItem","position":2,"name":"SEDIF Puebla brinda apoyo integral a joven rescatado de registro en Villa Frontera"}]},{"@type":"WebSite","@id":"https:\/\/thepueblatimes.mx\/#website","url":"https:\/\/thepueblatimes.mx\/","name":"The Puebla Times","description":"Noticias del Estado de Puebla","potentialAction":[{"@type":"SearchAction","target":{"@type":"EntryPoint","urlTemplate":"https:\/\/thepueblatimes.mx\/?s={search_term_string}"},"query-input":"required name=search_term_string"}],"inLanguage":"es"},{"@type":"Person","@id":"https:\/\/thepueblatimes.mx\/#\/schema\/person\/1664894c2f65ce2c7a08d8f5f905c13c","name":"Sa\u00fal Hern\u00e1ndez","image":{"@type":"ImageObject","inLanguage":"es","@id":"https:\/\/thepueblatimes.mx\/#\/schema\/person\/image\/","url":"https:\/\/secure.gravatar.com\/avatar\/11be338693f243309532caad8f10c930?s=96&d=mm&r=g","contentUrl":"https:\/\/secure.gravatar.com\/avatar\/11be338693f243309532caad8f10c930?s=96&d=mm&r=g","caption":"Sa\u00fal Hern\u00e1ndez"},"url":"https:\/\/thepueblatimes.mx\/index.php\/author\/saulhernandez\/"}]}},"jetpack_featured_media_url":"https:\/\/thepueblatimes.mx\/wp-content\/uploads\/2025\/02\/WhatsApp-Image-2025-02-21-at-16.59.29-2.jpeg","_links":{"self":[{"href":"https:\/\/thepueblatimes.mx\/index.php\/wp-json\/wp\/v2\/posts\/28016"}],"collection":[{"href":"https:\/\/thepueblatimes.mx\/index.php\/wp-json\/wp\/v2\/posts"}],"about":[{"href":"https:\/\/thepueblatimes.mx\/index.php\/wp-json\/wp\/v2\/types\/post"}],"author":[{"embeddable":true,"href":"https:\/\/thepueblatimes.mx\/index.php\/wp-json\/wp\/v2\/users\/16"}],"replies":[{"embeddable":true,"href":"https:\/\/thepueblatimes.mx\/index.php\/wp-json\/wp\/v2\/comments?post=28016"}],"version-history":[{"count":1,"href":"https:\/\/thepueblatimes.mx\/index.php\/wp-json\/wp\/v2\/posts\/28016\/revisions"}],"predecessor-version":[{"id":28018,"href":"https:\/\/thepueblatimes.mx\/index.php\/wp-json\/wp\/v2\/posts\/28016\/revisions\/28018"}],"wp:featuredmedia":[{"embeddable":true,"href":"https:\/\/thepueblatimes.mx\/index.php\/wp-json\/wp\/v2\/media\/28017"}],"wp:attachment":[{"href":"https:\/\/thepueblatimes.mx\/index.php\/wp-json\/wp\/v2\/media?parent=28016"}],"wp:term":[{"taxonomy":"category","embeddable":true,"href":"https:\/\/thepueblatimes.mx\/index.php\/wp-json\/wp\/v2\/categories?post=28016"},{"taxonomy":"post_tag","embeddable":true,"href":"https:\/\/thepueblatimes.mx\/index.php\/wp-json\/wp\/v2\/tags?post=28016"}],"curies":[{"name":"wp","href":"https:\/\/api.w.org\/{rel}","templated":true}]}}