{"id":27977,"date":"2025-02-20T18:32:40","date_gmt":"2025-02-21T00:32:40","guid":{"rendered":"https:\/\/thepueblatimes.mx\/?p=27977"},"modified":"2025-02-20T18:32:40","modified_gmt":"2025-02-21T00:32:40","slug":"en-puebla-lo-asaltan-y-balean-en-san-francisco-totimehuacan","status":"publish","type":"post","link":"https:\/\/thepueblatimes.mx\/index.php\/2025\/02\/20\/en-puebla-lo-asaltan-y-balean-en-san-francisco-totimehuacan\/","title":{"rendered":"En Puebla lo asaltan y balean en San Francisco Totimehuacan"},"content":{"rendered":"<p>POR FRED ESTRADA<\/p>\n<p>Un hombre fue baleado y despojado de 50 mil pesos, durante un asalto en la Junta auxiliar San Francisco Totimehuacan, perteneciente a Puebla capital.<\/p>\n<p>Con ello, aumenta el registro de hechos delictivos en la ciudad de Puebla.<\/p>\n<p>Durante la tarde del jueves, 20 de febrero, residentes solicitaron el apoyo de las autoridades, luego de escuchar un disparo y percatarse de que un hombre se encontraba herido, atr\u00e1s de una Farmacia Guadalajara, de San Francisco Totimehuacan.<\/p>\n<p>Polic\u00edas y param\u00e9dicos, arribaron al sitio. Los param\u00e9dicos atendieron al lesionado y determinaron su traslado a un hospital.<\/p>\n<p>Los primeros datos indican que los presuntos responsables escaparon en un veh\u00edculo.<\/p>\n","protected":false},"excerpt":{"rendered":"<p>POR FRED ESTRADA Un hombre fue baleado y despojado de 50 mil pesos, durante un asalto en la Junta auxiliar San Francisco Totimehuacan, perteneciente a Puebla capital. Con ello, aumenta el registro de hechos delictivos en la ciudad de Puebla. Durante la tarde del jueves, 20 de febrero, residentes solicitaron el apoyo de las autoridades,&#8230;<\/p>\n","protected":false},"author":16,"featured_media":27978,"comment_status":"closed","ping_status":"closed","sticky":false,"template":"","format":"standard","meta":[],"categories":[20],"tags":[2377,260,3236],"yoast_head":"<!-- This site is optimized with the Yoast SEO plugin v20.8 - https:\/\/yoast.com\/wordpress\/plugins\/seo\/ -->\n<title>En Puebla lo asaltan y balean en San Francisco Totimehuacan - The Puebla Times<\/title>\n<meta name=\"robots\" content=\"index, follow, max-snippet:-1, max-image-preview:large, max-video-preview:-1\" \/>\n<link rel=\"canonical\" href=\"https:\/\/thepueblatimes.mx\/index.php\/2025\/02\/20\/en-puebla-lo-asaltan-y-balean-en-san-francisco-totimehuacan\/\" \/>\n<meta property=\"og:locale\" content=\"es_ES\" \/>\n<meta property=\"og:type\" content=\"article\" \/>\n<meta property=\"og:title\" content=\"En Puebla lo asaltan y balean en San Francisco Totimehuacan - The Puebla Times\" \/>\n<meta property=\"og:description\" content=\"POR FRED ESTRADA Un hombre fue baleado y despojado de 50 mil pesos, durante un asalto en la Junta auxiliar San Francisco Totimehuacan, perteneciente a Puebla capital. Con ello, aumenta el registro de hechos delictivos en la ciudad de Puebla. Durante la tarde del jueves, 20 de febrero, residentes solicitaron el apoyo de las autoridades,...\" \/>\n<meta property=\"og:url\" content=\"https:\/\/thepueblatimes.mx\/index.php\/2025\/02\/20\/en-puebla-lo-asaltan-y-balean-en-san-francisco-totimehuacan\/\" \/>\n<meta property=\"og:site_name\" content=\"The Puebla Times\" \/>\n<meta property=\"article:published_time\" content=\"2025-02-21T00:32:40+00:00\" \/>\n<meta property=\"og:image\" content=\"https:\/\/thepueblatimes.mx\/wp-content\/uploads\/2025\/02\/fa73eba6-ejecutados-san_francisco_totimehuacan_001-ei.jpg\" \/>\n\t<meta property=\"og:image:width\" content=\"1200\" \/>\n\t<meta property=\"og:image:height\" content=\"700\" \/>\n\t<meta property=\"og:image:type\" content=\"image\/jpeg\" \/>\n<meta name=\"author\" content=\"Sa\u00fal Hern\u00e1ndez\" \/>\n<meta name=\"twitter:card\" content=\"summary_large_image\" \/>\n<meta name=\"twitter:label1\" content=\"Escrito por\" \/>\n\t<meta name=\"twitter:data1\" content=\"Sa\u00fal Hern\u00e1ndez\" \/>\n\t<meta name=\"twitter:label2\" content=\"Tiempo de lectura\" \/>\n\t<meta name=\"twitter:data2\" content=\"1 minuto\" \/>\n<script type=\"application\/ld+json\" class=\"yoast-schema-graph\">{\"@context\":\"https:\/\/schema.org\",\"@graph\":[{\"@type\":\"WebPage\",\"@id\":\"https:\/\/thepueblatimes.mx\/index.php\/2025\/02\/20\/en-puebla-lo-asaltan-y-balean-en-san-francisco-totimehuacan\/\",\"url\":\"https:\/\/thepueblatimes.mx\/index.php\/2025\/02\/20\/en-puebla-lo-asaltan-y-balean-en-san-francisco-totimehuacan\/\",\"name\":\"En Puebla lo asaltan y balean en San Francisco Totimehuacan - The Puebla Times\",\"isPartOf\":{\"@id\":\"https:\/\/thepueblatimes.mx\/#website\"},\"datePublished\":\"2025-02-21T00:32:40+00:00\",\"dateModified\":\"2025-02-21T00:32:40+00:00\",\"author\":{\"@id\":\"https:\/\/thepueblatimes.mx\/#\/schema\/person\/1664894c2f65ce2c7a08d8f5f905c13c\"},\"breadcrumb\":{\"@id\":\"https:\/\/thepueblatimes.mx\/index.php\/2025\/02\/20\/en-puebla-lo-asaltan-y-balean-en-san-francisco-totimehuacan\/#breadcrumb\"},\"inLanguage\":\"es\",\"potentialAction\":[{\"@type\":\"ReadAction\",\"target\":[\"https:\/\/thepueblatimes.mx\/index.php\/2025\/02\/20\/en-puebla-lo-asaltan-y-balean-en-san-francisco-totimehuacan\/\"]}]},{\"@type\":\"BreadcrumbList\",\"@id\":\"https:\/\/thepueblatimes.mx\/index.php\/2025\/02\/20\/en-puebla-lo-asaltan-y-balean-en-san-francisco-totimehuacan\/#breadcrumb\",\"itemListElement\":[{\"@type\":\"ListItem\",\"position\":1,\"name\":\"Portada\",\"item\":\"https:\/\/thepueblatimes.mx\/\"},{\"@type\":\"ListItem\",\"position\":2,\"name\":\"En Puebla lo asaltan y balean en San Francisco Totimehuacan\"}]},{\"@type\":\"WebSite\",\"@id\":\"https:\/\/thepueblatimes.mx\/#website\",\"url\":\"https:\/\/thepueblatimes.mx\/\",\"name\":\"The Puebla Times\",\"description\":\"Noticias del Estado de Puebla\",\"potentialAction\":[{\"@type\":\"SearchAction\",\"target\":{\"@type\":\"EntryPoint\",\"urlTemplate\":\"https:\/\/thepueblatimes.mx\/?s={search_term_string}\"},\"query-input\":\"required name=search_term_string\"}],\"inLanguage\":\"es\"},{\"@type\":\"Person\",\"@id\":\"https:\/\/thepueblatimes.mx\/#\/schema\/person\/1664894c2f65ce2c7a08d8f5f905c13c\",\"name\":\"Sa\u00fal Hern\u00e1ndez\",\"image\":{\"@type\":\"ImageObject\",\"inLanguage\":\"es\",\"@id\":\"https:\/\/thepueblatimes.mx\/#\/schema\/person\/image\/\",\"url\":\"https:\/\/secure.gravatar.com\/avatar\/11be338693f243309532caad8f10c930?s=96&d=mm&r=g\",\"contentUrl\":\"https:\/\/secure.gravatar.com\/avatar\/11be338693f243309532caad8f10c930?s=96&d=mm&r=g\",\"caption\":\"Sa\u00fal Hern\u00e1ndez\"},\"url\":\"https:\/\/thepueblatimes.mx\/index.php\/author\/saulhernandez\/\"}]}<\/script>\n<!-- \/ Yoast SEO plugin. -->","yoast_head_json":{"title":"En Puebla lo asaltan y balean en San Francisco Totimehuacan - The Puebla Times","robots":{"index":"index","follow":"follow","max-snippet":"max-snippet:-1","max-image-preview":"max-image-preview:large","max-video-preview":"max-video-preview:-1"},"canonical":"https:\/\/thepueblatimes.mx\/index.php\/2025\/02\/20\/en-puebla-lo-asaltan-y-balean-en-san-francisco-totimehuacan\/","og_locale":"es_ES","og_type":"article","og_title":"En Puebla lo asaltan y balean en San Francisco Totimehuacan - The Puebla Times","og_description":"POR FRED ESTRADA Un hombre fue baleado y despojado de 50 mil pesos, durante un asalto en la Junta auxiliar San Francisco Totimehuacan, perteneciente a Puebla capital. Con ello, aumenta el registro de hechos delictivos en la ciudad de Puebla. Durante la tarde del jueves, 20 de febrero, residentes solicitaron el apoyo de las autoridades,...","og_url":"https:\/\/thepueblatimes.mx\/index.php\/2025\/02\/20\/en-puebla-lo-asaltan-y-balean-en-san-francisco-totimehuacan\/","og_site_name":"The Puebla Times","article_published_time":"2025-02-21T00:32:40+00:00","og_image":[{"width":1200,"height":700,"url":"https:\/\/thepueblatimes.mx\/wp-content\/uploads\/2025\/02\/fa73eba6-ejecutados-san_francisco_totimehuacan_001-ei.jpg","type":"image\/jpeg"}],"author":"Sa\u00fal Hern\u00e1ndez","twitter_card":"summary_large_image","twitter_misc":{"Escrito por":"Sa\u00fal Hern\u00e1ndez","Tiempo de lectura":"1 minuto"},"schema":{"@context":"https:\/\/schema.org","@graph":[{"@type":"WebPage","@id":"https:\/\/thepueblatimes.mx\/index.php\/2025\/02\/20\/en-puebla-lo-asaltan-y-balean-en-san-francisco-totimehuacan\/","url":"https:\/\/thepueblatimes.mx\/index.php\/2025\/02\/20\/en-puebla-lo-asaltan-y-balean-en-san-francisco-totimehuacan\/","name":"En Puebla lo asaltan y balean en San Francisco Totimehuacan - The Puebla Times","isPartOf":{"@id":"https:\/\/thepueblatimes.mx\/#website"},"datePublished":"2025-02-21T00:32:40+00:00","dateModified":"2025-02-21T00:32:40+00:00","author":{"@id":"https:\/\/thepueblatimes.mx\/#\/schema\/person\/1664894c2f65ce2c7a08d8f5f905c13c"},"breadcrumb":{"@id":"https:\/\/thepueblatimes.mx\/index.php\/2025\/02\/20\/en-puebla-lo-asaltan-y-balean-en-san-francisco-totimehuacan\/#breadcrumb"},"inLanguage":"es","potentialAction":[{"@type":"ReadAction","target":["https:\/\/thepueblatimes.mx\/index.php\/2025\/02\/20\/en-puebla-lo-asaltan-y-balean-en-san-francisco-totimehuacan\/"]}]},{"@type":"BreadcrumbList","@id":"https:\/\/thepueblatimes.mx\/index.php\/2025\/02\/20\/en-puebla-lo-asaltan-y-balean-en-san-francisco-totimehuacan\/#breadcrumb","itemListElement":[{"@type":"ListItem","position":1,"name":"Portada","item":"https:\/\/thepueblatimes.mx\/"},{"@type":"ListItem","position":2,"name":"En Puebla lo asaltan y balean en San Francisco Totimehuacan"}]},{"@type":"WebSite","@id":"https:\/\/thepueblatimes.mx\/#website","url":"https:\/\/thepueblatimes.mx\/","name":"The Puebla Times","description":"Noticias del Estado de Puebla","potentialAction":[{"@type":"SearchAction","target":{"@type":"EntryPoint","urlTemplate":"https:\/\/thepueblatimes.mx\/?s={search_term_string}"},"query-input":"required name=search_term_string"}],"inLanguage":"es"},{"@type":"Person","@id":"https:\/\/thepueblatimes.mx\/#\/schema\/person\/1664894c2f65ce2c7a08d8f5f905c13c","name":"Sa\u00fal Hern\u00e1ndez","image":{"@type":"ImageObject","inLanguage":"es","@id":"https:\/\/thepueblatimes.mx\/#\/schema\/person\/image\/","url":"https:\/\/secure.gravatar.com\/avatar\/11be338693f243309532caad8f10c930?s=96&d=mm&r=g","contentUrl":"https:\/\/secure.gravatar.com\/avatar\/11be338693f243309532caad8f10c930?s=96&d=mm&r=g","caption":"Sa\u00fal Hern\u00e1ndez"},"url":"https:\/\/thepueblatimes.mx\/index.php\/author\/saulhernandez\/"}]}},"jetpack_featured_media_url":"https:\/\/thepueblatimes.mx\/wp-content\/uploads\/2025\/02\/fa73eba6-ejecutados-san_francisco_totimehuacan_001-ei.jpg","_links":{"self":[{"href":"https:\/\/thepueblatimes.mx\/index.php\/wp-json\/wp\/v2\/posts\/27977"}],"collection":[{"href":"https:\/\/thepueblatimes.mx\/index.php\/wp-json\/wp\/v2\/posts"}],"about":[{"href":"https:\/\/thepueblatimes.mx\/index.php\/wp-json\/wp\/v2\/types\/post"}],"author":[{"embeddable":true,"href":"https:\/\/thepueblatimes.mx\/index.php\/wp-json\/wp\/v2\/users\/16"}],"replies":[{"embeddable":true,"href":"https:\/\/thepueblatimes.mx\/index.php\/wp-json\/wp\/v2\/comments?post=27977"}],"version-history":[{"count":1,"href":"https:\/\/thepueblatimes.mx\/index.php\/wp-json\/wp\/v2\/posts\/27977\/revisions"}],"predecessor-version":[{"id":27979,"href":"https:\/\/thepueblatimes.mx\/index.php\/wp-json\/wp\/v2\/posts\/27977\/revisions\/27979"}],"wp:featuredmedia":[{"embeddable":true,"href":"https:\/\/thepueblatimes.mx\/index.php\/wp-json\/wp\/v2\/media\/27978"}],"wp:attachment":[{"href":"https:\/\/thepueblatimes.mx\/index.php\/wp-json\/wp\/v2\/media?parent=27977"}],"wp:term":[{"taxonomy":"category","embeddable":true,"href":"https:\/\/thepueblatimes.mx\/index.php\/wp-json\/wp\/v2\/categories?post=27977"},{"taxonomy":"post_tag","embeddable":true,"href":"https:\/\/thepueblatimes.mx\/index.php\/wp-json\/wp\/v2\/tags?post=27977"}],"curies":[{"name":"wp","href":"https:\/\/api.w.org\/{rel}","templated":true}]}}