{"id":27941,"date":"2025-02-19T16:16:53","date_gmt":"2025-02-19T22:16:53","guid":{"rendered":"https:\/\/thepueblatimes.mx\/?p=27941"},"modified":"2025-02-19T16:16:53","modified_gmt":"2025-02-19T22:16:53","slug":"avalan-en-comision-del-congreso-reformas-para-que-smt-cuente-con-atribuciones-exclusivas-para-vigilar-vialidades-estatales","status":"publish","type":"post","link":"https:\/\/thepueblatimes.mx\/index.php\/2025\/02\/19\/avalan-en-comision-del-congreso-reformas-para-que-smt-cuente-con-atribuciones-exclusivas-para-vigilar-vialidades-estatales\/","title":{"rendered":"Avalan en Comisi\u00f3n del Congreso reformas para que SMT cuente con atribuciones exclusivas para vigilar vialidades estatales"},"content":{"rendered":"<h3><strong><em>&#8211; Asimismo, la Comisi\u00f3n de Gobernaci\u00f3n aval\u00f3 modificar el nombre de la Secretar\u00eda de la Mujer e Igualdad Sustantiva, por el de Secretar\u00eda de las Mujeres<\/em><\/strong><\/h3>\n<p>Con la finalidad de clarificar las funciones de la Secretar\u00eda de Movilidad y Transporte, respecto de las faltas y atribuciones exclusivas de vigilancia en materia de vialidad, la Comisi\u00f3n de Gobernaci\u00f3n y Puntos Constitucionales del Congreso del Estado aprob\u00f3 el proyecto de dictamen para reformar la Ley Org\u00e1nica de la Administraci\u00f3n P\u00fablica, la Ley de Movilidad y Seguridad Vial del Estado de Puebla y la Ley de Transporte del Estado de Puebla.<\/p>\n<p>El proyecto de dictamen formulado con la iniciativa del Ejecutivo del Estado elimina las funciones en materia de tr\u00e1nsito, vialidad y movilidad a cargo de la Secretar\u00eda de Seguridad P\u00fablica y crea la Agencia de Proximidad Vial para que sus agentes sean los encargados de vigilar las vialidades estatales.<\/p>\n<p>Asimismo, incrementa la antig\u00fcedad de las unidades con las que se presta el servicio de transporte mercantil, en su modalidad de alquiler o taxi local, pasando de 7 a 10 a\u00f1os.<\/p>\n<p>En el mismo proyecto de dictamen se aprobaron reformas y adiciones a diversas disposiciones de la Ley Org\u00e1nica de la Administraci\u00f3n P\u00fablica del Estado de Puebla, para modificar la denominaci\u00f3n de la Secretar\u00eda de la Mujer e Igualdad Sustantiva, por el de Secretar\u00eda de las Mujeres.<\/p>\n<p>Esto, con la finalidad de fortalecer el derecho al cuidado en favor de los grupos vulnerables, as\u00ed como la atribuci\u00f3n de la Secretar\u00eda para promover y garantizar espacios de trabajo accesibles, igualitarios, incluyentes, libres de violencia y discriminaci\u00f3n, en el \u00e1mbito p\u00fablico.<\/p>\n<p>Cabe se\u00f1alar que esta \u00faltima reforma del proyecto de dictamen fue formulada con la iniciativa de la diputada Laura Artemisa Garc\u00eda Ch\u00e1vez.<\/p>\n<p><strong>COMISI\u00d3N APRUEBA EXHORTO AL CONSEJO GENERAL DEL INSTITUTO NACIONAL ELECTORAL<\/strong><\/p>\n<p>Por otra parte, las y los integrantes de la Comisi\u00f3n avalaron el proyecto de Acuerdo por el que se exhorta al Consejo General del Instituto Nacional Electoral, para que, en el marco del Proceso Electoral Judicial 2025, realice las acciones y ajustes necesarios a fin de que la estrategia de comunicaci\u00f3n para la difusi\u00f3n de los perfiles de las candidaturas para integrar el Poder Judicial de la Federaci\u00f3n y del voto anticipado, se considere el empleo suficiente y adecuado de distintos formatos aumentativos.<\/p>\n<p>Esto con la finalidad de que se ajusten a las necesidades comunicacionales de las personas con discapacidad; logrando con ello un mayor alcance que garantice el ejercicio efectivo del derecho al voto, entre otro resolutivo.<\/p>\n<p>Finalmente, la Comisi\u00f3n aval\u00f3 los proyectos de contestaci\u00f3n de 15 oficios y escritos turnados a la Comisi\u00f3n de Gobernaci\u00f3n y Puntos Constitucionales.<\/p>\n<p>A la sesi\u00f3n del \u00f3rgano colegiado asisti\u00f3 el diputado Julio Miguel Huerta G\u00f3mez, Jaime Natale Uranga, Jos\u00e9 Luis Figueroa Cort\u00e9s, Susana Riestra Pi\u00f1a y Fedrha Isabel Suriano Corrales.<\/p>\n","protected":false},"excerpt":{"rendered":"<p>&#8211; Asimismo, la Comisi\u00f3n de Gobernaci\u00f3n aval\u00f3 modificar el nombre de la Secretar\u00eda de la Mujer e Igualdad Sustantiva, por el de Secretar\u00eda de las Mujeres Con la finalidad de clarificar las funciones de la Secretar\u00eda de Movilidad y Transporte, respecto de las faltas y atribuciones exclusivas de vigilancia en materia de vialidad, la Comisi\u00f3n&#8230;<\/p>\n","protected":false},"author":16,"featured_media":27942,"comment_status":"closed","ping_status":"closed","sticky":false,"template":"","format":"standard","meta":[],"categories":[3],"tags":[2694,3222,3223,3221],"yoast_head":"<!-- This site is optimized with the Yoast SEO plugin v20.8 - https:\/\/yoast.com\/wordpress\/plugins\/seo\/ -->\n<title>Avalan en Comisi\u00f3n del Congreso reformas para que SMT cuente con atribuciones exclusivas para vigilar vialidades estatales - The Puebla Times<\/title>\n<meta name=\"robots\" content=\"index, follow, max-snippet:-1, max-image-preview:large, max-video-preview:-1\" \/>\n<link rel=\"canonical\" href=\"https:\/\/thepueblatimes.mx\/index.php\/2025\/02\/19\/avalan-en-comision-del-congreso-reformas-para-que-smt-cuente-con-atribuciones-exclusivas-para-vigilar-vialidades-estatales\/\" \/>\n<meta property=\"og:locale\" content=\"es_ES\" \/>\n<meta property=\"og:type\" content=\"article\" \/>\n<meta property=\"og:title\" content=\"Avalan en Comisi\u00f3n del Congreso reformas para que SMT cuente con atribuciones exclusivas para vigilar vialidades estatales - The Puebla Times\" \/>\n<meta property=\"og:description\" content=\"&#8211; Asimismo, la Comisi\u00f3n de Gobernaci\u00f3n aval\u00f3 modificar el nombre de la Secretar\u00eda de la Mujer e Igualdad Sustantiva, por el de Secretar\u00eda de las Mujeres Con la finalidad de clarificar las funciones de la Secretar\u00eda de Movilidad y Transporte, respecto de las faltas y atribuciones exclusivas de vigilancia en materia de vialidad, la Comisi\u00f3n...\" \/>\n<meta property=\"og:url\" content=\"https:\/\/thepueblatimes.mx\/index.php\/2025\/02\/19\/avalan-en-comision-del-congreso-reformas-para-que-smt-cuente-con-atribuciones-exclusivas-para-vigilar-vialidades-estatales\/\" \/>\n<meta property=\"og:site_name\" content=\"The Puebla Times\" \/>\n<meta property=\"article:published_time\" content=\"2025-02-19T22:16:53+00:00\" \/>\n<meta property=\"og:image\" content=\"https:\/\/thepueblatimes.mx\/wp-content\/uploads\/2025\/02\/WhatsApp-Image-2025-02-19-at-16.10.29.jpeg\" \/>\n\t<meta property=\"og:image:width\" content=\"1280\" \/>\n\t<meta property=\"og:image:height\" content=\"852\" \/>\n\t<meta property=\"og:image:type\" content=\"image\/jpeg\" \/>\n<meta name=\"author\" content=\"Sa\u00fal Hern\u00e1ndez\" \/>\n<meta name=\"twitter:card\" content=\"summary_large_image\" \/>\n<meta name=\"twitter:label1\" content=\"Escrito por\" \/>\n\t<meta name=\"twitter:data1\" content=\"Sa\u00fal Hern\u00e1ndez\" \/>\n\t<meta name=\"twitter:label2\" content=\"Tiempo de lectura\" \/>\n\t<meta name=\"twitter:data2\" content=\"3 minutos\" \/>\n<script type=\"application\/ld+json\" class=\"yoast-schema-graph\">{\"@context\":\"https:\/\/schema.org\",\"@graph\":[{\"@type\":\"WebPage\",\"@id\":\"https:\/\/thepueblatimes.mx\/index.php\/2025\/02\/19\/avalan-en-comision-del-congreso-reformas-para-que-smt-cuente-con-atribuciones-exclusivas-para-vigilar-vialidades-estatales\/\",\"url\":\"https:\/\/thepueblatimes.mx\/index.php\/2025\/02\/19\/avalan-en-comision-del-congreso-reformas-para-que-smt-cuente-con-atribuciones-exclusivas-para-vigilar-vialidades-estatales\/\",\"name\":\"Avalan en Comisi\u00f3n del Congreso reformas para que SMT cuente con atribuciones exclusivas para vigilar vialidades estatales - The Puebla Times\",\"isPartOf\":{\"@id\":\"https:\/\/thepueblatimes.mx\/#website\"},\"datePublished\":\"2025-02-19T22:16:53+00:00\",\"dateModified\":\"2025-02-19T22:16:53+00:00\",\"author\":{\"@id\":\"https:\/\/thepueblatimes.mx\/#\/schema\/person\/1664894c2f65ce2c7a08d8f5f905c13c\"},\"breadcrumb\":{\"@id\":\"https:\/\/thepueblatimes.mx\/index.php\/2025\/02\/19\/avalan-en-comision-del-congreso-reformas-para-que-smt-cuente-con-atribuciones-exclusivas-para-vigilar-vialidades-estatales\/#breadcrumb\"},\"inLanguage\":\"es\",\"potentialAction\":[{\"@type\":\"ReadAction\",\"target\":[\"https:\/\/thepueblatimes.mx\/index.php\/2025\/02\/19\/avalan-en-comision-del-congreso-reformas-para-que-smt-cuente-con-atribuciones-exclusivas-para-vigilar-vialidades-estatales\/\"]}]},{\"@type\":\"BreadcrumbList\",\"@id\":\"https:\/\/thepueblatimes.mx\/index.php\/2025\/02\/19\/avalan-en-comision-del-congreso-reformas-para-que-smt-cuente-con-atribuciones-exclusivas-para-vigilar-vialidades-estatales\/#breadcrumb\",\"itemListElement\":[{\"@type\":\"ListItem\",\"position\":1,\"name\":\"Portada\",\"item\":\"https:\/\/thepueblatimes.mx\/\"},{\"@type\":\"ListItem\",\"position\":2,\"name\":\"Avalan en Comisi\u00f3n del Congreso reformas para que SMT cuente con atribuciones exclusivas para vigilar vialidades estatales\"}]},{\"@type\":\"WebSite\",\"@id\":\"https:\/\/thepueblatimes.mx\/#website\",\"url\":\"https:\/\/thepueblatimes.mx\/\",\"name\":\"The Puebla Times\",\"description\":\"Noticias del Estado de Puebla\",\"potentialAction\":[{\"@type\":\"SearchAction\",\"target\":{\"@type\":\"EntryPoint\",\"urlTemplate\":\"https:\/\/thepueblatimes.mx\/?s={search_term_string}\"},\"query-input\":\"required name=search_term_string\"}],\"inLanguage\":\"es\"},{\"@type\":\"Person\",\"@id\":\"https:\/\/thepueblatimes.mx\/#\/schema\/person\/1664894c2f65ce2c7a08d8f5f905c13c\",\"name\":\"Sa\u00fal Hern\u00e1ndez\",\"image\":{\"@type\":\"ImageObject\",\"inLanguage\":\"es\",\"@id\":\"https:\/\/thepueblatimes.mx\/#\/schema\/person\/image\/\",\"url\":\"https:\/\/secure.gravatar.com\/avatar\/11be338693f243309532caad8f10c930?s=96&d=mm&r=g\",\"contentUrl\":\"https:\/\/secure.gravatar.com\/avatar\/11be338693f243309532caad8f10c930?s=96&d=mm&r=g\",\"caption\":\"Sa\u00fal Hern\u00e1ndez\"},\"url\":\"https:\/\/thepueblatimes.mx\/index.php\/author\/saulhernandez\/\"}]}<\/script>\n<!-- \/ Yoast SEO plugin. -->","yoast_head_json":{"title":"Avalan en Comisi\u00f3n del Congreso reformas para que SMT cuente con atribuciones exclusivas para vigilar vialidades estatales - The Puebla Times","robots":{"index":"index","follow":"follow","max-snippet":"max-snippet:-1","max-image-preview":"max-image-preview:large","max-video-preview":"max-video-preview:-1"},"canonical":"https:\/\/thepueblatimes.mx\/index.php\/2025\/02\/19\/avalan-en-comision-del-congreso-reformas-para-que-smt-cuente-con-atribuciones-exclusivas-para-vigilar-vialidades-estatales\/","og_locale":"es_ES","og_type":"article","og_title":"Avalan en Comisi\u00f3n del Congreso reformas para que SMT cuente con atribuciones exclusivas para vigilar vialidades estatales - The Puebla Times","og_description":"&#8211; Asimismo, la Comisi\u00f3n de Gobernaci\u00f3n aval\u00f3 modificar el nombre de la Secretar\u00eda de la Mujer e Igualdad Sustantiva, por el de Secretar\u00eda de las Mujeres Con la finalidad de clarificar las funciones de la Secretar\u00eda de Movilidad y Transporte, respecto de las faltas y atribuciones exclusivas de vigilancia en materia de vialidad, la Comisi\u00f3n...","og_url":"https:\/\/thepueblatimes.mx\/index.php\/2025\/02\/19\/avalan-en-comision-del-congreso-reformas-para-que-smt-cuente-con-atribuciones-exclusivas-para-vigilar-vialidades-estatales\/","og_site_name":"The Puebla Times","article_published_time":"2025-02-19T22:16:53+00:00","og_image":[{"width":1280,"height":852,"url":"https:\/\/thepueblatimes.mx\/wp-content\/uploads\/2025\/02\/WhatsApp-Image-2025-02-19-at-16.10.29.jpeg","type":"image\/jpeg"}],"author":"Sa\u00fal Hern\u00e1ndez","twitter_card":"summary_large_image","twitter_misc":{"Escrito por":"Sa\u00fal Hern\u00e1ndez","Tiempo de lectura":"3 minutos"},"schema":{"@context":"https:\/\/schema.org","@graph":[{"@type":"WebPage","@id":"https:\/\/thepueblatimes.mx\/index.php\/2025\/02\/19\/avalan-en-comision-del-congreso-reformas-para-que-smt-cuente-con-atribuciones-exclusivas-para-vigilar-vialidades-estatales\/","url":"https:\/\/thepueblatimes.mx\/index.php\/2025\/02\/19\/avalan-en-comision-del-congreso-reformas-para-que-smt-cuente-con-atribuciones-exclusivas-para-vigilar-vialidades-estatales\/","name":"Avalan en Comisi\u00f3n del Congreso reformas para que SMT cuente con atribuciones exclusivas para vigilar vialidades estatales - The Puebla Times","isPartOf":{"@id":"https:\/\/thepueblatimes.mx\/#website"},"datePublished":"2025-02-19T22:16:53+00:00","dateModified":"2025-02-19T22:16:53+00:00","author":{"@id":"https:\/\/thepueblatimes.mx\/#\/schema\/person\/1664894c2f65ce2c7a08d8f5f905c13c"},"breadcrumb":{"@id":"https:\/\/thepueblatimes.mx\/index.php\/2025\/02\/19\/avalan-en-comision-del-congreso-reformas-para-que-smt-cuente-con-atribuciones-exclusivas-para-vigilar-vialidades-estatales\/#breadcrumb"},"inLanguage":"es","potentialAction":[{"@type":"ReadAction","target":["https:\/\/thepueblatimes.mx\/index.php\/2025\/02\/19\/avalan-en-comision-del-congreso-reformas-para-que-smt-cuente-con-atribuciones-exclusivas-para-vigilar-vialidades-estatales\/"]}]},{"@type":"BreadcrumbList","@id":"https:\/\/thepueblatimes.mx\/index.php\/2025\/02\/19\/avalan-en-comision-del-congreso-reformas-para-que-smt-cuente-con-atribuciones-exclusivas-para-vigilar-vialidades-estatales\/#breadcrumb","itemListElement":[{"@type":"ListItem","position":1,"name":"Portada","item":"https:\/\/thepueblatimes.mx\/"},{"@type":"ListItem","position":2,"name":"Avalan en Comisi\u00f3n del Congreso reformas para que SMT cuente con atribuciones exclusivas para vigilar vialidades estatales"}]},{"@type":"WebSite","@id":"https:\/\/thepueblatimes.mx\/#website","url":"https:\/\/thepueblatimes.mx\/","name":"The Puebla Times","description":"Noticias del Estado de Puebla","potentialAction":[{"@type":"SearchAction","target":{"@type":"EntryPoint","urlTemplate":"https:\/\/thepueblatimes.mx\/?s={search_term_string}"},"query-input":"required name=search_term_string"}],"inLanguage":"es"},{"@type":"Person","@id":"https:\/\/thepueblatimes.mx\/#\/schema\/person\/1664894c2f65ce2c7a08d8f5f905c13c","name":"Sa\u00fal Hern\u00e1ndez","image":{"@type":"ImageObject","inLanguage":"es","@id":"https:\/\/thepueblatimes.mx\/#\/schema\/person\/image\/","url":"https:\/\/secure.gravatar.com\/avatar\/11be338693f243309532caad8f10c930?s=96&d=mm&r=g","contentUrl":"https:\/\/secure.gravatar.com\/avatar\/11be338693f243309532caad8f10c930?s=96&d=mm&r=g","caption":"Sa\u00fal Hern\u00e1ndez"},"url":"https:\/\/thepueblatimes.mx\/index.php\/author\/saulhernandez\/"}]}},"jetpack_featured_media_url":"https:\/\/thepueblatimes.mx\/wp-content\/uploads\/2025\/02\/WhatsApp-Image-2025-02-19-at-16.10.29.jpeg","_links":{"self":[{"href":"https:\/\/thepueblatimes.mx\/index.php\/wp-json\/wp\/v2\/posts\/27941"}],"collection":[{"href":"https:\/\/thepueblatimes.mx\/index.php\/wp-json\/wp\/v2\/posts"}],"about":[{"href":"https:\/\/thepueblatimes.mx\/index.php\/wp-json\/wp\/v2\/types\/post"}],"author":[{"embeddable":true,"href":"https:\/\/thepueblatimes.mx\/index.php\/wp-json\/wp\/v2\/users\/16"}],"replies":[{"embeddable":true,"href":"https:\/\/thepueblatimes.mx\/index.php\/wp-json\/wp\/v2\/comments?post=27941"}],"version-history":[{"count":1,"href":"https:\/\/thepueblatimes.mx\/index.php\/wp-json\/wp\/v2\/posts\/27941\/revisions"}],"predecessor-version":[{"id":27943,"href":"https:\/\/thepueblatimes.mx\/index.php\/wp-json\/wp\/v2\/posts\/27941\/revisions\/27943"}],"wp:featuredmedia":[{"embeddable":true,"href":"https:\/\/thepueblatimes.mx\/index.php\/wp-json\/wp\/v2\/media\/27942"}],"wp:attachment":[{"href":"https:\/\/thepueblatimes.mx\/index.php\/wp-json\/wp\/v2\/media?parent=27941"}],"wp:term":[{"taxonomy":"category","embeddable":true,"href":"https:\/\/thepueblatimes.mx\/index.php\/wp-json\/wp\/v2\/categories?post=27941"},{"taxonomy":"post_tag","embeddable":true,"href":"https:\/\/thepueblatimes.mx\/index.php\/wp-json\/wp\/v2\/tags?post=27941"}],"curies":[{"name":"wp","href":"https:\/\/api.w.org\/{rel}","templated":true}]}}