{"id":27937,"date":"2025-02-19T15:09:24","date_gmt":"2025-02-19T21:09:24","guid":{"rendered":"https:\/\/thepueblatimes.mx\/?p=27937"},"modified":"2025-02-19T15:12:25","modified_gmt":"2025-02-19T21:12:25","slug":"en-huejotzingo-roberto-solis-gasto-850-mil-pesos-en-su-toma-de-protesta-alcalde","status":"publish","type":"post","link":"https:\/\/thepueblatimes.mx\/index.php\/2025\/02\/19\/en-huejotzingo-roberto-solis-gasto-850-mil-pesos-en-su-toma-de-protesta-alcalde\/","title":{"rendered":"En Huejotzingo Roberto Sol\u00eds gast\u00f3 850 mil pesos en su toma de protesta alcalde"},"content":{"rendered":"<p>POR FRED ESTRADA<\/p>\n<p>El presidente municipal de Huejotzingo, Roberto Sol\u00eds, es el alcalde que m\u00e1s gast\u00f3 en su toma de protesta, al erogar un monto de 835 mil 200 pesos con IVA incluido.<\/p>\n<p>Lo anterior de acuerdo a MTP Noticias, seg\u00fan la respuesta a la solicitud de informaci\u00f3n que realiz\u00f3.<\/p>\n<p>Por otra parte, indica que el Ayuntamiento que menos gast\u00f3 fue el de Margarito Severiano de la Rosa, en Amozoc, al afirma que los miembros del cabildo solventaron de sus bolsillos el gasto.<\/p>\n<p>Por su parte, el Ayuntamiento de San Mart\u00edn Texmelucan report\u00f3 que gast\u00f3 en total 404 mil 320.32 pesos para el evento de la toma de protesta de Juan Manuel Alonso.<\/p>\n<p>A su vez, el gobierno de Tehuac\u00e1n report\u00f3 un gasto total de 89 mil 765 pesos por el servicio integral para el evento de la toma de protesta de Alejandro Barroso.<\/p>\n<p>En el caso de San Pedro Cholula no respondi\u00f3 a la solicitud para conocer el gasto que se hizo durante la toma de protesta de Tonantzin Fern\u00e1ndez.<\/p>\n<p>Pero se recuerda que en una entrevista posterior a su toma de protesta, la alcaldesa morenista asegur\u00f3 que el evento fue costeado por integrantes de su equipo.<\/p>\n<p>Mientras que en San Andr\u00e9s Cholula, la Unidad de Transparencia respondi\u00f3 que a\u00fan le pasaban el reporte de la Tesorer\u00eda Municipal sobre el monto gastado en la toma de protesta de Lupita Cuautle.<\/p>\n<p>Y por lo que hace a Coronango, respondi\u00f3 que los gastos por la toma de protesta del petista Armando Aguirre se encuentran en la Plataforma Nacional de Transparencia, pero MTP refiere que al revisar la Plataforma, no hay informaci\u00f3n de ning\u00fan tipo del actual Ayuntamiento.<\/p>\n","protected":false},"excerpt":{"rendered":"<p>POR FRED ESTRADA El presidente municipal de Huejotzingo, Roberto Sol\u00eds, es el alcalde que m\u00e1s gast\u00f3 en su toma de protesta, al erogar un monto de 835 mil 200 pesos con IVA incluido. Lo anterior de acuerdo a MTP Noticias, seg\u00fan la respuesta a la solicitud de informaci\u00f3n que realiz\u00f3. Por otra parte, indica que&#8230;<\/p>\n","protected":false},"author":16,"featured_media":27940,"comment_status":"closed","ping_status":"closed","sticky":false,"template":"","format":"standard","meta":[],"categories":[39,11],"tags":[40,1399,2630],"yoast_head":"<!-- This site is optimized with the Yoast SEO plugin v20.8 - https:\/\/yoast.com\/wordpress\/plugins\/seo\/ -->\n<title>En Huejotzingo Roberto Sol\u00eds gast\u00f3 850 mil pesos en su toma de protesta alcalde - The Puebla Times<\/title>\n<meta name=\"robots\" content=\"index, follow, max-snippet:-1, max-image-preview:large, max-video-preview:-1\" \/>\n<link rel=\"canonical\" href=\"https:\/\/thepueblatimes.mx\/index.php\/2025\/02\/19\/en-huejotzingo-roberto-solis-gasto-850-mil-pesos-en-su-toma-de-protesta-alcalde\/\" \/>\n<meta property=\"og:locale\" content=\"es_ES\" \/>\n<meta property=\"og:type\" content=\"article\" \/>\n<meta property=\"og:title\" content=\"En Huejotzingo Roberto Sol\u00eds gast\u00f3 850 mil pesos en su toma de protesta alcalde - The Puebla Times\" \/>\n<meta property=\"og:description\" content=\"POR FRED ESTRADA El presidente municipal de Huejotzingo, Roberto Sol\u00eds, es el alcalde que m\u00e1s gast\u00f3 en su toma de protesta, al erogar un monto de 835 mil 200 pesos con IVA incluido. Lo anterior de acuerdo a MTP Noticias, seg\u00fan la respuesta a la solicitud de informaci\u00f3n que realiz\u00f3. Por otra parte, indica que...\" \/>\n<meta property=\"og:url\" content=\"https:\/\/thepueblatimes.mx\/index.php\/2025\/02\/19\/en-huejotzingo-roberto-solis-gasto-850-mil-pesos-en-su-toma-de-protesta-alcalde\/\" \/>\n<meta property=\"og:site_name\" content=\"The Puebla Times\" \/>\n<meta property=\"article:published_time\" content=\"2025-02-19T21:09:24+00:00\" \/>\n<meta property=\"article:modified_time\" content=\"2025-02-19T21:12:25+00:00\" \/>\n<meta property=\"og:image\" content=\"https:\/\/thepueblatimes.mx\/wp-content\/uploads\/2025\/02\/FACEBOOK-Acusan-a-Roberto-Sols-de-lucrar-con-programas-sociales-en-Huejotzingo-1.jpg\" \/>\n\t<meta property=\"og:image:width\" content=\"1200\" \/>\n\t<meta property=\"og:image:height\" content=\"675\" \/>\n\t<meta property=\"og:image:type\" content=\"image\/jpeg\" \/>\n<meta name=\"author\" content=\"Sa\u00fal Hern\u00e1ndez\" \/>\n<meta name=\"twitter:card\" content=\"summary_large_image\" \/>\n<meta name=\"twitter:label1\" content=\"Escrito por\" \/>\n\t<meta name=\"twitter:data1\" content=\"Sa\u00fal Hern\u00e1ndez\" \/>\n\t<meta name=\"twitter:label2\" content=\"Tiempo de lectura\" \/>\n\t<meta name=\"twitter:data2\" content=\"2 minutos\" \/>\n<script type=\"application\/ld+json\" class=\"yoast-schema-graph\">{\"@context\":\"https:\/\/schema.org\",\"@graph\":[{\"@type\":\"WebPage\",\"@id\":\"https:\/\/thepueblatimes.mx\/index.php\/2025\/02\/19\/en-huejotzingo-roberto-solis-gasto-850-mil-pesos-en-su-toma-de-protesta-alcalde\/\",\"url\":\"https:\/\/thepueblatimes.mx\/index.php\/2025\/02\/19\/en-huejotzingo-roberto-solis-gasto-850-mil-pesos-en-su-toma-de-protesta-alcalde\/\",\"name\":\"En Huejotzingo Roberto Sol\u00eds gast\u00f3 850 mil pesos en su toma de protesta alcalde - The Puebla Times\",\"isPartOf\":{\"@id\":\"https:\/\/thepueblatimes.mx\/#website\"},\"datePublished\":\"2025-02-19T21:09:24+00:00\",\"dateModified\":\"2025-02-19T21:12:25+00:00\",\"author\":{\"@id\":\"https:\/\/thepueblatimes.mx\/#\/schema\/person\/1664894c2f65ce2c7a08d8f5f905c13c\"},\"breadcrumb\":{\"@id\":\"https:\/\/thepueblatimes.mx\/index.php\/2025\/02\/19\/en-huejotzingo-roberto-solis-gasto-850-mil-pesos-en-su-toma-de-protesta-alcalde\/#breadcrumb\"},\"inLanguage\":\"es\",\"potentialAction\":[{\"@type\":\"ReadAction\",\"target\":[\"https:\/\/thepueblatimes.mx\/index.php\/2025\/02\/19\/en-huejotzingo-roberto-solis-gasto-850-mil-pesos-en-su-toma-de-protesta-alcalde\/\"]}]},{\"@type\":\"BreadcrumbList\",\"@id\":\"https:\/\/thepueblatimes.mx\/index.php\/2025\/02\/19\/en-huejotzingo-roberto-solis-gasto-850-mil-pesos-en-su-toma-de-protesta-alcalde\/#breadcrumb\",\"itemListElement\":[{\"@type\":\"ListItem\",\"position\":1,\"name\":\"Portada\",\"item\":\"https:\/\/thepueblatimes.mx\/\"},{\"@type\":\"ListItem\",\"position\":2,\"name\":\"En Huejotzingo Roberto Sol\u00eds gast\u00f3 850 mil pesos en su toma de protesta alcalde\"}]},{\"@type\":\"WebSite\",\"@id\":\"https:\/\/thepueblatimes.mx\/#website\",\"url\":\"https:\/\/thepueblatimes.mx\/\",\"name\":\"The Puebla Times\",\"description\":\"Noticias del Estado de Puebla\",\"potentialAction\":[{\"@type\":\"SearchAction\",\"target\":{\"@type\":\"EntryPoint\",\"urlTemplate\":\"https:\/\/thepueblatimes.mx\/?s={search_term_string}\"},\"query-input\":\"required name=search_term_string\"}],\"inLanguage\":\"es\"},{\"@type\":\"Person\",\"@id\":\"https:\/\/thepueblatimes.mx\/#\/schema\/person\/1664894c2f65ce2c7a08d8f5f905c13c\",\"name\":\"Sa\u00fal Hern\u00e1ndez\",\"image\":{\"@type\":\"ImageObject\",\"inLanguage\":\"es\",\"@id\":\"https:\/\/thepueblatimes.mx\/#\/schema\/person\/image\/\",\"url\":\"https:\/\/secure.gravatar.com\/avatar\/11be338693f243309532caad8f10c930?s=96&d=mm&r=g\",\"contentUrl\":\"https:\/\/secure.gravatar.com\/avatar\/11be338693f243309532caad8f10c930?s=96&d=mm&r=g\",\"caption\":\"Sa\u00fal Hern\u00e1ndez\"},\"url\":\"https:\/\/thepueblatimes.mx\/index.php\/author\/saulhernandez\/\"}]}<\/script>\n<!-- \/ Yoast SEO plugin. -->","yoast_head_json":{"title":"En Huejotzingo Roberto Sol\u00eds gast\u00f3 850 mil pesos en su toma de protesta alcalde - The Puebla Times","robots":{"index":"index","follow":"follow","max-snippet":"max-snippet:-1","max-image-preview":"max-image-preview:large","max-video-preview":"max-video-preview:-1"},"canonical":"https:\/\/thepueblatimes.mx\/index.php\/2025\/02\/19\/en-huejotzingo-roberto-solis-gasto-850-mil-pesos-en-su-toma-de-protesta-alcalde\/","og_locale":"es_ES","og_type":"article","og_title":"En Huejotzingo Roberto Sol\u00eds gast\u00f3 850 mil pesos en su toma de protesta alcalde - The Puebla Times","og_description":"POR FRED ESTRADA El presidente municipal de Huejotzingo, Roberto Sol\u00eds, es el alcalde que m\u00e1s gast\u00f3 en su toma de protesta, al erogar un monto de 835 mil 200 pesos con IVA incluido. Lo anterior de acuerdo a MTP Noticias, seg\u00fan la respuesta a la solicitud de informaci\u00f3n que realiz\u00f3. Por otra parte, indica que...","og_url":"https:\/\/thepueblatimes.mx\/index.php\/2025\/02\/19\/en-huejotzingo-roberto-solis-gasto-850-mil-pesos-en-su-toma-de-protesta-alcalde\/","og_site_name":"The Puebla Times","article_published_time":"2025-02-19T21:09:24+00:00","article_modified_time":"2025-02-19T21:12:25+00:00","og_image":[{"width":1200,"height":675,"url":"https:\/\/thepueblatimes.mx\/wp-content\/uploads\/2025\/02\/FACEBOOK-Acusan-a-Roberto-Sols-de-lucrar-con-programas-sociales-en-Huejotzingo-1.jpg","type":"image\/jpeg"}],"author":"Sa\u00fal Hern\u00e1ndez","twitter_card":"summary_large_image","twitter_misc":{"Escrito por":"Sa\u00fal Hern\u00e1ndez","Tiempo de lectura":"2 minutos"},"schema":{"@context":"https:\/\/schema.org","@graph":[{"@type":"WebPage","@id":"https:\/\/thepueblatimes.mx\/index.php\/2025\/02\/19\/en-huejotzingo-roberto-solis-gasto-850-mil-pesos-en-su-toma-de-protesta-alcalde\/","url":"https:\/\/thepueblatimes.mx\/index.php\/2025\/02\/19\/en-huejotzingo-roberto-solis-gasto-850-mil-pesos-en-su-toma-de-protesta-alcalde\/","name":"En Huejotzingo Roberto Sol\u00eds gast\u00f3 850 mil pesos en su toma de protesta alcalde - The Puebla Times","isPartOf":{"@id":"https:\/\/thepueblatimes.mx\/#website"},"datePublished":"2025-02-19T21:09:24+00:00","dateModified":"2025-02-19T21:12:25+00:00","author":{"@id":"https:\/\/thepueblatimes.mx\/#\/schema\/person\/1664894c2f65ce2c7a08d8f5f905c13c"},"breadcrumb":{"@id":"https:\/\/thepueblatimes.mx\/index.php\/2025\/02\/19\/en-huejotzingo-roberto-solis-gasto-850-mil-pesos-en-su-toma-de-protesta-alcalde\/#breadcrumb"},"inLanguage":"es","potentialAction":[{"@type":"ReadAction","target":["https:\/\/thepueblatimes.mx\/index.php\/2025\/02\/19\/en-huejotzingo-roberto-solis-gasto-850-mil-pesos-en-su-toma-de-protesta-alcalde\/"]}]},{"@type":"BreadcrumbList","@id":"https:\/\/thepueblatimes.mx\/index.php\/2025\/02\/19\/en-huejotzingo-roberto-solis-gasto-850-mil-pesos-en-su-toma-de-protesta-alcalde\/#breadcrumb","itemListElement":[{"@type":"ListItem","position":1,"name":"Portada","item":"https:\/\/thepueblatimes.mx\/"},{"@type":"ListItem","position":2,"name":"En Huejotzingo Roberto Sol\u00eds gast\u00f3 850 mil pesos en su toma de protesta alcalde"}]},{"@type":"WebSite","@id":"https:\/\/thepueblatimes.mx\/#website","url":"https:\/\/thepueblatimes.mx\/","name":"The Puebla Times","description":"Noticias del Estado de Puebla","potentialAction":[{"@type":"SearchAction","target":{"@type":"EntryPoint","urlTemplate":"https:\/\/thepueblatimes.mx\/?s={search_term_string}"},"query-input":"required name=search_term_string"}],"inLanguage":"es"},{"@type":"Person","@id":"https:\/\/thepueblatimes.mx\/#\/schema\/person\/1664894c2f65ce2c7a08d8f5f905c13c","name":"Sa\u00fal Hern\u00e1ndez","image":{"@type":"ImageObject","inLanguage":"es","@id":"https:\/\/thepueblatimes.mx\/#\/schema\/person\/image\/","url":"https:\/\/secure.gravatar.com\/avatar\/11be338693f243309532caad8f10c930?s=96&d=mm&r=g","contentUrl":"https:\/\/secure.gravatar.com\/avatar\/11be338693f243309532caad8f10c930?s=96&d=mm&r=g","caption":"Sa\u00fal Hern\u00e1ndez"},"url":"https:\/\/thepueblatimes.mx\/index.php\/author\/saulhernandez\/"}]}},"jetpack_featured_media_url":"https:\/\/thepueblatimes.mx\/wp-content\/uploads\/2025\/02\/FACEBOOK-Acusan-a-Roberto-Sols-de-lucrar-con-programas-sociales-en-Huejotzingo-1.jpg","_links":{"self":[{"href":"https:\/\/thepueblatimes.mx\/index.php\/wp-json\/wp\/v2\/posts\/27937"}],"collection":[{"href":"https:\/\/thepueblatimes.mx\/index.php\/wp-json\/wp\/v2\/posts"}],"about":[{"href":"https:\/\/thepueblatimes.mx\/index.php\/wp-json\/wp\/v2\/types\/post"}],"author":[{"embeddable":true,"href":"https:\/\/thepueblatimes.mx\/index.php\/wp-json\/wp\/v2\/users\/16"}],"replies":[{"embeddable":true,"href":"https:\/\/thepueblatimes.mx\/index.php\/wp-json\/wp\/v2\/comments?post=27937"}],"version-history":[{"count":1,"href":"https:\/\/thepueblatimes.mx\/index.php\/wp-json\/wp\/v2\/posts\/27937\/revisions"}],"predecessor-version":[{"id":27939,"href":"https:\/\/thepueblatimes.mx\/index.php\/wp-json\/wp\/v2\/posts\/27937\/revisions\/27939"}],"wp:featuredmedia":[{"embeddable":true,"href":"https:\/\/thepueblatimes.mx\/index.php\/wp-json\/wp\/v2\/media\/27940"}],"wp:attachment":[{"href":"https:\/\/thepueblatimes.mx\/index.php\/wp-json\/wp\/v2\/media?parent=27937"}],"wp:term":[{"taxonomy":"category","embeddable":true,"href":"https:\/\/thepueblatimes.mx\/index.php\/wp-json\/wp\/v2\/categories?post=27937"},{"taxonomy":"post_tag","embeddable":true,"href":"https:\/\/thepueblatimes.mx\/index.php\/wp-json\/wp\/v2\/tags?post=27937"}],"curies":[{"name":"wp","href":"https:\/\/api.w.org\/{rel}","templated":true}]}}