{"id":27918,"date":"2025-02-18T16:03:26","date_gmt":"2025-02-18T22:03:26","guid":{"rendered":"https:\/\/thepueblatimes.mx\/?p=27918"},"modified":"2025-02-18T16:09:50","modified_gmt":"2025-02-18T22:09:50","slug":"fomenta-smdif-cuidado-de-la-inteligencia-emocional-en-escuelas-del-municipio","status":"publish","type":"post","link":"https:\/\/thepueblatimes.mx\/index.php\/2025\/02\/18\/fomenta-smdif-cuidado-de-la-inteligencia-emocional-en-escuelas-del-municipio\/","title":{"rendered":"Fomenta SMDIF cuidado de la inteligencia emocional en escuelas del municipio"},"content":{"rendered":"<h3><em><strong>&#8211; Desde el Departamento de Prevenci\u00f3n Psicosocial se brindan pl\u00e1ticas y talleres a escuelas del municipio para la correcta regulaci\u00f3n de las emociones<\/strong><\/em><\/h3>\n<p>Puebla, Puebla. \u2013 Con el objetivo de generar una buena regulaci\u00f3n de las emociones y por instrucciones de la presidenta del Patronato, MariElise Budib, el Departamento de Prevenci\u00f3n Psicosocial llev\u00f3 a cabo la pl\u00e1tica sobre inteligencia emocional a alumnas de la Licenciatura de Educaci\u00f3n Preescolar del Instituto Normal M\u00e9xico.<\/p>\n<p>A trav\u00e9s de esta pl\u00e1tica, la psic\u00f3loga del SMDIF, Nelly Miranda, explic\u00f3 la importancia de contar con una gesti\u00f3n emocional adecuada, en la que se comprenda y entienda c\u00f3mo las emociones influyen en el desarrollo personal y profesional de todas y todos.<\/p>\n<p>Asimismo, coment\u00f3 que el reconocimiento de las emociones involucra un trabajo introspectivo y m\u00e1s personal, ya que el principal error es buscar retener las emociones, cuando se tienen que dejar fluir, sentir y vivir.<\/p>\n<p>Cabe se\u00f1alar que las pl\u00e1ticas sobre inteligencia emocional se realizan en diferentes escuelas de la Capital, con la finalidad de trabajar con directivos, docentes y padres de familia, teniendo como principal objetivo ayudar y detectar signos de alarma entorno a la salud mental de los estudiantes.<\/p>\n<p>Por su parte, la directora de la Licenciatura de Educaci\u00f3n Preescolar del Instituto Normal M\u00e9xico, Rosa Mar\u00eda Ortega, destac\u00f3 la importancia de la pl\u00e1tica para que las alumnas, como futuras docentes, aprendan a regular sus emociones para poder transmitirlo a las y los peque\u00f1os, por lo que extendi\u00f3 un reconocimiento al SMDIF por acercar estos conocimientos a las escuelas.<\/p>\n<p>De esta forma, el Gobierno de la Ciudad, a trav\u00e9s del SMDIF, se ocupa y preocupa por el cuidado de la inteligencia emocional en todos los \u00e1mbitos de la sociedad poblana, acercando las pl\u00e1ticas de salud mental a las instituciones que lo soliciten.<\/p>\n<p>Si usted desea que el departamento de Prevenci\u00f3n Psicosocial acuda a la instituci\u00f3n de sus hijos, comun\u00edquese al n\u00famero de tel\u00e9fono 2222140000 ext. 123, o acuda con un oficio de solicitud a la Unidad M\u00e9dica Integral (UMI) en Av. Eduardo Cue Merlo 201, San Baltazar Campeche, para agendar la visita.<\/p>\n","protected":false},"excerpt":{"rendered":"<p>&#8211; Desde el Departamento de Prevenci\u00f3n Psicosocial se brindan pl\u00e1ticas y talleres a escuelas del municipio para la correcta regulaci\u00f3n de las emociones Puebla, Puebla. \u2013 Con el objetivo de generar una buena regulaci\u00f3n de las emociones y por instrucciones de la presidenta del Patronato, MariElise Budib, el Departamento de Prevenci\u00f3n Psicosocial llev\u00f3 a cabo&#8230;<\/p>\n","protected":false},"author":16,"featured_media":27919,"comment_status":"closed","ping_status":"closed","sticky":false,"template":"","format":"standard","meta":[],"categories":[20],"tags":[30,3217,2425,3216,1616],"yoast_head":"<!-- This site is optimized with the Yoast SEO plugin v20.8 - https:\/\/yoast.com\/wordpress\/plugins\/seo\/ -->\n<title>Fomenta SMDIF cuidado de la inteligencia emocional en escuelas del municipio - The Puebla Times<\/title>\n<meta name=\"robots\" content=\"index, follow, max-snippet:-1, max-image-preview:large, max-video-preview:-1\" \/>\n<link rel=\"canonical\" href=\"https:\/\/thepueblatimes.mx\/index.php\/2025\/02\/18\/fomenta-smdif-cuidado-de-la-inteligencia-emocional-en-escuelas-del-municipio\/\" \/>\n<meta property=\"og:locale\" content=\"es_ES\" \/>\n<meta property=\"og:type\" content=\"article\" \/>\n<meta property=\"og:title\" content=\"Fomenta SMDIF cuidado de la inteligencia emocional en escuelas del municipio - The Puebla Times\" \/>\n<meta property=\"og:description\" content=\"&#8211; Desde el Departamento de Prevenci\u00f3n Psicosocial se brindan pl\u00e1ticas y talleres a escuelas del municipio para la correcta regulaci\u00f3n de las emociones Puebla, Puebla. \u2013 Con el objetivo de generar una buena regulaci\u00f3n de las emociones y por instrucciones de la presidenta del Patronato, MariElise Budib, el Departamento de Prevenci\u00f3n Psicosocial llev\u00f3 a cabo...\" \/>\n<meta property=\"og:url\" content=\"https:\/\/thepueblatimes.mx\/index.php\/2025\/02\/18\/fomenta-smdif-cuidado-de-la-inteligencia-emocional-en-escuelas-del-municipio\/\" \/>\n<meta property=\"og:site_name\" content=\"The Puebla Times\" \/>\n<meta property=\"article:published_time\" content=\"2025-02-18T22:03:26+00:00\" \/>\n<meta property=\"article:modified_time\" content=\"2025-02-18T22:09:50+00:00\" \/>\n<meta property=\"og:image\" content=\"https:\/\/thepueblatimes.mx\/wp-content\/uploads\/2025\/02\/WhatsApp-Image-2025-02-18-at-13.53.58.jpeg\" \/>\n\t<meta property=\"og:image:width\" content=\"1280\" \/>\n\t<meta property=\"og:image:height\" content=\"854\" \/>\n\t<meta property=\"og:image:type\" content=\"image\/jpeg\" \/>\n<meta name=\"author\" content=\"Sa\u00fal Hern\u00e1ndez\" \/>\n<meta name=\"twitter:card\" content=\"summary_large_image\" \/>\n<meta name=\"twitter:label1\" content=\"Escrito por\" \/>\n\t<meta name=\"twitter:data1\" content=\"Sa\u00fal Hern\u00e1ndez\" \/>\n\t<meta name=\"twitter:label2\" content=\"Tiempo de lectura\" \/>\n\t<meta name=\"twitter:data2\" content=\"2 minutos\" \/>\n<script type=\"application\/ld+json\" class=\"yoast-schema-graph\">{\"@context\":\"https:\/\/schema.org\",\"@graph\":[{\"@type\":\"WebPage\",\"@id\":\"https:\/\/thepueblatimes.mx\/index.php\/2025\/02\/18\/fomenta-smdif-cuidado-de-la-inteligencia-emocional-en-escuelas-del-municipio\/\",\"url\":\"https:\/\/thepueblatimes.mx\/index.php\/2025\/02\/18\/fomenta-smdif-cuidado-de-la-inteligencia-emocional-en-escuelas-del-municipio\/\",\"name\":\"Fomenta SMDIF cuidado de la inteligencia emocional en escuelas del municipio - The Puebla Times\",\"isPartOf\":{\"@id\":\"https:\/\/thepueblatimes.mx\/#website\"},\"datePublished\":\"2025-02-18T22:03:26+00:00\",\"dateModified\":\"2025-02-18T22:09:50+00:00\",\"author\":{\"@id\":\"https:\/\/thepueblatimes.mx\/#\/schema\/person\/1664894c2f65ce2c7a08d8f5f905c13c\"},\"breadcrumb\":{\"@id\":\"https:\/\/thepueblatimes.mx\/index.php\/2025\/02\/18\/fomenta-smdif-cuidado-de-la-inteligencia-emocional-en-escuelas-del-municipio\/#breadcrumb\"},\"inLanguage\":\"es\",\"potentialAction\":[{\"@type\":\"ReadAction\",\"target\":[\"https:\/\/thepueblatimes.mx\/index.php\/2025\/02\/18\/fomenta-smdif-cuidado-de-la-inteligencia-emocional-en-escuelas-del-municipio\/\"]}]},{\"@type\":\"BreadcrumbList\",\"@id\":\"https:\/\/thepueblatimes.mx\/index.php\/2025\/02\/18\/fomenta-smdif-cuidado-de-la-inteligencia-emocional-en-escuelas-del-municipio\/#breadcrumb\",\"itemListElement\":[{\"@type\":\"ListItem\",\"position\":1,\"name\":\"Portada\",\"item\":\"https:\/\/thepueblatimes.mx\/\"},{\"@type\":\"ListItem\",\"position\":2,\"name\":\"Fomenta SMDIF cuidado de la inteligencia emocional en escuelas del municipio\"}]},{\"@type\":\"WebSite\",\"@id\":\"https:\/\/thepueblatimes.mx\/#website\",\"url\":\"https:\/\/thepueblatimes.mx\/\",\"name\":\"The Puebla Times\",\"description\":\"Noticias del Estado de Puebla\",\"potentialAction\":[{\"@type\":\"SearchAction\",\"target\":{\"@type\":\"EntryPoint\",\"urlTemplate\":\"https:\/\/thepueblatimes.mx\/?s={search_term_string}\"},\"query-input\":\"required name=search_term_string\"}],\"inLanguage\":\"es\"},{\"@type\":\"Person\",\"@id\":\"https:\/\/thepueblatimes.mx\/#\/schema\/person\/1664894c2f65ce2c7a08d8f5f905c13c\",\"name\":\"Sa\u00fal Hern\u00e1ndez\",\"image\":{\"@type\":\"ImageObject\",\"inLanguage\":\"es\",\"@id\":\"https:\/\/thepueblatimes.mx\/#\/schema\/person\/image\/\",\"url\":\"https:\/\/secure.gravatar.com\/avatar\/11be338693f243309532caad8f10c930?s=96&d=mm&r=g\",\"contentUrl\":\"https:\/\/secure.gravatar.com\/avatar\/11be338693f243309532caad8f10c930?s=96&d=mm&r=g\",\"caption\":\"Sa\u00fal Hern\u00e1ndez\"},\"url\":\"https:\/\/thepueblatimes.mx\/index.php\/author\/saulhernandez\/\"}]}<\/script>\n<!-- \/ Yoast SEO plugin. -->","yoast_head_json":{"title":"Fomenta SMDIF cuidado de la inteligencia emocional en escuelas del municipio - The Puebla Times","robots":{"index":"index","follow":"follow","max-snippet":"max-snippet:-1","max-image-preview":"max-image-preview:large","max-video-preview":"max-video-preview:-1"},"canonical":"https:\/\/thepueblatimes.mx\/index.php\/2025\/02\/18\/fomenta-smdif-cuidado-de-la-inteligencia-emocional-en-escuelas-del-municipio\/","og_locale":"es_ES","og_type":"article","og_title":"Fomenta SMDIF cuidado de la inteligencia emocional en escuelas del municipio - The Puebla Times","og_description":"&#8211; Desde el Departamento de Prevenci\u00f3n Psicosocial se brindan pl\u00e1ticas y talleres a escuelas del municipio para la correcta regulaci\u00f3n de las emociones Puebla, Puebla. \u2013 Con el objetivo de generar una buena regulaci\u00f3n de las emociones y por instrucciones de la presidenta del Patronato, MariElise Budib, el Departamento de Prevenci\u00f3n Psicosocial llev\u00f3 a cabo...","og_url":"https:\/\/thepueblatimes.mx\/index.php\/2025\/02\/18\/fomenta-smdif-cuidado-de-la-inteligencia-emocional-en-escuelas-del-municipio\/","og_site_name":"The Puebla Times","article_published_time":"2025-02-18T22:03:26+00:00","article_modified_time":"2025-02-18T22:09:50+00:00","og_image":[{"width":1280,"height":854,"url":"https:\/\/thepueblatimes.mx\/wp-content\/uploads\/2025\/02\/WhatsApp-Image-2025-02-18-at-13.53.58.jpeg","type":"image\/jpeg"}],"author":"Sa\u00fal Hern\u00e1ndez","twitter_card":"summary_large_image","twitter_misc":{"Escrito por":"Sa\u00fal Hern\u00e1ndez","Tiempo de lectura":"2 minutos"},"schema":{"@context":"https:\/\/schema.org","@graph":[{"@type":"WebPage","@id":"https:\/\/thepueblatimes.mx\/index.php\/2025\/02\/18\/fomenta-smdif-cuidado-de-la-inteligencia-emocional-en-escuelas-del-municipio\/","url":"https:\/\/thepueblatimes.mx\/index.php\/2025\/02\/18\/fomenta-smdif-cuidado-de-la-inteligencia-emocional-en-escuelas-del-municipio\/","name":"Fomenta SMDIF cuidado de la inteligencia emocional en escuelas del municipio - The Puebla Times","isPartOf":{"@id":"https:\/\/thepueblatimes.mx\/#website"},"datePublished":"2025-02-18T22:03:26+00:00","dateModified":"2025-02-18T22:09:50+00:00","author":{"@id":"https:\/\/thepueblatimes.mx\/#\/schema\/person\/1664894c2f65ce2c7a08d8f5f905c13c"},"breadcrumb":{"@id":"https:\/\/thepueblatimes.mx\/index.php\/2025\/02\/18\/fomenta-smdif-cuidado-de-la-inteligencia-emocional-en-escuelas-del-municipio\/#breadcrumb"},"inLanguage":"es","potentialAction":[{"@type":"ReadAction","target":["https:\/\/thepueblatimes.mx\/index.php\/2025\/02\/18\/fomenta-smdif-cuidado-de-la-inteligencia-emocional-en-escuelas-del-municipio\/"]}]},{"@type":"BreadcrumbList","@id":"https:\/\/thepueblatimes.mx\/index.php\/2025\/02\/18\/fomenta-smdif-cuidado-de-la-inteligencia-emocional-en-escuelas-del-municipio\/#breadcrumb","itemListElement":[{"@type":"ListItem","position":1,"name":"Portada","item":"https:\/\/thepueblatimes.mx\/"},{"@type":"ListItem","position":2,"name":"Fomenta SMDIF cuidado de la inteligencia emocional en escuelas del municipio"}]},{"@type":"WebSite","@id":"https:\/\/thepueblatimes.mx\/#website","url":"https:\/\/thepueblatimes.mx\/","name":"The Puebla Times","description":"Noticias del Estado de Puebla","potentialAction":[{"@type":"SearchAction","target":{"@type":"EntryPoint","urlTemplate":"https:\/\/thepueblatimes.mx\/?s={search_term_string}"},"query-input":"required name=search_term_string"}],"inLanguage":"es"},{"@type":"Person","@id":"https:\/\/thepueblatimes.mx\/#\/schema\/person\/1664894c2f65ce2c7a08d8f5f905c13c","name":"Sa\u00fal Hern\u00e1ndez","image":{"@type":"ImageObject","inLanguage":"es","@id":"https:\/\/thepueblatimes.mx\/#\/schema\/person\/image\/","url":"https:\/\/secure.gravatar.com\/avatar\/11be338693f243309532caad8f10c930?s=96&d=mm&r=g","contentUrl":"https:\/\/secure.gravatar.com\/avatar\/11be338693f243309532caad8f10c930?s=96&d=mm&r=g","caption":"Sa\u00fal Hern\u00e1ndez"},"url":"https:\/\/thepueblatimes.mx\/index.php\/author\/saulhernandez\/"}]}},"jetpack_featured_media_url":"https:\/\/thepueblatimes.mx\/wp-content\/uploads\/2025\/02\/WhatsApp-Image-2025-02-18-at-13.53.58.jpeg","_links":{"self":[{"href":"https:\/\/thepueblatimes.mx\/index.php\/wp-json\/wp\/v2\/posts\/27918"}],"collection":[{"href":"https:\/\/thepueblatimes.mx\/index.php\/wp-json\/wp\/v2\/posts"}],"about":[{"href":"https:\/\/thepueblatimes.mx\/index.php\/wp-json\/wp\/v2\/types\/post"}],"author":[{"embeddable":true,"href":"https:\/\/thepueblatimes.mx\/index.php\/wp-json\/wp\/v2\/users\/16"}],"replies":[{"embeddable":true,"href":"https:\/\/thepueblatimes.mx\/index.php\/wp-json\/wp\/v2\/comments?post=27918"}],"version-history":[{"count":1,"href":"https:\/\/thepueblatimes.mx\/index.php\/wp-json\/wp\/v2\/posts\/27918\/revisions"}],"predecessor-version":[{"id":27920,"href":"https:\/\/thepueblatimes.mx\/index.php\/wp-json\/wp\/v2\/posts\/27918\/revisions\/27920"}],"wp:featuredmedia":[{"embeddable":true,"href":"https:\/\/thepueblatimes.mx\/index.php\/wp-json\/wp\/v2\/media\/27919"}],"wp:attachment":[{"href":"https:\/\/thepueblatimes.mx\/index.php\/wp-json\/wp\/v2\/media?parent=27918"}],"wp:term":[{"taxonomy":"category","embeddable":true,"href":"https:\/\/thepueblatimes.mx\/index.php\/wp-json\/wp\/v2\/categories?post=27918"},{"taxonomy":"post_tag","embeddable":true,"href":"https:\/\/thepueblatimes.mx\/index.php\/wp-json\/wp\/v2\/tags?post=27918"}],"curies":[{"name":"wp","href":"https:\/\/api.w.org\/{rel}","templated":true}]}}