{"id":27915,"date":"2025-02-17T18:04:11","date_gmt":"2025-02-18T00:04:11","guid":{"rendered":"https:\/\/thepueblatimes.mx\/?p=27915"},"modified":"2025-02-17T18:04:51","modified_gmt":"2025-02-18T00:04:51","slug":"pepe-chedraui-avanza-con-paso-firme-al-frente-de-la-ciudad-imparable","status":"publish","type":"post","link":"https:\/\/thepueblatimes.mx\/index.php\/2025\/02\/17\/pepe-chedraui-avanza-con-paso-firme-al-frente-de-la-ciudad-imparable\/","title":{"rendered":"Pepe Chedraui avanza con paso firme al frente de la ciudad imparable"},"content":{"rendered":"<p>POR FRED ESTRADA<\/p>\n<p>Pepe Chedraui avanza con paso firme al frente de la ciudad imparable.<\/p>\n<p>Como lo dice su lema social, el alcalde de Puebla, Pepe Chedraui se aprecia imparable, por donde quiera que se quiera ver.<\/p>\n<p>Desde el primer d\u00eda de su gesti\u00f3n abraz\u00f3 como suya la agenda social para atender temas sensibles como la inseguridad, la dotaci\u00f3n de servicios y la iluminaci\u00f3n.<\/p>\n<p>Adem\u00e1s de que, a diferencia de sus dos antecesores, en el cargo, asimil\u00f3 como natural la necesidad de alinear su trabajo con las directrices de las administraciones estatal y federal.<\/p>\n<p>Para avanzar en unidad, en la senda del progreso y el bienestar social para las y los poblanos.<\/p>\n<p>En este sentido hay dos elementos que saltan a la vista, en primer lugar, que conserv\u00f3 acciones y programas que considera adecuados como el de los parqu\u00edmetros y pese a haber encontrado un hoyo financiero, lejos de lamentarse, sin dejar de lado las sendas administrativa y legal por las que podr\u00eda transitar el tema se enfoc\u00f3 en seguir de frente, y realizar los ajustes necesarios para salir adelante.<\/p>\n<p>Independientemente, de que, atendiendo el panorama pol\u00edtico, desde ahora asumi\u00f3 pese a no existir al momento impedimento alguno que no buscar\u00e1 la reelecci\u00f3n en 2027.<\/p>\n<p>La determinaci\u00f3n de Pepe Chedraui, de no detenerse y seguir de frente para hacer de Puebla una ciudad imparable se percibi\u00f3 en el sobrio informe que rindi\u00f3 en torno a sus primeros cien d\u00edas de gesti\u00f3n, en el que adelant\u00f3 gran parte de las acciones que desarrollar\u00e1 en el 2025.<br \/>\nY por si ello fuera poco, hay que apuntar que, al lado de Pepe Chedraui, MariElise Budib, al momento ha desarrollado un papel ideal al frente del SMDIF.<\/p>\n<p>No en balde, Demoscopia Digital, recientemente dio a conocer una medici\u00f3n en la que Pepe Chedraui obtiene un 64.6 por ciento de aprobaci\u00f3n.<\/p>\n<p>Como alcalde de Puebla se posiciona como el mejor evaluado entre los presidentes municipales del estado, superando a las ediles de San Pedro y San Andr\u00e9s Cholula.<\/p>\n<p>Por supuesto, en esta medici\u00f3n hay que considerar, entre otros elementos el volumen de habitantes y las dimensiones territoriales de cada municipio, aspectos que llevan a reconocer a\u00fan mas el trabajo desarrollado a la fecha por Pepe Chedraui, quien, a ciencia cierta, apenas comienza a dar resultados, y por algo la percepci\u00f3n social al momento es satisfactoria. Como lo dice su lema social, el alcalde de Puebla, Pepe Chedraui se aprecia imparable, por donde quiera que se quiera ver.<\/p>\n<p>Desde el primer d\u00eda de su gesti\u00f3n abraz\u00f3 como suya la agenda social para atender temas sensibles como la inseguridad, la dotaci\u00f3n de servicios y la iluminaci\u00f3n.<\/p>\n<p>Adem\u00e1s de que, a diferencia de sus dos antecesores, en el cargo, asimil\u00f3 como natural la necesidad de alinear su trabajo con las directrices de las administraciones estatal y federal.<\/p>\n<p>Para avanzar en unidad, en la senda del progreso y el bienestar social para las y los poblanos.<\/p>\n<p>En este sentido hay dos elementos que saltan a la vista, en primer lugar, que conserv\u00f3 acciones y programas que considera adecuados como el de los parqu\u00edmetros y pese a haber encontrado un hoyo financiero, lejos de lamentarse, sin dejar de lado las sendas administrativa y legal por las que podr\u00eda transitar el tema se enfoc\u00f3 en seguir de frente, y realizar los ajustes necesarios para salir adelante.<\/p>\n<p>Independientemente, de que, atendiendo el panorama pol\u00edtico, desde ahora asumi\u00f3 pese a no existir al momento impedimento alguno que no buscar\u00e1 la reelecci\u00f3n en 2027.<\/p>\n<p>La determinaci\u00f3n de Pepe Chedraui, de no detenerse y seguir de frente para hacer de Puebla una ciudad imparable se percibi\u00f3 en el sobrio informe que rindi\u00f3 en torno a sus primeros cien d\u00edas de gesti\u00f3n, en el que adelant\u00f3 gran parte de las acciones que desarrollar\u00e1 en el 2025.<br \/>\nY por si ello fuera poco, hay que apuntar que, al lado de Pepe Chedraui, MariElise Budib, al momento ha desarrollado un papel ideal al frente del SMDIF.<\/p>\n<p>No en balde, Demoscopia Digital, recientemente dio a conocer una medici\u00f3n en la que Pepe Chedraui obtiene un 64.6 por ciento de aprobaci\u00f3n.<\/p>\n<p>Como alcalde de Puebla se posiciona como el mejor evaluado entre los presidentes municipales del estado, superando a las ediles de San Pedro y San Andr\u00e9s Cholula.<\/p>\n<p>Por supuesto, en esta medici\u00f3n hay que considerar, entre otros elementos el volumen de habitantes y las dimensiones territoriales de cada municipio, aspectos que llevan a reconocer a\u00fan mas el trabajo desarrollado a la fecha por Pepe Chedraui, quien, a ciencia cierta, apenas comienza a dar resultados, y por algo la percepci\u00f3n social al momento es satisfactoria.<\/p>\n","protected":false},"excerpt":{"rendered":"<p>POR FRED ESTRADA Pepe Chedraui avanza con paso firme al frente de la ciudad imparable. Como lo dice su lema social, el alcalde de Puebla, Pepe Chedraui se aprecia imparable, por donde quiera que se quiera ver. Desde el primer d\u00eda de su gesti\u00f3n abraz\u00f3 como suya la agenda social para atender temas sensibles como&#8230;<\/p>\n","protected":false},"author":16,"featured_media":27916,"comment_status":"closed","ping_status":"closed","sticky":false,"template":"","format":"standard","meta":[],"categories":[20],"tags":[1287,2377,3215,3214,1374],"yoast_head":"<!-- This site is optimized with the Yoast SEO plugin v20.8 - https:\/\/yoast.com\/wordpress\/plugins\/seo\/ -->\n<title>Pepe Chedraui avanza con paso firme al frente de la ciudad imparable - The Puebla Times<\/title>\n<meta name=\"robots\" content=\"index, follow, max-snippet:-1, max-image-preview:large, max-video-preview:-1\" \/>\n<link rel=\"canonical\" href=\"https:\/\/thepueblatimes.mx\/index.php\/2025\/02\/17\/pepe-chedraui-avanza-con-paso-firme-al-frente-de-la-ciudad-imparable\/\" \/>\n<meta property=\"og:locale\" content=\"es_ES\" \/>\n<meta property=\"og:type\" content=\"article\" \/>\n<meta property=\"og:title\" content=\"Pepe Chedraui avanza con paso firme al frente de la ciudad imparable - The Puebla Times\" \/>\n<meta property=\"og:description\" content=\"POR FRED ESTRADA Pepe Chedraui avanza con paso firme al frente de la ciudad imparable. Como lo dice su lema social, el alcalde de Puebla, Pepe Chedraui se aprecia imparable, por donde quiera que se quiera ver. Desde el primer d\u00eda de su gesti\u00f3n abraz\u00f3 como suya la agenda social para atender temas sensibles como...\" \/>\n<meta property=\"og:url\" content=\"https:\/\/thepueblatimes.mx\/index.php\/2025\/02\/17\/pepe-chedraui-avanza-con-paso-firme-al-frente-de-la-ciudad-imparable\/\" \/>\n<meta property=\"og:site_name\" content=\"The Puebla Times\" \/>\n<meta property=\"article:published_time\" content=\"2025-02-18T00:04:11+00:00\" \/>\n<meta property=\"article:modified_time\" content=\"2025-02-18T00:04:51+00:00\" \/>\n<meta property=\"og:image\" content=\"https:\/\/thepueblatimes.mx\/wp-content\/uploads\/2025\/02\/WhatsApp-Image-2024-11-20-at-12.44.25-PM1.jpg\" \/>\n\t<meta property=\"og:image:width\" content=\"800\" \/>\n\t<meta property=\"og:image:height\" content=\"550\" \/>\n\t<meta property=\"og:image:type\" content=\"image\/jpeg\" \/>\n<meta name=\"author\" content=\"Sa\u00fal Hern\u00e1ndez\" \/>\n<meta name=\"twitter:card\" content=\"summary_large_image\" \/>\n<meta name=\"twitter:label1\" content=\"Escrito por\" \/>\n\t<meta name=\"twitter:data1\" content=\"Sa\u00fal Hern\u00e1ndez\" \/>\n\t<meta name=\"twitter:label2\" content=\"Tiempo de lectura\" \/>\n\t<meta name=\"twitter:data2\" content=\"4 minutos\" \/>\n<script type=\"application\/ld+json\" class=\"yoast-schema-graph\">{\"@context\":\"https:\/\/schema.org\",\"@graph\":[{\"@type\":\"WebPage\",\"@id\":\"https:\/\/thepueblatimes.mx\/index.php\/2025\/02\/17\/pepe-chedraui-avanza-con-paso-firme-al-frente-de-la-ciudad-imparable\/\",\"url\":\"https:\/\/thepueblatimes.mx\/index.php\/2025\/02\/17\/pepe-chedraui-avanza-con-paso-firme-al-frente-de-la-ciudad-imparable\/\",\"name\":\"Pepe Chedraui avanza con paso firme al frente de la ciudad imparable - The Puebla Times\",\"isPartOf\":{\"@id\":\"https:\/\/thepueblatimes.mx\/#website\"},\"datePublished\":\"2025-02-18T00:04:11+00:00\",\"dateModified\":\"2025-02-18T00:04:51+00:00\",\"author\":{\"@id\":\"https:\/\/thepueblatimes.mx\/#\/schema\/person\/1664894c2f65ce2c7a08d8f5f905c13c\"},\"breadcrumb\":{\"@id\":\"https:\/\/thepueblatimes.mx\/index.php\/2025\/02\/17\/pepe-chedraui-avanza-con-paso-firme-al-frente-de-la-ciudad-imparable\/#breadcrumb\"},\"inLanguage\":\"es\",\"potentialAction\":[{\"@type\":\"ReadAction\",\"target\":[\"https:\/\/thepueblatimes.mx\/index.php\/2025\/02\/17\/pepe-chedraui-avanza-con-paso-firme-al-frente-de-la-ciudad-imparable\/\"]}]},{\"@type\":\"BreadcrumbList\",\"@id\":\"https:\/\/thepueblatimes.mx\/index.php\/2025\/02\/17\/pepe-chedraui-avanza-con-paso-firme-al-frente-de-la-ciudad-imparable\/#breadcrumb\",\"itemListElement\":[{\"@type\":\"ListItem\",\"position\":1,\"name\":\"Portada\",\"item\":\"https:\/\/thepueblatimes.mx\/\"},{\"@type\":\"ListItem\",\"position\":2,\"name\":\"Pepe Chedraui avanza con paso firme al frente de la ciudad imparable\"}]},{\"@type\":\"WebSite\",\"@id\":\"https:\/\/thepueblatimes.mx\/#website\",\"url\":\"https:\/\/thepueblatimes.mx\/\",\"name\":\"The Puebla Times\",\"description\":\"Noticias del Estado de Puebla\",\"potentialAction\":[{\"@type\":\"SearchAction\",\"target\":{\"@type\":\"EntryPoint\",\"urlTemplate\":\"https:\/\/thepueblatimes.mx\/?s={search_term_string}\"},\"query-input\":\"required name=search_term_string\"}],\"inLanguage\":\"es\"},{\"@type\":\"Person\",\"@id\":\"https:\/\/thepueblatimes.mx\/#\/schema\/person\/1664894c2f65ce2c7a08d8f5f905c13c\",\"name\":\"Sa\u00fal Hern\u00e1ndez\",\"image\":{\"@type\":\"ImageObject\",\"inLanguage\":\"es\",\"@id\":\"https:\/\/thepueblatimes.mx\/#\/schema\/person\/image\/\",\"url\":\"https:\/\/secure.gravatar.com\/avatar\/11be338693f243309532caad8f10c930?s=96&d=mm&r=g\",\"contentUrl\":\"https:\/\/secure.gravatar.com\/avatar\/11be338693f243309532caad8f10c930?s=96&d=mm&r=g\",\"caption\":\"Sa\u00fal Hern\u00e1ndez\"},\"url\":\"https:\/\/thepueblatimes.mx\/index.php\/author\/saulhernandez\/\"}]}<\/script>\n<!-- \/ Yoast SEO plugin. -->","yoast_head_json":{"title":"Pepe Chedraui avanza con paso firme al frente de la ciudad imparable - The Puebla Times","robots":{"index":"index","follow":"follow","max-snippet":"max-snippet:-1","max-image-preview":"max-image-preview:large","max-video-preview":"max-video-preview:-1"},"canonical":"https:\/\/thepueblatimes.mx\/index.php\/2025\/02\/17\/pepe-chedraui-avanza-con-paso-firme-al-frente-de-la-ciudad-imparable\/","og_locale":"es_ES","og_type":"article","og_title":"Pepe Chedraui avanza con paso firme al frente de la ciudad imparable - The Puebla Times","og_description":"POR FRED ESTRADA Pepe Chedraui avanza con paso firme al frente de la ciudad imparable. Como lo dice su lema social, el alcalde de Puebla, Pepe Chedraui se aprecia imparable, por donde quiera que se quiera ver. Desde el primer d\u00eda de su gesti\u00f3n abraz\u00f3 como suya la agenda social para atender temas sensibles como...","og_url":"https:\/\/thepueblatimes.mx\/index.php\/2025\/02\/17\/pepe-chedraui-avanza-con-paso-firme-al-frente-de-la-ciudad-imparable\/","og_site_name":"The Puebla Times","article_published_time":"2025-02-18T00:04:11+00:00","article_modified_time":"2025-02-18T00:04:51+00:00","og_image":[{"width":800,"height":550,"url":"https:\/\/thepueblatimes.mx\/wp-content\/uploads\/2025\/02\/WhatsApp-Image-2024-11-20-at-12.44.25-PM1.jpg","type":"image\/jpeg"}],"author":"Sa\u00fal Hern\u00e1ndez","twitter_card":"summary_large_image","twitter_misc":{"Escrito por":"Sa\u00fal Hern\u00e1ndez","Tiempo de lectura":"4 minutos"},"schema":{"@context":"https:\/\/schema.org","@graph":[{"@type":"WebPage","@id":"https:\/\/thepueblatimes.mx\/index.php\/2025\/02\/17\/pepe-chedraui-avanza-con-paso-firme-al-frente-de-la-ciudad-imparable\/","url":"https:\/\/thepueblatimes.mx\/index.php\/2025\/02\/17\/pepe-chedraui-avanza-con-paso-firme-al-frente-de-la-ciudad-imparable\/","name":"Pepe Chedraui avanza con paso firme al frente de la ciudad imparable - The Puebla Times","isPartOf":{"@id":"https:\/\/thepueblatimes.mx\/#website"},"datePublished":"2025-02-18T00:04:11+00:00","dateModified":"2025-02-18T00:04:51+00:00","author":{"@id":"https:\/\/thepueblatimes.mx\/#\/schema\/person\/1664894c2f65ce2c7a08d8f5f905c13c"},"breadcrumb":{"@id":"https:\/\/thepueblatimes.mx\/index.php\/2025\/02\/17\/pepe-chedraui-avanza-con-paso-firme-al-frente-de-la-ciudad-imparable\/#breadcrumb"},"inLanguage":"es","potentialAction":[{"@type":"ReadAction","target":["https:\/\/thepueblatimes.mx\/index.php\/2025\/02\/17\/pepe-chedraui-avanza-con-paso-firme-al-frente-de-la-ciudad-imparable\/"]}]},{"@type":"BreadcrumbList","@id":"https:\/\/thepueblatimes.mx\/index.php\/2025\/02\/17\/pepe-chedraui-avanza-con-paso-firme-al-frente-de-la-ciudad-imparable\/#breadcrumb","itemListElement":[{"@type":"ListItem","position":1,"name":"Portada","item":"https:\/\/thepueblatimes.mx\/"},{"@type":"ListItem","position":2,"name":"Pepe Chedraui avanza con paso firme al frente de la ciudad imparable"}]},{"@type":"WebSite","@id":"https:\/\/thepueblatimes.mx\/#website","url":"https:\/\/thepueblatimes.mx\/","name":"The Puebla Times","description":"Noticias del Estado de Puebla","potentialAction":[{"@type":"SearchAction","target":{"@type":"EntryPoint","urlTemplate":"https:\/\/thepueblatimes.mx\/?s={search_term_string}"},"query-input":"required name=search_term_string"}],"inLanguage":"es"},{"@type":"Person","@id":"https:\/\/thepueblatimes.mx\/#\/schema\/person\/1664894c2f65ce2c7a08d8f5f905c13c","name":"Sa\u00fal Hern\u00e1ndez","image":{"@type":"ImageObject","inLanguage":"es","@id":"https:\/\/thepueblatimes.mx\/#\/schema\/person\/image\/","url":"https:\/\/secure.gravatar.com\/avatar\/11be338693f243309532caad8f10c930?s=96&d=mm&r=g","contentUrl":"https:\/\/secure.gravatar.com\/avatar\/11be338693f243309532caad8f10c930?s=96&d=mm&r=g","caption":"Sa\u00fal Hern\u00e1ndez"},"url":"https:\/\/thepueblatimes.mx\/index.php\/author\/saulhernandez\/"}]}},"jetpack_featured_media_url":"https:\/\/thepueblatimes.mx\/wp-content\/uploads\/2025\/02\/WhatsApp-Image-2024-11-20-at-12.44.25-PM1.jpg","_links":{"self":[{"href":"https:\/\/thepueblatimes.mx\/index.php\/wp-json\/wp\/v2\/posts\/27915"}],"collection":[{"href":"https:\/\/thepueblatimes.mx\/index.php\/wp-json\/wp\/v2\/posts"}],"about":[{"href":"https:\/\/thepueblatimes.mx\/index.php\/wp-json\/wp\/v2\/types\/post"}],"author":[{"embeddable":true,"href":"https:\/\/thepueblatimes.mx\/index.php\/wp-json\/wp\/v2\/users\/16"}],"replies":[{"embeddable":true,"href":"https:\/\/thepueblatimes.mx\/index.php\/wp-json\/wp\/v2\/comments?post=27915"}],"version-history":[{"count":1,"href":"https:\/\/thepueblatimes.mx\/index.php\/wp-json\/wp\/v2\/posts\/27915\/revisions"}],"predecessor-version":[{"id":27917,"href":"https:\/\/thepueblatimes.mx\/index.php\/wp-json\/wp\/v2\/posts\/27915\/revisions\/27917"}],"wp:featuredmedia":[{"embeddable":true,"href":"https:\/\/thepueblatimes.mx\/index.php\/wp-json\/wp\/v2\/media\/27916"}],"wp:attachment":[{"href":"https:\/\/thepueblatimes.mx\/index.php\/wp-json\/wp\/v2\/media?parent=27915"}],"wp:term":[{"taxonomy":"category","embeddable":true,"href":"https:\/\/thepueblatimes.mx\/index.php\/wp-json\/wp\/v2\/categories?post=27915"},{"taxonomy":"post_tag","embeddable":true,"href":"https:\/\/thepueblatimes.mx\/index.php\/wp-json\/wp\/v2\/tags?post=27915"}],"curies":[{"name":"wp","href":"https:\/\/api.w.org\/{rel}","templated":true}]}}