{"id":27912,"date":"2025-02-17T17:35:17","date_gmt":"2025-02-17T23:35:17","guid":{"rendered":"https:\/\/thepueblatimes.mx\/?p=27912"},"modified":"2025-02-17T17:35:39","modified_gmt":"2025-02-17T23:35:39","slug":"sedif-cuautlancingo-y-romero-vargas-realizan-faena-comunitaria","status":"publish","type":"post","link":"https:\/\/thepueblatimes.mx\/index.php\/2025\/02\/17\/sedif-cuautlancingo-y-romero-vargas-realizan-faena-comunitaria\/","title":{"rendered":"SEDIF, Cuautlancingo y Romero Vargas realizan faena comunitaria"},"content":{"rendered":"<p>CIUDAD DE PUEBLA, Pue.- Con el prop\u00f3sito de fortalecer el tejido social y dignificar los espacios p\u00fablicos en beneficio de las familias poblanas, el Gobierno de Puebla a trav\u00e9s del Sistema Estatal DIF (SEDIF), llev\u00f3 a cabo, junto al Ayuntamiento de Cuautlancingo y la Junta Auxiliar Romero Vargas, una faena comunitaria en la intersecci\u00f3n de avenida Forjadores y Calzada Zavaleta.<\/p>\n<p>Al encabezar la jornada, el director general del SEDIF, Raymundo Atanacio, destac\u00f3 el liderazgo del gobernador Alejandro Armenta en la recuperaci\u00f3n de esta pr\u00e1ctica como s\u00edmbolo de unidad entre las administraciones, cooperaci\u00f3n y mejora del patrimonio colectivo a fin de promover la convivencia vecinal.<\/p>\n<p>\u201cEste domingo, con los respectivos equipos de trabajo y la ciudadan\u00eda, nos sumamos a esta iniciativa para embellecer la ciudad. La colaboraci\u00f3n refleja el compromiso del gobierno encabezado por Alejandro Armenta y de la presidenta del Patronato del SEDIF, Ceci Arellano, con las autoridades auxiliares y municipales. Es un testimonio de la participaci\u00f3n activa de hombres y mujeres en la transformaci\u00f3n de Puebla\u201d, expres\u00f3 Atanacio.<\/p>\n<p>Asimismo, subray\u00f3 que las jornadas comunitarias son una constante en la actual administraci\u00f3n estatal, pues cada fin de semana en diferentes localidades, se organizan para mejorar su entorno, reforzando el sentido de identidad y orgullo por Puebla.<\/p>\n<p>Por su parte, el presidente municipal de Cuautlancingo, Omar Mu\u00f1oz, resalt\u00f3 la importancia de estas acciones ya que rescatan el tequio, fomentan la convivencia y fortalecen la identidad y el sentido de pertenencia en la comunidad.<\/p>\n<p>Por su parte, la presidenta de la Junta Auxiliar Romero Vargas, Diana de Bernardo Ramos, reiter\u00f3 su compromiso de continuar colaborando con el gobierno estatal y el Sistema Estatal DIF en favor de la poblaci\u00f3n.<\/p>\n<p>En la jornada tambi\u00e9n participaron el director de Delegaciones del SEDIF, Rigoberto Ortiz Osorio; el secretario de Infraestructura de Cuautlancingo, Luis Sol\u00eds; la coordinadora de la Casa de la Mujer en Romero Vargas, Miriam Munive Urcid; la responsable de la Casa del Abue en la misma junta auxiliar, Ariadna S\u00e1nchez Rocha y la coordinadora de Salud de la Familia, Guadalupe Cerezo Mellado, entre otros servidores p\u00fablicos y ciudadanos que contribuyeron a la mejora de los espacios p\u00fablicos.<\/p>\n<p>Con estas iniciativas, Por Amor a Puebla, el Gobierno del Estado reafirma su compromiso con la comunidad y con la construcci\u00f3n de un entorno m\u00e1s solidario, participativo y humano.<\/p>\n","protected":false},"excerpt":{"rendered":"<p>CIUDAD DE PUEBLA, Pue.- Con el prop\u00f3sito de fortalecer el tejido social y dignificar los espacios p\u00fablicos en beneficio de las familias poblanas, el Gobierno de Puebla a trav\u00e9s del Sistema Estatal DIF (SEDIF), llev\u00f3 a cabo, junto al Ayuntamiento de Cuautlancingo y la Junta Auxiliar Romero Vargas, una faena comunitaria en la intersecci\u00f3n de&#8230;<\/p>\n","protected":false},"author":16,"featured_media":27913,"comment_status":"closed","ping_status":"closed","sticky":false,"template":"","format":"standard","meta":[],"categories":[20],"tags":[343,3213,270,1616],"yoast_head":"<!-- This site is optimized with the Yoast SEO plugin v20.8 - https:\/\/yoast.com\/wordpress\/plugins\/seo\/ -->\n<title>SEDIF, Cuautlancingo y Romero Vargas realizan faena comunitaria - The Puebla Times<\/title>\n<meta name=\"robots\" content=\"index, follow, max-snippet:-1, max-image-preview:large, max-video-preview:-1\" \/>\n<link rel=\"canonical\" href=\"https:\/\/thepueblatimes.mx\/index.php\/2025\/02\/17\/sedif-cuautlancingo-y-romero-vargas-realizan-faena-comunitaria\/\" \/>\n<meta property=\"og:locale\" content=\"es_ES\" \/>\n<meta property=\"og:type\" content=\"article\" \/>\n<meta property=\"og:title\" content=\"SEDIF, Cuautlancingo y Romero Vargas realizan faena comunitaria - The Puebla Times\" \/>\n<meta property=\"og:description\" content=\"CIUDAD DE PUEBLA, Pue.- Con el prop\u00f3sito de fortalecer el tejido social y dignificar los espacios p\u00fablicos en beneficio de las familias poblanas, el Gobierno de Puebla a trav\u00e9s del Sistema Estatal DIF (SEDIF), llev\u00f3 a cabo, junto al Ayuntamiento de Cuautlancingo y la Junta Auxiliar Romero Vargas, una faena comunitaria en la intersecci\u00f3n de...\" \/>\n<meta property=\"og:url\" content=\"https:\/\/thepueblatimes.mx\/index.php\/2025\/02\/17\/sedif-cuautlancingo-y-romero-vargas-realizan-faena-comunitaria\/\" \/>\n<meta property=\"og:site_name\" content=\"The Puebla Times\" \/>\n<meta property=\"article:published_time\" content=\"2025-02-17T23:35:17+00:00\" \/>\n<meta property=\"article:modified_time\" content=\"2025-02-17T23:35:39+00:00\" \/>\n<meta property=\"og:image\" content=\"https:\/\/thepueblatimes.mx\/wp-content\/uploads\/2025\/02\/WhatsApp-Image-2025-02-17-at-16.54.04.jpeg\" \/>\n\t<meta property=\"og:image:width\" content=\"1600\" \/>\n\t<meta property=\"og:image:height\" content=\"720\" \/>\n\t<meta property=\"og:image:type\" content=\"image\/jpeg\" \/>\n<meta name=\"author\" content=\"Sa\u00fal Hern\u00e1ndez\" \/>\n<meta name=\"twitter:card\" content=\"summary_large_image\" \/>\n<meta name=\"twitter:label1\" content=\"Escrito por\" \/>\n\t<meta name=\"twitter:data1\" content=\"Sa\u00fal Hern\u00e1ndez\" \/>\n\t<meta name=\"twitter:label2\" content=\"Tiempo de lectura\" \/>\n\t<meta name=\"twitter:data2\" content=\"2 minutos\" \/>\n<script type=\"application\/ld+json\" class=\"yoast-schema-graph\">{\"@context\":\"https:\/\/schema.org\",\"@graph\":[{\"@type\":\"WebPage\",\"@id\":\"https:\/\/thepueblatimes.mx\/index.php\/2025\/02\/17\/sedif-cuautlancingo-y-romero-vargas-realizan-faena-comunitaria\/\",\"url\":\"https:\/\/thepueblatimes.mx\/index.php\/2025\/02\/17\/sedif-cuautlancingo-y-romero-vargas-realizan-faena-comunitaria\/\",\"name\":\"SEDIF, Cuautlancingo y Romero Vargas realizan faena comunitaria - The Puebla Times\",\"isPartOf\":{\"@id\":\"https:\/\/thepueblatimes.mx\/#website\"},\"datePublished\":\"2025-02-17T23:35:17+00:00\",\"dateModified\":\"2025-02-17T23:35:39+00:00\",\"author\":{\"@id\":\"https:\/\/thepueblatimes.mx\/#\/schema\/person\/1664894c2f65ce2c7a08d8f5f905c13c\"},\"breadcrumb\":{\"@id\":\"https:\/\/thepueblatimes.mx\/index.php\/2025\/02\/17\/sedif-cuautlancingo-y-romero-vargas-realizan-faena-comunitaria\/#breadcrumb\"},\"inLanguage\":\"es\",\"potentialAction\":[{\"@type\":\"ReadAction\",\"target\":[\"https:\/\/thepueblatimes.mx\/index.php\/2025\/02\/17\/sedif-cuautlancingo-y-romero-vargas-realizan-faena-comunitaria\/\"]}]},{\"@type\":\"BreadcrumbList\",\"@id\":\"https:\/\/thepueblatimes.mx\/index.php\/2025\/02\/17\/sedif-cuautlancingo-y-romero-vargas-realizan-faena-comunitaria\/#breadcrumb\",\"itemListElement\":[{\"@type\":\"ListItem\",\"position\":1,\"name\":\"Portada\",\"item\":\"https:\/\/thepueblatimes.mx\/\"},{\"@type\":\"ListItem\",\"position\":2,\"name\":\"SEDIF, Cuautlancingo y Romero Vargas realizan faena comunitaria\"}]},{\"@type\":\"WebSite\",\"@id\":\"https:\/\/thepueblatimes.mx\/#website\",\"url\":\"https:\/\/thepueblatimes.mx\/\",\"name\":\"The Puebla Times\",\"description\":\"Noticias del Estado de Puebla\",\"potentialAction\":[{\"@type\":\"SearchAction\",\"target\":{\"@type\":\"EntryPoint\",\"urlTemplate\":\"https:\/\/thepueblatimes.mx\/?s={search_term_string}\"},\"query-input\":\"required name=search_term_string\"}],\"inLanguage\":\"es\"},{\"@type\":\"Person\",\"@id\":\"https:\/\/thepueblatimes.mx\/#\/schema\/person\/1664894c2f65ce2c7a08d8f5f905c13c\",\"name\":\"Sa\u00fal Hern\u00e1ndez\",\"image\":{\"@type\":\"ImageObject\",\"inLanguage\":\"es\",\"@id\":\"https:\/\/thepueblatimes.mx\/#\/schema\/person\/image\/\",\"url\":\"https:\/\/secure.gravatar.com\/avatar\/11be338693f243309532caad8f10c930?s=96&d=mm&r=g\",\"contentUrl\":\"https:\/\/secure.gravatar.com\/avatar\/11be338693f243309532caad8f10c930?s=96&d=mm&r=g\",\"caption\":\"Sa\u00fal Hern\u00e1ndez\"},\"url\":\"https:\/\/thepueblatimes.mx\/index.php\/author\/saulhernandez\/\"}]}<\/script>\n<!-- \/ Yoast SEO plugin. -->","yoast_head_json":{"title":"SEDIF, Cuautlancingo y Romero Vargas realizan faena comunitaria - The Puebla Times","robots":{"index":"index","follow":"follow","max-snippet":"max-snippet:-1","max-image-preview":"max-image-preview:large","max-video-preview":"max-video-preview:-1"},"canonical":"https:\/\/thepueblatimes.mx\/index.php\/2025\/02\/17\/sedif-cuautlancingo-y-romero-vargas-realizan-faena-comunitaria\/","og_locale":"es_ES","og_type":"article","og_title":"SEDIF, Cuautlancingo y Romero Vargas realizan faena comunitaria - The Puebla Times","og_description":"CIUDAD DE PUEBLA, Pue.- Con el prop\u00f3sito de fortalecer el tejido social y dignificar los espacios p\u00fablicos en beneficio de las familias poblanas, el Gobierno de Puebla a trav\u00e9s del Sistema Estatal DIF (SEDIF), llev\u00f3 a cabo, junto al Ayuntamiento de Cuautlancingo y la Junta Auxiliar Romero Vargas, una faena comunitaria en la intersecci\u00f3n de...","og_url":"https:\/\/thepueblatimes.mx\/index.php\/2025\/02\/17\/sedif-cuautlancingo-y-romero-vargas-realizan-faena-comunitaria\/","og_site_name":"The Puebla Times","article_published_time":"2025-02-17T23:35:17+00:00","article_modified_time":"2025-02-17T23:35:39+00:00","og_image":[{"width":1600,"height":720,"url":"https:\/\/thepueblatimes.mx\/wp-content\/uploads\/2025\/02\/WhatsApp-Image-2025-02-17-at-16.54.04.jpeg","type":"image\/jpeg"}],"author":"Sa\u00fal Hern\u00e1ndez","twitter_card":"summary_large_image","twitter_misc":{"Escrito por":"Sa\u00fal Hern\u00e1ndez","Tiempo de lectura":"2 minutos"},"schema":{"@context":"https:\/\/schema.org","@graph":[{"@type":"WebPage","@id":"https:\/\/thepueblatimes.mx\/index.php\/2025\/02\/17\/sedif-cuautlancingo-y-romero-vargas-realizan-faena-comunitaria\/","url":"https:\/\/thepueblatimes.mx\/index.php\/2025\/02\/17\/sedif-cuautlancingo-y-romero-vargas-realizan-faena-comunitaria\/","name":"SEDIF, Cuautlancingo y Romero Vargas realizan faena comunitaria - The Puebla Times","isPartOf":{"@id":"https:\/\/thepueblatimes.mx\/#website"},"datePublished":"2025-02-17T23:35:17+00:00","dateModified":"2025-02-17T23:35:39+00:00","author":{"@id":"https:\/\/thepueblatimes.mx\/#\/schema\/person\/1664894c2f65ce2c7a08d8f5f905c13c"},"breadcrumb":{"@id":"https:\/\/thepueblatimes.mx\/index.php\/2025\/02\/17\/sedif-cuautlancingo-y-romero-vargas-realizan-faena-comunitaria\/#breadcrumb"},"inLanguage":"es","potentialAction":[{"@type":"ReadAction","target":["https:\/\/thepueblatimes.mx\/index.php\/2025\/02\/17\/sedif-cuautlancingo-y-romero-vargas-realizan-faena-comunitaria\/"]}]},{"@type":"BreadcrumbList","@id":"https:\/\/thepueblatimes.mx\/index.php\/2025\/02\/17\/sedif-cuautlancingo-y-romero-vargas-realizan-faena-comunitaria\/#breadcrumb","itemListElement":[{"@type":"ListItem","position":1,"name":"Portada","item":"https:\/\/thepueblatimes.mx\/"},{"@type":"ListItem","position":2,"name":"SEDIF, Cuautlancingo y Romero Vargas realizan faena comunitaria"}]},{"@type":"WebSite","@id":"https:\/\/thepueblatimes.mx\/#website","url":"https:\/\/thepueblatimes.mx\/","name":"The Puebla Times","description":"Noticias del Estado de Puebla","potentialAction":[{"@type":"SearchAction","target":{"@type":"EntryPoint","urlTemplate":"https:\/\/thepueblatimes.mx\/?s={search_term_string}"},"query-input":"required name=search_term_string"}],"inLanguage":"es"},{"@type":"Person","@id":"https:\/\/thepueblatimes.mx\/#\/schema\/person\/1664894c2f65ce2c7a08d8f5f905c13c","name":"Sa\u00fal Hern\u00e1ndez","image":{"@type":"ImageObject","inLanguage":"es","@id":"https:\/\/thepueblatimes.mx\/#\/schema\/person\/image\/","url":"https:\/\/secure.gravatar.com\/avatar\/11be338693f243309532caad8f10c930?s=96&d=mm&r=g","contentUrl":"https:\/\/secure.gravatar.com\/avatar\/11be338693f243309532caad8f10c930?s=96&d=mm&r=g","caption":"Sa\u00fal Hern\u00e1ndez"},"url":"https:\/\/thepueblatimes.mx\/index.php\/author\/saulhernandez\/"}]}},"jetpack_featured_media_url":"https:\/\/thepueblatimes.mx\/wp-content\/uploads\/2025\/02\/WhatsApp-Image-2025-02-17-at-16.54.04.jpeg","_links":{"self":[{"href":"https:\/\/thepueblatimes.mx\/index.php\/wp-json\/wp\/v2\/posts\/27912"}],"collection":[{"href":"https:\/\/thepueblatimes.mx\/index.php\/wp-json\/wp\/v2\/posts"}],"about":[{"href":"https:\/\/thepueblatimes.mx\/index.php\/wp-json\/wp\/v2\/types\/post"}],"author":[{"embeddable":true,"href":"https:\/\/thepueblatimes.mx\/index.php\/wp-json\/wp\/v2\/users\/16"}],"replies":[{"embeddable":true,"href":"https:\/\/thepueblatimes.mx\/index.php\/wp-json\/wp\/v2\/comments?post=27912"}],"version-history":[{"count":1,"href":"https:\/\/thepueblatimes.mx\/index.php\/wp-json\/wp\/v2\/posts\/27912\/revisions"}],"predecessor-version":[{"id":27914,"href":"https:\/\/thepueblatimes.mx\/index.php\/wp-json\/wp\/v2\/posts\/27912\/revisions\/27914"}],"wp:featuredmedia":[{"embeddable":true,"href":"https:\/\/thepueblatimes.mx\/index.php\/wp-json\/wp\/v2\/media\/27913"}],"wp:attachment":[{"href":"https:\/\/thepueblatimes.mx\/index.php\/wp-json\/wp\/v2\/media?parent=27912"}],"wp:term":[{"taxonomy":"category","embeddable":true,"href":"https:\/\/thepueblatimes.mx\/index.php\/wp-json\/wp\/v2\/categories?post=27912"},{"taxonomy":"post_tag","embeddable":true,"href":"https:\/\/thepueblatimes.mx\/index.php\/wp-json\/wp\/v2\/tags?post=27912"}],"curies":[{"name":"wp","href":"https:\/\/api.w.org\/{rel}","templated":true}]}}