{"id":27840,"date":"2025-02-13T18:28:11","date_gmt":"2025-02-14T00:28:11","guid":{"rendered":"https:\/\/thepueblatimes.mx\/?p=27840"},"modified":"2025-02-13T18:28:11","modified_gmt":"2025-02-14T00:28:11","slug":"se-registra-balacera-y-persecucion-en-la-via-atlixcayotl-concluye-con-la-aprehension-de-tres-personas","status":"publish","type":"post","link":"https:\/\/thepueblatimes.mx\/index.php\/2025\/02\/13\/se-registra-balacera-y-persecucion-en-la-via-atlixcayotl-concluye-con-la-aprehension-de-tres-personas\/","title":{"rendered":"Se registra balacera y persecuci\u00f3n en la V\u00eda Atlixc\u00e1yotl; concluye con la aprehensi\u00f3n de tres personas"},"content":{"rendered":"<p>En los l\u00edmites de Ocoyucan y Santa Isabel Cholula, se registr\u00f3 un amplio operativo policiaco que concluy\u00f3 con la aprehensi\u00f3n de tres personas.<\/p>\n<p>Sin embargo, de acuerdo a versiones extraoficiales habr\u00eda otras dos personas en fuga.<\/p>\n<p>La acci\u00f3n policiaca se registr\u00f3 a la altura del kil\u00f3metro 18 y en los l\u00edmites de los municipios de Ocoyucan y Santa Isabel Cholula.<\/p>\n<p>Los primeros datos refieren que el dispositivo policiaco se origin\u00f3 cuando se recibi\u00f3 una alerta sobre un grupo de veh\u00edculos circulando de manera sospechosa, sobre la V\u00eda Atlixc\u00e1yotl.<\/p>\n<p>Tras la persecuci\u00f3n los elementos policiacos lograron aprender a tres sujetos, en tanto otros lograron evadirse; sin embargo, se amplio el per\u00edmetro de acci\u00f3n con el prop\u00f3sito de ubicarlos.<\/p>\n<p>De manera extra oficial, se sabe que los involucrados portaban armas de fuego de alto calibre, y las habr\u00edan accionado para tratar de evitar su aprehensi\u00f3n.<\/p>\n<p>En el despliegue policial tomaron parte elementos de Atlixco, San Andr\u00e9s Cholula y de la polic\u00eda estatal.<\/p>\n<p>La presencia de unidades policiacas sobre la Atlixc\u00e1yotl, provoc\u00f3 el desconcierto de transe\u00fantes y residentes del \u00e1rea.<\/p>\n<p>Al momento se desconoce la identidad de los aprehendidos.<\/p>\n","protected":false},"excerpt":{"rendered":"<p>En los l\u00edmites de Ocoyucan y Santa Isabel Cholula, se registr\u00f3 un amplio operativo policiaco que concluy\u00f3 con la aprehensi\u00f3n de tres personas. Sin embargo, de acuerdo a versiones extraoficiales habr\u00eda otras dos personas en fuga. La acci\u00f3n policiaca se registr\u00f3 a la altura del kil\u00f3metro 18 y en los l\u00edmites de los municipios de&#8230;<\/p>\n","protected":false},"author":16,"featured_media":27841,"comment_status":"closed","ping_status":"closed","sticky":false,"template":"","format":"standard","meta":[],"categories":[3],"tags":[261,238,31,3189],"yoast_head":"<!-- This site is optimized with the Yoast SEO plugin v20.8 - https:\/\/yoast.com\/wordpress\/plugins\/seo\/ -->\n<title>Se registra balacera y persecuci\u00f3n en la V\u00eda Atlixc\u00e1yotl; concluye con la aprehensi\u00f3n de tres personas - The Puebla Times<\/title>\n<meta name=\"robots\" content=\"index, follow, max-snippet:-1, max-image-preview:large, max-video-preview:-1\" \/>\n<link rel=\"canonical\" href=\"https:\/\/thepueblatimes.mx\/index.php\/2025\/02\/13\/se-registra-balacera-y-persecucion-en-la-via-atlixcayotl-concluye-con-la-aprehension-de-tres-personas\/\" \/>\n<meta property=\"og:locale\" content=\"es_ES\" \/>\n<meta property=\"og:type\" content=\"article\" \/>\n<meta property=\"og:title\" content=\"Se registra balacera y persecuci\u00f3n en la V\u00eda Atlixc\u00e1yotl; concluye con la aprehensi\u00f3n de tres personas - The Puebla Times\" \/>\n<meta property=\"og:description\" content=\"En los l\u00edmites de Ocoyucan y Santa Isabel Cholula, se registr\u00f3 un amplio operativo policiaco que concluy\u00f3 con la aprehensi\u00f3n de tres personas. Sin embargo, de acuerdo a versiones extraoficiales habr\u00eda otras dos personas en fuga. La acci\u00f3n policiaca se registr\u00f3 a la altura del kil\u00f3metro 18 y en los l\u00edmites de los municipios de...\" \/>\n<meta property=\"og:url\" content=\"https:\/\/thepueblatimes.mx\/index.php\/2025\/02\/13\/se-registra-balacera-y-persecucion-en-la-via-atlixcayotl-concluye-con-la-aprehension-de-tres-personas\/\" \/>\n<meta property=\"og:site_name\" content=\"The Puebla Times\" \/>\n<meta property=\"article:published_time\" content=\"2025-02-14T00:28:11+00:00\" \/>\n<meta property=\"og:image\" content=\"https:\/\/thepueblatimes.mx\/wp-content\/uploads\/2025\/02\/image0_-_2025-02-13t142115.955.jpeg\" \/>\n\t<meta property=\"og:image:width\" content=\"1455\" \/>\n\t<meta property=\"og:image:height\" content=\"802\" \/>\n\t<meta property=\"og:image:type\" content=\"image\/jpeg\" \/>\n<meta name=\"author\" content=\"Sa\u00fal Hern\u00e1ndez\" \/>\n<meta name=\"twitter:card\" content=\"summary_large_image\" \/>\n<meta name=\"twitter:label1\" content=\"Escrito por\" \/>\n\t<meta name=\"twitter:data1\" content=\"Sa\u00fal Hern\u00e1ndez\" \/>\n\t<meta name=\"twitter:label2\" content=\"Tiempo de lectura\" \/>\n\t<meta name=\"twitter:data2\" content=\"1 minuto\" \/>\n<script type=\"application\/ld+json\" class=\"yoast-schema-graph\">{\"@context\":\"https:\/\/schema.org\",\"@graph\":[{\"@type\":\"WebPage\",\"@id\":\"https:\/\/thepueblatimes.mx\/index.php\/2025\/02\/13\/se-registra-balacera-y-persecucion-en-la-via-atlixcayotl-concluye-con-la-aprehension-de-tres-personas\/\",\"url\":\"https:\/\/thepueblatimes.mx\/index.php\/2025\/02\/13\/se-registra-balacera-y-persecucion-en-la-via-atlixcayotl-concluye-con-la-aprehension-de-tres-personas\/\",\"name\":\"Se registra balacera y persecuci\u00f3n en la V\u00eda Atlixc\u00e1yotl; concluye con la aprehensi\u00f3n de tres personas - The Puebla Times\",\"isPartOf\":{\"@id\":\"https:\/\/thepueblatimes.mx\/#website\"},\"datePublished\":\"2025-02-14T00:28:11+00:00\",\"dateModified\":\"2025-02-14T00:28:11+00:00\",\"author\":{\"@id\":\"https:\/\/thepueblatimes.mx\/#\/schema\/person\/1664894c2f65ce2c7a08d8f5f905c13c\"},\"breadcrumb\":{\"@id\":\"https:\/\/thepueblatimes.mx\/index.php\/2025\/02\/13\/se-registra-balacera-y-persecucion-en-la-via-atlixcayotl-concluye-con-la-aprehension-de-tres-personas\/#breadcrumb\"},\"inLanguage\":\"es\",\"potentialAction\":[{\"@type\":\"ReadAction\",\"target\":[\"https:\/\/thepueblatimes.mx\/index.php\/2025\/02\/13\/se-registra-balacera-y-persecucion-en-la-via-atlixcayotl-concluye-con-la-aprehension-de-tres-personas\/\"]}]},{\"@type\":\"BreadcrumbList\",\"@id\":\"https:\/\/thepueblatimes.mx\/index.php\/2025\/02\/13\/se-registra-balacera-y-persecucion-en-la-via-atlixcayotl-concluye-con-la-aprehension-de-tres-personas\/#breadcrumb\",\"itemListElement\":[{\"@type\":\"ListItem\",\"position\":1,\"name\":\"Portada\",\"item\":\"https:\/\/thepueblatimes.mx\/\"},{\"@type\":\"ListItem\",\"position\":2,\"name\":\"Se registra balacera y persecuci\u00f3n en la V\u00eda Atlixc\u00e1yotl; concluye con la aprehensi\u00f3n de tres personas\"}]},{\"@type\":\"WebSite\",\"@id\":\"https:\/\/thepueblatimes.mx\/#website\",\"url\":\"https:\/\/thepueblatimes.mx\/\",\"name\":\"The Puebla Times\",\"description\":\"Noticias del Estado de Puebla\",\"potentialAction\":[{\"@type\":\"SearchAction\",\"target\":{\"@type\":\"EntryPoint\",\"urlTemplate\":\"https:\/\/thepueblatimes.mx\/?s={search_term_string}\"},\"query-input\":\"required name=search_term_string\"}],\"inLanguage\":\"es\"},{\"@type\":\"Person\",\"@id\":\"https:\/\/thepueblatimes.mx\/#\/schema\/person\/1664894c2f65ce2c7a08d8f5f905c13c\",\"name\":\"Sa\u00fal Hern\u00e1ndez\",\"image\":{\"@type\":\"ImageObject\",\"inLanguage\":\"es\",\"@id\":\"https:\/\/thepueblatimes.mx\/#\/schema\/person\/image\/\",\"url\":\"https:\/\/secure.gravatar.com\/avatar\/11be338693f243309532caad8f10c930?s=96&d=mm&r=g\",\"contentUrl\":\"https:\/\/secure.gravatar.com\/avatar\/11be338693f243309532caad8f10c930?s=96&d=mm&r=g\",\"caption\":\"Sa\u00fal Hern\u00e1ndez\"},\"url\":\"https:\/\/thepueblatimes.mx\/index.php\/author\/saulhernandez\/\"}]}<\/script>\n<!-- \/ Yoast SEO plugin. -->","yoast_head_json":{"title":"Se registra balacera y persecuci\u00f3n en la V\u00eda Atlixc\u00e1yotl; concluye con la aprehensi\u00f3n de tres personas - The Puebla Times","robots":{"index":"index","follow":"follow","max-snippet":"max-snippet:-1","max-image-preview":"max-image-preview:large","max-video-preview":"max-video-preview:-1"},"canonical":"https:\/\/thepueblatimes.mx\/index.php\/2025\/02\/13\/se-registra-balacera-y-persecucion-en-la-via-atlixcayotl-concluye-con-la-aprehension-de-tres-personas\/","og_locale":"es_ES","og_type":"article","og_title":"Se registra balacera y persecuci\u00f3n en la V\u00eda Atlixc\u00e1yotl; concluye con la aprehensi\u00f3n de tres personas - The Puebla Times","og_description":"En los l\u00edmites de Ocoyucan y Santa Isabel Cholula, se registr\u00f3 un amplio operativo policiaco que concluy\u00f3 con la aprehensi\u00f3n de tres personas. Sin embargo, de acuerdo a versiones extraoficiales habr\u00eda otras dos personas en fuga. La acci\u00f3n policiaca se registr\u00f3 a la altura del kil\u00f3metro 18 y en los l\u00edmites de los municipios de...","og_url":"https:\/\/thepueblatimes.mx\/index.php\/2025\/02\/13\/se-registra-balacera-y-persecucion-en-la-via-atlixcayotl-concluye-con-la-aprehension-de-tres-personas\/","og_site_name":"The Puebla Times","article_published_time":"2025-02-14T00:28:11+00:00","og_image":[{"width":1455,"height":802,"url":"https:\/\/thepueblatimes.mx\/wp-content\/uploads\/2025\/02\/image0_-_2025-02-13t142115.955.jpeg","type":"image\/jpeg"}],"author":"Sa\u00fal Hern\u00e1ndez","twitter_card":"summary_large_image","twitter_misc":{"Escrito por":"Sa\u00fal Hern\u00e1ndez","Tiempo de lectura":"1 minuto"},"schema":{"@context":"https:\/\/schema.org","@graph":[{"@type":"WebPage","@id":"https:\/\/thepueblatimes.mx\/index.php\/2025\/02\/13\/se-registra-balacera-y-persecucion-en-la-via-atlixcayotl-concluye-con-la-aprehension-de-tres-personas\/","url":"https:\/\/thepueblatimes.mx\/index.php\/2025\/02\/13\/se-registra-balacera-y-persecucion-en-la-via-atlixcayotl-concluye-con-la-aprehension-de-tres-personas\/","name":"Se registra balacera y persecuci\u00f3n en la V\u00eda Atlixc\u00e1yotl; concluye con la aprehensi\u00f3n de tres personas - The Puebla Times","isPartOf":{"@id":"https:\/\/thepueblatimes.mx\/#website"},"datePublished":"2025-02-14T00:28:11+00:00","dateModified":"2025-02-14T00:28:11+00:00","author":{"@id":"https:\/\/thepueblatimes.mx\/#\/schema\/person\/1664894c2f65ce2c7a08d8f5f905c13c"},"breadcrumb":{"@id":"https:\/\/thepueblatimes.mx\/index.php\/2025\/02\/13\/se-registra-balacera-y-persecucion-en-la-via-atlixcayotl-concluye-con-la-aprehension-de-tres-personas\/#breadcrumb"},"inLanguage":"es","potentialAction":[{"@type":"ReadAction","target":["https:\/\/thepueblatimes.mx\/index.php\/2025\/02\/13\/se-registra-balacera-y-persecucion-en-la-via-atlixcayotl-concluye-con-la-aprehension-de-tres-personas\/"]}]},{"@type":"BreadcrumbList","@id":"https:\/\/thepueblatimes.mx\/index.php\/2025\/02\/13\/se-registra-balacera-y-persecucion-en-la-via-atlixcayotl-concluye-con-la-aprehension-de-tres-personas\/#breadcrumb","itemListElement":[{"@type":"ListItem","position":1,"name":"Portada","item":"https:\/\/thepueblatimes.mx\/"},{"@type":"ListItem","position":2,"name":"Se registra balacera y persecuci\u00f3n en la V\u00eda Atlixc\u00e1yotl; concluye con la aprehensi\u00f3n de tres personas"}]},{"@type":"WebSite","@id":"https:\/\/thepueblatimes.mx\/#website","url":"https:\/\/thepueblatimes.mx\/","name":"The Puebla Times","description":"Noticias del Estado de Puebla","potentialAction":[{"@type":"SearchAction","target":{"@type":"EntryPoint","urlTemplate":"https:\/\/thepueblatimes.mx\/?s={search_term_string}"},"query-input":"required name=search_term_string"}],"inLanguage":"es"},{"@type":"Person","@id":"https:\/\/thepueblatimes.mx\/#\/schema\/person\/1664894c2f65ce2c7a08d8f5f905c13c","name":"Sa\u00fal Hern\u00e1ndez","image":{"@type":"ImageObject","inLanguage":"es","@id":"https:\/\/thepueblatimes.mx\/#\/schema\/person\/image\/","url":"https:\/\/secure.gravatar.com\/avatar\/11be338693f243309532caad8f10c930?s=96&d=mm&r=g","contentUrl":"https:\/\/secure.gravatar.com\/avatar\/11be338693f243309532caad8f10c930?s=96&d=mm&r=g","caption":"Sa\u00fal Hern\u00e1ndez"},"url":"https:\/\/thepueblatimes.mx\/index.php\/author\/saulhernandez\/"}]}},"jetpack_featured_media_url":"https:\/\/thepueblatimes.mx\/wp-content\/uploads\/2025\/02\/image0_-_2025-02-13t142115.955.jpeg","_links":{"self":[{"href":"https:\/\/thepueblatimes.mx\/index.php\/wp-json\/wp\/v2\/posts\/27840"}],"collection":[{"href":"https:\/\/thepueblatimes.mx\/index.php\/wp-json\/wp\/v2\/posts"}],"about":[{"href":"https:\/\/thepueblatimes.mx\/index.php\/wp-json\/wp\/v2\/types\/post"}],"author":[{"embeddable":true,"href":"https:\/\/thepueblatimes.mx\/index.php\/wp-json\/wp\/v2\/users\/16"}],"replies":[{"embeddable":true,"href":"https:\/\/thepueblatimes.mx\/index.php\/wp-json\/wp\/v2\/comments?post=27840"}],"version-history":[{"count":1,"href":"https:\/\/thepueblatimes.mx\/index.php\/wp-json\/wp\/v2\/posts\/27840\/revisions"}],"predecessor-version":[{"id":27842,"href":"https:\/\/thepueblatimes.mx\/index.php\/wp-json\/wp\/v2\/posts\/27840\/revisions\/27842"}],"wp:featuredmedia":[{"embeddable":true,"href":"https:\/\/thepueblatimes.mx\/index.php\/wp-json\/wp\/v2\/media\/27841"}],"wp:attachment":[{"href":"https:\/\/thepueblatimes.mx\/index.php\/wp-json\/wp\/v2\/media?parent=27840"}],"wp:term":[{"taxonomy":"category","embeddable":true,"href":"https:\/\/thepueblatimes.mx\/index.php\/wp-json\/wp\/v2\/categories?post=27840"},{"taxonomy":"post_tag","embeddable":true,"href":"https:\/\/thepueblatimes.mx\/index.php\/wp-json\/wp\/v2\/tags?post=27840"}],"curies":[{"name":"wp","href":"https:\/\/api.w.org\/{rel}","templated":true}]}}