{"id":27836,"date":"2025-02-13T17:56:41","date_gmt":"2025-02-13T23:56:41","guid":{"rendered":"https:\/\/thepueblatimes.mx\/?p=27836"},"modified":"2025-02-13T17:56:41","modified_gmt":"2025-02-13T23:56:41","slug":"combate-frontal-a-la-corrupcion-para-erradicar-negocios-leoninos-armenta","status":"publish","type":"post","link":"https:\/\/thepueblatimes.mx\/index.php\/2025\/02\/13\/combate-frontal-a-la-corrupcion-para-erradicar-negocios-leoninos-armenta\/","title":{"rendered":"Combate frontal a la corrupci\u00f3n para erradicar \u201cnegocios leoninos\u201d: Armenta"},"content":{"rendered":"<h3><em><strong>-Estoy para servir al estado y no voy a hacer nada que lo da\u00f1e, resalt\u00f3 el gobernador.<\/strong><\/em><br \/>\n<em><strong>-Reiter\u00f3 que el gobierno bio\u00e9tico que representa sirve a la gente, no se sirve de ella.<\/strong><\/em><\/h3>\n<p>CIUDAD DE PUEBLA, Pue.- El gobernador Alejandro Armenta aclar\u00f3 que el estilo de gobierno bio\u00e9tico que representa, es un gobierno que ama a su poblaci\u00f3n, que le sirve, ya que, \u201cun gobierno que no ama no sirve, se sirve\u201d. Por ello fue contundente al afirmar que no apoyar\u00e1 \u201cnegocios leoninos, ni vergonzosos\u201d, como algunos que le han ofrecido durante estos primeros 62 d\u00edas de su gesti\u00f3n.<\/p>\n<p>De manera decidida y siguiendo los preceptos de la bio\u00e9tica, el gobernador expres\u00f3 su visi\u00f3n para desterrar las pr\u00e1cticas nocivas y contrarias a la austeridad en el gobierno.<\/p>\n<p>Alejandro Armenta relat\u00f3 que ha recibido propuestas da\u00f1inas al sentido social y a la honestidad en el manejo de los recursos p\u00fablicos: \u201cYo creo en la cuarta transformaci\u00f3n, entonces yo estoy para servir al estado y no voy a hacer nada que lo da\u00f1e, y lo que t\u00fa me est\u00e1s ofreciendo es algo que lo va a da\u00f1ar y que me va a beneficiar a m\u00ed, entonces te pido que me respetes y no me hagas propuestas de esa naturaleza\u201d, narr\u00f3 el mandatario estatal.<\/p>\n<p>El mandatario explic\u00f3 que la estrategia de contar los d\u00edas de su gobierno es un modelo de planeaci\u00f3n, de prospectiva, de l\u00ednea de tiempo que significa reconocer que el servicio p\u00fablico es temporal y que el servicio a las personas debe prevalecer en quienes detentan el poder: \u201c\u00a1Gobernador, no eres eterno!, \u00a1si Dios te presta vida, te faltan 2 mil 129 d\u00edas!, \u00bfc\u00f3mo quieres salir? Compa\u00f1eros de gabinete, \u00bfc\u00f3mo quieren salir?\u201d, exigi\u00f3 el mandatario, al demandar un comportamiento \u00e9tico de las y los servidores p\u00fablicos de su administraci\u00f3n.<\/p>\n<p>En la ma\u00f1anera estuvieron presentes el secretario de Gobernaci\u00f3n, Samuel Aguilar Pala; el coordinador de Gabinete, Jos\u00e9 Luis Garc\u00eda Parra; el secretario de Seguridad P\u00fablica, vicealmirante Francisco S\u00e1nchez Gonz\u00e1lez; el secretario de Educaci\u00f3n P\u00fablica, Manuel Viveros Narciso; la secretaria de Agricultura y Desarrollo Rural, Ana Laura Altamirano; la titular de Medio Ambiente, Desarrollo Sustentable y Ordenamiento Territorial, Rebeca Ba\u00f1uelos Guadarrama; el director del DIF Estatal, Raymundo Atanacio Luna; la titular de Convenciones y Parques, Michelle Talavera Herrera; la directora de SICOM, Natalie Hoyos L\u00f3pez y el coordinador del Programa de Mantenimiento Permanente, Israel Pacheco.<\/p>\n","protected":false},"excerpt":{"rendered":"<p>-Estoy para servir al estado y no voy a hacer nada que lo da\u00f1e, resalt\u00f3 el gobernador. -Reiter\u00f3 que el gobierno bio\u00e9tico que representa sirve a la gente, no se sirve de ella. CIUDAD DE PUEBLA, Pue.- El gobernador Alejandro Armenta aclar\u00f3 que el estilo de gobierno bio\u00e9tico que representa, es un gobierno que ama&#8230;<\/p>\n","protected":false},"author":16,"featured_media":27837,"comment_status":"closed","ping_status":"closed","sticky":false,"template":"","format":"standard","meta":[],"categories":[3],"tags":[1651,3188,148,1273,3187],"yoast_head":"<!-- This site is optimized with the Yoast SEO plugin v20.8 - https:\/\/yoast.com\/wordpress\/plugins\/seo\/ -->\n<title>Combate frontal a la corrupci\u00f3n para erradicar \u201cnegocios leoninos\u201d: Armenta - The Puebla Times<\/title>\n<meta name=\"robots\" content=\"index, follow, max-snippet:-1, max-image-preview:large, max-video-preview:-1\" \/>\n<link rel=\"canonical\" href=\"https:\/\/thepueblatimes.mx\/index.php\/2025\/02\/13\/combate-frontal-a-la-corrupcion-para-erradicar-negocios-leoninos-armenta\/\" \/>\n<meta property=\"og:locale\" content=\"es_ES\" \/>\n<meta property=\"og:type\" content=\"article\" \/>\n<meta property=\"og:title\" content=\"Combate frontal a la corrupci\u00f3n para erradicar \u201cnegocios leoninos\u201d: Armenta - The Puebla Times\" \/>\n<meta property=\"og:description\" content=\"-Estoy para servir al estado y no voy a hacer nada que lo da\u00f1e, resalt\u00f3 el gobernador. -Reiter\u00f3 que el gobierno bio\u00e9tico que representa sirve a la gente, no se sirve de ella. CIUDAD DE PUEBLA, Pue.- El gobernador Alejandro Armenta aclar\u00f3 que el estilo de gobierno bio\u00e9tico que representa, es un gobierno que ama...\" \/>\n<meta property=\"og:url\" content=\"https:\/\/thepueblatimes.mx\/index.php\/2025\/02\/13\/combate-frontal-a-la-corrupcion-para-erradicar-negocios-leoninos-armenta\/\" \/>\n<meta property=\"og:site_name\" content=\"The Puebla Times\" \/>\n<meta property=\"article:published_time\" content=\"2025-02-13T23:56:41+00:00\" \/>\n<meta property=\"og:image\" content=\"https:\/\/thepueblatimes.mx\/wp-content\/uploads\/2025\/02\/WhatsApp-Image-2025-02-13-at-15.09.56-scaled.jpeg\" \/>\n\t<meta property=\"og:image:width\" content=\"2560\" \/>\n\t<meta property=\"og:image:height\" content=\"1832\" \/>\n\t<meta property=\"og:image:type\" content=\"image\/jpeg\" \/>\n<meta name=\"author\" content=\"Sa\u00fal Hern\u00e1ndez\" \/>\n<meta name=\"twitter:card\" content=\"summary_large_image\" \/>\n<meta name=\"twitter:label1\" content=\"Escrito por\" \/>\n\t<meta name=\"twitter:data1\" content=\"Sa\u00fal Hern\u00e1ndez\" \/>\n\t<meta name=\"twitter:label2\" content=\"Tiempo de lectura\" \/>\n\t<meta name=\"twitter:data2\" content=\"2 minutos\" \/>\n<script type=\"application\/ld+json\" class=\"yoast-schema-graph\">{\"@context\":\"https:\/\/schema.org\",\"@graph\":[{\"@type\":\"WebPage\",\"@id\":\"https:\/\/thepueblatimes.mx\/index.php\/2025\/02\/13\/combate-frontal-a-la-corrupcion-para-erradicar-negocios-leoninos-armenta\/\",\"url\":\"https:\/\/thepueblatimes.mx\/index.php\/2025\/02\/13\/combate-frontal-a-la-corrupcion-para-erradicar-negocios-leoninos-armenta\/\",\"name\":\"Combate frontal a la corrupci\u00f3n para erradicar \u201cnegocios leoninos\u201d: Armenta - The Puebla Times\",\"isPartOf\":{\"@id\":\"https:\/\/thepueblatimes.mx\/#website\"},\"datePublished\":\"2025-02-13T23:56:41+00:00\",\"dateModified\":\"2025-02-13T23:56:41+00:00\",\"author\":{\"@id\":\"https:\/\/thepueblatimes.mx\/#\/schema\/person\/1664894c2f65ce2c7a08d8f5f905c13c\"},\"breadcrumb\":{\"@id\":\"https:\/\/thepueblatimes.mx\/index.php\/2025\/02\/13\/combate-frontal-a-la-corrupcion-para-erradicar-negocios-leoninos-armenta\/#breadcrumb\"},\"inLanguage\":\"es\",\"potentialAction\":[{\"@type\":\"ReadAction\",\"target\":[\"https:\/\/thepueblatimes.mx\/index.php\/2025\/02\/13\/combate-frontal-a-la-corrupcion-para-erradicar-negocios-leoninos-armenta\/\"]}]},{\"@type\":\"BreadcrumbList\",\"@id\":\"https:\/\/thepueblatimes.mx\/index.php\/2025\/02\/13\/combate-frontal-a-la-corrupcion-para-erradicar-negocios-leoninos-armenta\/#breadcrumb\",\"itemListElement\":[{\"@type\":\"ListItem\",\"position\":1,\"name\":\"Portada\",\"item\":\"https:\/\/thepueblatimes.mx\/\"},{\"@type\":\"ListItem\",\"position\":2,\"name\":\"Combate frontal a la corrupci\u00f3n para erradicar \u201cnegocios leoninos\u201d: Armenta\"}]},{\"@type\":\"WebSite\",\"@id\":\"https:\/\/thepueblatimes.mx\/#website\",\"url\":\"https:\/\/thepueblatimes.mx\/\",\"name\":\"The Puebla Times\",\"description\":\"Noticias del Estado de Puebla\",\"potentialAction\":[{\"@type\":\"SearchAction\",\"target\":{\"@type\":\"EntryPoint\",\"urlTemplate\":\"https:\/\/thepueblatimes.mx\/?s={search_term_string}\"},\"query-input\":\"required name=search_term_string\"}],\"inLanguage\":\"es\"},{\"@type\":\"Person\",\"@id\":\"https:\/\/thepueblatimes.mx\/#\/schema\/person\/1664894c2f65ce2c7a08d8f5f905c13c\",\"name\":\"Sa\u00fal Hern\u00e1ndez\",\"image\":{\"@type\":\"ImageObject\",\"inLanguage\":\"es\",\"@id\":\"https:\/\/thepueblatimes.mx\/#\/schema\/person\/image\/\",\"url\":\"https:\/\/secure.gravatar.com\/avatar\/11be338693f243309532caad8f10c930?s=96&d=mm&r=g\",\"contentUrl\":\"https:\/\/secure.gravatar.com\/avatar\/11be338693f243309532caad8f10c930?s=96&d=mm&r=g\",\"caption\":\"Sa\u00fal Hern\u00e1ndez\"},\"url\":\"https:\/\/thepueblatimes.mx\/index.php\/author\/saulhernandez\/\"}]}<\/script>\n<!-- \/ Yoast SEO plugin. -->","yoast_head_json":{"title":"Combate frontal a la corrupci\u00f3n para erradicar \u201cnegocios leoninos\u201d: Armenta - The Puebla Times","robots":{"index":"index","follow":"follow","max-snippet":"max-snippet:-1","max-image-preview":"max-image-preview:large","max-video-preview":"max-video-preview:-1"},"canonical":"https:\/\/thepueblatimes.mx\/index.php\/2025\/02\/13\/combate-frontal-a-la-corrupcion-para-erradicar-negocios-leoninos-armenta\/","og_locale":"es_ES","og_type":"article","og_title":"Combate frontal a la corrupci\u00f3n para erradicar \u201cnegocios leoninos\u201d: Armenta - The Puebla Times","og_description":"-Estoy para servir al estado y no voy a hacer nada que lo da\u00f1e, resalt\u00f3 el gobernador. -Reiter\u00f3 que el gobierno bio\u00e9tico que representa sirve a la gente, no se sirve de ella. CIUDAD DE PUEBLA, Pue.- El gobernador Alejandro Armenta aclar\u00f3 que el estilo de gobierno bio\u00e9tico que representa, es un gobierno que ama...","og_url":"https:\/\/thepueblatimes.mx\/index.php\/2025\/02\/13\/combate-frontal-a-la-corrupcion-para-erradicar-negocios-leoninos-armenta\/","og_site_name":"The Puebla Times","article_published_time":"2025-02-13T23:56:41+00:00","og_image":[{"width":2560,"height":1832,"url":"https:\/\/thepueblatimes.mx\/wp-content\/uploads\/2025\/02\/WhatsApp-Image-2025-02-13-at-15.09.56-scaled.jpeg","type":"image\/jpeg"}],"author":"Sa\u00fal Hern\u00e1ndez","twitter_card":"summary_large_image","twitter_misc":{"Escrito por":"Sa\u00fal Hern\u00e1ndez","Tiempo de lectura":"2 minutos"},"schema":{"@context":"https:\/\/schema.org","@graph":[{"@type":"WebPage","@id":"https:\/\/thepueblatimes.mx\/index.php\/2025\/02\/13\/combate-frontal-a-la-corrupcion-para-erradicar-negocios-leoninos-armenta\/","url":"https:\/\/thepueblatimes.mx\/index.php\/2025\/02\/13\/combate-frontal-a-la-corrupcion-para-erradicar-negocios-leoninos-armenta\/","name":"Combate frontal a la corrupci\u00f3n para erradicar \u201cnegocios leoninos\u201d: Armenta - The Puebla Times","isPartOf":{"@id":"https:\/\/thepueblatimes.mx\/#website"},"datePublished":"2025-02-13T23:56:41+00:00","dateModified":"2025-02-13T23:56:41+00:00","author":{"@id":"https:\/\/thepueblatimes.mx\/#\/schema\/person\/1664894c2f65ce2c7a08d8f5f905c13c"},"breadcrumb":{"@id":"https:\/\/thepueblatimes.mx\/index.php\/2025\/02\/13\/combate-frontal-a-la-corrupcion-para-erradicar-negocios-leoninos-armenta\/#breadcrumb"},"inLanguage":"es","potentialAction":[{"@type":"ReadAction","target":["https:\/\/thepueblatimes.mx\/index.php\/2025\/02\/13\/combate-frontal-a-la-corrupcion-para-erradicar-negocios-leoninos-armenta\/"]}]},{"@type":"BreadcrumbList","@id":"https:\/\/thepueblatimes.mx\/index.php\/2025\/02\/13\/combate-frontal-a-la-corrupcion-para-erradicar-negocios-leoninos-armenta\/#breadcrumb","itemListElement":[{"@type":"ListItem","position":1,"name":"Portada","item":"https:\/\/thepueblatimes.mx\/"},{"@type":"ListItem","position":2,"name":"Combate frontal a la corrupci\u00f3n para erradicar \u201cnegocios leoninos\u201d: Armenta"}]},{"@type":"WebSite","@id":"https:\/\/thepueblatimes.mx\/#website","url":"https:\/\/thepueblatimes.mx\/","name":"The Puebla Times","description":"Noticias del Estado de Puebla","potentialAction":[{"@type":"SearchAction","target":{"@type":"EntryPoint","urlTemplate":"https:\/\/thepueblatimes.mx\/?s={search_term_string}"},"query-input":"required name=search_term_string"}],"inLanguage":"es"},{"@type":"Person","@id":"https:\/\/thepueblatimes.mx\/#\/schema\/person\/1664894c2f65ce2c7a08d8f5f905c13c","name":"Sa\u00fal Hern\u00e1ndez","image":{"@type":"ImageObject","inLanguage":"es","@id":"https:\/\/thepueblatimes.mx\/#\/schema\/person\/image\/","url":"https:\/\/secure.gravatar.com\/avatar\/11be338693f243309532caad8f10c930?s=96&d=mm&r=g","contentUrl":"https:\/\/secure.gravatar.com\/avatar\/11be338693f243309532caad8f10c930?s=96&d=mm&r=g","caption":"Sa\u00fal Hern\u00e1ndez"},"url":"https:\/\/thepueblatimes.mx\/index.php\/author\/saulhernandez\/"}]}},"jetpack_featured_media_url":"https:\/\/thepueblatimes.mx\/wp-content\/uploads\/2025\/02\/WhatsApp-Image-2025-02-13-at-15.09.56-scaled.jpeg","_links":{"self":[{"href":"https:\/\/thepueblatimes.mx\/index.php\/wp-json\/wp\/v2\/posts\/27836"}],"collection":[{"href":"https:\/\/thepueblatimes.mx\/index.php\/wp-json\/wp\/v2\/posts"}],"about":[{"href":"https:\/\/thepueblatimes.mx\/index.php\/wp-json\/wp\/v2\/types\/post"}],"author":[{"embeddable":true,"href":"https:\/\/thepueblatimes.mx\/index.php\/wp-json\/wp\/v2\/users\/16"}],"replies":[{"embeddable":true,"href":"https:\/\/thepueblatimes.mx\/index.php\/wp-json\/wp\/v2\/comments?post=27836"}],"version-history":[{"count":1,"href":"https:\/\/thepueblatimes.mx\/index.php\/wp-json\/wp\/v2\/posts\/27836\/revisions"}],"predecessor-version":[{"id":27838,"href":"https:\/\/thepueblatimes.mx\/index.php\/wp-json\/wp\/v2\/posts\/27836\/revisions\/27838"}],"wp:featuredmedia":[{"embeddable":true,"href":"https:\/\/thepueblatimes.mx\/index.php\/wp-json\/wp\/v2\/media\/27837"}],"wp:attachment":[{"href":"https:\/\/thepueblatimes.mx\/index.php\/wp-json\/wp\/v2\/media?parent=27836"}],"wp:term":[{"taxonomy":"category","embeddable":true,"href":"https:\/\/thepueblatimes.mx\/index.php\/wp-json\/wp\/v2\/categories?post=27836"},{"taxonomy":"post_tag","embeddable":true,"href":"https:\/\/thepueblatimes.mx\/index.php\/wp-json\/wp\/v2\/tags?post=27836"}],"curies":[{"name":"wp","href":"https:\/\/api.w.org\/{rel}","templated":true}]}}