{"id":27832,"date":"2025-02-13T14:38:02","date_gmt":"2025-02-13T20:38:02","guid":{"rendered":"https:\/\/thepueblatimes.mx\/?p=27832"},"modified":"2025-02-13T14:38:02","modified_gmt":"2025-02-13T20:38:02","slug":"ceci-arellano-10-compromisos","status":"publish","type":"post","link":"https:\/\/thepueblatimes.mx\/index.php\/2025\/02\/13\/ceci-arellano-10-compromisos\/","title":{"rendered":"Ceci Arellano: 10 compromisos"},"content":{"rendered":"<p>LA PASARELA<\/p>\n<p>POR JORGE CASTILLO<\/p>\n<p>\u201cIr m\u00e1s all\u00e1 de lo asistencialista\u00bb, un objetivo que se puso muy alto, pero muy humano, Cecilia Arellano P\u00e9rez, la nueva presidenta del patronato del DIF en el estado.<\/p>\n<p>Al rendir protesta, hizo el compromiso de fortalecer el bienestar de las familias poblanas, proponiendo pol\u00edticas transversales que involucren a todas las dependencias del gobierno estatal.<\/p>\n<p>\u201cSer\u00e1 un acompa\u00f1amiento sin protagonismo, vamos a hacer un gran equipo\u201d, dijo el gobernador Alejandro Armenta a su esposa.<\/p>\n<p>Ceci Arellano, asever\u00f3 que el organismo ser\u00e1 un puente de la esperanza, m\u00e1s all\u00e1 de lo asistencialista.<\/p>\n<p>O sea, un DIF que no ir\u00e1 solo trabajando, como ha sido la costumbre, sino enfocado a toda una estrategia que ha emprendido el gobierno de Alejandro Armenta Mier.<\/p>\n<p>Present\u00f3 diez compromisos clave para su gesti\u00f3n:<\/p>\n<p>Protecci\u00f3n a la infancia: Implementar programas de asistencia y detecci\u00f3n de talentos en casas de asistencia.<\/p>\n<p>Apoyo integral a la familia: Desarrollar programas de alimentaci\u00f3n y huertos escolares.<\/p>\n<p>Respeto y cuidado a los adultos mayores: Establecer \u00abCasas del Abue\u00bb en Puebla capital y zona conurbada, adem\u00e1s de unidades de cuidados especiales en cada municipio.<\/p>\n<p>Inclusi\u00f3n de personas con discapacidad: Construir un nuevo pabell\u00f3n en la Casa de \u00c1ngeles.<\/p>\n<p>Salud emocional y mental: Crear un Centro de Salud Emocional en Casa Puebla.<\/p>\n<p>Certificaci\u00f3n del programa de adopciones: Agilizar procesos y garantizar transparencia.<\/p>\n<p>Empoderamiento de las mujeres poblanas: Ofrecer talleres y establecer \u00abCasas Carmen Serd\u00e1n\u00bb para fomentar la autosuficiencia econ\u00f3mica.<\/p>\n<p>Centro de Bienestar Animal: Construir instalaciones en la zona de Flor del Bosque.<\/p>\n<p>Atenci\u00f3n a la poblaci\u00f3n en emergencias: Mejorar albergues y protocolos de respuesta.<\/p>\n<p>Alianzas estrat\u00e9gicas: Colaborar con asociaciones civiles, fundaciones y organismos internacionales para fortalecer programas sociales.<\/p>\n<p>Las iniciativas reflejan un enfoque integral de todo el gobierno.<\/p>\n<p>El sistema DIF en Puebla, como en muchas otras entidades del pa\u00eds, juega un papel fundamental en la vida de miles de familias, especialmente aquellas que atraviesan circunstancias dif\u00edciles.<\/p>\n<p>Con Cecilia Arellano, ser\u00e1 pilar de apoyo para los m\u00e1s vulnerables, garantizando que, a pesar de las crisis econ\u00f3micas, sociales y sanitarias, los derechos de los poblanos m\u00e1s necesitados sean resguardados con respeto y dignidad.<\/p>\n<p>No solo se trata de ofrecer ayudas inmediatas, sino de generar condiciones de bienestar a largo plazo.<\/p>\n<p>Simple, pero complicado a la vez<\/p>\n<p>El reto seguir avanzando y no perder de vista a aquellos que necesitan de la mano solidaria del DIF.<\/p>\n<p>Tiempo al tiempo.<\/p>\n<p>&nbsp;<\/p>\n","protected":false},"excerpt":{"rendered":"<p>LA PASARELA POR JORGE CASTILLO \u201cIr m\u00e1s all\u00e1 de lo asistencialista\u00bb, un objetivo que se puso muy alto, pero muy humano, Cecilia Arellano P\u00e9rez, la nueva presidenta del patronato del DIF en el estado. Al rendir protesta, hizo el compromiso de fortalecer el bienestar de las familias poblanas, proponiendo pol\u00edticas transversales que involucren a todas&#8230;<\/p>\n","protected":false},"author":16,"featured_media":27833,"comment_status":"closed","ping_status":"closed","sticky":false,"template":"","format":"standard","meta":[],"categories":[10],"tags":[187,1523,49,1341],"yoast_head":"<!-- This site is optimized with the Yoast SEO plugin v20.8 - https:\/\/yoast.com\/wordpress\/plugins\/seo\/ -->\n<title>Ceci Arellano: 10 compromisos - The Puebla Times<\/title>\n<meta name=\"robots\" content=\"index, follow, max-snippet:-1, max-image-preview:large, max-video-preview:-1\" \/>\n<link rel=\"canonical\" href=\"https:\/\/thepueblatimes.mx\/index.php\/2025\/02\/13\/ceci-arellano-10-compromisos\/\" \/>\n<meta property=\"og:locale\" content=\"es_ES\" \/>\n<meta property=\"og:type\" content=\"article\" \/>\n<meta property=\"og:title\" content=\"Ceci Arellano: 10 compromisos - The Puebla Times\" \/>\n<meta property=\"og:description\" content=\"LA PASARELA POR JORGE CASTILLO \u201cIr m\u00e1s all\u00e1 de lo asistencialista\u00bb, un objetivo que se puso muy alto, pero muy humano, Cecilia Arellano P\u00e9rez, la nueva presidenta del patronato del DIF en el estado. Al rendir protesta, hizo el compromiso de fortalecer el bienestar de las familias poblanas, proponiendo pol\u00edticas transversales que involucren a todas...\" \/>\n<meta property=\"og:url\" content=\"https:\/\/thepueblatimes.mx\/index.php\/2025\/02\/13\/ceci-arellano-10-compromisos\/\" \/>\n<meta property=\"og:site_name\" content=\"The Puebla Times\" \/>\n<meta property=\"article:published_time\" content=\"2025-02-13T20:38:02+00:00\" \/>\n<meta property=\"og:image\" content=\"https:\/\/thepueblatimes.mx\/wp-content\/uploads\/2025\/02\/Gjn0pbwWkAAutqq.jpg\" \/>\n\t<meta property=\"og:image:width\" content=\"1388\" \/>\n\t<meta property=\"og:image:height\" content=\"1110\" \/>\n\t<meta property=\"og:image:type\" content=\"image\/jpeg\" \/>\n<meta name=\"author\" content=\"Sa\u00fal Hern\u00e1ndez\" \/>\n<meta name=\"twitter:card\" content=\"summary_large_image\" \/>\n<meta name=\"twitter:label1\" content=\"Escrito por\" \/>\n\t<meta name=\"twitter:data1\" content=\"Sa\u00fal Hern\u00e1ndez\" \/>\n\t<meta name=\"twitter:label2\" content=\"Tiempo de lectura\" \/>\n\t<meta name=\"twitter:data2\" content=\"2 minutos\" \/>\n<script type=\"application\/ld+json\" class=\"yoast-schema-graph\">{\"@context\":\"https:\/\/schema.org\",\"@graph\":[{\"@type\":\"WebPage\",\"@id\":\"https:\/\/thepueblatimes.mx\/index.php\/2025\/02\/13\/ceci-arellano-10-compromisos\/\",\"url\":\"https:\/\/thepueblatimes.mx\/index.php\/2025\/02\/13\/ceci-arellano-10-compromisos\/\",\"name\":\"Ceci Arellano: 10 compromisos - The Puebla Times\",\"isPartOf\":{\"@id\":\"https:\/\/thepueblatimes.mx\/#website\"},\"datePublished\":\"2025-02-13T20:38:02+00:00\",\"dateModified\":\"2025-02-13T20:38:02+00:00\",\"author\":{\"@id\":\"https:\/\/thepueblatimes.mx\/#\/schema\/person\/1664894c2f65ce2c7a08d8f5f905c13c\"},\"breadcrumb\":{\"@id\":\"https:\/\/thepueblatimes.mx\/index.php\/2025\/02\/13\/ceci-arellano-10-compromisos\/#breadcrumb\"},\"inLanguage\":\"es\",\"potentialAction\":[{\"@type\":\"ReadAction\",\"target\":[\"https:\/\/thepueblatimes.mx\/index.php\/2025\/02\/13\/ceci-arellano-10-compromisos\/\"]}]},{\"@type\":\"BreadcrumbList\",\"@id\":\"https:\/\/thepueblatimes.mx\/index.php\/2025\/02\/13\/ceci-arellano-10-compromisos\/#breadcrumb\",\"itemListElement\":[{\"@type\":\"ListItem\",\"position\":1,\"name\":\"Portada\",\"item\":\"https:\/\/thepueblatimes.mx\/\"},{\"@type\":\"ListItem\",\"position\":2,\"name\":\"Ceci Arellano: 10 compromisos\"}]},{\"@type\":\"WebSite\",\"@id\":\"https:\/\/thepueblatimes.mx\/#website\",\"url\":\"https:\/\/thepueblatimes.mx\/\",\"name\":\"The Puebla Times\",\"description\":\"Noticias del Estado de Puebla\",\"potentialAction\":[{\"@type\":\"SearchAction\",\"target\":{\"@type\":\"EntryPoint\",\"urlTemplate\":\"https:\/\/thepueblatimes.mx\/?s={search_term_string}\"},\"query-input\":\"required name=search_term_string\"}],\"inLanguage\":\"es\"},{\"@type\":\"Person\",\"@id\":\"https:\/\/thepueblatimes.mx\/#\/schema\/person\/1664894c2f65ce2c7a08d8f5f905c13c\",\"name\":\"Sa\u00fal Hern\u00e1ndez\",\"image\":{\"@type\":\"ImageObject\",\"inLanguage\":\"es\",\"@id\":\"https:\/\/thepueblatimes.mx\/#\/schema\/person\/image\/\",\"url\":\"https:\/\/secure.gravatar.com\/avatar\/11be338693f243309532caad8f10c930?s=96&d=mm&r=g\",\"contentUrl\":\"https:\/\/secure.gravatar.com\/avatar\/11be338693f243309532caad8f10c930?s=96&d=mm&r=g\",\"caption\":\"Sa\u00fal Hern\u00e1ndez\"},\"url\":\"https:\/\/thepueblatimes.mx\/index.php\/author\/saulhernandez\/\"}]}<\/script>\n<!-- \/ Yoast SEO plugin. -->","yoast_head_json":{"title":"Ceci Arellano: 10 compromisos - The Puebla Times","robots":{"index":"index","follow":"follow","max-snippet":"max-snippet:-1","max-image-preview":"max-image-preview:large","max-video-preview":"max-video-preview:-1"},"canonical":"https:\/\/thepueblatimes.mx\/index.php\/2025\/02\/13\/ceci-arellano-10-compromisos\/","og_locale":"es_ES","og_type":"article","og_title":"Ceci Arellano: 10 compromisos - The Puebla Times","og_description":"LA PASARELA POR JORGE CASTILLO \u201cIr m\u00e1s all\u00e1 de lo asistencialista\u00bb, un objetivo que se puso muy alto, pero muy humano, Cecilia Arellano P\u00e9rez, la nueva presidenta del patronato del DIF en el estado. Al rendir protesta, hizo el compromiso de fortalecer el bienestar de las familias poblanas, proponiendo pol\u00edticas transversales que involucren a todas...","og_url":"https:\/\/thepueblatimes.mx\/index.php\/2025\/02\/13\/ceci-arellano-10-compromisos\/","og_site_name":"The Puebla Times","article_published_time":"2025-02-13T20:38:02+00:00","og_image":[{"width":1388,"height":1110,"url":"https:\/\/thepueblatimes.mx\/wp-content\/uploads\/2025\/02\/Gjn0pbwWkAAutqq.jpg","type":"image\/jpeg"}],"author":"Sa\u00fal Hern\u00e1ndez","twitter_card":"summary_large_image","twitter_misc":{"Escrito por":"Sa\u00fal Hern\u00e1ndez","Tiempo de lectura":"2 minutos"},"schema":{"@context":"https:\/\/schema.org","@graph":[{"@type":"WebPage","@id":"https:\/\/thepueblatimes.mx\/index.php\/2025\/02\/13\/ceci-arellano-10-compromisos\/","url":"https:\/\/thepueblatimes.mx\/index.php\/2025\/02\/13\/ceci-arellano-10-compromisos\/","name":"Ceci Arellano: 10 compromisos - The Puebla Times","isPartOf":{"@id":"https:\/\/thepueblatimes.mx\/#website"},"datePublished":"2025-02-13T20:38:02+00:00","dateModified":"2025-02-13T20:38:02+00:00","author":{"@id":"https:\/\/thepueblatimes.mx\/#\/schema\/person\/1664894c2f65ce2c7a08d8f5f905c13c"},"breadcrumb":{"@id":"https:\/\/thepueblatimes.mx\/index.php\/2025\/02\/13\/ceci-arellano-10-compromisos\/#breadcrumb"},"inLanguage":"es","potentialAction":[{"@type":"ReadAction","target":["https:\/\/thepueblatimes.mx\/index.php\/2025\/02\/13\/ceci-arellano-10-compromisos\/"]}]},{"@type":"BreadcrumbList","@id":"https:\/\/thepueblatimes.mx\/index.php\/2025\/02\/13\/ceci-arellano-10-compromisos\/#breadcrumb","itemListElement":[{"@type":"ListItem","position":1,"name":"Portada","item":"https:\/\/thepueblatimes.mx\/"},{"@type":"ListItem","position":2,"name":"Ceci Arellano: 10 compromisos"}]},{"@type":"WebSite","@id":"https:\/\/thepueblatimes.mx\/#website","url":"https:\/\/thepueblatimes.mx\/","name":"The Puebla Times","description":"Noticias del Estado de Puebla","potentialAction":[{"@type":"SearchAction","target":{"@type":"EntryPoint","urlTemplate":"https:\/\/thepueblatimes.mx\/?s={search_term_string}"},"query-input":"required name=search_term_string"}],"inLanguage":"es"},{"@type":"Person","@id":"https:\/\/thepueblatimes.mx\/#\/schema\/person\/1664894c2f65ce2c7a08d8f5f905c13c","name":"Sa\u00fal Hern\u00e1ndez","image":{"@type":"ImageObject","inLanguage":"es","@id":"https:\/\/thepueblatimes.mx\/#\/schema\/person\/image\/","url":"https:\/\/secure.gravatar.com\/avatar\/11be338693f243309532caad8f10c930?s=96&d=mm&r=g","contentUrl":"https:\/\/secure.gravatar.com\/avatar\/11be338693f243309532caad8f10c930?s=96&d=mm&r=g","caption":"Sa\u00fal Hern\u00e1ndez"},"url":"https:\/\/thepueblatimes.mx\/index.php\/author\/saulhernandez\/"}]}},"jetpack_featured_media_url":"https:\/\/thepueblatimes.mx\/wp-content\/uploads\/2025\/02\/Gjn0pbwWkAAutqq.jpg","_links":{"self":[{"href":"https:\/\/thepueblatimes.mx\/index.php\/wp-json\/wp\/v2\/posts\/27832"}],"collection":[{"href":"https:\/\/thepueblatimes.mx\/index.php\/wp-json\/wp\/v2\/posts"}],"about":[{"href":"https:\/\/thepueblatimes.mx\/index.php\/wp-json\/wp\/v2\/types\/post"}],"author":[{"embeddable":true,"href":"https:\/\/thepueblatimes.mx\/index.php\/wp-json\/wp\/v2\/users\/16"}],"replies":[{"embeddable":true,"href":"https:\/\/thepueblatimes.mx\/index.php\/wp-json\/wp\/v2\/comments?post=27832"}],"version-history":[{"count":1,"href":"https:\/\/thepueblatimes.mx\/index.php\/wp-json\/wp\/v2\/posts\/27832\/revisions"}],"predecessor-version":[{"id":27834,"href":"https:\/\/thepueblatimes.mx\/index.php\/wp-json\/wp\/v2\/posts\/27832\/revisions\/27834"}],"wp:featuredmedia":[{"embeddable":true,"href":"https:\/\/thepueblatimes.mx\/index.php\/wp-json\/wp\/v2\/media\/27833"}],"wp:attachment":[{"href":"https:\/\/thepueblatimes.mx\/index.php\/wp-json\/wp\/v2\/media?parent=27832"}],"wp:term":[{"taxonomy":"category","embeddable":true,"href":"https:\/\/thepueblatimes.mx\/index.php\/wp-json\/wp\/v2\/categories?post=27832"},{"taxonomy":"post_tag","embeddable":true,"href":"https:\/\/thepueblatimes.mx\/index.php\/wp-json\/wp\/v2\/tags?post=27832"}],"curies":[{"name":"wp","href":"https:\/\/api.w.org\/{rel}","templated":true}]}}