{"id":27804,"date":"2025-02-12T17:20:11","date_gmt":"2025-02-12T23:20:11","guid":{"rendered":"https:\/\/thepueblatimes.mx\/?p=27804"},"modified":"2025-02-12T17:20:11","modified_gmt":"2025-02-12T23:20:11","slug":"sedif-llevara-esperanza-a-cada-rincon-de-puebla-ceci-arellano","status":"publish","type":"post","link":"https:\/\/thepueblatimes.mx\/index.php\/2025\/02\/12\/sedif-llevara-esperanza-a-cada-rincon-de-puebla-ceci-arellano\/","title":{"rendered":"SEDIF llevar\u00e1 esperanza a cada rinc\u00f3n de Puebla: Ceci Arellano"},"content":{"rendered":"<h3><strong>-Al rendir protesta como presidenta honoraria del DIF Estatal, asumi\u00f3 la responsabilidad de transformar la realidad de quienes m\u00e1s lo necesitan en Puebla.<\/strong><\/h3>\n<h3><strong>-Anunci\u00f3 la creaci\u00f3n de cinco Casas del Abue y que cada municipio contar\u00e1 con una Unidad de Cuidados Especializados para Adultos Mayores.<\/strong><\/h3>\n<h3><strong>-En Puebla trabajamos de la mano de la presidenta Claudia Sheinbaum y tenemos muy claro que atender el desarrollo humano, implica tener un trabajo coordinado\u201d: Alejandro Armenta.<\/strong><\/h3>\n<p>CIUDAD DE PUEBLA, Pue.- La grandeza de Puebla reside en sus familias, por ello nos comprometemos a trabajar con pasi\u00f3n, asever\u00f3 Ceci Arellano en el Centro de Convenciones, al rendir protesta como presidenta honoraria del Patronato del Sistema Estatal para el Desarrollo Integral de la Familia (SEDIF), ante cientos de poblanas y poblanos.<\/p>\n<p>La presidenta afirm\u00f3 que con el trabajo del SEDIF se construir\u00e1 un Estado donde cada familia posea motivos para so\u00f1ar y que el organismo sea ese puente de esperanza que llegue a cada rinc\u00f3n de Puebla. En este sentido puntualiz\u00f3 que trabajar\u00e1n con la sociedad Por amor a Puebla y a las familias. Ceci Arellano destac\u00f3 que se implementar\u00e1n programas de prevenci\u00f3n y promoci\u00f3n de valores, para lograr resultados en materia de atenci\u00f3n social y atender la vulnerabilidad.<\/p>\n<p>El gobernador Alejandro Armenta tom\u00f3 protesta a las y los integrantes del patronato del SEDIF: Mar\u00eda del Mar Alonso, Olga M\u00e9ndez Ju\u00e1rez, C\u00e9sar Arcos Gonz\u00e1lez, Beatriz Camacho Ruiz, Cesar Bonilla Yunes, Coral Castillo, Fernando Guzm\u00e1n Bret\u00f3n, Ana Montero Rossano, Roberto Hochstrasser Herrero y Antonio Yitani Budib.<\/p>\n<p>En su participaci\u00f3n, el titular del poder ejecutivo ratific\u00f3 que en Puebla se trabaja de la mano de la presidenta Claudia Sheinbaum. \u00abAtender el desarrollo humano y sus dimensiones como son la pobreza, la marginaci\u00f3n y la vulnerabilidad, implica tener un trabajo coordinado, los tres \u00f3rdenes de gobierno, bajo la directriz, de una gran mujer, con una gran sensibilidad\u00bb, apunt\u00f3 el gobernador.<\/p>\n<p>Alejandro Armenta subray\u00f3 que el DIF ser\u00e1 un aliado fundamental en las tareas de atenci\u00f3n a la vulnerabilidad en la entidad, basados en el humanismo mexicano, el cual es la esencia del gobierno de la presidenta Claudia Sheinbaum. \u201cEstoy seguro de que Ceci junto con las presidentas municipales, van a realizar un acompa\u00f1amiento sin protagonismos. Ceci, es una mujer a la que le gusta trabajar, ayudar, servir, amar y atender, por eso estoy seguro de que vamos a hacer un gran equipo\u00bb.<\/p>\n<p>Ceci Arellano desglos\u00f3 los compromisos en favor de las familias poblanas como la construcci\u00f3n de cinco \u00abCasas del Abue\u00bb en la capital y zona conurbada, adem\u00e1s expuso que en los 217 municipios se contar\u00e1 con una Unidad de Cuidados Especializados para Adultos Mayores; la edificaci\u00f3n del Centro de Salud Emocional para ni\u00f1as, ni\u00f1os y adolescentes; la conversi\u00f3n de los desayunos fr\u00edos a calientes, as\u00ed como la certificaci\u00f3n de Programa de Adopciones.<\/p>\n<p>Asimismo, mencion\u00f3 que desarrollar\u00e1n programas para la promoci\u00f3n de los valores, se fortalecer\u00e1 Casa de \u00c1ngeles con un pabell\u00f3n m\u00e1s. A trav\u00e9s del fortalecimiento de los Centros de Capacitaci\u00f3n, el Gobierno del Estado y el DIF generar\u00e1n empoderamiento a las mujeres poblanas. Tambi\u00e9n anunci\u00f3 la construcci\u00f3n del Centro de Bienestar Animal, reiterando el compromiso de Cero Tolerancia al maltrato a los seres sintientes.<\/p>\n<p>Finalmente, la procuradora Federal de Protecci\u00f3n de Ni\u00f1as, Ni\u00f1os y Adolescentes, Fabiola Salas Ambriz, en representaci\u00f3n de la titular del DIF Nacional, Mar\u00eda del Roc\u00edo Garc\u00eda P\u00e9rez, dijo que la coordinaci\u00f3n entre los distintos niveles de gobierno suma en la atenci\u00f3n a trav\u00e9s del humanismo mexicano. \u201cEs lo que nos une, en tratar de generar mejores condiciones de vida para todas y todos, en que exista igualdad y un bienestar general para todos los habitantes de Puebla, creo que es nuestro objetivo com\u00fan\u201d.<\/p>\n<p>Resalt\u00f3 que se debe pensar en los grupos de atenci\u00f3n prioritaria para generar mejores condiciones para todas y todos, con el objetivo de que exista igualdad, y que se debe pasar de una perspectiva asistencialista a una basada en los derechos humanos.<\/p>\n<p>Al evento asistieron: el director del SEDIF, Raymundo Atanacio; el presidente municipal, Jos\u00e9 Chedraui; la presidenta del DIF municipal, Mar\u00eda Elise Budib; la rectora de la BUAP, Lilia Cedillo; la Senadora, Liz S\u00e1nchez; la presidenta del Congreso, Laura Artemisa Garc\u00eda; la Presidenta del Poder Judicial, Mar\u00eda Belinda Aguilar D\u00edaz; as\u00ed como integrantes del gabinete estatal, presidentes municipales y presidentas de los DIF municipales de la entidad.<\/p>\n","protected":false},"excerpt":{"rendered":"<p>-Al rendir protesta como presidenta honoraria del DIF Estatal, asumi\u00f3 la responsabilidad de transformar la realidad de quienes m\u00e1s lo necesitan en Puebla. -Anunci\u00f3 la creaci\u00f3n de cinco Casas del Abue y que cada municipio contar\u00e1 con una Unidad de Cuidados Especializados para Adultos Mayores. -En Puebla trabajamos de la mano de la presidenta Claudia&#8230;<\/p>\n","protected":false},"author":16,"featured_media":27805,"comment_status":"closed","ping_status":"closed","sticky":false,"template":"","format":"standard","meta":[],"categories":[3],"tags":[1523,1341,2630],"yoast_head":"<!-- This site is optimized with the Yoast SEO plugin v20.8 - https:\/\/yoast.com\/wordpress\/plugins\/seo\/ -->\n<title>SEDIF llevar\u00e1 esperanza a cada rinc\u00f3n de Puebla: Ceci Arellano - The Puebla Times<\/title>\n<meta name=\"robots\" content=\"index, follow, max-snippet:-1, max-image-preview:large, max-video-preview:-1\" \/>\n<link rel=\"canonical\" href=\"https:\/\/thepueblatimes.mx\/index.php\/2025\/02\/12\/sedif-llevara-esperanza-a-cada-rincon-de-puebla-ceci-arellano\/\" \/>\n<meta property=\"og:locale\" content=\"es_ES\" \/>\n<meta property=\"og:type\" content=\"article\" \/>\n<meta property=\"og:title\" content=\"SEDIF llevar\u00e1 esperanza a cada rinc\u00f3n de Puebla: Ceci Arellano - The Puebla Times\" \/>\n<meta property=\"og:description\" content=\"-Al rendir protesta como presidenta honoraria del DIF Estatal, asumi\u00f3 la responsabilidad de transformar la realidad de quienes m\u00e1s lo necesitan en Puebla. -Anunci\u00f3 la creaci\u00f3n de cinco Casas del Abue y que cada municipio contar\u00e1 con una Unidad de Cuidados Especializados para Adultos Mayores. -En Puebla trabajamos de la mano de la presidenta Claudia...\" \/>\n<meta property=\"og:url\" content=\"https:\/\/thepueblatimes.mx\/index.php\/2025\/02\/12\/sedif-llevara-esperanza-a-cada-rincon-de-puebla-ceci-arellano\/\" \/>\n<meta property=\"og:site_name\" content=\"The Puebla Times\" \/>\n<meta property=\"article:published_time\" content=\"2025-02-12T23:20:11+00:00\" \/>\n<meta property=\"og:image\" content=\"https:\/\/thepueblatimes.mx\/wp-content\/uploads\/2025\/02\/WhatsApp-Image-2025-02-12-at-16.55.58-scaled.jpeg\" \/>\n\t<meta property=\"og:image:width\" content=\"2560\" \/>\n\t<meta property=\"og:image:height\" content=\"1706\" \/>\n\t<meta property=\"og:image:type\" content=\"image\/jpeg\" \/>\n<meta name=\"author\" content=\"Sa\u00fal Hern\u00e1ndez\" \/>\n<meta name=\"twitter:card\" content=\"summary_large_image\" \/>\n<meta name=\"twitter:label1\" content=\"Escrito por\" \/>\n\t<meta name=\"twitter:data1\" content=\"Sa\u00fal Hern\u00e1ndez\" \/>\n\t<meta name=\"twitter:label2\" content=\"Tiempo de lectura\" \/>\n\t<meta name=\"twitter:data2\" content=\"4 minutos\" \/>\n<script type=\"application\/ld+json\" class=\"yoast-schema-graph\">{\"@context\":\"https:\/\/schema.org\",\"@graph\":[{\"@type\":\"WebPage\",\"@id\":\"https:\/\/thepueblatimes.mx\/index.php\/2025\/02\/12\/sedif-llevara-esperanza-a-cada-rincon-de-puebla-ceci-arellano\/\",\"url\":\"https:\/\/thepueblatimes.mx\/index.php\/2025\/02\/12\/sedif-llevara-esperanza-a-cada-rincon-de-puebla-ceci-arellano\/\",\"name\":\"SEDIF llevar\u00e1 esperanza a cada rinc\u00f3n de Puebla: Ceci Arellano - The Puebla Times\",\"isPartOf\":{\"@id\":\"https:\/\/thepueblatimes.mx\/#website\"},\"datePublished\":\"2025-02-12T23:20:11+00:00\",\"dateModified\":\"2025-02-12T23:20:11+00:00\",\"author\":{\"@id\":\"https:\/\/thepueblatimes.mx\/#\/schema\/person\/1664894c2f65ce2c7a08d8f5f905c13c\"},\"breadcrumb\":{\"@id\":\"https:\/\/thepueblatimes.mx\/index.php\/2025\/02\/12\/sedif-llevara-esperanza-a-cada-rincon-de-puebla-ceci-arellano\/#breadcrumb\"},\"inLanguage\":\"es\",\"potentialAction\":[{\"@type\":\"ReadAction\",\"target\":[\"https:\/\/thepueblatimes.mx\/index.php\/2025\/02\/12\/sedif-llevara-esperanza-a-cada-rincon-de-puebla-ceci-arellano\/\"]}]},{\"@type\":\"BreadcrumbList\",\"@id\":\"https:\/\/thepueblatimes.mx\/index.php\/2025\/02\/12\/sedif-llevara-esperanza-a-cada-rincon-de-puebla-ceci-arellano\/#breadcrumb\",\"itemListElement\":[{\"@type\":\"ListItem\",\"position\":1,\"name\":\"Portada\",\"item\":\"https:\/\/thepueblatimes.mx\/\"},{\"@type\":\"ListItem\",\"position\":2,\"name\":\"SEDIF llevar\u00e1 esperanza a cada rinc\u00f3n de Puebla: Ceci Arellano\"}]},{\"@type\":\"WebSite\",\"@id\":\"https:\/\/thepueblatimes.mx\/#website\",\"url\":\"https:\/\/thepueblatimes.mx\/\",\"name\":\"The Puebla Times\",\"description\":\"Noticias del Estado de Puebla\",\"potentialAction\":[{\"@type\":\"SearchAction\",\"target\":{\"@type\":\"EntryPoint\",\"urlTemplate\":\"https:\/\/thepueblatimes.mx\/?s={search_term_string}\"},\"query-input\":\"required name=search_term_string\"}],\"inLanguage\":\"es\"},{\"@type\":\"Person\",\"@id\":\"https:\/\/thepueblatimes.mx\/#\/schema\/person\/1664894c2f65ce2c7a08d8f5f905c13c\",\"name\":\"Sa\u00fal Hern\u00e1ndez\",\"image\":{\"@type\":\"ImageObject\",\"inLanguage\":\"es\",\"@id\":\"https:\/\/thepueblatimes.mx\/#\/schema\/person\/image\/\",\"url\":\"https:\/\/secure.gravatar.com\/avatar\/11be338693f243309532caad8f10c930?s=96&d=mm&r=g\",\"contentUrl\":\"https:\/\/secure.gravatar.com\/avatar\/11be338693f243309532caad8f10c930?s=96&d=mm&r=g\",\"caption\":\"Sa\u00fal Hern\u00e1ndez\"},\"url\":\"https:\/\/thepueblatimes.mx\/index.php\/author\/saulhernandez\/\"}]}<\/script>\n<!-- \/ Yoast SEO plugin. -->","yoast_head_json":{"title":"SEDIF llevar\u00e1 esperanza a cada rinc\u00f3n de Puebla: Ceci Arellano - The Puebla Times","robots":{"index":"index","follow":"follow","max-snippet":"max-snippet:-1","max-image-preview":"max-image-preview:large","max-video-preview":"max-video-preview:-1"},"canonical":"https:\/\/thepueblatimes.mx\/index.php\/2025\/02\/12\/sedif-llevara-esperanza-a-cada-rincon-de-puebla-ceci-arellano\/","og_locale":"es_ES","og_type":"article","og_title":"SEDIF llevar\u00e1 esperanza a cada rinc\u00f3n de Puebla: Ceci Arellano - The Puebla Times","og_description":"-Al rendir protesta como presidenta honoraria del DIF Estatal, asumi\u00f3 la responsabilidad de transformar la realidad de quienes m\u00e1s lo necesitan en Puebla. -Anunci\u00f3 la creaci\u00f3n de cinco Casas del Abue y que cada municipio contar\u00e1 con una Unidad de Cuidados Especializados para Adultos Mayores. -En Puebla trabajamos de la mano de la presidenta Claudia...","og_url":"https:\/\/thepueblatimes.mx\/index.php\/2025\/02\/12\/sedif-llevara-esperanza-a-cada-rincon-de-puebla-ceci-arellano\/","og_site_name":"The Puebla Times","article_published_time":"2025-02-12T23:20:11+00:00","og_image":[{"width":2560,"height":1706,"url":"https:\/\/thepueblatimes.mx\/wp-content\/uploads\/2025\/02\/WhatsApp-Image-2025-02-12-at-16.55.58-scaled.jpeg","type":"image\/jpeg"}],"author":"Sa\u00fal Hern\u00e1ndez","twitter_card":"summary_large_image","twitter_misc":{"Escrito por":"Sa\u00fal Hern\u00e1ndez","Tiempo de lectura":"4 minutos"},"schema":{"@context":"https:\/\/schema.org","@graph":[{"@type":"WebPage","@id":"https:\/\/thepueblatimes.mx\/index.php\/2025\/02\/12\/sedif-llevara-esperanza-a-cada-rincon-de-puebla-ceci-arellano\/","url":"https:\/\/thepueblatimes.mx\/index.php\/2025\/02\/12\/sedif-llevara-esperanza-a-cada-rincon-de-puebla-ceci-arellano\/","name":"SEDIF llevar\u00e1 esperanza a cada rinc\u00f3n de Puebla: Ceci Arellano - The Puebla Times","isPartOf":{"@id":"https:\/\/thepueblatimes.mx\/#website"},"datePublished":"2025-02-12T23:20:11+00:00","dateModified":"2025-02-12T23:20:11+00:00","author":{"@id":"https:\/\/thepueblatimes.mx\/#\/schema\/person\/1664894c2f65ce2c7a08d8f5f905c13c"},"breadcrumb":{"@id":"https:\/\/thepueblatimes.mx\/index.php\/2025\/02\/12\/sedif-llevara-esperanza-a-cada-rincon-de-puebla-ceci-arellano\/#breadcrumb"},"inLanguage":"es","potentialAction":[{"@type":"ReadAction","target":["https:\/\/thepueblatimes.mx\/index.php\/2025\/02\/12\/sedif-llevara-esperanza-a-cada-rincon-de-puebla-ceci-arellano\/"]}]},{"@type":"BreadcrumbList","@id":"https:\/\/thepueblatimes.mx\/index.php\/2025\/02\/12\/sedif-llevara-esperanza-a-cada-rincon-de-puebla-ceci-arellano\/#breadcrumb","itemListElement":[{"@type":"ListItem","position":1,"name":"Portada","item":"https:\/\/thepueblatimes.mx\/"},{"@type":"ListItem","position":2,"name":"SEDIF llevar\u00e1 esperanza a cada rinc\u00f3n de Puebla: Ceci Arellano"}]},{"@type":"WebSite","@id":"https:\/\/thepueblatimes.mx\/#website","url":"https:\/\/thepueblatimes.mx\/","name":"The Puebla Times","description":"Noticias del Estado de Puebla","potentialAction":[{"@type":"SearchAction","target":{"@type":"EntryPoint","urlTemplate":"https:\/\/thepueblatimes.mx\/?s={search_term_string}"},"query-input":"required name=search_term_string"}],"inLanguage":"es"},{"@type":"Person","@id":"https:\/\/thepueblatimes.mx\/#\/schema\/person\/1664894c2f65ce2c7a08d8f5f905c13c","name":"Sa\u00fal Hern\u00e1ndez","image":{"@type":"ImageObject","inLanguage":"es","@id":"https:\/\/thepueblatimes.mx\/#\/schema\/person\/image\/","url":"https:\/\/secure.gravatar.com\/avatar\/11be338693f243309532caad8f10c930?s=96&d=mm&r=g","contentUrl":"https:\/\/secure.gravatar.com\/avatar\/11be338693f243309532caad8f10c930?s=96&d=mm&r=g","caption":"Sa\u00fal Hern\u00e1ndez"},"url":"https:\/\/thepueblatimes.mx\/index.php\/author\/saulhernandez\/"}]}},"jetpack_featured_media_url":"https:\/\/thepueblatimes.mx\/wp-content\/uploads\/2025\/02\/WhatsApp-Image-2025-02-12-at-16.55.58-scaled.jpeg","_links":{"self":[{"href":"https:\/\/thepueblatimes.mx\/index.php\/wp-json\/wp\/v2\/posts\/27804"}],"collection":[{"href":"https:\/\/thepueblatimes.mx\/index.php\/wp-json\/wp\/v2\/posts"}],"about":[{"href":"https:\/\/thepueblatimes.mx\/index.php\/wp-json\/wp\/v2\/types\/post"}],"author":[{"embeddable":true,"href":"https:\/\/thepueblatimes.mx\/index.php\/wp-json\/wp\/v2\/users\/16"}],"replies":[{"embeddable":true,"href":"https:\/\/thepueblatimes.mx\/index.php\/wp-json\/wp\/v2\/comments?post=27804"}],"version-history":[{"count":1,"href":"https:\/\/thepueblatimes.mx\/index.php\/wp-json\/wp\/v2\/posts\/27804\/revisions"}],"predecessor-version":[{"id":27806,"href":"https:\/\/thepueblatimes.mx\/index.php\/wp-json\/wp\/v2\/posts\/27804\/revisions\/27806"}],"wp:featuredmedia":[{"embeddable":true,"href":"https:\/\/thepueblatimes.mx\/index.php\/wp-json\/wp\/v2\/media\/27805"}],"wp:attachment":[{"href":"https:\/\/thepueblatimes.mx\/index.php\/wp-json\/wp\/v2\/media?parent=27804"}],"wp:term":[{"taxonomy":"category","embeddable":true,"href":"https:\/\/thepueblatimes.mx\/index.php\/wp-json\/wp\/v2\/categories?post=27804"},{"taxonomy":"post_tag","embeddable":true,"href":"https:\/\/thepueblatimes.mx\/index.php\/wp-json\/wp\/v2\/tags?post=27804"}],"curies":[{"name":"wp","href":"https:\/\/api.w.org\/{rel}","templated":true}]}}