{"id":27751,"date":"2025-02-10T14:05:33","date_gmt":"2025-02-10T20:05:33","guid":{"rendered":"https:\/\/thepueblatimes.mx\/?p=27751"},"modified":"2025-02-10T14:05:33","modified_gmt":"2025-02-10T20:05:33","slug":"la-opacidad-de-omar-munoz-en-cuautlancingo","status":"publish","type":"post","link":"https:\/\/thepueblatimes.mx\/index.php\/2025\/02\/10\/la-opacidad-de-omar-munoz-en-cuautlancingo\/","title":{"rendered":"La opacidad de Omar Mu\u00f1oz en Cuautlancingo"},"content":{"rendered":"<p>POR FRED ESTRADA<\/p>\n<p>La transparencia, en definitiva, no es una de las fortalezas del presidente municipal de Cuautlancingo, Omar Mu\u00f1oz.<\/p>\n<p>De entrada, Omar Mu\u00f1oz se encuentra entre los funcionarios que se abstuvieron de compartir la informaci\u00f3n sobre sus bienes muebles e inmuebles, sueldo, experiencia previa y participaci\u00f3n en empresas, por considerar que era una informaci\u00f3n sensible para ellos.<\/p>\n<p>Una revisi\u00f3n del contenido que se debi\u00f3 subir recientemente, por parte del Ayuntamiento de Cuautlancingo, a la Plataforma Nacional de Transparencia, as\u00ed lo evidencia.<\/p>\n<p>En general, el Ayuntamiento de Cuautlancingo omiti\u00f3 transparentar la versi\u00f3n p\u00fablica de 867 servidores p\u00fablicos que fueron dados de alta al inicio de la gesti\u00f3n de Omar Mu\u00f1oz Alfaro.<\/p>\n<p>En concreto, el 60 por ciento de esas declaraciones no cuenta con una versi\u00f3n p\u00fablica, debido a que de acuerdo a la Contralor\u00eda Municipal dicho personal no tiene un puesto asignado como tal.<\/p>\n<p>En tanto que, en el caso del 40 por ciento restante, 341 servidores y funcionarios p\u00fablicos, se abstuvieron de compartir informaci\u00f3n por contener datos sensibles.<\/p>\n<p>Los datos de transparencia fueron cargados a la Plataforma de Transparencia el 22 de enero de 2025 y corresponden a cuarto trimestre del a\u00f1o pasado, es decir, de octubre a diciembre, de acuerdo con los detalles del apartado de Declaraciones Patrimoniales.<\/p>\n<p>Adem\u00e1s, el Ayuntamiento de Cuautlancingo omiti\u00f3 transparentar la versi\u00f3n p\u00fablica de 867 servidores p\u00fablicos que fueron dados de alta al inicio de la administraci\u00f3n actual.<\/p>\n","protected":false},"excerpt":{"rendered":"<p>POR FRED ESTRADA La transparencia, en definitiva, no es una de las fortalezas del presidente municipal de Cuautlancingo, Omar Mu\u00f1oz. De entrada, Omar Mu\u00f1oz se encuentra entre los funcionarios que se abstuvieron de compartir la informaci\u00f3n sobre sus bienes muebles e inmuebles, sueldo, experiencia previa y participaci\u00f3n en empresas, por considerar que era una informaci\u00f3n&#8230;<\/p>\n","protected":false},"author":16,"featured_media":27753,"comment_status":"closed","ping_status":"closed","sticky":false,"template":"","format":"standard","meta":[],"categories":[11],"tags":[343,2541,1360,1264],"yoast_head":"<!-- This site is optimized with the Yoast SEO plugin v20.8 - https:\/\/yoast.com\/wordpress\/plugins\/seo\/ -->\n<title>La opacidad de Omar Mu\u00f1oz en Cuautlancingo - The Puebla Times<\/title>\n<meta name=\"robots\" content=\"index, follow, max-snippet:-1, max-image-preview:large, max-video-preview:-1\" \/>\n<link rel=\"canonical\" href=\"https:\/\/thepueblatimes.mx\/index.php\/2025\/02\/10\/la-opacidad-de-omar-munoz-en-cuautlancingo\/\" \/>\n<meta property=\"og:locale\" content=\"es_ES\" \/>\n<meta property=\"og:type\" content=\"article\" \/>\n<meta property=\"og:title\" content=\"La opacidad de Omar Mu\u00f1oz en Cuautlancingo - The Puebla Times\" \/>\n<meta property=\"og:description\" content=\"POR FRED ESTRADA La transparencia, en definitiva, no es una de las fortalezas del presidente municipal de Cuautlancingo, Omar Mu\u00f1oz. De entrada, Omar Mu\u00f1oz se encuentra entre los funcionarios que se abstuvieron de compartir la informaci\u00f3n sobre sus bienes muebles e inmuebles, sueldo, experiencia previa y participaci\u00f3n en empresas, por considerar que era una informaci\u00f3n...\" \/>\n<meta property=\"og:url\" content=\"https:\/\/thepueblatimes.mx\/index.php\/2025\/02\/10\/la-opacidad-de-omar-munoz-en-cuautlancingo\/\" \/>\n<meta property=\"og:site_name\" content=\"The Puebla Times\" \/>\n<meta property=\"article:published_time\" content=\"2025-02-10T20:05:33+00:00\" \/>\n<meta property=\"og:image\" content=\"https:\/\/thepueblatimes.mx\/wp-content\/uploads\/2025\/02\/Omar-Munoz-da-banderazo-de-inicio-a-importante-acceso-al-municipio-sobre-Periferico-Ecologico.webp\" \/>\n\t<meta property=\"og:image:width\" content=\"1032\" \/>\n\t<meta property=\"og:image:height\" content=\"654\" \/>\n\t<meta property=\"og:image:type\" content=\"image\/webp\" \/>\n<meta name=\"author\" content=\"Sa\u00fal Hern\u00e1ndez\" \/>\n<meta name=\"twitter:card\" content=\"summary_large_image\" \/>\n<meta name=\"twitter:label1\" content=\"Escrito por\" \/>\n\t<meta name=\"twitter:data1\" content=\"Sa\u00fal Hern\u00e1ndez\" \/>\n\t<meta name=\"twitter:label2\" content=\"Tiempo de lectura\" \/>\n\t<meta name=\"twitter:data2\" content=\"2 minutos\" \/>\n<script type=\"application\/ld+json\" class=\"yoast-schema-graph\">{\"@context\":\"https:\/\/schema.org\",\"@graph\":[{\"@type\":\"WebPage\",\"@id\":\"https:\/\/thepueblatimes.mx\/index.php\/2025\/02\/10\/la-opacidad-de-omar-munoz-en-cuautlancingo\/\",\"url\":\"https:\/\/thepueblatimes.mx\/index.php\/2025\/02\/10\/la-opacidad-de-omar-munoz-en-cuautlancingo\/\",\"name\":\"La opacidad de Omar Mu\u00f1oz en Cuautlancingo - The Puebla Times\",\"isPartOf\":{\"@id\":\"https:\/\/thepueblatimes.mx\/#website\"},\"datePublished\":\"2025-02-10T20:05:33+00:00\",\"dateModified\":\"2025-02-10T20:05:33+00:00\",\"author\":{\"@id\":\"https:\/\/thepueblatimes.mx\/#\/schema\/person\/1664894c2f65ce2c7a08d8f5f905c13c\"},\"breadcrumb\":{\"@id\":\"https:\/\/thepueblatimes.mx\/index.php\/2025\/02\/10\/la-opacidad-de-omar-munoz-en-cuautlancingo\/#breadcrumb\"},\"inLanguage\":\"es\",\"potentialAction\":[{\"@type\":\"ReadAction\",\"target\":[\"https:\/\/thepueblatimes.mx\/index.php\/2025\/02\/10\/la-opacidad-de-omar-munoz-en-cuautlancingo\/\"]}]},{\"@type\":\"BreadcrumbList\",\"@id\":\"https:\/\/thepueblatimes.mx\/index.php\/2025\/02\/10\/la-opacidad-de-omar-munoz-en-cuautlancingo\/#breadcrumb\",\"itemListElement\":[{\"@type\":\"ListItem\",\"position\":1,\"name\":\"Portada\",\"item\":\"https:\/\/thepueblatimes.mx\/\"},{\"@type\":\"ListItem\",\"position\":2,\"name\":\"La opacidad de Omar Mu\u00f1oz en Cuautlancingo\"}]},{\"@type\":\"WebSite\",\"@id\":\"https:\/\/thepueblatimes.mx\/#website\",\"url\":\"https:\/\/thepueblatimes.mx\/\",\"name\":\"The Puebla Times\",\"description\":\"Noticias del Estado de Puebla\",\"potentialAction\":[{\"@type\":\"SearchAction\",\"target\":{\"@type\":\"EntryPoint\",\"urlTemplate\":\"https:\/\/thepueblatimes.mx\/?s={search_term_string}\"},\"query-input\":\"required name=search_term_string\"}],\"inLanguage\":\"es\"},{\"@type\":\"Person\",\"@id\":\"https:\/\/thepueblatimes.mx\/#\/schema\/person\/1664894c2f65ce2c7a08d8f5f905c13c\",\"name\":\"Sa\u00fal Hern\u00e1ndez\",\"image\":{\"@type\":\"ImageObject\",\"inLanguage\":\"es\",\"@id\":\"https:\/\/thepueblatimes.mx\/#\/schema\/person\/image\/\",\"url\":\"https:\/\/secure.gravatar.com\/avatar\/11be338693f243309532caad8f10c930?s=96&d=mm&r=g\",\"contentUrl\":\"https:\/\/secure.gravatar.com\/avatar\/11be338693f243309532caad8f10c930?s=96&d=mm&r=g\",\"caption\":\"Sa\u00fal Hern\u00e1ndez\"},\"url\":\"https:\/\/thepueblatimes.mx\/index.php\/author\/saulhernandez\/\"}]}<\/script>\n<!-- \/ Yoast SEO plugin. -->","yoast_head_json":{"title":"La opacidad de Omar Mu\u00f1oz en Cuautlancingo - The Puebla Times","robots":{"index":"index","follow":"follow","max-snippet":"max-snippet:-1","max-image-preview":"max-image-preview:large","max-video-preview":"max-video-preview:-1"},"canonical":"https:\/\/thepueblatimes.mx\/index.php\/2025\/02\/10\/la-opacidad-de-omar-munoz-en-cuautlancingo\/","og_locale":"es_ES","og_type":"article","og_title":"La opacidad de Omar Mu\u00f1oz en Cuautlancingo - The Puebla Times","og_description":"POR FRED ESTRADA La transparencia, en definitiva, no es una de las fortalezas del presidente municipal de Cuautlancingo, Omar Mu\u00f1oz. De entrada, Omar Mu\u00f1oz se encuentra entre los funcionarios que se abstuvieron de compartir la informaci\u00f3n sobre sus bienes muebles e inmuebles, sueldo, experiencia previa y participaci\u00f3n en empresas, por considerar que era una informaci\u00f3n...","og_url":"https:\/\/thepueblatimes.mx\/index.php\/2025\/02\/10\/la-opacidad-de-omar-munoz-en-cuautlancingo\/","og_site_name":"The Puebla Times","article_published_time":"2025-02-10T20:05:33+00:00","og_image":[{"width":1032,"height":654,"url":"https:\/\/thepueblatimes.mx\/wp-content\/uploads\/2025\/02\/Omar-Munoz-da-banderazo-de-inicio-a-importante-acceso-al-municipio-sobre-Periferico-Ecologico.webp","type":"image\/webp"}],"author":"Sa\u00fal Hern\u00e1ndez","twitter_card":"summary_large_image","twitter_misc":{"Escrito por":"Sa\u00fal Hern\u00e1ndez","Tiempo de lectura":"2 minutos"},"schema":{"@context":"https:\/\/schema.org","@graph":[{"@type":"WebPage","@id":"https:\/\/thepueblatimes.mx\/index.php\/2025\/02\/10\/la-opacidad-de-omar-munoz-en-cuautlancingo\/","url":"https:\/\/thepueblatimes.mx\/index.php\/2025\/02\/10\/la-opacidad-de-omar-munoz-en-cuautlancingo\/","name":"La opacidad de Omar Mu\u00f1oz en Cuautlancingo - The Puebla Times","isPartOf":{"@id":"https:\/\/thepueblatimes.mx\/#website"},"datePublished":"2025-02-10T20:05:33+00:00","dateModified":"2025-02-10T20:05:33+00:00","author":{"@id":"https:\/\/thepueblatimes.mx\/#\/schema\/person\/1664894c2f65ce2c7a08d8f5f905c13c"},"breadcrumb":{"@id":"https:\/\/thepueblatimes.mx\/index.php\/2025\/02\/10\/la-opacidad-de-omar-munoz-en-cuautlancingo\/#breadcrumb"},"inLanguage":"es","potentialAction":[{"@type":"ReadAction","target":["https:\/\/thepueblatimes.mx\/index.php\/2025\/02\/10\/la-opacidad-de-omar-munoz-en-cuautlancingo\/"]}]},{"@type":"BreadcrumbList","@id":"https:\/\/thepueblatimes.mx\/index.php\/2025\/02\/10\/la-opacidad-de-omar-munoz-en-cuautlancingo\/#breadcrumb","itemListElement":[{"@type":"ListItem","position":1,"name":"Portada","item":"https:\/\/thepueblatimes.mx\/"},{"@type":"ListItem","position":2,"name":"La opacidad de Omar Mu\u00f1oz en Cuautlancingo"}]},{"@type":"WebSite","@id":"https:\/\/thepueblatimes.mx\/#website","url":"https:\/\/thepueblatimes.mx\/","name":"The Puebla Times","description":"Noticias del Estado de Puebla","potentialAction":[{"@type":"SearchAction","target":{"@type":"EntryPoint","urlTemplate":"https:\/\/thepueblatimes.mx\/?s={search_term_string}"},"query-input":"required name=search_term_string"}],"inLanguage":"es"},{"@type":"Person","@id":"https:\/\/thepueblatimes.mx\/#\/schema\/person\/1664894c2f65ce2c7a08d8f5f905c13c","name":"Sa\u00fal Hern\u00e1ndez","image":{"@type":"ImageObject","inLanguage":"es","@id":"https:\/\/thepueblatimes.mx\/#\/schema\/person\/image\/","url":"https:\/\/secure.gravatar.com\/avatar\/11be338693f243309532caad8f10c930?s=96&d=mm&r=g","contentUrl":"https:\/\/secure.gravatar.com\/avatar\/11be338693f243309532caad8f10c930?s=96&d=mm&r=g","caption":"Sa\u00fal Hern\u00e1ndez"},"url":"https:\/\/thepueblatimes.mx\/index.php\/author\/saulhernandez\/"}]}},"jetpack_featured_media_url":"https:\/\/thepueblatimes.mx\/wp-content\/uploads\/2025\/02\/Omar-Munoz-da-banderazo-de-inicio-a-importante-acceso-al-municipio-sobre-Periferico-Ecologico.webp","_links":{"self":[{"href":"https:\/\/thepueblatimes.mx\/index.php\/wp-json\/wp\/v2\/posts\/27751"}],"collection":[{"href":"https:\/\/thepueblatimes.mx\/index.php\/wp-json\/wp\/v2\/posts"}],"about":[{"href":"https:\/\/thepueblatimes.mx\/index.php\/wp-json\/wp\/v2\/types\/post"}],"author":[{"embeddable":true,"href":"https:\/\/thepueblatimes.mx\/index.php\/wp-json\/wp\/v2\/users\/16"}],"replies":[{"embeddable":true,"href":"https:\/\/thepueblatimes.mx\/index.php\/wp-json\/wp\/v2\/comments?post=27751"}],"version-history":[{"count":1,"href":"https:\/\/thepueblatimes.mx\/index.php\/wp-json\/wp\/v2\/posts\/27751\/revisions"}],"predecessor-version":[{"id":27754,"href":"https:\/\/thepueblatimes.mx\/index.php\/wp-json\/wp\/v2\/posts\/27751\/revisions\/27754"}],"wp:featuredmedia":[{"embeddable":true,"href":"https:\/\/thepueblatimes.mx\/index.php\/wp-json\/wp\/v2\/media\/27753"}],"wp:attachment":[{"href":"https:\/\/thepueblatimes.mx\/index.php\/wp-json\/wp\/v2\/media?parent=27751"}],"wp:term":[{"taxonomy":"category","embeddable":true,"href":"https:\/\/thepueblatimes.mx\/index.php\/wp-json\/wp\/v2\/categories?post=27751"},{"taxonomy":"post_tag","embeddable":true,"href":"https:\/\/thepueblatimes.mx\/index.php\/wp-json\/wp\/v2\/tags?post=27751"}],"curies":[{"name":"wp","href":"https:\/\/api.w.org\/{rel}","templated":true}]}}