{"id":27621,"date":"2025-02-01T13:23:16","date_gmt":"2025-02-01T19:23:16","guid":{"rendered":"https:\/\/thepueblatimes.mx\/?p=27621"},"modified":"2025-02-01T13:23:16","modified_gmt":"2025-02-01T19:23:16","slug":"barrer-la-indiferencia-y-el-burocratismo-para-tener-espacios-dignos-alejandro-armenta","status":"publish","type":"post","link":"https:\/\/thepueblatimes.mx\/index.php\/2025\/02\/01\/barrer-la-indiferencia-y-el-burocratismo-para-tener-espacios-dignos-alejandro-armenta\/","title":{"rendered":"Barrer la indiferencia y el burocratismo para tener espacios dignos: Alejandro Armenta"},"content":{"rendered":"<h3><em><strong>* Por primera vez en el municipio de Coronango, un gobernador realiza acciones de limpieza en beneficio de la poblaci\u00f3n.<\/strong><\/em><\/h3>\n<h3><em><strong>*Con estos trabajos se fortalece el tejido social y se recuperan espacios p\u00fablicos para las familias poblanas. <\/strong><\/em><\/h3>\n<p>CORONANGO, Pue.- Como parte del Programa \u00abSenderos de Paz\u00bb que promueve la presidenta Claudia Sheinbaum, en comunidad y \u00abPor Amor a Puebla\u00bb, el gobernador Alejandro Armenta, en compa\u00f1\u00eda del director nacional del Instituto Mexicano de la Juventud (IMJUVE), Abraham Carro Toledo, realizaron una jornada de faena y tequio, con el prop\u00f3sito de embellecer dicho espacio.<\/p>\n<p>Durante la faena en el Parque la Raza de Misiones de San Francisco, el ejecutivo estatal expres\u00f3 que el orden es parte de la cultura y enfatiz\u00f3 que las y los poblanos merecen un estado limpio.<\/p>\n<p>Reiter\u00f3 que el gobierno de la cuarta transformaci\u00f3n, con el liderazgo de la presidenta Claudia Sheinbaum, dignifica los espacios p\u00fablicos; se trata de obra humana para que nuestros hijos crezcan en un ambiente limpio y ordenado, destac\u00f3 Alejandro Armenta.<\/p>\n<p>Alejandro Armenta llam\u00f3 a las y los poblanos a no bajar la guardia, ya que es tiempo de transformaci\u00f3n, y los actos que se ejecutan con amor, trascienden y dignifican. Por ello, refrend\u00f3 su compromiso de embellecer las calles y espacios p\u00fablicos, \u201cse trata de voluntad y liderazgo\u201d, apunt\u00f3.<\/p>\n<p>En este marco, el director del Instituto Mexicano de la Juventud, Abraham Carro Toledo, reconoci\u00f3 el compromiso del mandatario poblano, Alejandro Armenta, con la presidenta Claudia Sheinbaum, para fortalecer el segundo piso de la cuarta transformaci\u00f3n.<\/p>\n<p>En la jornada de tequio tambi\u00e9n se sum\u00f3 el secretario de Gobernaci\u00f3n, Samuel Aguilar Pala; el secretario de Seguridad, Francisco S\u00e1nchez Gonz\u00e1lez; la titular de la Secretar\u00eda de Medio Ambiente Desarrollo Sustentable y Ordenamiento Territorial, Rebeca Ba\u00f1uelos; el titular de Bienestar, Javier Aquino Lim\u00f3n; la secretaria de Juventud y Deporte, Gabriela S\u00e1nchez Saavedra y el presidente municipal de Coronango, Armando Aguirre Amaro.<\/p>\n<p>Finalmente, entre las acciones que se ejecutaron est\u00e1n el barrido manual, retiro de la hierba, pintura en mobiliario deportivo y juegos infantiles, cambio de botes de basura y suministro de luminarias, entre otros trabajos de limpieza.<\/p>\n","protected":false},"excerpt":{"rendered":"<p>* Por primera vez en el municipio de Coronango, un gobernador realiza acciones de limpieza en beneficio de la poblaci\u00f3n. *Con estos trabajos se fortalece el tejido social y se recuperan espacios p\u00fablicos para las familias poblanas. CORONANGO, Pue.- Como parte del Programa \u00abSenderos de Paz\u00bb que promueve la presidenta Claudia Sheinbaum, en comunidad y&#8230;<\/p>\n","protected":false},"author":16,"featured_media":27622,"comment_status":"closed","ping_status":"closed","sticky":false,"template":"","format":"standard","meta":[],"categories":[3],"tags":[1651,1273],"yoast_head":"<!-- This site is optimized with the Yoast SEO plugin v20.8 - https:\/\/yoast.com\/wordpress\/plugins\/seo\/ -->\n<title>Barrer la indiferencia y el burocratismo para tener espacios dignos: Alejandro Armenta - The Puebla Times<\/title>\n<meta name=\"robots\" content=\"index, follow, max-snippet:-1, max-image-preview:large, max-video-preview:-1\" \/>\n<link rel=\"canonical\" href=\"https:\/\/thepueblatimes.mx\/index.php\/2025\/02\/01\/barrer-la-indiferencia-y-el-burocratismo-para-tener-espacios-dignos-alejandro-armenta\/\" \/>\n<meta property=\"og:locale\" content=\"es_ES\" \/>\n<meta property=\"og:type\" content=\"article\" \/>\n<meta property=\"og:title\" content=\"Barrer la indiferencia y el burocratismo para tener espacios dignos: Alejandro Armenta - The Puebla Times\" \/>\n<meta property=\"og:description\" content=\"* Por primera vez en el municipio de Coronango, un gobernador realiza acciones de limpieza en beneficio de la poblaci\u00f3n. *Con estos trabajos se fortalece el tejido social y se recuperan espacios p\u00fablicos para las familias poblanas. CORONANGO, Pue.- Como parte del Programa \u00abSenderos de Paz\u00bb que promueve la presidenta Claudia Sheinbaum, en comunidad y...\" \/>\n<meta property=\"og:url\" content=\"https:\/\/thepueblatimes.mx\/index.php\/2025\/02\/01\/barrer-la-indiferencia-y-el-burocratismo-para-tener-espacios-dignos-alejandro-armenta\/\" \/>\n<meta property=\"og:site_name\" content=\"The Puebla Times\" \/>\n<meta property=\"article:published_time\" content=\"2025-02-01T19:23:16+00:00\" \/>\n<meta property=\"og:image\" content=\"https:\/\/thepueblatimes.mx\/wp-content\/uploads\/2025\/02\/WhatsApp-Image-2025-02-01-at-12.27.10.jpeg\" \/>\n\t<meta property=\"og:image:width\" content=\"1040\" \/>\n\t<meta property=\"og:image:height\" content=\"694\" \/>\n\t<meta property=\"og:image:type\" content=\"image\/jpeg\" \/>\n<meta name=\"author\" content=\"Sa\u00fal Hern\u00e1ndez\" \/>\n<meta name=\"twitter:card\" content=\"summary_large_image\" \/>\n<meta name=\"twitter:label1\" content=\"Escrito por\" \/>\n\t<meta name=\"twitter:data1\" content=\"Sa\u00fal Hern\u00e1ndez\" \/>\n\t<meta name=\"twitter:label2\" content=\"Tiempo de lectura\" \/>\n\t<meta name=\"twitter:data2\" content=\"2 minutos\" \/>\n<script type=\"application\/ld+json\" class=\"yoast-schema-graph\">{\"@context\":\"https:\/\/schema.org\",\"@graph\":[{\"@type\":\"WebPage\",\"@id\":\"https:\/\/thepueblatimes.mx\/index.php\/2025\/02\/01\/barrer-la-indiferencia-y-el-burocratismo-para-tener-espacios-dignos-alejandro-armenta\/\",\"url\":\"https:\/\/thepueblatimes.mx\/index.php\/2025\/02\/01\/barrer-la-indiferencia-y-el-burocratismo-para-tener-espacios-dignos-alejandro-armenta\/\",\"name\":\"Barrer la indiferencia y el burocratismo para tener espacios dignos: Alejandro Armenta - The Puebla Times\",\"isPartOf\":{\"@id\":\"https:\/\/thepueblatimes.mx\/#website\"},\"datePublished\":\"2025-02-01T19:23:16+00:00\",\"dateModified\":\"2025-02-01T19:23:16+00:00\",\"author\":{\"@id\":\"https:\/\/thepueblatimes.mx\/#\/schema\/person\/1664894c2f65ce2c7a08d8f5f905c13c\"},\"breadcrumb\":{\"@id\":\"https:\/\/thepueblatimes.mx\/index.php\/2025\/02\/01\/barrer-la-indiferencia-y-el-burocratismo-para-tener-espacios-dignos-alejandro-armenta\/#breadcrumb\"},\"inLanguage\":\"es\",\"potentialAction\":[{\"@type\":\"ReadAction\",\"target\":[\"https:\/\/thepueblatimes.mx\/index.php\/2025\/02\/01\/barrer-la-indiferencia-y-el-burocratismo-para-tener-espacios-dignos-alejandro-armenta\/\"]}]},{\"@type\":\"BreadcrumbList\",\"@id\":\"https:\/\/thepueblatimes.mx\/index.php\/2025\/02\/01\/barrer-la-indiferencia-y-el-burocratismo-para-tener-espacios-dignos-alejandro-armenta\/#breadcrumb\",\"itemListElement\":[{\"@type\":\"ListItem\",\"position\":1,\"name\":\"Portada\",\"item\":\"https:\/\/thepueblatimes.mx\/\"},{\"@type\":\"ListItem\",\"position\":2,\"name\":\"Barrer la indiferencia y el burocratismo para tener espacios dignos: Alejandro Armenta\"}]},{\"@type\":\"WebSite\",\"@id\":\"https:\/\/thepueblatimes.mx\/#website\",\"url\":\"https:\/\/thepueblatimes.mx\/\",\"name\":\"The Puebla Times\",\"description\":\"Noticias del Estado de Puebla\",\"potentialAction\":[{\"@type\":\"SearchAction\",\"target\":{\"@type\":\"EntryPoint\",\"urlTemplate\":\"https:\/\/thepueblatimes.mx\/?s={search_term_string}\"},\"query-input\":\"required name=search_term_string\"}],\"inLanguage\":\"es\"},{\"@type\":\"Person\",\"@id\":\"https:\/\/thepueblatimes.mx\/#\/schema\/person\/1664894c2f65ce2c7a08d8f5f905c13c\",\"name\":\"Sa\u00fal Hern\u00e1ndez\",\"image\":{\"@type\":\"ImageObject\",\"inLanguage\":\"es\",\"@id\":\"https:\/\/thepueblatimes.mx\/#\/schema\/person\/image\/\",\"url\":\"https:\/\/secure.gravatar.com\/avatar\/11be338693f243309532caad8f10c930?s=96&d=mm&r=g\",\"contentUrl\":\"https:\/\/secure.gravatar.com\/avatar\/11be338693f243309532caad8f10c930?s=96&d=mm&r=g\",\"caption\":\"Sa\u00fal Hern\u00e1ndez\"},\"url\":\"https:\/\/thepueblatimes.mx\/index.php\/author\/saulhernandez\/\"}]}<\/script>\n<!-- \/ Yoast SEO plugin. -->","yoast_head_json":{"title":"Barrer la indiferencia y el burocratismo para tener espacios dignos: Alejandro Armenta - The Puebla Times","robots":{"index":"index","follow":"follow","max-snippet":"max-snippet:-1","max-image-preview":"max-image-preview:large","max-video-preview":"max-video-preview:-1"},"canonical":"https:\/\/thepueblatimes.mx\/index.php\/2025\/02\/01\/barrer-la-indiferencia-y-el-burocratismo-para-tener-espacios-dignos-alejandro-armenta\/","og_locale":"es_ES","og_type":"article","og_title":"Barrer la indiferencia y el burocratismo para tener espacios dignos: Alejandro Armenta - The Puebla Times","og_description":"* Por primera vez en el municipio de Coronango, un gobernador realiza acciones de limpieza en beneficio de la poblaci\u00f3n. *Con estos trabajos se fortalece el tejido social y se recuperan espacios p\u00fablicos para las familias poblanas. CORONANGO, Pue.- Como parte del Programa \u00abSenderos de Paz\u00bb que promueve la presidenta Claudia Sheinbaum, en comunidad y...","og_url":"https:\/\/thepueblatimes.mx\/index.php\/2025\/02\/01\/barrer-la-indiferencia-y-el-burocratismo-para-tener-espacios-dignos-alejandro-armenta\/","og_site_name":"The Puebla Times","article_published_time":"2025-02-01T19:23:16+00:00","og_image":[{"width":1040,"height":694,"url":"https:\/\/thepueblatimes.mx\/wp-content\/uploads\/2025\/02\/WhatsApp-Image-2025-02-01-at-12.27.10.jpeg","type":"image\/jpeg"}],"author":"Sa\u00fal Hern\u00e1ndez","twitter_card":"summary_large_image","twitter_misc":{"Escrito por":"Sa\u00fal Hern\u00e1ndez","Tiempo de lectura":"2 minutos"},"schema":{"@context":"https:\/\/schema.org","@graph":[{"@type":"WebPage","@id":"https:\/\/thepueblatimes.mx\/index.php\/2025\/02\/01\/barrer-la-indiferencia-y-el-burocratismo-para-tener-espacios-dignos-alejandro-armenta\/","url":"https:\/\/thepueblatimes.mx\/index.php\/2025\/02\/01\/barrer-la-indiferencia-y-el-burocratismo-para-tener-espacios-dignos-alejandro-armenta\/","name":"Barrer la indiferencia y el burocratismo para tener espacios dignos: Alejandro Armenta - The Puebla Times","isPartOf":{"@id":"https:\/\/thepueblatimes.mx\/#website"},"datePublished":"2025-02-01T19:23:16+00:00","dateModified":"2025-02-01T19:23:16+00:00","author":{"@id":"https:\/\/thepueblatimes.mx\/#\/schema\/person\/1664894c2f65ce2c7a08d8f5f905c13c"},"breadcrumb":{"@id":"https:\/\/thepueblatimes.mx\/index.php\/2025\/02\/01\/barrer-la-indiferencia-y-el-burocratismo-para-tener-espacios-dignos-alejandro-armenta\/#breadcrumb"},"inLanguage":"es","potentialAction":[{"@type":"ReadAction","target":["https:\/\/thepueblatimes.mx\/index.php\/2025\/02\/01\/barrer-la-indiferencia-y-el-burocratismo-para-tener-espacios-dignos-alejandro-armenta\/"]}]},{"@type":"BreadcrumbList","@id":"https:\/\/thepueblatimes.mx\/index.php\/2025\/02\/01\/barrer-la-indiferencia-y-el-burocratismo-para-tener-espacios-dignos-alejandro-armenta\/#breadcrumb","itemListElement":[{"@type":"ListItem","position":1,"name":"Portada","item":"https:\/\/thepueblatimes.mx\/"},{"@type":"ListItem","position":2,"name":"Barrer la indiferencia y el burocratismo para tener espacios dignos: Alejandro Armenta"}]},{"@type":"WebSite","@id":"https:\/\/thepueblatimes.mx\/#website","url":"https:\/\/thepueblatimes.mx\/","name":"The Puebla Times","description":"Noticias del Estado de Puebla","potentialAction":[{"@type":"SearchAction","target":{"@type":"EntryPoint","urlTemplate":"https:\/\/thepueblatimes.mx\/?s={search_term_string}"},"query-input":"required name=search_term_string"}],"inLanguage":"es"},{"@type":"Person","@id":"https:\/\/thepueblatimes.mx\/#\/schema\/person\/1664894c2f65ce2c7a08d8f5f905c13c","name":"Sa\u00fal Hern\u00e1ndez","image":{"@type":"ImageObject","inLanguage":"es","@id":"https:\/\/thepueblatimes.mx\/#\/schema\/person\/image\/","url":"https:\/\/secure.gravatar.com\/avatar\/11be338693f243309532caad8f10c930?s=96&d=mm&r=g","contentUrl":"https:\/\/secure.gravatar.com\/avatar\/11be338693f243309532caad8f10c930?s=96&d=mm&r=g","caption":"Sa\u00fal Hern\u00e1ndez"},"url":"https:\/\/thepueblatimes.mx\/index.php\/author\/saulhernandez\/"}]}},"jetpack_featured_media_url":"https:\/\/thepueblatimes.mx\/wp-content\/uploads\/2025\/02\/WhatsApp-Image-2025-02-01-at-12.27.10.jpeg","_links":{"self":[{"href":"https:\/\/thepueblatimes.mx\/index.php\/wp-json\/wp\/v2\/posts\/27621"}],"collection":[{"href":"https:\/\/thepueblatimes.mx\/index.php\/wp-json\/wp\/v2\/posts"}],"about":[{"href":"https:\/\/thepueblatimes.mx\/index.php\/wp-json\/wp\/v2\/types\/post"}],"author":[{"embeddable":true,"href":"https:\/\/thepueblatimes.mx\/index.php\/wp-json\/wp\/v2\/users\/16"}],"replies":[{"embeddable":true,"href":"https:\/\/thepueblatimes.mx\/index.php\/wp-json\/wp\/v2\/comments?post=27621"}],"version-history":[{"count":1,"href":"https:\/\/thepueblatimes.mx\/index.php\/wp-json\/wp\/v2\/posts\/27621\/revisions"}],"predecessor-version":[{"id":27623,"href":"https:\/\/thepueblatimes.mx\/index.php\/wp-json\/wp\/v2\/posts\/27621\/revisions\/27623"}],"wp:featuredmedia":[{"embeddable":true,"href":"https:\/\/thepueblatimes.mx\/index.php\/wp-json\/wp\/v2\/media\/27622"}],"wp:attachment":[{"href":"https:\/\/thepueblatimes.mx\/index.php\/wp-json\/wp\/v2\/media?parent=27621"}],"wp:term":[{"taxonomy":"category","embeddable":true,"href":"https:\/\/thepueblatimes.mx\/index.php\/wp-json\/wp\/v2\/categories?post=27621"},{"taxonomy":"post_tag","embeddable":true,"href":"https:\/\/thepueblatimes.mx\/index.php\/wp-json\/wp\/v2\/tags?post=27621"}],"curies":[{"name":"wp","href":"https:\/\/api.w.org\/{rel}","templated":true}]}}