{"id":27612,"date":"2025-01-31T17:59:45","date_gmt":"2025-01-31T23:59:45","guid":{"rendered":"https:\/\/thepueblatimes.mx\/?p=27612"},"modified":"2025-01-31T17:59:45","modified_gmt":"2025-01-31T23:59:45","slug":"cdav3r-desmembrado-en-chachapa-suman-cinco-en-amozoc","status":"publish","type":"post","link":"https:\/\/thepueblatimes.mx\/index.php\/2025\/01\/31\/cdav3r-desmembrado-en-chachapa-suman-cinco-en-amozoc\/","title":{"rendered":"C@d\u00e1v3r desmembrado en Chachapa; suman cinco en Amozoc"},"content":{"rendered":"<p>POR FRED ESTRADA<\/p>\n<p>El municipio gobernado por Severiano de la Rosa se mantiene como un espacio inseguro.<\/p>\n<p>Residentes de la colonia San Pedro en San Salvador Chachapa, junta auxiliar del municipio de Amozoc de Mota, reportaron durante la ma\u00f1ana de hoy, viernes 31 de enero, la presencia de varias bolsas de basura con presuntos restos humanos.<\/p>\n<p>Los primeros datos indicaron que en una de ellas se percib\u00eda una cab3za.<\/p>\n<p>Elementos de seguridad acudieron al lugar para investigar la situaci\u00f3n.<\/p>\n<p>Posteriormente personal de Defensa y la polic\u00eda municipal de Amozoc confirmaron que, en la privada Manzana, entre las calles Durazno y Ciruelo, se hall\u00f3 un cuerpo desmembrado dentro de bolsas de pl\u00e1stico, junto a un cartel con un presunto mensaje amenazante.<\/p>\n<p>Personal de la Fiscal\u00eda General del Estado (FGE) de Puebla realiz\u00f3 el levantamiento de los restos e inici\u00f3 las investigaciones correspondientes. Hasta el momento, la identidad de la v\u00edctima permanece desconocida.En tanto, el alcalde de Amozoc se mantiene a margen, como si la seguridad no fuera parte de sus responsabilidades.<\/p>\n","protected":false},"excerpt":{"rendered":"<p>POR FRED ESTRADA El municipio gobernado por Severiano de la Rosa se mantiene como un espacio inseguro. Residentes de la colonia San Pedro en San Salvador Chachapa, junta auxiliar del municipio de Amozoc de Mota, reportaron durante la ma\u00f1ana de hoy, viernes 31 de enero, la presencia de varias bolsas de basura con presuntos restos&#8230;<\/p>\n","protected":false},"author":16,"featured_media":27614,"comment_status":"closed","ping_status":"closed","sticky":false,"template":"","format":"standard","meta":[],"categories":[542],"tags":[292,229,3105,260,2581],"yoast_head":"<!-- This site is optimized with the Yoast SEO plugin v20.8 - https:\/\/yoast.com\/wordpress\/plugins\/seo\/ -->\n<title>C@d\u00e1v3r desmembrado en Chachapa; suman cinco en Amozoc - The Puebla Times<\/title>\n<meta name=\"robots\" content=\"index, follow, max-snippet:-1, max-image-preview:large, max-video-preview:-1\" \/>\n<link rel=\"canonical\" href=\"https:\/\/thepueblatimes.mx\/index.php\/2025\/01\/31\/cdav3r-desmembrado-en-chachapa-suman-cinco-en-amozoc\/\" \/>\n<meta property=\"og:locale\" content=\"es_ES\" \/>\n<meta property=\"og:type\" content=\"article\" \/>\n<meta property=\"og:title\" content=\"C@d\u00e1v3r desmembrado en Chachapa; suman cinco en Amozoc - The Puebla Times\" \/>\n<meta property=\"og:description\" content=\"POR FRED ESTRADA El municipio gobernado por Severiano de la Rosa se mantiene como un espacio inseguro. Residentes de la colonia San Pedro en San Salvador Chachapa, junta auxiliar del municipio de Amozoc de Mota, reportaron durante la ma\u00f1ana de hoy, viernes 31 de enero, la presencia de varias bolsas de basura con presuntos restos...\" \/>\n<meta property=\"og:url\" content=\"https:\/\/thepueblatimes.mx\/index.php\/2025\/01\/31\/cdav3r-desmembrado-en-chachapa-suman-cinco-en-amozoc\/\" \/>\n<meta property=\"og:site_name\" content=\"The Puebla Times\" \/>\n<meta property=\"article:published_time\" content=\"2025-01-31T23:59:45+00:00\" \/>\n<meta property=\"og:image\" content=\"https:\/\/thepueblatimes.mx\/wp-content\/uploads\/2025\/01\/MUERTO-AMOZOC.webp\" \/>\n\t<meta property=\"og:image:width\" content=\"1200\" \/>\n\t<meta property=\"og:image:height\" content=\"675\" \/>\n\t<meta property=\"og:image:type\" content=\"image\/webp\" \/>\n<meta name=\"author\" content=\"Sa\u00fal Hern\u00e1ndez\" \/>\n<meta name=\"twitter:card\" content=\"summary_large_image\" \/>\n<meta name=\"twitter:label1\" content=\"Escrito por\" \/>\n\t<meta name=\"twitter:data1\" content=\"Sa\u00fal Hern\u00e1ndez\" \/>\n\t<meta name=\"twitter:label2\" content=\"Tiempo de lectura\" \/>\n\t<meta name=\"twitter:data2\" content=\"1 minuto\" \/>\n<script type=\"application\/ld+json\" class=\"yoast-schema-graph\">{\"@context\":\"https:\/\/schema.org\",\"@graph\":[{\"@type\":\"WebPage\",\"@id\":\"https:\/\/thepueblatimes.mx\/index.php\/2025\/01\/31\/cdav3r-desmembrado-en-chachapa-suman-cinco-en-amozoc\/\",\"url\":\"https:\/\/thepueblatimes.mx\/index.php\/2025\/01\/31\/cdav3r-desmembrado-en-chachapa-suman-cinco-en-amozoc\/\",\"name\":\"C@d\u00e1v3r desmembrado en Chachapa; suman cinco en Amozoc - The Puebla Times\",\"isPartOf\":{\"@id\":\"https:\/\/thepueblatimes.mx\/#website\"},\"datePublished\":\"2025-01-31T23:59:45+00:00\",\"dateModified\":\"2025-01-31T23:59:45+00:00\",\"author\":{\"@id\":\"https:\/\/thepueblatimes.mx\/#\/schema\/person\/1664894c2f65ce2c7a08d8f5f905c13c\"},\"breadcrumb\":{\"@id\":\"https:\/\/thepueblatimes.mx\/index.php\/2025\/01\/31\/cdav3r-desmembrado-en-chachapa-suman-cinco-en-amozoc\/#breadcrumb\"},\"inLanguage\":\"es\",\"potentialAction\":[{\"@type\":\"ReadAction\",\"target\":[\"https:\/\/thepueblatimes.mx\/index.php\/2025\/01\/31\/cdav3r-desmembrado-en-chachapa-suman-cinco-en-amozoc\/\"]}]},{\"@type\":\"BreadcrumbList\",\"@id\":\"https:\/\/thepueblatimes.mx\/index.php\/2025\/01\/31\/cdav3r-desmembrado-en-chachapa-suman-cinco-en-amozoc\/#breadcrumb\",\"itemListElement\":[{\"@type\":\"ListItem\",\"position\":1,\"name\":\"Portada\",\"item\":\"https:\/\/thepueblatimes.mx\/\"},{\"@type\":\"ListItem\",\"position\":2,\"name\":\"C@d\u00e1v3r desmembrado en Chachapa; suman cinco en Amozoc\"}]},{\"@type\":\"WebSite\",\"@id\":\"https:\/\/thepueblatimes.mx\/#website\",\"url\":\"https:\/\/thepueblatimes.mx\/\",\"name\":\"The Puebla Times\",\"description\":\"Noticias del Estado de Puebla\",\"potentialAction\":[{\"@type\":\"SearchAction\",\"target\":{\"@type\":\"EntryPoint\",\"urlTemplate\":\"https:\/\/thepueblatimes.mx\/?s={search_term_string}\"},\"query-input\":\"required name=search_term_string\"}],\"inLanguage\":\"es\"},{\"@type\":\"Person\",\"@id\":\"https:\/\/thepueblatimes.mx\/#\/schema\/person\/1664894c2f65ce2c7a08d8f5f905c13c\",\"name\":\"Sa\u00fal Hern\u00e1ndez\",\"image\":{\"@type\":\"ImageObject\",\"inLanguage\":\"es\",\"@id\":\"https:\/\/thepueblatimes.mx\/#\/schema\/person\/image\/\",\"url\":\"https:\/\/secure.gravatar.com\/avatar\/11be338693f243309532caad8f10c930?s=96&d=mm&r=g\",\"contentUrl\":\"https:\/\/secure.gravatar.com\/avatar\/11be338693f243309532caad8f10c930?s=96&d=mm&r=g\",\"caption\":\"Sa\u00fal Hern\u00e1ndez\"},\"url\":\"https:\/\/thepueblatimes.mx\/index.php\/author\/saulhernandez\/\"}]}<\/script>\n<!-- \/ Yoast SEO plugin. -->","yoast_head_json":{"title":"C@d\u00e1v3r desmembrado en Chachapa; suman cinco en Amozoc - The Puebla Times","robots":{"index":"index","follow":"follow","max-snippet":"max-snippet:-1","max-image-preview":"max-image-preview:large","max-video-preview":"max-video-preview:-1"},"canonical":"https:\/\/thepueblatimes.mx\/index.php\/2025\/01\/31\/cdav3r-desmembrado-en-chachapa-suman-cinco-en-amozoc\/","og_locale":"es_ES","og_type":"article","og_title":"C@d\u00e1v3r desmembrado en Chachapa; suman cinco en Amozoc - The Puebla Times","og_description":"POR FRED ESTRADA El municipio gobernado por Severiano de la Rosa se mantiene como un espacio inseguro. Residentes de la colonia San Pedro en San Salvador Chachapa, junta auxiliar del municipio de Amozoc de Mota, reportaron durante la ma\u00f1ana de hoy, viernes 31 de enero, la presencia de varias bolsas de basura con presuntos restos...","og_url":"https:\/\/thepueblatimes.mx\/index.php\/2025\/01\/31\/cdav3r-desmembrado-en-chachapa-suman-cinco-en-amozoc\/","og_site_name":"The Puebla Times","article_published_time":"2025-01-31T23:59:45+00:00","og_image":[{"width":1200,"height":675,"url":"https:\/\/thepueblatimes.mx\/wp-content\/uploads\/2025\/01\/MUERTO-AMOZOC.webp","type":"image\/webp"}],"author":"Sa\u00fal Hern\u00e1ndez","twitter_card":"summary_large_image","twitter_misc":{"Escrito por":"Sa\u00fal Hern\u00e1ndez","Tiempo de lectura":"1 minuto"},"schema":{"@context":"https:\/\/schema.org","@graph":[{"@type":"WebPage","@id":"https:\/\/thepueblatimes.mx\/index.php\/2025\/01\/31\/cdav3r-desmembrado-en-chachapa-suman-cinco-en-amozoc\/","url":"https:\/\/thepueblatimes.mx\/index.php\/2025\/01\/31\/cdav3r-desmembrado-en-chachapa-suman-cinco-en-amozoc\/","name":"C@d\u00e1v3r desmembrado en Chachapa; suman cinco en Amozoc - The Puebla Times","isPartOf":{"@id":"https:\/\/thepueblatimes.mx\/#website"},"datePublished":"2025-01-31T23:59:45+00:00","dateModified":"2025-01-31T23:59:45+00:00","author":{"@id":"https:\/\/thepueblatimes.mx\/#\/schema\/person\/1664894c2f65ce2c7a08d8f5f905c13c"},"breadcrumb":{"@id":"https:\/\/thepueblatimes.mx\/index.php\/2025\/01\/31\/cdav3r-desmembrado-en-chachapa-suman-cinco-en-amozoc\/#breadcrumb"},"inLanguage":"es","potentialAction":[{"@type":"ReadAction","target":["https:\/\/thepueblatimes.mx\/index.php\/2025\/01\/31\/cdav3r-desmembrado-en-chachapa-suman-cinco-en-amozoc\/"]}]},{"@type":"BreadcrumbList","@id":"https:\/\/thepueblatimes.mx\/index.php\/2025\/01\/31\/cdav3r-desmembrado-en-chachapa-suman-cinco-en-amozoc\/#breadcrumb","itemListElement":[{"@type":"ListItem","position":1,"name":"Portada","item":"https:\/\/thepueblatimes.mx\/"},{"@type":"ListItem","position":2,"name":"C@d\u00e1v3r desmembrado en Chachapa; suman cinco en Amozoc"}]},{"@type":"WebSite","@id":"https:\/\/thepueblatimes.mx\/#website","url":"https:\/\/thepueblatimes.mx\/","name":"The Puebla Times","description":"Noticias del Estado de Puebla","potentialAction":[{"@type":"SearchAction","target":{"@type":"EntryPoint","urlTemplate":"https:\/\/thepueblatimes.mx\/?s={search_term_string}"},"query-input":"required name=search_term_string"}],"inLanguage":"es"},{"@type":"Person","@id":"https:\/\/thepueblatimes.mx\/#\/schema\/person\/1664894c2f65ce2c7a08d8f5f905c13c","name":"Sa\u00fal Hern\u00e1ndez","image":{"@type":"ImageObject","inLanguage":"es","@id":"https:\/\/thepueblatimes.mx\/#\/schema\/person\/image\/","url":"https:\/\/secure.gravatar.com\/avatar\/11be338693f243309532caad8f10c930?s=96&d=mm&r=g","contentUrl":"https:\/\/secure.gravatar.com\/avatar\/11be338693f243309532caad8f10c930?s=96&d=mm&r=g","caption":"Sa\u00fal Hern\u00e1ndez"},"url":"https:\/\/thepueblatimes.mx\/index.php\/author\/saulhernandez\/"}]}},"jetpack_featured_media_url":"https:\/\/thepueblatimes.mx\/wp-content\/uploads\/2025\/01\/MUERTO-AMOZOC.webp","_links":{"self":[{"href":"https:\/\/thepueblatimes.mx\/index.php\/wp-json\/wp\/v2\/posts\/27612"}],"collection":[{"href":"https:\/\/thepueblatimes.mx\/index.php\/wp-json\/wp\/v2\/posts"}],"about":[{"href":"https:\/\/thepueblatimes.mx\/index.php\/wp-json\/wp\/v2\/types\/post"}],"author":[{"embeddable":true,"href":"https:\/\/thepueblatimes.mx\/index.php\/wp-json\/wp\/v2\/users\/16"}],"replies":[{"embeddable":true,"href":"https:\/\/thepueblatimes.mx\/index.php\/wp-json\/wp\/v2\/comments?post=27612"}],"version-history":[{"count":2,"href":"https:\/\/thepueblatimes.mx\/index.php\/wp-json\/wp\/v2\/posts\/27612\/revisions"}],"predecessor-version":[{"id":27615,"href":"https:\/\/thepueblatimes.mx\/index.php\/wp-json\/wp\/v2\/posts\/27612\/revisions\/27615"}],"wp:featuredmedia":[{"embeddable":true,"href":"https:\/\/thepueblatimes.mx\/index.php\/wp-json\/wp\/v2\/media\/27614"}],"wp:attachment":[{"href":"https:\/\/thepueblatimes.mx\/index.php\/wp-json\/wp\/v2\/media?parent=27612"}],"wp:term":[{"taxonomy":"category","embeddable":true,"href":"https:\/\/thepueblatimes.mx\/index.php\/wp-json\/wp\/v2\/categories?post=27612"},{"taxonomy":"post_tag","embeddable":true,"href":"https:\/\/thepueblatimes.mx\/index.php\/wp-json\/wp\/v2\/tags?post=27612"}],"curies":[{"name":"wp","href":"https:\/\/api.w.org\/{rel}","templated":true}]}}