{"id":27604,"date":"2025-01-31T16:26:30","date_gmt":"2025-01-31T22:26:30","guid":{"rendered":"https:\/\/thepueblatimes.mx\/?p=27604"},"modified":"2025-01-31T16:26:30","modified_gmt":"2025-01-31T22:26:30","slug":"realizan-en-congreso-foro-de-innovacion-y-transformacion-digital-rumbo-al-humanismo-digital","status":"publish","type":"post","link":"https:\/\/thepueblatimes.mx\/index.php\/2025\/01\/31\/realizan-en-congreso-foro-de-innovacion-y-transformacion-digital-rumbo-al-humanismo-digital\/","title":{"rendered":"Realizan en Congreso Foro de Innovaci\u00f3n y Transformaci\u00f3n Digital \u201cRumbo al Humanismo Digital\u201d"},"content":{"rendered":"<h3><strong><em>&#8211; Destacan la importancia de abrir espacios de di\u00e1logo para la participaci\u00f3n ciudadana<\/em><\/strong><\/h3>\n<p>Con el prop\u00f3sito de generar espacios de di\u00e1logo sobre temas de ciberseguridad, uso responsable de las tecnolog\u00edas de la informaci\u00f3n y comunicaci\u00f3n, as\u00ed como de la inteligencia artificial, en el Congreso del Estado se llev\u00f3 a cabo el Foro de Innovaci\u00f3n y Transformaci\u00f3n Digital \u201cRumbo al Humanismo Digital\u201d.<\/p>\n<p>Durante la inauguraci\u00f3n del evento, la diputada Norma Estela Pimentel M\u00e9ndez se\u00f1al\u00f3 que en el Congreso del Estado las y los legisladores trabajan en iniciativas que atiendan a las problem\u00e1ticas de la realidad actual y en las que se involucre a la sociedad para mantener un marco normativo a la vanguardia.<\/p>\n<p>Por lo anterior, destac\u00f3 la importancia de abrir espacios de di\u00e1logo en los que se construyan propuestas con base en la participaci\u00f3n ciudadana.<\/p>\n<p>El evento, fue inaugurado por Maribel Filigrana L\u00f3pez, directora de Educaci\u00f3n Superior Particular. En su mensaje, la funcionaria destac\u00f3 que la tecnolog\u00eda juega un papel fundamental y, por ello, es necesario conocer su evoluci\u00f3n, as\u00ed como los desaf\u00edos a los que se enfrenta la sociedad respecto a la era digital.<\/p>\n<p>En la inauguraci\u00f3n del Foro estuvieron presentes los diputados Jos\u00e9 Luis Figueroa Cort\u00e9s y Jaime Alejandro Aurioles Barroeta.<\/p>\n","protected":false},"excerpt":{"rendered":"<p>&#8211; Destacan la importancia de abrir espacios de di\u00e1logo para la participaci\u00f3n ciudadana Con el prop\u00f3sito de generar espacios de di\u00e1logo sobre temas de ciberseguridad, uso responsable de las tecnolog\u00edas de la informaci\u00f3n y comunicaci\u00f3n, as\u00ed como de la inteligencia artificial, en el Congreso del Estado se llev\u00f3 a cabo el Foro de Innovaci\u00f3n y&#8230;<\/p>\n","protected":false},"author":16,"featured_media":27605,"comment_status":"closed","ping_status":"closed","sticky":false,"template":"","format":"standard","meta":[],"categories":[3],"tags":[2323,3102,3103,3101],"yoast_head":"<!-- This site is optimized with the Yoast SEO plugin v20.8 - https:\/\/yoast.com\/wordpress\/plugins\/seo\/ -->\n<title>Realizan en Congreso Foro de Innovaci\u00f3n y Transformaci\u00f3n Digital \u201cRumbo al Humanismo Digital\u201d - The Puebla Times<\/title>\n<meta name=\"robots\" content=\"index, follow, max-snippet:-1, max-image-preview:large, max-video-preview:-1\" \/>\n<link rel=\"canonical\" href=\"https:\/\/thepueblatimes.mx\/index.php\/2025\/01\/31\/realizan-en-congreso-foro-de-innovacion-y-transformacion-digital-rumbo-al-humanismo-digital\/\" \/>\n<meta property=\"og:locale\" content=\"es_ES\" \/>\n<meta property=\"og:type\" content=\"article\" \/>\n<meta property=\"og:title\" content=\"Realizan en Congreso Foro de Innovaci\u00f3n y Transformaci\u00f3n Digital \u201cRumbo al Humanismo Digital\u201d - The Puebla Times\" \/>\n<meta property=\"og:description\" content=\"&#8211; Destacan la importancia de abrir espacios de di\u00e1logo para la participaci\u00f3n ciudadana Con el prop\u00f3sito de generar espacios de di\u00e1logo sobre temas de ciberseguridad, uso responsable de las tecnolog\u00edas de la informaci\u00f3n y comunicaci\u00f3n, as\u00ed como de la inteligencia artificial, en el Congreso del Estado se llev\u00f3 a cabo el Foro de Innovaci\u00f3n y...\" \/>\n<meta property=\"og:url\" content=\"https:\/\/thepueblatimes.mx\/index.php\/2025\/01\/31\/realizan-en-congreso-foro-de-innovacion-y-transformacion-digital-rumbo-al-humanismo-digital\/\" \/>\n<meta property=\"og:site_name\" content=\"The Puebla Times\" \/>\n<meta property=\"article:published_time\" content=\"2025-01-31T22:26:30+00:00\" \/>\n<meta property=\"og:image\" content=\"https:\/\/thepueblatimes.mx\/wp-content\/uploads\/2025\/01\/WhatsApp-Image-2025-01-31-at-16.01.02.jpeg\" \/>\n\t<meta property=\"og:image:width\" content=\"1599\" \/>\n\t<meta property=\"og:image:height\" content=\"1066\" \/>\n\t<meta property=\"og:image:type\" content=\"image\/jpeg\" \/>\n<meta name=\"author\" content=\"Sa\u00fal Hern\u00e1ndez\" \/>\n<meta name=\"twitter:card\" content=\"summary_large_image\" \/>\n<meta name=\"twitter:label1\" content=\"Escrito por\" \/>\n\t<meta name=\"twitter:data1\" content=\"Sa\u00fal Hern\u00e1ndez\" \/>\n\t<meta name=\"twitter:label2\" content=\"Tiempo de lectura\" \/>\n\t<meta name=\"twitter:data2\" content=\"1 minuto\" \/>\n<script type=\"application\/ld+json\" class=\"yoast-schema-graph\">{\"@context\":\"https:\/\/schema.org\",\"@graph\":[{\"@type\":\"WebPage\",\"@id\":\"https:\/\/thepueblatimes.mx\/index.php\/2025\/01\/31\/realizan-en-congreso-foro-de-innovacion-y-transformacion-digital-rumbo-al-humanismo-digital\/\",\"url\":\"https:\/\/thepueblatimes.mx\/index.php\/2025\/01\/31\/realizan-en-congreso-foro-de-innovacion-y-transformacion-digital-rumbo-al-humanismo-digital\/\",\"name\":\"Realizan en Congreso Foro de Innovaci\u00f3n y Transformaci\u00f3n Digital \u201cRumbo al Humanismo Digital\u201d - The Puebla Times\",\"isPartOf\":{\"@id\":\"https:\/\/thepueblatimes.mx\/#website\"},\"datePublished\":\"2025-01-31T22:26:30+00:00\",\"dateModified\":\"2025-01-31T22:26:30+00:00\",\"author\":{\"@id\":\"https:\/\/thepueblatimes.mx\/#\/schema\/person\/1664894c2f65ce2c7a08d8f5f905c13c\"},\"breadcrumb\":{\"@id\":\"https:\/\/thepueblatimes.mx\/index.php\/2025\/01\/31\/realizan-en-congreso-foro-de-innovacion-y-transformacion-digital-rumbo-al-humanismo-digital\/#breadcrumb\"},\"inLanguage\":\"es\",\"potentialAction\":[{\"@type\":\"ReadAction\",\"target\":[\"https:\/\/thepueblatimes.mx\/index.php\/2025\/01\/31\/realizan-en-congreso-foro-de-innovacion-y-transformacion-digital-rumbo-al-humanismo-digital\/\"]}]},{\"@type\":\"BreadcrumbList\",\"@id\":\"https:\/\/thepueblatimes.mx\/index.php\/2025\/01\/31\/realizan-en-congreso-foro-de-innovacion-y-transformacion-digital-rumbo-al-humanismo-digital\/#breadcrumb\",\"itemListElement\":[{\"@type\":\"ListItem\",\"position\":1,\"name\":\"Portada\",\"item\":\"https:\/\/thepueblatimes.mx\/\"},{\"@type\":\"ListItem\",\"position\":2,\"name\":\"Realizan en Congreso Foro de Innovaci\u00f3n y Transformaci\u00f3n Digital \u201cRumbo al Humanismo Digital\u201d\"}]},{\"@type\":\"WebSite\",\"@id\":\"https:\/\/thepueblatimes.mx\/#website\",\"url\":\"https:\/\/thepueblatimes.mx\/\",\"name\":\"The Puebla Times\",\"description\":\"Noticias del Estado de Puebla\",\"potentialAction\":[{\"@type\":\"SearchAction\",\"target\":{\"@type\":\"EntryPoint\",\"urlTemplate\":\"https:\/\/thepueblatimes.mx\/?s={search_term_string}\"},\"query-input\":\"required name=search_term_string\"}],\"inLanguage\":\"es\"},{\"@type\":\"Person\",\"@id\":\"https:\/\/thepueblatimes.mx\/#\/schema\/person\/1664894c2f65ce2c7a08d8f5f905c13c\",\"name\":\"Sa\u00fal Hern\u00e1ndez\",\"image\":{\"@type\":\"ImageObject\",\"inLanguage\":\"es\",\"@id\":\"https:\/\/thepueblatimes.mx\/#\/schema\/person\/image\/\",\"url\":\"https:\/\/secure.gravatar.com\/avatar\/11be338693f243309532caad8f10c930?s=96&d=mm&r=g\",\"contentUrl\":\"https:\/\/secure.gravatar.com\/avatar\/11be338693f243309532caad8f10c930?s=96&d=mm&r=g\",\"caption\":\"Sa\u00fal Hern\u00e1ndez\"},\"url\":\"https:\/\/thepueblatimes.mx\/index.php\/author\/saulhernandez\/\"}]}<\/script>\n<!-- \/ Yoast SEO plugin. -->","yoast_head_json":{"title":"Realizan en Congreso Foro de Innovaci\u00f3n y Transformaci\u00f3n Digital \u201cRumbo al Humanismo Digital\u201d - The Puebla Times","robots":{"index":"index","follow":"follow","max-snippet":"max-snippet:-1","max-image-preview":"max-image-preview:large","max-video-preview":"max-video-preview:-1"},"canonical":"https:\/\/thepueblatimes.mx\/index.php\/2025\/01\/31\/realizan-en-congreso-foro-de-innovacion-y-transformacion-digital-rumbo-al-humanismo-digital\/","og_locale":"es_ES","og_type":"article","og_title":"Realizan en Congreso Foro de Innovaci\u00f3n y Transformaci\u00f3n Digital \u201cRumbo al Humanismo Digital\u201d - The Puebla Times","og_description":"&#8211; Destacan la importancia de abrir espacios de di\u00e1logo para la participaci\u00f3n ciudadana Con el prop\u00f3sito de generar espacios de di\u00e1logo sobre temas de ciberseguridad, uso responsable de las tecnolog\u00edas de la informaci\u00f3n y comunicaci\u00f3n, as\u00ed como de la inteligencia artificial, en el Congreso del Estado se llev\u00f3 a cabo el Foro de Innovaci\u00f3n y...","og_url":"https:\/\/thepueblatimes.mx\/index.php\/2025\/01\/31\/realizan-en-congreso-foro-de-innovacion-y-transformacion-digital-rumbo-al-humanismo-digital\/","og_site_name":"The Puebla Times","article_published_time":"2025-01-31T22:26:30+00:00","og_image":[{"width":1599,"height":1066,"url":"https:\/\/thepueblatimes.mx\/wp-content\/uploads\/2025\/01\/WhatsApp-Image-2025-01-31-at-16.01.02.jpeg","type":"image\/jpeg"}],"author":"Sa\u00fal Hern\u00e1ndez","twitter_card":"summary_large_image","twitter_misc":{"Escrito por":"Sa\u00fal Hern\u00e1ndez","Tiempo de lectura":"1 minuto"},"schema":{"@context":"https:\/\/schema.org","@graph":[{"@type":"WebPage","@id":"https:\/\/thepueblatimes.mx\/index.php\/2025\/01\/31\/realizan-en-congreso-foro-de-innovacion-y-transformacion-digital-rumbo-al-humanismo-digital\/","url":"https:\/\/thepueblatimes.mx\/index.php\/2025\/01\/31\/realizan-en-congreso-foro-de-innovacion-y-transformacion-digital-rumbo-al-humanismo-digital\/","name":"Realizan en Congreso Foro de Innovaci\u00f3n y Transformaci\u00f3n Digital \u201cRumbo al Humanismo Digital\u201d - The Puebla Times","isPartOf":{"@id":"https:\/\/thepueblatimes.mx\/#website"},"datePublished":"2025-01-31T22:26:30+00:00","dateModified":"2025-01-31T22:26:30+00:00","author":{"@id":"https:\/\/thepueblatimes.mx\/#\/schema\/person\/1664894c2f65ce2c7a08d8f5f905c13c"},"breadcrumb":{"@id":"https:\/\/thepueblatimes.mx\/index.php\/2025\/01\/31\/realizan-en-congreso-foro-de-innovacion-y-transformacion-digital-rumbo-al-humanismo-digital\/#breadcrumb"},"inLanguage":"es","potentialAction":[{"@type":"ReadAction","target":["https:\/\/thepueblatimes.mx\/index.php\/2025\/01\/31\/realizan-en-congreso-foro-de-innovacion-y-transformacion-digital-rumbo-al-humanismo-digital\/"]}]},{"@type":"BreadcrumbList","@id":"https:\/\/thepueblatimes.mx\/index.php\/2025\/01\/31\/realizan-en-congreso-foro-de-innovacion-y-transformacion-digital-rumbo-al-humanismo-digital\/#breadcrumb","itemListElement":[{"@type":"ListItem","position":1,"name":"Portada","item":"https:\/\/thepueblatimes.mx\/"},{"@type":"ListItem","position":2,"name":"Realizan en Congreso Foro de Innovaci\u00f3n y Transformaci\u00f3n Digital \u201cRumbo al Humanismo Digital\u201d"}]},{"@type":"WebSite","@id":"https:\/\/thepueblatimes.mx\/#website","url":"https:\/\/thepueblatimes.mx\/","name":"The Puebla Times","description":"Noticias del Estado de Puebla","potentialAction":[{"@type":"SearchAction","target":{"@type":"EntryPoint","urlTemplate":"https:\/\/thepueblatimes.mx\/?s={search_term_string}"},"query-input":"required name=search_term_string"}],"inLanguage":"es"},{"@type":"Person","@id":"https:\/\/thepueblatimes.mx\/#\/schema\/person\/1664894c2f65ce2c7a08d8f5f905c13c","name":"Sa\u00fal Hern\u00e1ndez","image":{"@type":"ImageObject","inLanguage":"es","@id":"https:\/\/thepueblatimes.mx\/#\/schema\/person\/image\/","url":"https:\/\/secure.gravatar.com\/avatar\/11be338693f243309532caad8f10c930?s=96&d=mm&r=g","contentUrl":"https:\/\/secure.gravatar.com\/avatar\/11be338693f243309532caad8f10c930?s=96&d=mm&r=g","caption":"Sa\u00fal Hern\u00e1ndez"},"url":"https:\/\/thepueblatimes.mx\/index.php\/author\/saulhernandez\/"}]}},"jetpack_featured_media_url":"https:\/\/thepueblatimes.mx\/wp-content\/uploads\/2025\/01\/WhatsApp-Image-2025-01-31-at-16.01.02.jpeg","_links":{"self":[{"href":"https:\/\/thepueblatimes.mx\/index.php\/wp-json\/wp\/v2\/posts\/27604"}],"collection":[{"href":"https:\/\/thepueblatimes.mx\/index.php\/wp-json\/wp\/v2\/posts"}],"about":[{"href":"https:\/\/thepueblatimes.mx\/index.php\/wp-json\/wp\/v2\/types\/post"}],"author":[{"embeddable":true,"href":"https:\/\/thepueblatimes.mx\/index.php\/wp-json\/wp\/v2\/users\/16"}],"replies":[{"embeddable":true,"href":"https:\/\/thepueblatimes.mx\/index.php\/wp-json\/wp\/v2\/comments?post=27604"}],"version-history":[{"count":1,"href":"https:\/\/thepueblatimes.mx\/index.php\/wp-json\/wp\/v2\/posts\/27604\/revisions"}],"predecessor-version":[{"id":27606,"href":"https:\/\/thepueblatimes.mx\/index.php\/wp-json\/wp\/v2\/posts\/27604\/revisions\/27606"}],"wp:featuredmedia":[{"embeddable":true,"href":"https:\/\/thepueblatimes.mx\/index.php\/wp-json\/wp\/v2\/media\/27605"}],"wp:attachment":[{"href":"https:\/\/thepueblatimes.mx\/index.php\/wp-json\/wp\/v2\/media?parent=27604"}],"wp:term":[{"taxonomy":"category","embeddable":true,"href":"https:\/\/thepueblatimes.mx\/index.php\/wp-json\/wp\/v2\/categories?post=27604"},{"taxonomy":"post_tag","embeddable":true,"href":"https:\/\/thepueblatimes.mx\/index.php\/wp-json\/wp\/v2\/tags?post=27604"}],"curies":[{"name":"wp","href":"https:\/\/api.w.org\/{rel}","templated":true}]}}