{"id":27600,"date":"2025-01-31T16:15:20","date_gmt":"2025-01-31T22:15:20","guid":{"rendered":"https:\/\/thepueblatimes.mx\/?p=27600"},"modified":"2025-01-31T16:15:20","modified_gmt":"2025-01-31T22:15:20","slug":"puebla-y-tlaxcala-firman-convenio-para-la-construccion-de-la-paz","status":"publish","type":"post","link":"https:\/\/thepueblatimes.mx\/index.php\/2025\/01\/31\/puebla-y-tlaxcala-firman-convenio-para-la-construccion-de-la-paz\/","title":{"rendered":"Puebla y Tlaxcala firman convenio para la Construcci\u00f3n de la Paz"},"content":{"rendered":"<h3><em><strong>* La coordinaci\u00f3n entre ambas entidades, Guardia Nacional, Marina y SEDENA, garantizar\u00e1 la tranquilidad de los ciudadanos.<\/strong><\/em><\/h3>\n<h3><em><strong>* El gobernador, Alejandro Armenta, refrend\u00f3 su compromiso de atender los 4 ejes de la Estrategia Nacional de seguridad de la presidenta Claudia Sheinbaum.<\/strong><\/em><\/h3>\n<p>CIUDAD DE TLAXCALA, Tlax.- Los gobiernos de Tlaxcala y Puebla se alinean a la Estrategia Nacional de Seguridad que encabeza la presidenta Claudia Sheinbaum, lo anterior en el marco de la Firma de Convenio y Mesa Interestatal para la Construcci\u00f3n de la Paz, que signaron la gobernadora de Tlaxcala, Lorena Cuellar Cisneros y el mandatario de Puebla, Alejandro Armenta.<\/p>\n<p>En su mensaje, el gobernador de Puebla celebr\u00f3 dicho convenio, ya que existe operatividad entre la SEDENA, la Guardia Nacional, la Marina y las secretar\u00edas de Seguridad P\u00fablica de los estados y municipios, que produce resultados favorables para la ciudadan\u00eda.<\/p>\n<p>Alejandro Armenta, resalt\u00f3 que los temas centrales del Convenio Marco de Coordinaci\u00f3n y Colaboraci\u00f3n para el Desarrollo de \u00c1reas y Temas-Comunes entre Tlaxcala y Puebla aborda el desarrollo econ\u00f3mico, medio ambiente, seguridad, movilidad y transporte, entre otros y de manera particular el Proyecto del Saneamiento del R\u00edo Atoyac.<\/p>\n<p>El titular del ejecutivo apunt\u00f3 que el documento signado atiende los cuatro ejes de seguridad que impulsa la presidenta Claudia Sheinbaum, como es el Programa Senderos de Paz, ya que para ambos gobiernos es una prioridad la paz y tranquilidad de la poblaci\u00f3n. Ello no exenta la colaboraci\u00f3n en otras \u00e1reas en beneficios de la poblaci\u00f3n:<\/p>\n<p>\u00abSi desde Puebla tenemos que atender un trabajador de Tlaxcala le vamos a dar los servicios, porque son derechos universales que estamos obligados a cumplir, estamos hermanados\u00bb, puntualiz\u00f3 el gobernador.<\/p>\n<p>La subsecretaria de Desarrollo Democr\u00e1tico, Participaci\u00f3n Social y Asuntos Religiosos, Roc\u00edo B\u00e1rcena Molina, en representaci\u00f3n de la secretaria de Gobernaci\u00f3n Federal, Rosa Icela Rodr\u00edguez, refiri\u00f3 que a trav\u00e9s de todos los gobiernos y por indicaci\u00f3n de la presidenta Claudia Sheinbaum, se atiende el Eje 1 de seguridad, referente a la atenci\u00f3n a las causas, para generar acciones de justicia y bienestar.<\/p>\n<p>En tanto, la gobernadora de Tlaxcala, Lorena Cuellar, inform\u00f3 que gracias al convenio se fortalecer\u00e1n los operativos de blindaje en la zona sur, se crear\u00e1 un grupo de inteligencia, y se llevar\u00e1n a cabo reuniones de seguimiento para valorar resultados, en coordinaci\u00f3n entre las Fiscal\u00edas, y diversas acciones para combatir la tala clandestina.<\/p>\n<p>Finalmente, Cuellar Cisneros afirm\u00f3 que trabajar\u00e1n de manera conjunta, sobre todo en los municipios colindantes, donde se detectaron focos de riesgo, con el objetivo de otorgar resultados a la poblaci\u00f3n. Al respecto inform\u00f3 que en 49 d\u00edas disminuyeron los indicadores delictivos entre Puebla y Tlaxcala.<\/p>\n","protected":false},"excerpt":{"rendered":"<p>* La coordinaci\u00f3n entre ambas entidades, Guardia Nacional, Marina y SEDENA, garantizar\u00e1 la tranquilidad de los ciudadanos. * El gobernador, Alejandro Armenta, refrend\u00f3 su compromiso de atender los 4 ejes de la Estrategia Nacional de seguridad de la presidenta Claudia Sheinbaum. CIUDAD DE TLAXCALA, Tlax.- Los gobiernos de Tlaxcala y Puebla se alinean a la&#8230;<\/p>\n","protected":false},"author":16,"featured_media":27602,"comment_status":"closed","ping_status":"closed","sticky":false,"template":"","format":"standard","meta":[],"categories":[3],"tags":[1651,3099,3100,1273,1388],"yoast_head":"<!-- This site is optimized with the Yoast SEO plugin v20.8 - https:\/\/yoast.com\/wordpress\/plugins\/seo\/ -->\n<title>Puebla y Tlaxcala firman convenio para la Construcci\u00f3n de la Paz - The Puebla Times<\/title>\n<meta name=\"robots\" content=\"index, follow, max-snippet:-1, max-image-preview:large, max-video-preview:-1\" \/>\n<link rel=\"canonical\" href=\"https:\/\/thepueblatimes.mx\/index.php\/2025\/01\/31\/puebla-y-tlaxcala-firman-convenio-para-la-construccion-de-la-paz\/\" \/>\n<meta property=\"og:locale\" content=\"es_ES\" \/>\n<meta property=\"og:type\" content=\"article\" \/>\n<meta property=\"og:title\" content=\"Puebla y Tlaxcala firman convenio para la Construcci\u00f3n de la Paz - The Puebla Times\" \/>\n<meta property=\"og:description\" content=\"* La coordinaci\u00f3n entre ambas entidades, Guardia Nacional, Marina y SEDENA, garantizar\u00e1 la tranquilidad de los ciudadanos. * El gobernador, Alejandro Armenta, refrend\u00f3 su compromiso de atender los 4 ejes de la Estrategia Nacional de seguridad de la presidenta Claudia Sheinbaum. CIUDAD DE TLAXCALA, Tlax.- Los gobiernos de Tlaxcala y Puebla se alinean a la...\" \/>\n<meta property=\"og:url\" content=\"https:\/\/thepueblatimes.mx\/index.php\/2025\/01\/31\/puebla-y-tlaxcala-firman-convenio-para-la-construccion-de-la-paz\/\" \/>\n<meta property=\"og:site_name\" content=\"The Puebla Times\" \/>\n<meta property=\"article:published_time\" content=\"2025-01-31T22:15:20+00:00\" \/>\n<meta property=\"og:image\" content=\"https:\/\/thepueblatimes.mx\/wp-content\/uploads\/2025\/01\/WhatsApp-Image-2025-01-31-at-13.31.19-scaled.jpeg\" \/>\n\t<meta property=\"og:image:width\" content=\"2560\" \/>\n\t<meta property=\"og:image:height\" content=\"1706\" \/>\n\t<meta property=\"og:image:type\" content=\"image\/jpeg\" \/>\n<meta name=\"author\" content=\"Sa\u00fal Hern\u00e1ndez\" \/>\n<meta name=\"twitter:card\" content=\"summary_large_image\" \/>\n<meta name=\"twitter:label1\" content=\"Escrito por\" \/>\n\t<meta name=\"twitter:data1\" content=\"Sa\u00fal Hern\u00e1ndez\" \/>\n\t<meta name=\"twitter:label2\" content=\"Tiempo de lectura\" \/>\n\t<meta name=\"twitter:data2\" content=\"2 minutos\" \/>\n<script type=\"application\/ld+json\" class=\"yoast-schema-graph\">{\"@context\":\"https:\/\/schema.org\",\"@graph\":[{\"@type\":\"WebPage\",\"@id\":\"https:\/\/thepueblatimes.mx\/index.php\/2025\/01\/31\/puebla-y-tlaxcala-firman-convenio-para-la-construccion-de-la-paz\/\",\"url\":\"https:\/\/thepueblatimes.mx\/index.php\/2025\/01\/31\/puebla-y-tlaxcala-firman-convenio-para-la-construccion-de-la-paz\/\",\"name\":\"Puebla y Tlaxcala firman convenio para la Construcci\u00f3n de la Paz - The Puebla Times\",\"isPartOf\":{\"@id\":\"https:\/\/thepueblatimes.mx\/#website\"},\"datePublished\":\"2025-01-31T22:15:20+00:00\",\"dateModified\":\"2025-01-31T22:15:20+00:00\",\"author\":{\"@id\":\"https:\/\/thepueblatimes.mx\/#\/schema\/person\/1664894c2f65ce2c7a08d8f5f905c13c\"},\"breadcrumb\":{\"@id\":\"https:\/\/thepueblatimes.mx\/index.php\/2025\/01\/31\/puebla-y-tlaxcala-firman-convenio-para-la-construccion-de-la-paz\/#breadcrumb\"},\"inLanguage\":\"es\",\"potentialAction\":[{\"@type\":\"ReadAction\",\"target\":[\"https:\/\/thepueblatimes.mx\/index.php\/2025\/01\/31\/puebla-y-tlaxcala-firman-convenio-para-la-construccion-de-la-paz\/\"]}]},{\"@type\":\"BreadcrumbList\",\"@id\":\"https:\/\/thepueblatimes.mx\/index.php\/2025\/01\/31\/puebla-y-tlaxcala-firman-convenio-para-la-construccion-de-la-paz\/#breadcrumb\",\"itemListElement\":[{\"@type\":\"ListItem\",\"position\":1,\"name\":\"Portada\",\"item\":\"https:\/\/thepueblatimes.mx\/\"},{\"@type\":\"ListItem\",\"position\":2,\"name\":\"Puebla y Tlaxcala firman convenio para la Construcci\u00f3n de la Paz\"}]},{\"@type\":\"WebSite\",\"@id\":\"https:\/\/thepueblatimes.mx\/#website\",\"url\":\"https:\/\/thepueblatimes.mx\/\",\"name\":\"The Puebla Times\",\"description\":\"Noticias del Estado de Puebla\",\"potentialAction\":[{\"@type\":\"SearchAction\",\"target\":{\"@type\":\"EntryPoint\",\"urlTemplate\":\"https:\/\/thepueblatimes.mx\/?s={search_term_string}\"},\"query-input\":\"required name=search_term_string\"}],\"inLanguage\":\"es\"},{\"@type\":\"Person\",\"@id\":\"https:\/\/thepueblatimes.mx\/#\/schema\/person\/1664894c2f65ce2c7a08d8f5f905c13c\",\"name\":\"Sa\u00fal Hern\u00e1ndez\",\"image\":{\"@type\":\"ImageObject\",\"inLanguage\":\"es\",\"@id\":\"https:\/\/thepueblatimes.mx\/#\/schema\/person\/image\/\",\"url\":\"https:\/\/secure.gravatar.com\/avatar\/11be338693f243309532caad8f10c930?s=96&d=mm&r=g\",\"contentUrl\":\"https:\/\/secure.gravatar.com\/avatar\/11be338693f243309532caad8f10c930?s=96&d=mm&r=g\",\"caption\":\"Sa\u00fal Hern\u00e1ndez\"},\"url\":\"https:\/\/thepueblatimes.mx\/index.php\/author\/saulhernandez\/\"}]}<\/script>\n<!-- \/ Yoast SEO plugin. -->","yoast_head_json":{"title":"Puebla y Tlaxcala firman convenio para la Construcci\u00f3n de la Paz - The Puebla Times","robots":{"index":"index","follow":"follow","max-snippet":"max-snippet:-1","max-image-preview":"max-image-preview:large","max-video-preview":"max-video-preview:-1"},"canonical":"https:\/\/thepueblatimes.mx\/index.php\/2025\/01\/31\/puebla-y-tlaxcala-firman-convenio-para-la-construccion-de-la-paz\/","og_locale":"es_ES","og_type":"article","og_title":"Puebla y Tlaxcala firman convenio para la Construcci\u00f3n de la Paz - The Puebla Times","og_description":"* La coordinaci\u00f3n entre ambas entidades, Guardia Nacional, Marina y SEDENA, garantizar\u00e1 la tranquilidad de los ciudadanos. * El gobernador, Alejandro Armenta, refrend\u00f3 su compromiso de atender los 4 ejes de la Estrategia Nacional de seguridad de la presidenta Claudia Sheinbaum. CIUDAD DE TLAXCALA, Tlax.- Los gobiernos de Tlaxcala y Puebla se alinean a la...","og_url":"https:\/\/thepueblatimes.mx\/index.php\/2025\/01\/31\/puebla-y-tlaxcala-firman-convenio-para-la-construccion-de-la-paz\/","og_site_name":"The Puebla Times","article_published_time":"2025-01-31T22:15:20+00:00","og_image":[{"width":2560,"height":1706,"url":"https:\/\/thepueblatimes.mx\/wp-content\/uploads\/2025\/01\/WhatsApp-Image-2025-01-31-at-13.31.19-scaled.jpeg","type":"image\/jpeg"}],"author":"Sa\u00fal Hern\u00e1ndez","twitter_card":"summary_large_image","twitter_misc":{"Escrito por":"Sa\u00fal Hern\u00e1ndez","Tiempo de lectura":"2 minutos"},"schema":{"@context":"https:\/\/schema.org","@graph":[{"@type":"WebPage","@id":"https:\/\/thepueblatimes.mx\/index.php\/2025\/01\/31\/puebla-y-tlaxcala-firman-convenio-para-la-construccion-de-la-paz\/","url":"https:\/\/thepueblatimes.mx\/index.php\/2025\/01\/31\/puebla-y-tlaxcala-firman-convenio-para-la-construccion-de-la-paz\/","name":"Puebla y Tlaxcala firman convenio para la Construcci\u00f3n de la Paz - The Puebla Times","isPartOf":{"@id":"https:\/\/thepueblatimes.mx\/#website"},"datePublished":"2025-01-31T22:15:20+00:00","dateModified":"2025-01-31T22:15:20+00:00","author":{"@id":"https:\/\/thepueblatimes.mx\/#\/schema\/person\/1664894c2f65ce2c7a08d8f5f905c13c"},"breadcrumb":{"@id":"https:\/\/thepueblatimes.mx\/index.php\/2025\/01\/31\/puebla-y-tlaxcala-firman-convenio-para-la-construccion-de-la-paz\/#breadcrumb"},"inLanguage":"es","potentialAction":[{"@type":"ReadAction","target":["https:\/\/thepueblatimes.mx\/index.php\/2025\/01\/31\/puebla-y-tlaxcala-firman-convenio-para-la-construccion-de-la-paz\/"]}]},{"@type":"BreadcrumbList","@id":"https:\/\/thepueblatimes.mx\/index.php\/2025\/01\/31\/puebla-y-tlaxcala-firman-convenio-para-la-construccion-de-la-paz\/#breadcrumb","itemListElement":[{"@type":"ListItem","position":1,"name":"Portada","item":"https:\/\/thepueblatimes.mx\/"},{"@type":"ListItem","position":2,"name":"Puebla y Tlaxcala firman convenio para la Construcci\u00f3n de la Paz"}]},{"@type":"WebSite","@id":"https:\/\/thepueblatimes.mx\/#website","url":"https:\/\/thepueblatimes.mx\/","name":"The Puebla Times","description":"Noticias del Estado de Puebla","potentialAction":[{"@type":"SearchAction","target":{"@type":"EntryPoint","urlTemplate":"https:\/\/thepueblatimes.mx\/?s={search_term_string}"},"query-input":"required name=search_term_string"}],"inLanguage":"es"},{"@type":"Person","@id":"https:\/\/thepueblatimes.mx\/#\/schema\/person\/1664894c2f65ce2c7a08d8f5f905c13c","name":"Sa\u00fal Hern\u00e1ndez","image":{"@type":"ImageObject","inLanguage":"es","@id":"https:\/\/thepueblatimes.mx\/#\/schema\/person\/image\/","url":"https:\/\/secure.gravatar.com\/avatar\/11be338693f243309532caad8f10c930?s=96&d=mm&r=g","contentUrl":"https:\/\/secure.gravatar.com\/avatar\/11be338693f243309532caad8f10c930?s=96&d=mm&r=g","caption":"Sa\u00fal Hern\u00e1ndez"},"url":"https:\/\/thepueblatimes.mx\/index.php\/author\/saulhernandez\/"}]}},"jetpack_featured_media_url":"https:\/\/thepueblatimes.mx\/wp-content\/uploads\/2025\/01\/WhatsApp-Image-2025-01-31-at-13.31.19-scaled.jpeg","_links":{"self":[{"href":"https:\/\/thepueblatimes.mx\/index.php\/wp-json\/wp\/v2\/posts\/27600"}],"collection":[{"href":"https:\/\/thepueblatimes.mx\/index.php\/wp-json\/wp\/v2\/posts"}],"about":[{"href":"https:\/\/thepueblatimes.mx\/index.php\/wp-json\/wp\/v2\/types\/post"}],"author":[{"embeddable":true,"href":"https:\/\/thepueblatimes.mx\/index.php\/wp-json\/wp\/v2\/users\/16"}],"replies":[{"embeddable":true,"href":"https:\/\/thepueblatimes.mx\/index.php\/wp-json\/wp\/v2\/comments?post=27600"}],"version-history":[{"count":2,"href":"https:\/\/thepueblatimes.mx\/index.php\/wp-json\/wp\/v2\/posts\/27600\/revisions"}],"predecessor-version":[{"id":27603,"href":"https:\/\/thepueblatimes.mx\/index.php\/wp-json\/wp\/v2\/posts\/27600\/revisions\/27603"}],"wp:featuredmedia":[{"embeddable":true,"href":"https:\/\/thepueblatimes.mx\/index.php\/wp-json\/wp\/v2\/media\/27602"}],"wp:attachment":[{"href":"https:\/\/thepueblatimes.mx\/index.php\/wp-json\/wp\/v2\/media?parent=27600"}],"wp:term":[{"taxonomy":"category","embeddable":true,"href":"https:\/\/thepueblatimes.mx\/index.php\/wp-json\/wp\/v2\/categories?post=27600"},{"taxonomy":"post_tag","embeddable":true,"href":"https:\/\/thepueblatimes.mx\/index.php\/wp-json\/wp\/v2\/tags?post=27600"}],"curies":[{"name":"wp","href":"https:\/\/api.w.org\/{rel}","templated":true}]}}