{"id":276,"date":"2020-06-18T00:05:35","date_gmt":"2020-06-18T05:05:35","guid":{"rendered":"https:\/\/thepueblatimes.mx\/?p=276"},"modified":"2020-06-18T00:05:35","modified_gmt":"2020-06-18T05:05:35","slug":"la-nueva-pelicula-de-keanu-reeves-se-estrena-en-agosto","status":"publish","type":"post","link":"https:\/\/thepueblatimes.mx\/index.php\/2020\/06\/18\/la-nueva-pelicula-de-keanu-reeves-se-estrena-en-agosto\/","title":{"rendered":"La nueva pel\u00edcula de Keanu Reeves se estrena en agosto"},"content":{"rendered":"<p><strong>&#8216;Bill &amp; Ted Face the Music&#8217; se estren el 21 de agosto donde Keanue y Alex winter ser\u00e1n protag\u00f3nicos. Sus personajes, Bill y Ted, trabajar\u00e1n para salvar a la humanidad y contar\u00e1n con gente reconocida en el mundo de la m\u00fasica para cumplir su misi\u00f3n.<\/strong><\/p>\n<p>CIUDAD DE M\u00c9XICO.- Keanu Reeves vuelve a ser el protag\u00f3nico en una gran pel\u00edcula. En esta caso, junto con Alex Winter coprotagoniza \u2018Bill &amp; Ted Face the Music\u2019. Con un gui\u00f3n de Chris Matheson y Ed Solomon, la pel\u00edcula se encuentra bajo la direcci\u00f3n de Dean Parisot, con la producci\u00f3n de Orion Pictures.<\/p>\n<p>Esta secuela trata sobre la continuaci\u00f3n de las aventuras de Ted y Bill que ahora siendo dos hombre de mediana edad y amantes del Rock &amp; Roll, emprenden un viaje hacia el futuro con el fin de salvar a la humanidad a trav\u00e9s de una canci\u00f3n compuesta por ellos. El resto del elenco de actores est\u00e1 formado por William Sadler como la Muerte; Brigette Lundy-Paine como Billie Logan, la hija de Ted y Elizabeth; Samara Weaving como Thea Preston, la hija de Bill y Joanna; y el actor Anthony Carrigan como el antagonista.<\/p>\n<p>En la pel\u00edcula los dos hombres son visitados por un personaje proveniente del futuro quien les advierte de la necesidad de crear una canci\u00f3n que salvar\u00e1 a toda la vida y el universo. Mientras que para lograrlo, ambos trabajar\u00e1n arduamente con sus familias, viejos amigos y reconocidas leyendas de la m\u00fasica, quienes les ayudar\u00e1n en el cumplimiento de esta misi\u00f3n. La pel\u00edcula ser\u00e1 estrenada en los Estados Unidos el 21 de agosto.<\/p>\n","protected":false},"excerpt":{"rendered":"<p>&#8216;Bill &#038; Ted Face the Music&#8217; se estren el 21 de agosto donde Keanue y Alex winter ser\u00e1n protag\u00f3nicos. Sus personajes, Bill y Ted, trabajar\u00e1n para salvar a la humanidad y contar\u00e1n con gente reconocida en el mundo de la m\u00fasica para cumplir su misi\u00f3n.<\/p>\n","protected":false},"author":1,"featured_media":277,"comment_status":"open","ping_status":"open","sticky":false,"template":"","format":"standard","meta":[],"categories":[9],"tags":[99],"yoast_head":"<!-- This site is optimized with the Yoast SEO plugin v20.8 - https:\/\/yoast.com\/wordpress\/plugins\/seo\/ -->\n<title>La nueva pel\u00edcula de Keanu Reeves se estrena en agosto - The Puebla Times<\/title>\n<meta name=\"robots\" content=\"index, follow, max-snippet:-1, max-image-preview:large, max-video-preview:-1\" \/>\n<link rel=\"canonical\" href=\"https:\/\/thepueblatimes.mx\/index.php\/2020\/06\/18\/la-nueva-pelicula-de-keanu-reeves-se-estrena-en-agosto\/\" \/>\n<meta property=\"og:locale\" content=\"es_ES\" \/>\n<meta property=\"og:type\" content=\"article\" \/>\n<meta property=\"og:title\" content=\"La nueva pel\u00edcula de Keanu Reeves se estrena en agosto - The Puebla Times\" \/>\n<meta property=\"og:description\" content=\"&#039;Bill &amp; Ted Face the Music&#039; se estren el 21 de agosto donde Keanue y Alex winter ser\u00e1n protag\u00f3nicos. Sus personajes, Bill y Ted, trabajar\u00e1n para salvar a la humanidad y contar\u00e1n con gente reconocida en el mundo de la m\u00fasica para cumplir su misi\u00f3n.\" \/>\n<meta property=\"og:url\" content=\"https:\/\/thepueblatimes.mx\/index.php\/2020\/06\/18\/la-nueva-pelicula-de-keanu-reeves-se-estrena-en-agosto\/\" \/>\n<meta property=\"og:site_name\" content=\"The Puebla Times\" \/>\n<meta property=\"article:published_time\" content=\"2020-06-18T05:05:35+00:00\" \/>\n<meta property=\"og:image\" content=\"https:\/\/thepueblatimes.mx\/wp-content\/uploads\/2020\/06\/rees.jpg\" \/>\n\t<meta property=\"og:image:width\" content=\"661\" \/>\n\t<meta property=\"og:image:height\" content=\"379\" \/>\n\t<meta property=\"og:image:type\" content=\"image\/jpeg\" \/>\n<meta name=\"author\" content=\"adminshn\" \/>\n<meta name=\"twitter:card\" content=\"summary_large_image\" \/>\n<meta name=\"twitter:label1\" content=\"Escrito por\" \/>\n\t<meta name=\"twitter:data1\" content=\"adminshn\" \/>\n\t<meta name=\"twitter:label2\" content=\"Tiempo de lectura\" \/>\n\t<meta name=\"twitter:data2\" content=\"1 minuto\" \/>\n<script type=\"application\/ld+json\" class=\"yoast-schema-graph\">{\"@context\":\"https:\/\/schema.org\",\"@graph\":[{\"@type\":\"WebPage\",\"@id\":\"https:\/\/thepueblatimes.mx\/index.php\/2020\/06\/18\/la-nueva-pelicula-de-keanu-reeves-se-estrena-en-agosto\/\",\"url\":\"https:\/\/thepueblatimes.mx\/index.php\/2020\/06\/18\/la-nueva-pelicula-de-keanu-reeves-se-estrena-en-agosto\/\",\"name\":\"La nueva pel\u00edcula de Keanu Reeves se estrena en agosto - The Puebla Times\",\"isPartOf\":{\"@id\":\"https:\/\/thepueblatimes.mx\/#website\"},\"datePublished\":\"2020-06-18T05:05:35+00:00\",\"dateModified\":\"2020-06-18T05:05:35+00:00\",\"author\":{\"@id\":\"https:\/\/thepueblatimes.mx\/#\/schema\/person\/bacbdcbafaffe83c55b34c46e278a2c0\"},\"breadcrumb\":{\"@id\":\"https:\/\/thepueblatimes.mx\/index.php\/2020\/06\/18\/la-nueva-pelicula-de-keanu-reeves-se-estrena-en-agosto\/#breadcrumb\"},\"inLanguage\":\"es\",\"potentialAction\":[{\"@type\":\"ReadAction\",\"target\":[\"https:\/\/thepueblatimes.mx\/index.php\/2020\/06\/18\/la-nueva-pelicula-de-keanu-reeves-se-estrena-en-agosto\/\"]}]},{\"@type\":\"BreadcrumbList\",\"@id\":\"https:\/\/thepueblatimes.mx\/index.php\/2020\/06\/18\/la-nueva-pelicula-de-keanu-reeves-se-estrena-en-agosto\/#breadcrumb\",\"itemListElement\":[{\"@type\":\"ListItem\",\"position\":1,\"name\":\"Portada\",\"item\":\"https:\/\/thepueblatimes.mx\/\"},{\"@type\":\"ListItem\",\"position\":2,\"name\":\"La nueva pel\u00edcula de Keanu Reeves se estrena en agosto\"}]},{\"@type\":\"WebSite\",\"@id\":\"https:\/\/thepueblatimes.mx\/#website\",\"url\":\"https:\/\/thepueblatimes.mx\/\",\"name\":\"The Puebla Times\",\"description\":\"Noticias del Estado de Puebla\",\"potentialAction\":[{\"@type\":\"SearchAction\",\"target\":{\"@type\":\"EntryPoint\",\"urlTemplate\":\"https:\/\/thepueblatimes.mx\/?s={search_term_string}\"},\"query-input\":\"required name=search_term_string\"}],\"inLanguage\":\"es\"},{\"@type\":\"Person\",\"@id\":\"https:\/\/thepueblatimes.mx\/#\/schema\/person\/bacbdcbafaffe83c55b34c46e278a2c0\",\"name\":\"adminshn\",\"image\":{\"@type\":\"ImageObject\",\"inLanguage\":\"es\",\"@id\":\"https:\/\/thepueblatimes.mx\/#\/schema\/person\/image\/\",\"url\":\"https:\/\/secure.gravatar.com\/avatar\/f3a15c1fa92ae8f39edb1c2fe722db47?s=96&d=mm&r=g\",\"contentUrl\":\"https:\/\/secure.gravatar.com\/avatar\/f3a15c1fa92ae8f39edb1c2fe722db47?s=96&d=mm&r=g\",\"caption\":\"adminshn\"},\"sameAs\":[\"http:\/\/thepueblatimes.mx\"],\"url\":\"https:\/\/thepueblatimes.mx\/index.php\/author\/jro7yzzejg\/\"}]}<\/script>\n<!-- \/ Yoast SEO plugin. -->","yoast_head_json":{"title":"La nueva pel\u00edcula de Keanu Reeves se estrena en agosto - The Puebla Times","robots":{"index":"index","follow":"follow","max-snippet":"max-snippet:-1","max-image-preview":"max-image-preview:large","max-video-preview":"max-video-preview:-1"},"canonical":"https:\/\/thepueblatimes.mx\/index.php\/2020\/06\/18\/la-nueva-pelicula-de-keanu-reeves-se-estrena-en-agosto\/","og_locale":"es_ES","og_type":"article","og_title":"La nueva pel\u00edcula de Keanu Reeves se estrena en agosto - The Puebla Times","og_description":"'Bill & Ted Face the Music' se estren el 21 de agosto donde Keanue y Alex winter ser\u00e1n protag\u00f3nicos. Sus personajes, Bill y Ted, trabajar\u00e1n para salvar a la humanidad y contar\u00e1n con gente reconocida en el mundo de la m\u00fasica para cumplir su misi\u00f3n.","og_url":"https:\/\/thepueblatimes.mx\/index.php\/2020\/06\/18\/la-nueva-pelicula-de-keanu-reeves-se-estrena-en-agosto\/","og_site_name":"The Puebla Times","article_published_time":"2020-06-18T05:05:35+00:00","og_image":[{"width":661,"height":379,"url":"https:\/\/thepueblatimes.mx\/wp-content\/uploads\/2020\/06\/rees.jpg","type":"image\/jpeg"}],"author":"adminshn","twitter_card":"summary_large_image","twitter_misc":{"Escrito por":"adminshn","Tiempo de lectura":"1 minuto"},"schema":{"@context":"https:\/\/schema.org","@graph":[{"@type":"WebPage","@id":"https:\/\/thepueblatimes.mx\/index.php\/2020\/06\/18\/la-nueva-pelicula-de-keanu-reeves-se-estrena-en-agosto\/","url":"https:\/\/thepueblatimes.mx\/index.php\/2020\/06\/18\/la-nueva-pelicula-de-keanu-reeves-se-estrena-en-agosto\/","name":"La nueva pel\u00edcula de Keanu Reeves se estrena en agosto - The Puebla Times","isPartOf":{"@id":"https:\/\/thepueblatimes.mx\/#website"},"datePublished":"2020-06-18T05:05:35+00:00","dateModified":"2020-06-18T05:05:35+00:00","author":{"@id":"https:\/\/thepueblatimes.mx\/#\/schema\/person\/bacbdcbafaffe83c55b34c46e278a2c0"},"breadcrumb":{"@id":"https:\/\/thepueblatimes.mx\/index.php\/2020\/06\/18\/la-nueva-pelicula-de-keanu-reeves-se-estrena-en-agosto\/#breadcrumb"},"inLanguage":"es","potentialAction":[{"@type":"ReadAction","target":["https:\/\/thepueblatimes.mx\/index.php\/2020\/06\/18\/la-nueva-pelicula-de-keanu-reeves-se-estrena-en-agosto\/"]}]},{"@type":"BreadcrumbList","@id":"https:\/\/thepueblatimes.mx\/index.php\/2020\/06\/18\/la-nueva-pelicula-de-keanu-reeves-se-estrena-en-agosto\/#breadcrumb","itemListElement":[{"@type":"ListItem","position":1,"name":"Portada","item":"https:\/\/thepueblatimes.mx\/"},{"@type":"ListItem","position":2,"name":"La nueva pel\u00edcula de Keanu Reeves se estrena en agosto"}]},{"@type":"WebSite","@id":"https:\/\/thepueblatimes.mx\/#website","url":"https:\/\/thepueblatimes.mx\/","name":"The Puebla Times","description":"Noticias del Estado de Puebla","potentialAction":[{"@type":"SearchAction","target":{"@type":"EntryPoint","urlTemplate":"https:\/\/thepueblatimes.mx\/?s={search_term_string}"},"query-input":"required name=search_term_string"}],"inLanguage":"es"},{"@type":"Person","@id":"https:\/\/thepueblatimes.mx\/#\/schema\/person\/bacbdcbafaffe83c55b34c46e278a2c0","name":"adminshn","image":{"@type":"ImageObject","inLanguage":"es","@id":"https:\/\/thepueblatimes.mx\/#\/schema\/person\/image\/","url":"https:\/\/secure.gravatar.com\/avatar\/f3a15c1fa92ae8f39edb1c2fe722db47?s=96&d=mm&r=g","contentUrl":"https:\/\/secure.gravatar.com\/avatar\/f3a15c1fa92ae8f39edb1c2fe722db47?s=96&d=mm&r=g","caption":"adminshn"},"sameAs":["http:\/\/thepueblatimes.mx"],"url":"https:\/\/thepueblatimes.mx\/index.php\/author\/jro7yzzejg\/"}]}},"jetpack_featured_media_url":"https:\/\/thepueblatimes.mx\/wp-content\/uploads\/2020\/06\/rees.jpg","_links":{"self":[{"href":"https:\/\/thepueblatimes.mx\/index.php\/wp-json\/wp\/v2\/posts\/276"}],"collection":[{"href":"https:\/\/thepueblatimes.mx\/index.php\/wp-json\/wp\/v2\/posts"}],"about":[{"href":"https:\/\/thepueblatimes.mx\/index.php\/wp-json\/wp\/v2\/types\/post"}],"author":[{"embeddable":true,"href":"https:\/\/thepueblatimes.mx\/index.php\/wp-json\/wp\/v2\/users\/1"}],"replies":[{"embeddable":true,"href":"https:\/\/thepueblatimes.mx\/index.php\/wp-json\/wp\/v2\/comments?post=276"}],"version-history":[{"count":1,"href":"https:\/\/thepueblatimes.mx\/index.php\/wp-json\/wp\/v2\/posts\/276\/revisions"}],"predecessor-version":[{"id":278,"href":"https:\/\/thepueblatimes.mx\/index.php\/wp-json\/wp\/v2\/posts\/276\/revisions\/278"}],"wp:featuredmedia":[{"embeddable":true,"href":"https:\/\/thepueblatimes.mx\/index.php\/wp-json\/wp\/v2\/media\/277"}],"wp:attachment":[{"href":"https:\/\/thepueblatimes.mx\/index.php\/wp-json\/wp\/v2\/media?parent=276"}],"wp:term":[{"taxonomy":"category","embeddable":true,"href":"https:\/\/thepueblatimes.mx\/index.php\/wp-json\/wp\/v2\/categories?post=276"},{"taxonomy":"post_tag","embeddable":true,"href":"https:\/\/thepueblatimes.mx\/index.php\/wp-json\/wp\/v2\/tags?post=276"}],"curies":[{"name":"wp","href":"https:\/\/api.w.org\/{rel}","templated":true}]}}