{"id":27565,"date":"2025-01-29T18:44:56","date_gmt":"2025-01-30T00:44:56","guid":{"rendered":"https:\/\/thepueblatimes.mx\/?p=27565"},"modified":"2025-01-29T18:45:08","modified_gmt":"2025-01-30T00:45:08","slug":"pepe-chedraui-rindio-un-informe-sobre-los-primeros-cien-dias-de-gestion-y-anticipo-acciones-a-realizar","status":"publish","type":"post","link":"https:\/\/thepueblatimes.mx\/index.php\/2025\/01\/29\/pepe-chedraui-rindio-un-informe-sobre-los-primeros-cien-dias-de-gestion-y-anticipo-acciones-a-realizar\/","title":{"rendered":"Pepe Chedraui rindi\u00f3 un informe sobre los primeros cien d\u00edas de gesti\u00f3n y anticip\u00f3 acciones a realizar"},"content":{"rendered":"<p>El alcalde Pepe Chedraui dio muestra de su apego a los lineamientos de uso racional de los recursos al rendir, desde el palacio municipal el informe por sus primeros cien d\u00edas de gobierno.<br \/>\nCon ello, marc\u00f3 una pauta a seguir y exhibi\u00f3 su visi\u00f3n al plantear las acciones que seguir\u00e1 en cuatro rubros fundamentales para el bienestar ciudadano como son los espacios p\u00fablicos, la iluminaci\u00f3n, la seguridad y el incremento de los programa a cargo del Sistema Municipal DIF.<\/p>\n<p>El Informe<\/p>\n<p>En su informe el alcalde Pepe Chedraui resalt\u00f3 que este periodo sirvi\u00f3 para tomar el control de la administraci\u00f3n ante la situaci\u00f3n en la que recibi\u00f3 la ciudad, por lo que el trabajo se centra en fortalecer la seguridad, obra p\u00fablica, iluminaci\u00f3n, as\u00ed como la econom\u00eda y el turismo.<\/p>\n<p>Refrend\u00f3 su compromiso de trabajar en equipo por las familias; ante la situaci\u00f3n de quienes le antecedieron en el cargo precis\u00f3 que la administraci\u00f3n trabajar\u00e1 siempre con acciones, sin persecuci\u00f3n, pero tambi\u00e9n sin pretextos y sin impunidad.<\/p>\n<p>Resalt\u00f3 la colaboraci\u00f3n y la gu\u00eda de la presidenta, Claudia Sheinbaum, as\u00ed como el liderazgo del gobernador, Alejandro Armenta, para rescatar a Puebla y tener una mejor ciudad.<\/p>\n<p>Entre otras acciones, apunt\u00f3 \u201cen apenas 100 d\u00edas iniciamos el plan de iluminaci\u00f3n m\u00e1s ambicioso en Puebla capital, hemos modernizado y se ha dado mantenimiento a m\u00e1s de 4 mil luminarias, esto con especial atenci\u00f3n en las juntas auxiliares\u201d.<\/p>\n<p>En seguridad dijo que el Gobierno de la Ciudad trabaja de forma coordinada con el apoyo de la Sedena, la Guardia Nacional, la Marina, la Secretar\u00eda de Seguridad P\u00fablica Estatal y la Fiscal\u00eda General del Estado para generar 5 mil 116 operativos en coordinaci\u00f3n con el objetivo de recuperar la tranquilidad en las familias.<\/p>\n<p>Asegur\u00f3 que se redujo el robo de veh\u00edculo un 11 por ciento; robo a comercio, 32 por ciento; robo a casa habitaci\u00f3n, 23 por ciento; robo en transporte p\u00fablico, 29 por ciento y el robo a transe\u00fante, registr\u00f3 una baja del 18 por ciento, seg\u00fan datos del Secretariado Ejecutivo del Sistema Nacional de Seguridad P\u00fablica.<\/p>\n<p>Adem\u00e1s, adelant\u00f3 que el Gobierno de la Ciudad tiene contempladas cuatro \u00e1reas espec\u00edficas durante este a\u00f1o, como con la preservaci\u00f3n y mantenimiento permanente de plazas, parques, jardines y monumentos; la continuidad del bacheo, pavimentaci\u00f3n de calles y vialidades; as\u00ed como la puesta en marcha del programa m\u00e1s ambicioso de iluminaci\u00f3n para la capital.<\/p>\n<p>Indic\u00f3 que se tiene programado destinar el 30 por ciento del presupuesto de la ciudad en acciones de seguridad para las y los poblanos; as\u00ed como los programas para una Puebla solidaria a trav\u00e9s del SMDIF y las jornadas imparables.<\/p>\n<p>En representaci\u00f3n del gobernador asistieron el secretario de Seguridad P\u00fablica, Francisco S\u00e1nchez Gonz\u00e1lez y el director general del SEDIF, Raymundo Atanacio Luna; as\u00ed como la coordinadora estatal de Morena, Olga Luc\u00eda Romero Garci-Crespo; la presidenta de la LXII Legislatura del Congreso del Estado, Laura Artemisa Garc\u00eda Ch\u00e1vez y diputadas y diputados locales y federales.<\/p>\n","protected":false},"excerpt":{"rendered":"<p>El alcalde Pepe Chedraui dio muestra de su apego a los lineamientos de uso racional de los recursos al rendir, desde el palacio municipal el informe por sus primeros cien d\u00edas de gobierno. Con ello, marc\u00f3 una pauta a seguir y exhibi\u00f3 su visi\u00f3n al plantear las acciones que seguir\u00e1 en cuatro rubros fundamentales para&#8230;<\/p>\n","protected":false},"author":16,"featured_media":27566,"comment_status":"closed","ping_status":"closed","sticky":false,"template":"","format":"standard","meta":[],"categories":[20],"tags":[1287,3081,1301],"yoast_head":"<!-- This site is optimized with the Yoast SEO plugin v20.8 - https:\/\/yoast.com\/wordpress\/plugins\/seo\/ -->\n<title>Pepe Chedraui rindi\u00f3 un informe sobre los primeros cien d\u00edas de gesti\u00f3n y anticip\u00f3 acciones a realizar - The Puebla Times<\/title>\n<meta name=\"robots\" content=\"index, follow, max-snippet:-1, max-image-preview:large, max-video-preview:-1\" \/>\n<link rel=\"canonical\" href=\"https:\/\/thepueblatimes.mx\/index.php\/2025\/01\/29\/pepe-chedraui-rindio-un-informe-sobre-los-primeros-cien-dias-de-gestion-y-anticipo-acciones-a-realizar\/\" \/>\n<meta property=\"og:locale\" content=\"es_ES\" \/>\n<meta property=\"og:type\" content=\"article\" \/>\n<meta property=\"og:title\" content=\"Pepe Chedraui rindi\u00f3 un informe sobre los primeros cien d\u00edas de gesti\u00f3n y anticip\u00f3 acciones a realizar - The Puebla Times\" \/>\n<meta property=\"og:description\" content=\"El alcalde Pepe Chedraui dio muestra de su apego a los lineamientos de uso racional de los recursos al rendir, desde el palacio municipal el informe por sus primeros cien d\u00edas de gobierno. Con ello, marc\u00f3 una pauta a seguir y exhibi\u00f3 su visi\u00f3n al plantear las acciones que seguir\u00e1 en cuatro rubros fundamentales para...\" \/>\n<meta property=\"og:url\" content=\"https:\/\/thepueblatimes.mx\/index.php\/2025\/01\/29\/pepe-chedraui-rindio-un-informe-sobre-los-primeros-cien-dias-de-gestion-y-anticipo-acciones-a-realizar\/\" \/>\n<meta property=\"og:site_name\" content=\"The Puebla Times\" \/>\n<meta property=\"article:published_time\" content=\"2025-01-30T00:44:56+00:00\" \/>\n<meta property=\"article:modified_time\" content=\"2025-01-30T00:45:08+00:00\" \/>\n<meta property=\"og:image\" content=\"https:\/\/thepueblatimes.mx\/wp-content\/uploads\/2025\/01\/GieuvLeaMAAA3oS.jpg\" \/>\n\t<meta property=\"og:image:width\" content=\"1096\" \/>\n\t<meta property=\"og:image:height\" content=\"710\" \/>\n\t<meta property=\"og:image:type\" content=\"image\/jpeg\" \/>\n<meta name=\"author\" content=\"Sa\u00fal Hern\u00e1ndez\" \/>\n<meta name=\"twitter:card\" content=\"summary_large_image\" \/>\n<meta name=\"twitter:label1\" content=\"Escrito por\" \/>\n\t<meta name=\"twitter:data1\" content=\"Sa\u00fal Hern\u00e1ndez\" \/>\n\t<meta name=\"twitter:label2\" content=\"Tiempo de lectura\" \/>\n\t<meta name=\"twitter:data2\" content=\"3 minutos\" \/>\n<script type=\"application\/ld+json\" class=\"yoast-schema-graph\">{\"@context\":\"https:\/\/schema.org\",\"@graph\":[{\"@type\":\"WebPage\",\"@id\":\"https:\/\/thepueblatimes.mx\/index.php\/2025\/01\/29\/pepe-chedraui-rindio-un-informe-sobre-los-primeros-cien-dias-de-gestion-y-anticipo-acciones-a-realizar\/\",\"url\":\"https:\/\/thepueblatimes.mx\/index.php\/2025\/01\/29\/pepe-chedraui-rindio-un-informe-sobre-los-primeros-cien-dias-de-gestion-y-anticipo-acciones-a-realizar\/\",\"name\":\"Pepe Chedraui rindi\u00f3 un informe sobre los primeros cien d\u00edas de gesti\u00f3n y anticip\u00f3 acciones a realizar - The Puebla Times\",\"isPartOf\":{\"@id\":\"https:\/\/thepueblatimes.mx\/#website\"},\"datePublished\":\"2025-01-30T00:44:56+00:00\",\"dateModified\":\"2025-01-30T00:45:08+00:00\",\"author\":{\"@id\":\"https:\/\/thepueblatimes.mx\/#\/schema\/person\/1664894c2f65ce2c7a08d8f5f905c13c\"},\"breadcrumb\":{\"@id\":\"https:\/\/thepueblatimes.mx\/index.php\/2025\/01\/29\/pepe-chedraui-rindio-un-informe-sobre-los-primeros-cien-dias-de-gestion-y-anticipo-acciones-a-realizar\/#breadcrumb\"},\"inLanguage\":\"es\",\"potentialAction\":[{\"@type\":\"ReadAction\",\"target\":[\"https:\/\/thepueblatimes.mx\/index.php\/2025\/01\/29\/pepe-chedraui-rindio-un-informe-sobre-los-primeros-cien-dias-de-gestion-y-anticipo-acciones-a-realizar\/\"]}]},{\"@type\":\"BreadcrumbList\",\"@id\":\"https:\/\/thepueblatimes.mx\/index.php\/2025\/01\/29\/pepe-chedraui-rindio-un-informe-sobre-los-primeros-cien-dias-de-gestion-y-anticipo-acciones-a-realizar\/#breadcrumb\",\"itemListElement\":[{\"@type\":\"ListItem\",\"position\":1,\"name\":\"Portada\",\"item\":\"https:\/\/thepueblatimes.mx\/\"},{\"@type\":\"ListItem\",\"position\":2,\"name\":\"Pepe Chedraui rindi\u00f3 un informe sobre los primeros cien d\u00edas de gesti\u00f3n y anticip\u00f3 acciones a realizar\"}]},{\"@type\":\"WebSite\",\"@id\":\"https:\/\/thepueblatimes.mx\/#website\",\"url\":\"https:\/\/thepueblatimes.mx\/\",\"name\":\"The Puebla Times\",\"description\":\"Noticias del Estado de Puebla\",\"potentialAction\":[{\"@type\":\"SearchAction\",\"target\":{\"@type\":\"EntryPoint\",\"urlTemplate\":\"https:\/\/thepueblatimes.mx\/?s={search_term_string}\"},\"query-input\":\"required name=search_term_string\"}],\"inLanguage\":\"es\"},{\"@type\":\"Person\",\"@id\":\"https:\/\/thepueblatimes.mx\/#\/schema\/person\/1664894c2f65ce2c7a08d8f5f905c13c\",\"name\":\"Sa\u00fal Hern\u00e1ndez\",\"image\":{\"@type\":\"ImageObject\",\"inLanguage\":\"es\",\"@id\":\"https:\/\/thepueblatimes.mx\/#\/schema\/person\/image\/\",\"url\":\"https:\/\/secure.gravatar.com\/avatar\/11be338693f243309532caad8f10c930?s=96&d=mm&r=g\",\"contentUrl\":\"https:\/\/secure.gravatar.com\/avatar\/11be338693f243309532caad8f10c930?s=96&d=mm&r=g\",\"caption\":\"Sa\u00fal Hern\u00e1ndez\"},\"url\":\"https:\/\/thepueblatimes.mx\/index.php\/author\/saulhernandez\/\"}]}<\/script>\n<!-- \/ Yoast SEO plugin. -->","yoast_head_json":{"title":"Pepe Chedraui rindi\u00f3 un informe sobre los primeros cien d\u00edas de gesti\u00f3n y anticip\u00f3 acciones a realizar - The Puebla Times","robots":{"index":"index","follow":"follow","max-snippet":"max-snippet:-1","max-image-preview":"max-image-preview:large","max-video-preview":"max-video-preview:-1"},"canonical":"https:\/\/thepueblatimes.mx\/index.php\/2025\/01\/29\/pepe-chedraui-rindio-un-informe-sobre-los-primeros-cien-dias-de-gestion-y-anticipo-acciones-a-realizar\/","og_locale":"es_ES","og_type":"article","og_title":"Pepe Chedraui rindi\u00f3 un informe sobre los primeros cien d\u00edas de gesti\u00f3n y anticip\u00f3 acciones a realizar - The Puebla Times","og_description":"El alcalde Pepe Chedraui dio muestra de su apego a los lineamientos de uso racional de los recursos al rendir, desde el palacio municipal el informe por sus primeros cien d\u00edas de gobierno. Con ello, marc\u00f3 una pauta a seguir y exhibi\u00f3 su visi\u00f3n al plantear las acciones que seguir\u00e1 en cuatro rubros fundamentales para...","og_url":"https:\/\/thepueblatimes.mx\/index.php\/2025\/01\/29\/pepe-chedraui-rindio-un-informe-sobre-los-primeros-cien-dias-de-gestion-y-anticipo-acciones-a-realizar\/","og_site_name":"The Puebla Times","article_published_time":"2025-01-30T00:44:56+00:00","article_modified_time":"2025-01-30T00:45:08+00:00","og_image":[{"width":1096,"height":710,"url":"https:\/\/thepueblatimes.mx\/wp-content\/uploads\/2025\/01\/GieuvLeaMAAA3oS.jpg","type":"image\/jpeg"}],"author":"Sa\u00fal Hern\u00e1ndez","twitter_card":"summary_large_image","twitter_misc":{"Escrito por":"Sa\u00fal Hern\u00e1ndez","Tiempo de lectura":"3 minutos"},"schema":{"@context":"https:\/\/schema.org","@graph":[{"@type":"WebPage","@id":"https:\/\/thepueblatimes.mx\/index.php\/2025\/01\/29\/pepe-chedraui-rindio-un-informe-sobre-los-primeros-cien-dias-de-gestion-y-anticipo-acciones-a-realizar\/","url":"https:\/\/thepueblatimes.mx\/index.php\/2025\/01\/29\/pepe-chedraui-rindio-un-informe-sobre-los-primeros-cien-dias-de-gestion-y-anticipo-acciones-a-realizar\/","name":"Pepe Chedraui rindi\u00f3 un informe sobre los primeros cien d\u00edas de gesti\u00f3n y anticip\u00f3 acciones a realizar - The Puebla Times","isPartOf":{"@id":"https:\/\/thepueblatimes.mx\/#website"},"datePublished":"2025-01-30T00:44:56+00:00","dateModified":"2025-01-30T00:45:08+00:00","author":{"@id":"https:\/\/thepueblatimes.mx\/#\/schema\/person\/1664894c2f65ce2c7a08d8f5f905c13c"},"breadcrumb":{"@id":"https:\/\/thepueblatimes.mx\/index.php\/2025\/01\/29\/pepe-chedraui-rindio-un-informe-sobre-los-primeros-cien-dias-de-gestion-y-anticipo-acciones-a-realizar\/#breadcrumb"},"inLanguage":"es","potentialAction":[{"@type":"ReadAction","target":["https:\/\/thepueblatimes.mx\/index.php\/2025\/01\/29\/pepe-chedraui-rindio-un-informe-sobre-los-primeros-cien-dias-de-gestion-y-anticipo-acciones-a-realizar\/"]}]},{"@type":"BreadcrumbList","@id":"https:\/\/thepueblatimes.mx\/index.php\/2025\/01\/29\/pepe-chedraui-rindio-un-informe-sobre-los-primeros-cien-dias-de-gestion-y-anticipo-acciones-a-realizar\/#breadcrumb","itemListElement":[{"@type":"ListItem","position":1,"name":"Portada","item":"https:\/\/thepueblatimes.mx\/"},{"@type":"ListItem","position":2,"name":"Pepe Chedraui rindi\u00f3 un informe sobre los primeros cien d\u00edas de gesti\u00f3n y anticip\u00f3 acciones a realizar"}]},{"@type":"WebSite","@id":"https:\/\/thepueblatimes.mx\/#website","url":"https:\/\/thepueblatimes.mx\/","name":"The Puebla Times","description":"Noticias del Estado de Puebla","potentialAction":[{"@type":"SearchAction","target":{"@type":"EntryPoint","urlTemplate":"https:\/\/thepueblatimes.mx\/?s={search_term_string}"},"query-input":"required name=search_term_string"}],"inLanguage":"es"},{"@type":"Person","@id":"https:\/\/thepueblatimes.mx\/#\/schema\/person\/1664894c2f65ce2c7a08d8f5f905c13c","name":"Sa\u00fal Hern\u00e1ndez","image":{"@type":"ImageObject","inLanguage":"es","@id":"https:\/\/thepueblatimes.mx\/#\/schema\/person\/image\/","url":"https:\/\/secure.gravatar.com\/avatar\/11be338693f243309532caad8f10c930?s=96&d=mm&r=g","contentUrl":"https:\/\/secure.gravatar.com\/avatar\/11be338693f243309532caad8f10c930?s=96&d=mm&r=g","caption":"Sa\u00fal Hern\u00e1ndez"},"url":"https:\/\/thepueblatimes.mx\/index.php\/author\/saulhernandez\/"}]}},"jetpack_featured_media_url":"https:\/\/thepueblatimes.mx\/wp-content\/uploads\/2025\/01\/GieuvLeaMAAA3oS.jpg","_links":{"self":[{"href":"https:\/\/thepueblatimes.mx\/index.php\/wp-json\/wp\/v2\/posts\/27565"}],"collection":[{"href":"https:\/\/thepueblatimes.mx\/index.php\/wp-json\/wp\/v2\/posts"}],"about":[{"href":"https:\/\/thepueblatimes.mx\/index.php\/wp-json\/wp\/v2\/types\/post"}],"author":[{"embeddable":true,"href":"https:\/\/thepueblatimes.mx\/index.php\/wp-json\/wp\/v2\/users\/16"}],"replies":[{"embeddable":true,"href":"https:\/\/thepueblatimes.mx\/index.php\/wp-json\/wp\/v2\/comments?post=27565"}],"version-history":[{"count":2,"href":"https:\/\/thepueblatimes.mx\/index.php\/wp-json\/wp\/v2\/posts\/27565\/revisions"}],"predecessor-version":[{"id":27568,"href":"https:\/\/thepueblatimes.mx\/index.php\/wp-json\/wp\/v2\/posts\/27565\/revisions\/27568"}],"wp:featuredmedia":[{"embeddable":true,"href":"https:\/\/thepueblatimes.mx\/index.php\/wp-json\/wp\/v2\/media\/27566"}],"wp:attachment":[{"href":"https:\/\/thepueblatimes.mx\/index.php\/wp-json\/wp\/v2\/media?parent=27565"}],"wp:term":[{"taxonomy":"category","embeddable":true,"href":"https:\/\/thepueblatimes.mx\/index.php\/wp-json\/wp\/v2\/categories?post=27565"},{"taxonomy":"post_tag","embeddable":true,"href":"https:\/\/thepueblatimes.mx\/index.php\/wp-json\/wp\/v2\/tags?post=27565"}],"curies":[{"name":"wp","href":"https:\/\/api.w.org\/{rel}","templated":true}]}}