{"id":27560,"date":"2025-01-29T18:15:44","date_gmt":"2025-01-30T00:15:44","guid":{"rendered":"https:\/\/thepueblatimes.mx\/?p=27560"},"modified":"2025-01-29T18:16:06","modified_gmt":"2025-01-30T00:16:06","slug":"operacion-de-parquimetros-en-nuevas-zonas-de-la-ciudad-de-puebla-enfrenta-inconformidad-social","status":"publish","type":"post","link":"https:\/\/thepueblatimes.mx\/index.php\/2025\/01\/29\/operacion-de-parquimetros-en-nuevas-zonas-de-la-ciudad-de-puebla-enfrenta-inconformidad-social\/","title":{"rendered":"Operaci\u00f3n de parqu\u00edmetros en nuevas zonas de la ciudad de Puebla enfrenta inconformidad social"},"content":{"rendered":"<p>POR FRED ESTRADA<\/p>\n<p>La eventual instalaci\u00f3n de parqu\u00edmetros en nuevas \u00e1reas de la ciudad de Puebla enfrenta inconformidad social.<\/p>\n<p>Residentes de El Carmen, Barrio de Santiago y La Ju\u00e1rez han manifestado su rechazo a la instalaci\u00f3n de parqu\u00edmetros con el argumento de que se trata de un sistema recaudatorio del Ayuntamiento de Puebla y no de una medida para mejorar la movilidad.<\/p>\n<p>Pero, el alcalde Jos\u00e9 Chedraui Budib defendi\u00f3 el proyecto al asegurar que al menos el 91 por ciento de los vecinos est\u00e1n de acuerdo y satisfechos con el regreso de los estacionamientos rotativos.<\/p>\n<p>Sin embargo, todo indica que ser\u00e1 en marzo cuando comience a operar el servicio de parqu\u00edmetros en los siete pol\u00edgonos de la Ciudad de Puebla.<\/p>\n<p>De ah\u00ed que la Secretar\u00eda de Movilidad iniciar\u00e1 la delimitaci\u00f3n de los 9 mil 400 cajones de estacionamiento, inform\u00f3 el regidor Leobardo Rodr\u00edguez Ju\u00e1rez.<\/p>\n<p>A\u00f1adi\u00f3 que los parqu\u00edmetros entrar\u00e1n en funcionamiento el 1 de marzo, mientras que en los pr\u00f3ximos d\u00edas las empresas interesadas presentar\u00e1n sus propuestas.<\/p>\n<p>El fallo de la licitaci\u00f3n p\u00fablica CMA-LP-SEMOVINFRA-022-2025 se dar\u00e1 a conocer el 15 de marzo. Con ello, definiendo as\u00ed a la empresa encargada del servicio en los pol\u00edgonos del Centro Hist\u00f3rico, El Carmen, Huexotitla, Avenida Ju\u00e1rez, Barrio de Santiago, Volcanes y Chulavista.<\/p>\n","protected":false},"excerpt":{"rendered":"<p>POR FRED ESTRADA La eventual instalaci\u00f3n de parqu\u00edmetros en nuevas \u00e1reas de la ciudad de Puebla enfrenta inconformidad social. Residentes de El Carmen, Barrio de Santiago y La Ju\u00e1rez han manifestado su rechazo a la instalaci\u00f3n de parqu\u00edmetros con el argumento de que se trata de un sistema recaudatorio del Ayuntamiento de Puebla y no&#8230;<\/p>\n","protected":false},"author":16,"featured_media":27561,"comment_status":"closed","ping_status":"closed","sticky":false,"template":"","format":"standard","meta":[],"categories":[20],"tags":[1287,2377,3080,2362,1374],"yoast_head":"<!-- This site is optimized with the Yoast SEO plugin v20.8 - https:\/\/yoast.com\/wordpress\/plugins\/seo\/ -->\n<title>Operaci\u00f3n de parqu\u00edmetros en nuevas zonas de la ciudad de Puebla enfrenta inconformidad social - The Puebla Times<\/title>\n<meta name=\"robots\" content=\"index, follow, max-snippet:-1, max-image-preview:large, max-video-preview:-1\" \/>\n<link rel=\"canonical\" href=\"https:\/\/thepueblatimes.mx\/index.php\/2025\/01\/29\/operacion-de-parquimetros-en-nuevas-zonas-de-la-ciudad-de-puebla-enfrenta-inconformidad-social\/\" \/>\n<meta property=\"og:locale\" content=\"es_ES\" \/>\n<meta property=\"og:type\" content=\"article\" \/>\n<meta property=\"og:title\" content=\"Operaci\u00f3n de parqu\u00edmetros en nuevas zonas de la ciudad de Puebla enfrenta inconformidad social - The Puebla Times\" \/>\n<meta property=\"og:description\" content=\"POR FRED ESTRADA La eventual instalaci\u00f3n de parqu\u00edmetros en nuevas \u00e1reas de la ciudad de Puebla enfrenta inconformidad social. Residentes de El Carmen, Barrio de Santiago y La Ju\u00e1rez han manifestado su rechazo a la instalaci\u00f3n de parqu\u00edmetros con el argumento de que se trata de un sistema recaudatorio del Ayuntamiento de Puebla y no...\" \/>\n<meta property=\"og:url\" content=\"https:\/\/thepueblatimes.mx\/index.php\/2025\/01\/29\/operacion-de-parquimetros-en-nuevas-zonas-de-la-ciudad-de-puebla-enfrenta-inconformidad-social\/\" \/>\n<meta property=\"og:site_name\" content=\"The Puebla Times\" \/>\n<meta property=\"article:published_time\" content=\"2025-01-30T00:15:44+00:00\" \/>\n<meta property=\"article:modified_time\" content=\"2025-01-30T00:16:06+00:00\" \/>\n<meta property=\"og:image\" content=\"https:\/\/thepueblatimes.mx\/wp-content\/uploads\/2025\/01\/Parquimetro.jpeg\" \/>\n\t<meta property=\"og:image:width\" content=\"980\" \/>\n\t<meta property=\"og:image:height\" content=\"528\" \/>\n\t<meta property=\"og:image:type\" content=\"image\/jpeg\" \/>\n<meta name=\"author\" content=\"Sa\u00fal Hern\u00e1ndez\" \/>\n<meta name=\"twitter:card\" content=\"summary_large_image\" \/>\n<meta name=\"twitter:label1\" content=\"Escrito por\" \/>\n\t<meta name=\"twitter:data1\" content=\"Sa\u00fal Hern\u00e1ndez\" \/>\n\t<meta name=\"twitter:label2\" content=\"Tiempo de lectura\" \/>\n\t<meta name=\"twitter:data2\" content=\"1 minuto\" \/>\n<script type=\"application\/ld+json\" class=\"yoast-schema-graph\">{\"@context\":\"https:\/\/schema.org\",\"@graph\":[{\"@type\":\"WebPage\",\"@id\":\"https:\/\/thepueblatimes.mx\/index.php\/2025\/01\/29\/operacion-de-parquimetros-en-nuevas-zonas-de-la-ciudad-de-puebla-enfrenta-inconformidad-social\/\",\"url\":\"https:\/\/thepueblatimes.mx\/index.php\/2025\/01\/29\/operacion-de-parquimetros-en-nuevas-zonas-de-la-ciudad-de-puebla-enfrenta-inconformidad-social\/\",\"name\":\"Operaci\u00f3n de parqu\u00edmetros en nuevas zonas de la ciudad de Puebla enfrenta inconformidad social - The Puebla Times\",\"isPartOf\":{\"@id\":\"https:\/\/thepueblatimes.mx\/#website\"},\"datePublished\":\"2025-01-30T00:15:44+00:00\",\"dateModified\":\"2025-01-30T00:16:06+00:00\",\"author\":{\"@id\":\"https:\/\/thepueblatimes.mx\/#\/schema\/person\/1664894c2f65ce2c7a08d8f5f905c13c\"},\"breadcrumb\":{\"@id\":\"https:\/\/thepueblatimes.mx\/index.php\/2025\/01\/29\/operacion-de-parquimetros-en-nuevas-zonas-de-la-ciudad-de-puebla-enfrenta-inconformidad-social\/#breadcrumb\"},\"inLanguage\":\"es\",\"potentialAction\":[{\"@type\":\"ReadAction\",\"target\":[\"https:\/\/thepueblatimes.mx\/index.php\/2025\/01\/29\/operacion-de-parquimetros-en-nuevas-zonas-de-la-ciudad-de-puebla-enfrenta-inconformidad-social\/\"]}]},{\"@type\":\"BreadcrumbList\",\"@id\":\"https:\/\/thepueblatimes.mx\/index.php\/2025\/01\/29\/operacion-de-parquimetros-en-nuevas-zonas-de-la-ciudad-de-puebla-enfrenta-inconformidad-social\/#breadcrumb\",\"itemListElement\":[{\"@type\":\"ListItem\",\"position\":1,\"name\":\"Portada\",\"item\":\"https:\/\/thepueblatimes.mx\/\"},{\"@type\":\"ListItem\",\"position\":2,\"name\":\"Operaci\u00f3n de parqu\u00edmetros en nuevas zonas de la ciudad de Puebla enfrenta inconformidad social\"}]},{\"@type\":\"WebSite\",\"@id\":\"https:\/\/thepueblatimes.mx\/#website\",\"url\":\"https:\/\/thepueblatimes.mx\/\",\"name\":\"The Puebla Times\",\"description\":\"Noticias del Estado de Puebla\",\"potentialAction\":[{\"@type\":\"SearchAction\",\"target\":{\"@type\":\"EntryPoint\",\"urlTemplate\":\"https:\/\/thepueblatimes.mx\/?s={search_term_string}\"},\"query-input\":\"required name=search_term_string\"}],\"inLanguage\":\"es\"},{\"@type\":\"Person\",\"@id\":\"https:\/\/thepueblatimes.mx\/#\/schema\/person\/1664894c2f65ce2c7a08d8f5f905c13c\",\"name\":\"Sa\u00fal Hern\u00e1ndez\",\"image\":{\"@type\":\"ImageObject\",\"inLanguage\":\"es\",\"@id\":\"https:\/\/thepueblatimes.mx\/#\/schema\/person\/image\/\",\"url\":\"https:\/\/secure.gravatar.com\/avatar\/11be338693f243309532caad8f10c930?s=96&d=mm&r=g\",\"contentUrl\":\"https:\/\/secure.gravatar.com\/avatar\/11be338693f243309532caad8f10c930?s=96&d=mm&r=g\",\"caption\":\"Sa\u00fal Hern\u00e1ndez\"},\"url\":\"https:\/\/thepueblatimes.mx\/index.php\/author\/saulhernandez\/\"}]}<\/script>\n<!-- \/ Yoast SEO plugin. -->","yoast_head_json":{"title":"Operaci\u00f3n de parqu\u00edmetros en nuevas zonas de la ciudad de Puebla enfrenta inconformidad social - The Puebla Times","robots":{"index":"index","follow":"follow","max-snippet":"max-snippet:-1","max-image-preview":"max-image-preview:large","max-video-preview":"max-video-preview:-1"},"canonical":"https:\/\/thepueblatimes.mx\/index.php\/2025\/01\/29\/operacion-de-parquimetros-en-nuevas-zonas-de-la-ciudad-de-puebla-enfrenta-inconformidad-social\/","og_locale":"es_ES","og_type":"article","og_title":"Operaci\u00f3n de parqu\u00edmetros en nuevas zonas de la ciudad de Puebla enfrenta inconformidad social - The Puebla Times","og_description":"POR FRED ESTRADA La eventual instalaci\u00f3n de parqu\u00edmetros en nuevas \u00e1reas de la ciudad de Puebla enfrenta inconformidad social. Residentes de El Carmen, Barrio de Santiago y La Ju\u00e1rez han manifestado su rechazo a la instalaci\u00f3n de parqu\u00edmetros con el argumento de que se trata de un sistema recaudatorio del Ayuntamiento de Puebla y no...","og_url":"https:\/\/thepueblatimes.mx\/index.php\/2025\/01\/29\/operacion-de-parquimetros-en-nuevas-zonas-de-la-ciudad-de-puebla-enfrenta-inconformidad-social\/","og_site_name":"The Puebla Times","article_published_time":"2025-01-30T00:15:44+00:00","article_modified_time":"2025-01-30T00:16:06+00:00","og_image":[{"width":980,"height":528,"url":"https:\/\/thepueblatimes.mx\/wp-content\/uploads\/2025\/01\/Parquimetro.jpeg","type":"image\/jpeg"}],"author":"Sa\u00fal Hern\u00e1ndez","twitter_card":"summary_large_image","twitter_misc":{"Escrito por":"Sa\u00fal Hern\u00e1ndez","Tiempo de lectura":"1 minuto"},"schema":{"@context":"https:\/\/schema.org","@graph":[{"@type":"WebPage","@id":"https:\/\/thepueblatimes.mx\/index.php\/2025\/01\/29\/operacion-de-parquimetros-en-nuevas-zonas-de-la-ciudad-de-puebla-enfrenta-inconformidad-social\/","url":"https:\/\/thepueblatimes.mx\/index.php\/2025\/01\/29\/operacion-de-parquimetros-en-nuevas-zonas-de-la-ciudad-de-puebla-enfrenta-inconformidad-social\/","name":"Operaci\u00f3n de parqu\u00edmetros en nuevas zonas de la ciudad de Puebla enfrenta inconformidad social - The Puebla Times","isPartOf":{"@id":"https:\/\/thepueblatimes.mx\/#website"},"datePublished":"2025-01-30T00:15:44+00:00","dateModified":"2025-01-30T00:16:06+00:00","author":{"@id":"https:\/\/thepueblatimes.mx\/#\/schema\/person\/1664894c2f65ce2c7a08d8f5f905c13c"},"breadcrumb":{"@id":"https:\/\/thepueblatimes.mx\/index.php\/2025\/01\/29\/operacion-de-parquimetros-en-nuevas-zonas-de-la-ciudad-de-puebla-enfrenta-inconformidad-social\/#breadcrumb"},"inLanguage":"es","potentialAction":[{"@type":"ReadAction","target":["https:\/\/thepueblatimes.mx\/index.php\/2025\/01\/29\/operacion-de-parquimetros-en-nuevas-zonas-de-la-ciudad-de-puebla-enfrenta-inconformidad-social\/"]}]},{"@type":"BreadcrumbList","@id":"https:\/\/thepueblatimes.mx\/index.php\/2025\/01\/29\/operacion-de-parquimetros-en-nuevas-zonas-de-la-ciudad-de-puebla-enfrenta-inconformidad-social\/#breadcrumb","itemListElement":[{"@type":"ListItem","position":1,"name":"Portada","item":"https:\/\/thepueblatimes.mx\/"},{"@type":"ListItem","position":2,"name":"Operaci\u00f3n de parqu\u00edmetros en nuevas zonas de la ciudad de Puebla enfrenta inconformidad social"}]},{"@type":"WebSite","@id":"https:\/\/thepueblatimes.mx\/#website","url":"https:\/\/thepueblatimes.mx\/","name":"The Puebla Times","description":"Noticias del Estado de Puebla","potentialAction":[{"@type":"SearchAction","target":{"@type":"EntryPoint","urlTemplate":"https:\/\/thepueblatimes.mx\/?s={search_term_string}"},"query-input":"required name=search_term_string"}],"inLanguage":"es"},{"@type":"Person","@id":"https:\/\/thepueblatimes.mx\/#\/schema\/person\/1664894c2f65ce2c7a08d8f5f905c13c","name":"Sa\u00fal Hern\u00e1ndez","image":{"@type":"ImageObject","inLanguage":"es","@id":"https:\/\/thepueblatimes.mx\/#\/schema\/person\/image\/","url":"https:\/\/secure.gravatar.com\/avatar\/11be338693f243309532caad8f10c930?s=96&d=mm&r=g","contentUrl":"https:\/\/secure.gravatar.com\/avatar\/11be338693f243309532caad8f10c930?s=96&d=mm&r=g","caption":"Sa\u00fal Hern\u00e1ndez"},"url":"https:\/\/thepueblatimes.mx\/index.php\/author\/saulhernandez\/"}]}},"jetpack_featured_media_url":"https:\/\/thepueblatimes.mx\/wp-content\/uploads\/2025\/01\/Parquimetro.jpeg","_links":{"self":[{"href":"https:\/\/thepueblatimes.mx\/index.php\/wp-json\/wp\/v2\/posts\/27560"}],"collection":[{"href":"https:\/\/thepueblatimes.mx\/index.php\/wp-json\/wp\/v2\/posts"}],"about":[{"href":"https:\/\/thepueblatimes.mx\/index.php\/wp-json\/wp\/v2\/types\/post"}],"author":[{"embeddable":true,"href":"https:\/\/thepueblatimes.mx\/index.php\/wp-json\/wp\/v2\/users\/16"}],"replies":[{"embeddable":true,"href":"https:\/\/thepueblatimes.mx\/index.php\/wp-json\/wp\/v2\/comments?post=27560"}],"version-history":[{"count":2,"href":"https:\/\/thepueblatimes.mx\/index.php\/wp-json\/wp\/v2\/posts\/27560\/revisions"}],"predecessor-version":[{"id":27563,"href":"https:\/\/thepueblatimes.mx\/index.php\/wp-json\/wp\/v2\/posts\/27560\/revisions\/27563"}],"wp:featuredmedia":[{"embeddable":true,"href":"https:\/\/thepueblatimes.mx\/index.php\/wp-json\/wp\/v2\/media\/27561"}],"wp:attachment":[{"href":"https:\/\/thepueblatimes.mx\/index.php\/wp-json\/wp\/v2\/media?parent=27560"}],"wp:term":[{"taxonomy":"category","embeddable":true,"href":"https:\/\/thepueblatimes.mx\/index.php\/wp-json\/wp\/v2\/categories?post=27560"},{"taxonomy":"post_tag","embeddable":true,"href":"https:\/\/thepueblatimes.mx\/index.php\/wp-json\/wp\/v2\/tags?post=27560"}],"curies":[{"name":"wp","href":"https:\/\/api.w.org\/{rel}","templated":true}]}}