{"id":27553,"date":"2025-01-29T17:26:04","date_gmt":"2025-01-29T23:26:04","guid":{"rendered":"https:\/\/thepueblatimes.mx\/?p=27553"},"modified":"2025-01-29T17:26:04","modified_gmt":"2025-01-29T23:26:04","slug":"presentan-en-comision-del-congreso-propuesta-de-encuesta-digital-para-organizaciones-no-gubernamentales","status":"publish","type":"post","link":"https:\/\/thepueblatimes.mx\/index.php\/2025\/01\/29\/presentan-en-comision-del-congreso-propuesta-de-encuesta-digital-para-organizaciones-no-gubernamentales\/","title":{"rendered":"Presentan en Comisi\u00f3n del Congreso propuesta de Encuesta Digital para Organizaciones No Gubernamentales"},"content":{"rendered":"<h3><strong><em>&#8211; Diversas Comisiones declararon improcedentes, y sin efectos, algunas propuestas presentadas en la pasada Legislatura<\/em><\/strong><\/h3>\n<p>En sesi\u00f3n de la Comisi\u00f3n de Organizaciones No Gubernamentales del Congreso del Estado se llev\u00f3 a cabo la presentaci\u00f3n de la propuesta de Encuesta Digital dirigida a estas organizaciones que se encuentran en la entidad, con el objetivo de identificar sus necesidades.<\/p>\n<p>Durante la presentaci\u00f3n de la encuesta, la diputada Celia Bonaga Ru\u00edz se\u00f1al\u00f3 que este formulario permitir\u00e1 tener una claridad para saber las necesidades, principalmente legislativas, en las que la Comisi\u00f3n podr\u00e1 apoyar a las Organizaciones No Gubernamentales.<\/p>\n<p>Precis\u00f3 que en la pr\u00f3xima sesi\u00f3n de la Comisi\u00f3n se presentar\u00e1 el diagn\u00f3stico de la aplicaci\u00f3n del formulario, que permita realizar un foro con las Organizaciones de la Sociedad Civil.<\/p>\n<p>En este sentido, el diputado Roberto Zatar\u00e1in Leal celebr\u00f3 la presentaci\u00f3n de esta encuesta que permitir\u00e1 apoyar a las Organizaciones No Gubernamentales que hacen un trabajo a favor de la sociedad y tambi\u00e9n detectar a las pseudo organizaciones que tienen otros fines.<\/p>\n<p>Asimismo, la diputada Luana Armida Amador Vallejo reconoci\u00f3 la presentaci\u00f3n de la encuesta, donde propuso algunas modificaciones y cuestion\u00f3 sobre los mecanismos para difundir el formulario en menci\u00f3n.<\/p>\n<p>Por otra parte, las y los diputados integrantes de la Comisi\u00f3n aprobaron el acuerdo para declarar improcedentes, y dejar sin efectos, diversas propuestas presentadas durante la LXI Legislatura.<\/p>\n<p>A la sesi\u00f3n del \u00f3rgano colegiado se presentaron las y los diputados Celia Bonaga Ru\u00edz, Mar\u00eda Soledad Amieva Zamora, Roberto Zatar\u00e1in Leal y Luana Armida Amador Vallejo.<\/p>\n<p>COMISIONES DECLARARON SIN EFECTO DIVERSAS PROPUESTAS PRESENTADAS EN LA PASADA LEGISLATURA<\/p>\n<p>Por otra parte, en sesi\u00f3n de la Comisi\u00f3n de la Familia y los Derechos de la Ni\u00f1ez las y los diputados aprobaron el acuerdo por virtud del cual se declararon improcedentes y se dejaron sin efecto 15 propuestas legislativas presentadas durante la LXI Legislatura, por considerar que ya fueron solventados de manera general al estar regulados en diversas Leyes locales.<\/p>\n","protected":false},"excerpt":{"rendered":"<p>&#8211; Diversas Comisiones declararon improcedentes, y sin efectos, algunas propuestas presentadas en la pasada Legislatura En sesi\u00f3n de la Comisi\u00f3n de Organizaciones No Gubernamentales del Congreso del Estado se llev\u00f3 a cabo la presentaci\u00f3n de la propuesta de Encuesta Digital dirigida a estas organizaciones que se encuentran en la entidad, con el objetivo de identificar&#8230;<\/p>\n","protected":false},"author":16,"featured_media":27555,"comment_status":"closed","ping_status":"closed","sticky":false,"template":"","format":"standard","meta":[],"categories":[3],"tags":[2323,3075,3076,3077],"yoast_head":"<!-- This site is optimized with the Yoast SEO plugin v20.8 - https:\/\/yoast.com\/wordpress\/plugins\/seo\/ -->\n<title>Presentan en Comisi\u00f3n del Congreso propuesta de Encuesta Digital para Organizaciones No Gubernamentales - The Puebla Times<\/title>\n<meta name=\"robots\" content=\"index, follow, max-snippet:-1, max-image-preview:large, max-video-preview:-1\" \/>\n<link rel=\"canonical\" href=\"https:\/\/thepueblatimes.mx\/index.php\/2025\/01\/29\/presentan-en-comision-del-congreso-propuesta-de-encuesta-digital-para-organizaciones-no-gubernamentales\/\" \/>\n<meta property=\"og:locale\" content=\"es_ES\" \/>\n<meta property=\"og:type\" content=\"article\" \/>\n<meta property=\"og:title\" content=\"Presentan en Comisi\u00f3n del Congreso propuesta de Encuesta Digital para Organizaciones No Gubernamentales - The Puebla Times\" \/>\n<meta property=\"og:description\" content=\"&#8211; Diversas Comisiones declararon improcedentes, y sin efectos, algunas propuestas presentadas en la pasada Legislatura En sesi\u00f3n de la Comisi\u00f3n de Organizaciones No Gubernamentales del Congreso del Estado se llev\u00f3 a cabo la presentaci\u00f3n de la propuesta de Encuesta Digital dirigida a estas organizaciones que se encuentran en la entidad, con el objetivo de identificar...\" \/>\n<meta property=\"og:url\" content=\"https:\/\/thepueblatimes.mx\/index.php\/2025\/01\/29\/presentan-en-comision-del-congreso-propuesta-de-encuesta-digital-para-organizaciones-no-gubernamentales\/\" \/>\n<meta property=\"og:site_name\" content=\"The Puebla Times\" \/>\n<meta property=\"article:published_time\" content=\"2025-01-29T23:26:04+00:00\" \/>\n<meta property=\"og:image\" content=\"https:\/\/thepueblatimes.mx\/wp-content\/uploads\/2025\/01\/WhatsApp-Image-2025-01-29-at-17.15.04.jpeg\" \/>\n\t<meta property=\"og:image:width\" content=\"1600\" \/>\n\t<meta property=\"og:image:height\" content=\"1066\" \/>\n\t<meta property=\"og:image:type\" content=\"image\/jpeg\" \/>\n<meta name=\"author\" content=\"Sa\u00fal Hern\u00e1ndez\" \/>\n<meta name=\"twitter:card\" content=\"summary_large_image\" \/>\n<meta name=\"twitter:label1\" content=\"Escrito por\" \/>\n\t<meta name=\"twitter:data1\" content=\"Sa\u00fal Hern\u00e1ndez\" \/>\n\t<meta name=\"twitter:label2\" content=\"Tiempo de lectura\" \/>\n\t<meta name=\"twitter:data2\" content=\"2 minutos\" \/>\n<script type=\"application\/ld+json\" class=\"yoast-schema-graph\">{\"@context\":\"https:\/\/schema.org\",\"@graph\":[{\"@type\":\"WebPage\",\"@id\":\"https:\/\/thepueblatimes.mx\/index.php\/2025\/01\/29\/presentan-en-comision-del-congreso-propuesta-de-encuesta-digital-para-organizaciones-no-gubernamentales\/\",\"url\":\"https:\/\/thepueblatimes.mx\/index.php\/2025\/01\/29\/presentan-en-comision-del-congreso-propuesta-de-encuesta-digital-para-organizaciones-no-gubernamentales\/\",\"name\":\"Presentan en Comisi\u00f3n del Congreso propuesta de Encuesta Digital para Organizaciones No Gubernamentales - The Puebla Times\",\"isPartOf\":{\"@id\":\"https:\/\/thepueblatimes.mx\/#website\"},\"datePublished\":\"2025-01-29T23:26:04+00:00\",\"dateModified\":\"2025-01-29T23:26:04+00:00\",\"author\":{\"@id\":\"https:\/\/thepueblatimes.mx\/#\/schema\/person\/1664894c2f65ce2c7a08d8f5f905c13c\"},\"breadcrumb\":{\"@id\":\"https:\/\/thepueblatimes.mx\/index.php\/2025\/01\/29\/presentan-en-comision-del-congreso-propuesta-de-encuesta-digital-para-organizaciones-no-gubernamentales\/#breadcrumb\"},\"inLanguage\":\"es\",\"potentialAction\":[{\"@type\":\"ReadAction\",\"target\":[\"https:\/\/thepueblatimes.mx\/index.php\/2025\/01\/29\/presentan-en-comision-del-congreso-propuesta-de-encuesta-digital-para-organizaciones-no-gubernamentales\/\"]}]},{\"@type\":\"BreadcrumbList\",\"@id\":\"https:\/\/thepueblatimes.mx\/index.php\/2025\/01\/29\/presentan-en-comision-del-congreso-propuesta-de-encuesta-digital-para-organizaciones-no-gubernamentales\/#breadcrumb\",\"itemListElement\":[{\"@type\":\"ListItem\",\"position\":1,\"name\":\"Portada\",\"item\":\"https:\/\/thepueblatimes.mx\/\"},{\"@type\":\"ListItem\",\"position\":2,\"name\":\"Presentan en Comisi\u00f3n del Congreso propuesta de Encuesta Digital para Organizaciones No Gubernamentales\"}]},{\"@type\":\"WebSite\",\"@id\":\"https:\/\/thepueblatimes.mx\/#website\",\"url\":\"https:\/\/thepueblatimes.mx\/\",\"name\":\"The Puebla Times\",\"description\":\"Noticias del Estado de Puebla\",\"potentialAction\":[{\"@type\":\"SearchAction\",\"target\":{\"@type\":\"EntryPoint\",\"urlTemplate\":\"https:\/\/thepueblatimes.mx\/?s={search_term_string}\"},\"query-input\":\"required name=search_term_string\"}],\"inLanguage\":\"es\"},{\"@type\":\"Person\",\"@id\":\"https:\/\/thepueblatimes.mx\/#\/schema\/person\/1664894c2f65ce2c7a08d8f5f905c13c\",\"name\":\"Sa\u00fal Hern\u00e1ndez\",\"image\":{\"@type\":\"ImageObject\",\"inLanguage\":\"es\",\"@id\":\"https:\/\/thepueblatimes.mx\/#\/schema\/person\/image\/\",\"url\":\"https:\/\/secure.gravatar.com\/avatar\/11be338693f243309532caad8f10c930?s=96&d=mm&r=g\",\"contentUrl\":\"https:\/\/secure.gravatar.com\/avatar\/11be338693f243309532caad8f10c930?s=96&d=mm&r=g\",\"caption\":\"Sa\u00fal Hern\u00e1ndez\"},\"url\":\"https:\/\/thepueblatimes.mx\/index.php\/author\/saulhernandez\/\"}]}<\/script>\n<!-- \/ Yoast SEO plugin. -->","yoast_head_json":{"title":"Presentan en Comisi\u00f3n del Congreso propuesta de Encuesta Digital para Organizaciones No Gubernamentales - The Puebla Times","robots":{"index":"index","follow":"follow","max-snippet":"max-snippet:-1","max-image-preview":"max-image-preview:large","max-video-preview":"max-video-preview:-1"},"canonical":"https:\/\/thepueblatimes.mx\/index.php\/2025\/01\/29\/presentan-en-comision-del-congreso-propuesta-de-encuesta-digital-para-organizaciones-no-gubernamentales\/","og_locale":"es_ES","og_type":"article","og_title":"Presentan en Comisi\u00f3n del Congreso propuesta de Encuesta Digital para Organizaciones No Gubernamentales - The Puebla Times","og_description":"&#8211; Diversas Comisiones declararon improcedentes, y sin efectos, algunas propuestas presentadas en la pasada Legislatura En sesi\u00f3n de la Comisi\u00f3n de Organizaciones No Gubernamentales del Congreso del Estado se llev\u00f3 a cabo la presentaci\u00f3n de la propuesta de Encuesta Digital dirigida a estas organizaciones que se encuentran en la entidad, con el objetivo de identificar...","og_url":"https:\/\/thepueblatimes.mx\/index.php\/2025\/01\/29\/presentan-en-comision-del-congreso-propuesta-de-encuesta-digital-para-organizaciones-no-gubernamentales\/","og_site_name":"The Puebla Times","article_published_time":"2025-01-29T23:26:04+00:00","og_image":[{"width":1600,"height":1066,"url":"https:\/\/thepueblatimes.mx\/wp-content\/uploads\/2025\/01\/WhatsApp-Image-2025-01-29-at-17.15.04.jpeg","type":"image\/jpeg"}],"author":"Sa\u00fal Hern\u00e1ndez","twitter_card":"summary_large_image","twitter_misc":{"Escrito por":"Sa\u00fal Hern\u00e1ndez","Tiempo de lectura":"2 minutos"},"schema":{"@context":"https:\/\/schema.org","@graph":[{"@type":"WebPage","@id":"https:\/\/thepueblatimes.mx\/index.php\/2025\/01\/29\/presentan-en-comision-del-congreso-propuesta-de-encuesta-digital-para-organizaciones-no-gubernamentales\/","url":"https:\/\/thepueblatimes.mx\/index.php\/2025\/01\/29\/presentan-en-comision-del-congreso-propuesta-de-encuesta-digital-para-organizaciones-no-gubernamentales\/","name":"Presentan en Comisi\u00f3n del Congreso propuesta de Encuesta Digital para Organizaciones No Gubernamentales - The Puebla Times","isPartOf":{"@id":"https:\/\/thepueblatimes.mx\/#website"},"datePublished":"2025-01-29T23:26:04+00:00","dateModified":"2025-01-29T23:26:04+00:00","author":{"@id":"https:\/\/thepueblatimes.mx\/#\/schema\/person\/1664894c2f65ce2c7a08d8f5f905c13c"},"breadcrumb":{"@id":"https:\/\/thepueblatimes.mx\/index.php\/2025\/01\/29\/presentan-en-comision-del-congreso-propuesta-de-encuesta-digital-para-organizaciones-no-gubernamentales\/#breadcrumb"},"inLanguage":"es","potentialAction":[{"@type":"ReadAction","target":["https:\/\/thepueblatimes.mx\/index.php\/2025\/01\/29\/presentan-en-comision-del-congreso-propuesta-de-encuesta-digital-para-organizaciones-no-gubernamentales\/"]}]},{"@type":"BreadcrumbList","@id":"https:\/\/thepueblatimes.mx\/index.php\/2025\/01\/29\/presentan-en-comision-del-congreso-propuesta-de-encuesta-digital-para-organizaciones-no-gubernamentales\/#breadcrumb","itemListElement":[{"@type":"ListItem","position":1,"name":"Portada","item":"https:\/\/thepueblatimes.mx\/"},{"@type":"ListItem","position":2,"name":"Presentan en Comisi\u00f3n del Congreso propuesta de Encuesta Digital para Organizaciones No Gubernamentales"}]},{"@type":"WebSite","@id":"https:\/\/thepueblatimes.mx\/#website","url":"https:\/\/thepueblatimes.mx\/","name":"The Puebla Times","description":"Noticias del Estado de Puebla","potentialAction":[{"@type":"SearchAction","target":{"@type":"EntryPoint","urlTemplate":"https:\/\/thepueblatimes.mx\/?s={search_term_string}"},"query-input":"required name=search_term_string"}],"inLanguage":"es"},{"@type":"Person","@id":"https:\/\/thepueblatimes.mx\/#\/schema\/person\/1664894c2f65ce2c7a08d8f5f905c13c","name":"Sa\u00fal Hern\u00e1ndez","image":{"@type":"ImageObject","inLanguage":"es","@id":"https:\/\/thepueblatimes.mx\/#\/schema\/person\/image\/","url":"https:\/\/secure.gravatar.com\/avatar\/11be338693f243309532caad8f10c930?s=96&d=mm&r=g","contentUrl":"https:\/\/secure.gravatar.com\/avatar\/11be338693f243309532caad8f10c930?s=96&d=mm&r=g","caption":"Sa\u00fal Hern\u00e1ndez"},"url":"https:\/\/thepueblatimes.mx\/index.php\/author\/saulhernandez\/"}]}},"jetpack_featured_media_url":"https:\/\/thepueblatimes.mx\/wp-content\/uploads\/2025\/01\/WhatsApp-Image-2025-01-29-at-17.15.04.jpeg","_links":{"self":[{"href":"https:\/\/thepueblatimes.mx\/index.php\/wp-json\/wp\/v2\/posts\/27553"}],"collection":[{"href":"https:\/\/thepueblatimes.mx\/index.php\/wp-json\/wp\/v2\/posts"}],"about":[{"href":"https:\/\/thepueblatimes.mx\/index.php\/wp-json\/wp\/v2\/types\/post"}],"author":[{"embeddable":true,"href":"https:\/\/thepueblatimes.mx\/index.php\/wp-json\/wp\/v2\/users\/16"}],"replies":[{"embeddable":true,"href":"https:\/\/thepueblatimes.mx\/index.php\/wp-json\/wp\/v2\/comments?post=27553"}],"version-history":[{"count":1,"href":"https:\/\/thepueblatimes.mx\/index.php\/wp-json\/wp\/v2\/posts\/27553\/revisions"}],"predecessor-version":[{"id":27556,"href":"https:\/\/thepueblatimes.mx\/index.php\/wp-json\/wp\/v2\/posts\/27553\/revisions\/27556"}],"wp:featuredmedia":[{"embeddable":true,"href":"https:\/\/thepueblatimes.mx\/index.php\/wp-json\/wp\/v2\/media\/27555"}],"wp:attachment":[{"href":"https:\/\/thepueblatimes.mx\/index.php\/wp-json\/wp\/v2\/media?parent=27553"}],"wp:term":[{"taxonomy":"category","embeddable":true,"href":"https:\/\/thepueblatimes.mx\/index.php\/wp-json\/wp\/v2\/categories?post=27553"},{"taxonomy":"post_tag","embeddable":true,"href":"https:\/\/thepueblatimes.mx\/index.php\/wp-json\/wp\/v2\/tags?post=27553"}],"curies":[{"name":"wp","href":"https:\/\/api.w.org\/{rel}","templated":true}]}}