{"id":27550,"date":"2025-01-29T13:46:52","date_gmt":"2025-01-29T19:46:52","guid":{"rendered":"https:\/\/thepueblatimes.mx\/?p=27550"},"modified":"2025-01-29T13:46:52","modified_gmt":"2025-01-29T19:46:52","slug":"promueve-gobierno-de-la-ciudad-industria-4-0-con-reactivacion-del-cidi","status":"publish","type":"post","link":"https:\/\/thepueblatimes.mx\/index.php\/2025\/01\/29\/promueve-gobierno-de-la-ciudad-industria-4-0-con-reactivacion-del-cidi\/","title":{"rendered":"Promueve Gobierno de la Ciudad industria 4.0 con reactivaci\u00f3n del CIDI"},"content":{"rendered":"<h3><em><strong>&#8211; El secretario Jaime Oropeza firm\u00f3 un convenio de colaboraci\u00f3n con el Instituto Tecnol\u00f3gico de Puebla que promueve los servicios de desarrollo tecnol\u00f3gico para la industria manufacturera<\/strong><\/em><\/h3>\n<p>En representaci\u00f3n del alcalde, Pepe Chedraui Budib, el secretario de Econom\u00eda y Turismo, Jaime Oropeza Casas, firm\u00f3 un convenio de colaboraci\u00f3n con el Instituto Tecnol\u00f3gico de Puebla (ITP), para reactivar el Centro de Innovaci\u00f3n y Dise\u00f1o Industrial (CIDI), un espacio que impulsa el trabajo de triple h\u00e9lice, de los sectores acad\u00e9mico, p\u00fablico y privado, para promover la integraci\u00f3n de la tecnolog\u00eda en la industria de la ciudad de Puebla, as\u00ed como la producci\u00f3n de art\u00edculos innovadores, denominados como tecnolog\u00eda 4.0.<\/p>\n<p>El secretario subray\u00f3 que el CIDI cuenta con equipo humano, t\u00e9cnico y digital de nivel mundial, con las cualidades para desarrollar proyectos innovadores para empresas especializadas, de alta gama, que cubren altos est\u00e1ndares de calidad.<\/p>\n<p>Por estas virtudes, agreg\u00f3, el CIDI fue considerado para participar y ser protagonista en el desarrollo y fabricaci\u00f3n del proyecto anunciado por la presidenta Claudia Sheinbaum, para la producci\u00f3n del primer auto el\u00e9ctrico mexicano, Olinia.<\/p>\n<p>\u201cDebe ser un parteaguas, para pasar de la fabricaci\u00f3n de productos, tan complejos como un auto, al dise\u00f1o y la innovaci\u00f3n, a la creaci\u00f3n de valor, que sea el relanzamiento de M\u00e9xico como pa\u00eds, que acompa\u00f1e la mente-factura a la buena manufactura\u201d, enfatiz\u00f3.<\/p>\n<p>En este sentido, se dirigi\u00f3 a los empresarios, industriales y acad\u00e9micos que atestiguaron la firma, para exponerles estas capacidades y cualidades del CIDI, para incentivar su aprovechamiento y la proyecci\u00f3n de la industria 4.0.<\/p>\n<p>La directora del ITP, Yeyetzin Sandoval Gonz\u00e1lez destac\u00f3 que el CIDI es un centro de desarrollo tecnol\u00f3gico con potencial y servicios para la preparaci\u00f3n de j\u00f3venes, adem\u00e1s, del apoyo del sector industrial. A\u00f1adi\u00f3 que el trabajo de sus acad\u00e9micos puede ser de suma importancia para la planeaci\u00f3n, as\u00ed como la ejecuci\u00f3n de proyectos estrat\u00e9gicos de los sectores p\u00fablico y privado.<\/p>\n<p>A la firma de este convenio asistieron tambi\u00e9n el regidor presidente de la Comisi\u00f3n de Desarrollo Econ\u00f3mico del Ayuntamiento de Puebla, Carlos Montiel Solana, as\u00ed como l\u00edderes del sector empresarial e industrial, entre ellos, el presidente del Consejo Coordinador Empresarial (CCE), H\u00e9ctor S\u00e1nchez Morales; Embajador de M\u00e9xico en Alianza Industria del Futuro, Alfred Rodr\u00edguez; el presidente de CANACINTRA, Carlos Sosa Sp\u00ednola; la Directora del Cl\u00faster Automotriz Puebla-Tlaxcala, M\u00f3nica Doger, y la presidenta de Coparmex, Beatriz Camacho.<\/p>\n","protected":false},"excerpt":{"rendered":"<p>&#8211; El secretario Jaime Oropeza firm\u00f3 un convenio de colaboraci\u00f3n con el Instituto Tecnol\u00f3gico de Puebla que promueve los servicios de desarrollo tecnol\u00f3gico para la industria manufacturera En representaci\u00f3n del alcalde, Pepe Chedraui Budib, el secretario de Econom\u00eda y Turismo, Jaime Oropeza Casas, firm\u00f3 un convenio de colaboraci\u00f3n con el Instituto Tecnol\u00f3gico de Puebla (ITP),&#8230;<\/p>\n","protected":false},"author":16,"featured_media":27551,"comment_status":"closed","ping_status":"closed","sticky":false,"template":"","format":"standard","meta":[],"categories":[20],"tags":[1287,3072,2664,3074,3071,3073],"yoast_head":"<!-- This site is optimized with the Yoast SEO plugin v20.8 - https:\/\/yoast.com\/wordpress\/plugins\/seo\/ -->\n<title>Promueve Gobierno de la Ciudad industria 4.0 con reactivaci\u00f3n del CIDI - The Puebla Times<\/title>\n<meta name=\"robots\" content=\"index, follow, max-snippet:-1, max-image-preview:large, max-video-preview:-1\" \/>\n<link rel=\"canonical\" href=\"https:\/\/thepueblatimes.mx\/index.php\/2025\/01\/29\/promueve-gobierno-de-la-ciudad-industria-4-0-con-reactivacion-del-cidi\/\" \/>\n<meta property=\"og:locale\" content=\"es_ES\" \/>\n<meta property=\"og:type\" content=\"article\" \/>\n<meta property=\"og:title\" content=\"Promueve Gobierno de la Ciudad industria 4.0 con reactivaci\u00f3n del CIDI - The Puebla Times\" \/>\n<meta property=\"og:description\" content=\"&#8211; El secretario Jaime Oropeza firm\u00f3 un convenio de colaboraci\u00f3n con el Instituto Tecnol\u00f3gico de Puebla que promueve los servicios de desarrollo tecnol\u00f3gico para la industria manufacturera En representaci\u00f3n del alcalde, Pepe Chedraui Budib, el secretario de Econom\u00eda y Turismo, Jaime Oropeza Casas, firm\u00f3 un convenio de colaboraci\u00f3n con el Instituto Tecnol\u00f3gico de Puebla (ITP),...\" \/>\n<meta property=\"og:url\" content=\"https:\/\/thepueblatimes.mx\/index.php\/2025\/01\/29\/promueve-gobierno-de-la-ciudad-industria-4-0-con-reactivacion-del-cidi\/\" \/>\n<meta property=\"og:site_name\" content=\"The Puebla Times\" \/>\n<meta property=\"article:published_time\" content=\"2025-01-29T19:46:52+00:00\" \/>\n<meta property=\"og:image\" content=\"https:\/\/thepueblatimes.mx\/wp-content\/uploads\/2025\/01\/WhatsApp-Image-2025-01-28-at-19.41.41.jpeg\" \/>\n\t<meta property=\"og:image:width\" content=\"1080\" \/>\n\t<meta property=\"og:image:height\" content=\"720\" \/>\n\t<meta property=\"og:image:type\" content=\"image\/jpeg\" \/>\n<meta name=\"author\" content=\"Sa\u00fal Hern\u00e1ndez\" \/>\n<meta name=\"twitter:card\" content=\"summary_large_image\" \/>\n<meta name=\"twitter:label1\" content=\"Escrito por\" \/>\n\t<meta name=\"twitter:data1\" content=\"Sa\u00fal Hern\u00e1ndez\" \/>\n\t<meta name=\"twitter:label2\" content=\"Tiempo de lectura\" \/>\n\t<meta name=\"twitter:data2\" content=\"2 minutos\" \/>\n<script type=\"application\/ld+json\" class=\"yoast-schema-graph\">{\"@context\":\"https:\/\/schema.org\",\"@graph\":[{\"@type\":\"WebPage\",\"@id\":\"https:\/\/thepueblatimes.mx\/index.php\/2025\/01\/29\/promueve-gobierno-de-la-ciudad-industria-4-0-con-reactivacion-del-cidi\/\",\"url\":\"https:\/\/thepueblatimes.mx\/index.php\/2025\/01\/29\/promueve-gobierno-de-la-ciudad-industria-4-0-con-reactivacion-del-cidi\/\",\"name\":\"Promueve Gobierno de la Ciudad industria 4.0 con reactivaci\u00f3n del CIDI - The Puebla Times\",\"isPartOf\":{\"@id\":\"https:\/\/thepueblatimes.mx\/#website\"},\"datePublished\":\"2025-01-29T19:46:52+00:00\",\"dateModified\":\"2025-01-29T19:46:52+00:00\",\"author\":{\"@id\":\"https:\/\/thepueblatimes.mx\/#\/schema\/person\/1664894c2f65ce2c7a08d8f5f905c13c\"},\"breadcrumb\":{\"@id\":\"https:\/\/thepueblatimes.mx\/index.php\/2025\/01\/29\/promueve-gobierno-de-la-ciudad-industria-4-0-con-reactivacion-del-cidi\/#breadcrumb\"},\"inLanguage\":\"es\",\"potentialAction\":[{\"@type\":\"ReadAction\",\"target\":[\"https:\/\/thepueblatimes.mx\/index.php\/2025\/01\/29\/promueve-gobierno-de-la-ciudad-industria-4-0-con-reactivacion-del-cidi\/\"]}]},{\"@type\":\"BreadcrumbList\",\"@id\":\"https:\/\/thepueblatimes.mx\/index.php\/2025\/01\/29\/promueve-gobierno-de-la-ciudad-industria-4-0-con-reactivacion-del-cidi\/#breadcrumb\",\"itemListElement\":[{\"@type\":\"ListItem\",\"position\":1,\"name\":\"Portada\",\"item\":\"https:\/\/thepueblatimes.mx\/\"},{\"@type\":\"ListItem\",\"position\":2,\"name\":\"Promueve Gobierno de la Ciudad industria 4.0 con reactivaci\u00f3n del CIDI\"}]},{\"@type\":\"WebSite\",\"@id\":\"https:\/\/thepueblatimes.mx\/#website\",\"url\":\"https:\/\/thepueblatimes.mx\/\",\"name\":\"The Puebla Times\",\"description\":\"Noticias del Estado de Puebla\",\"potentialAction\":[{\"@type\":\"SearchAction\",\"target\":{\"@type\":\"EntryPoint\",\"urlTemplate\":\"https:\/\/thepueblatimes.mx\/?s={search_term_string}\"},\"query-input\":\"required name=search_term_string\"}],\"inLanguage\":\"es\"},{\"@type\":\"Person\",\"@id\":\"https:\/\/thepueblatimes.mx\/#\/schema\/person\/1664894c2f65ce2c7a08d8f5f905c13c\",\"name\":\"Sa\u00fal Hern\u00e1ndez\",\"image\":{\"@type\":\"ImageObject\",\"inLanguage\":\"es\",\"@id\":\"https:\/\/thepueblatimes.mx\/#\/schema\/person\/image\/\",\"url\":\"https:\/\/secure.gravatar.com\/avatar\/11be338693f243309532caad8f10c930?s=96&d=mm&r=g\",\"contentUrl\":\"https:\/\/secure.gravatar.com\/avatar\/11be338693f243309532caad8f10c930?s=96&d=mm&r=g\",\"caption\":\"Sa\u00fal Hern\u00e1ndez\"},\"url\":\"https:\/\/thepueblatimes.mx\/index.php\/author\/saulhernandez\/\"}]}<\/script>\n<!-- \/ Yoast SEO plugin. -->","yoast_head_json":{"title":"Promueve Gobierno de la Ciudad industria 4.0 con reactivaci\u00f3n del CIDI - The Puebla Times","robots":{"index":"index","follow":"follow","max-snippet":"max-snippet:-1","max-image-preview":"max-image-preview:large","max-video-preview":"max-video-preview:-1"},"canonical":"https:\/\/thepueblatimes.mx\/index.php\/2025\/01\/29\/promueve-gobierno-de-la-ciudad-industria-4-0-con-reactivacion-del-cidi\/","og_locale":"es_ES","og_type":"article","og_title":"Promueve Gobierno de la Ciudad industria 4.0 con reactivaci\u00f3n del CIDI - The Puebla Times","og_description":"&#8211; El secretario Jaime Oropeza firm\u00f3 un convenio de colaboraci\u00f3n con el Instituto Tecnol\u00f3gico de Puebla que promueve los servicios de desarrollo tecnol\u00f3gico para la industria manufacturera En representaci\u00f3n del alcalde, Pepe Chedraui Budib, el secretario de Econom\u00eda y Turismo, Jaime Oropeza Casas, firm\u00f3 un convenio de colaboraci\u00f3n con el Instituto Tecnol\u00f3gico de Puebla (ITP),...","og_url":"https:\/\/thepueblatimes.mx\/index.php\/2025\/01\/29\/promueve-gobierno-de-la-ciudad-industria-4-0-con-reactivacion-del-cidi\/","og_site_name":"The Puebla Times","article_published_time":"2025-01-29T19:46:52+00:00","og_image":[{"width":1080,"height":720,"url":"https:\/\/thepueblatimes.mx\/wp-content\/uploads\/2025\/01\/WhatsApp-Image-2025-01-28-at-19.41.41.jpeg","type":"image\/jpeg"}],"author":"Sa\u00fal Hern\u00e1ndez","twitter_card":"summary_large_image","twitter_misc":{"Escrito por":"Sa\u00fal Hern\u00e1ndez","Tiempo de lectura":"2 minutos"},"schema":{"@context":"https:\/\/schema.org","@graph":[{"@type":"WebPage","@id":"https:\/\/thepueblatimes.mx\/index.php\/2025\/01\/29\/promueve-gobierno-de-la-ciudad-industria-4-0-con-reactivacion-del-cidi\/","url":"https:\/\/thepueblatimes.mx\/index.php\/2025\/01\/29\/promueve-gobierno-de-la-ciudad-industria-4-0-con-reactivacion-del-cidi\/","name":"Promueve Gobierno de la Ciudad industria 4.0 con reactivaci\u00f3n del CIDI - The Puebla Times","isPartOf":{"@id":"https:\/\/thepueblatimes.mx\/#website"},"datePublished":"2025-01-29T19:46:52+00:00","dateModified":"2025-01-29T19:46:52+00:00","author":{"@id":"https:\/\/thepueblatimes.mx\/#\/schema\/person\/1664894c2f65ce2c7a08d8f5f905c13c"},"breadcrumb":{"@id":"https:\/\/thepueblatimes.mx\/index.php\/2025\/01\/29\/promueve-gobierno-de-la-ciudad-industria-4-0-con-reactivacion-del-cidi\/#breadcrumb"},"inLanguage":"es","potentialAction":[{"@type":"ReadAction","target":["https:\/\/thepueblatimes.mx\/index.php\/2025\/01\/29\/promueve-gobierno-de-la-ciudad-industria-4-0-con-reactivacion-del-cidi\/"]}]},{"@type":"BreadcrumbList","@id":"https:\/\/thepueblatimes.mx\/index.php\/2025\/01\/29\/promueve-gobierno-de-la-ciudad-industria-4-0-con-reactivacion-del-cidi\/#breadcrumb","itemListElement":[{"@type":"ListItem","position":1,"name":"Portada","item":"https:\/\/thepueblatimes.mx\/"},{"@type":"ListItem","position":2,"name":"Promueve Gobierno de la Ciudad industria 4.0 con reactivaci\u00f3n del CIDI"}]},{"@type":"WebSite","@id":"https:\/\/thepueblatimes.mx\/#website","url":"https:\/\/thepueblatimes.mx\/","name":"The Puebla Times","description":"Noticias del Estado de Puebla","potentialAction":[{"@type":"SearchAction","target":{"@type":"EntryPoint","urlTemplate":"https:\/\/thepueblatimes.mx\/?s={search_term_string}"},"query-input":"required name=search_term_string"}],"inLanguage":"es"},{"@type":"Person","@id":"https:\/\/thepueblatimes.mx\/#\/schema\/person\/1664894c2f65ce2c7a08d8f5f905c13c","name":"Sa\u00fal Hern\u00e1ndez","image":{"@type":"ImageObject","inLanguage":"es","@id":"https:\/\/thepueblatimes.mx\/#\/schema\/person\/image\/","url":"https:\/\/secure.gravatar.com\/avatar\/11be338693f243309532caad8f10c930?s=96&d=mm&r=g","contentUrl":"https:\/\/secure.gravatar.com\/avatar\/11be338693f243309532caad8f10c930?s=96&d=mm&r=g","caption":"Sa\u00fal Hern\u00e1ndez"},"url":"https:\/\/thepueblatimes.mx\/index.php\/author\/saulhernandez\/"}]}},"jetpack_featured_media_url":"https:\/\/thepueblatimes.mx\/wp-content\/uploads\/2025\/01\/WhatsApp-Image-2025-01-28-at-19.41.41.jpeg","_links":{"self":[{"href":"https:\/\/thepueblatimes.mx\/index.php\/wp-json\/wp\/v2\/posts\/27550"}],"collection":[{"href":"https:\/\/thepueblatimes.mx\/index.php\/wp-json\/wp\/v2\/posts"}],"about":[{"href":"https:\/\/thepueblatimes.mx\/index.php\/wp-json\/wp\/v2\/types\/post"}],"author":[{"embeddable":true,"href":"https:\/\/thepueblatimes.mx\/index.php\/wp-json\/wp\/v2\/users\/16"}],"replies":[{"embeddable":true,"href":"https:\/\/thepueblatimes.mx\/index.php\/wp-json\/wp\/v2\/comments?post=27550"}],"version-history":[{"count":1,"href":"https:\/\/thepueblatimes.mx\/index.php\/wp-json\/wp\/v2\/posts\/27550\/revisions"}],"predecessor-version":[{"id":27552,"href":"https:\/\/thepueblatimes.mx\/index.php\/wp-json\/wp\/v2\/posts\/27550\/revisions\/27552"}],"wp:featuredmedia":[{"embeddable":true,"href":"https:\/\/thepueblatimes.mx\/index.php\/wp-json\/wp\/v2\/media\/27551"}],"wp:attachment":[{"href":"https:\/\/thepueblatimes.mx\/index.php\/wp-json\/wp\/v2\/media?parent=27550"}],"wp:term":[{"taxonomy":"category","embeddable":true,"href":"https:\/\/thepueblatimes.mx\/index.php\/wp-json\/wp\/v2\/categories?post=27550"},{"taxonomy":"post_tag","embeddable":true,"href":"https:\/\/thepueblatimes.mx\/index.php\/wp-json\/wp\/v2\/tags?post=27550"}],"curies":[{"name":"wp","href":"https:\/\/api.w.org\/{rel}","templated":true}]}}