{"id":27539,"date":"2025-01-29T12:30:41","date_gmt":"2025-01-29T18:30:41","guid":{"rendered":"https:\/\/thepueblatimes.mx\/?p=27539"},"modified":"2025-01-29T12:30:41","modified_gmt":"2025-01-29T18:30:41","slug":"mal-y-de-malas-sigue-omar-munoz-en-materia-de-seguridad","status":"publish","type":"post","link":"https:\/\/thepueblatimes.mx\/index.php\/2025\/01\/29\/mal-y-de-malas-sigue-omar-munoz-en-materia-de-seguridad\/","title":{"rendered":"Mal y de malas sigue Omar Mu\u00f1oz en materia de seguridad"},"content":{"rendered":"<p>POR FRED ESTRADA<\/p>\n<p>Tras el feminicidio de G\u00e9nesis y otros sucesos registrados en el rubro de seguridad, Cuautlancingo y el edil Omar Mu\u00f1oz est\u00e1n en el ojo de la sociedad local y estatal.<\/p>\n<p>Ello, a pesar de que el presidente municipal de Cuautlancingo insista en rehuir cualquier responsabilidad de lo que sucede en el municipio que pretende gobernar con el argumento de que las investigaciones est\u00e1n a cargo de la Fiscal\u00eda estatal, como si eso le librara de cualquier responsabilidad.<\/p>\n<p>Ahora, durante el martes 28 de enero, encontraron un cuerpo embolsado en el municipio de Cuautlancingo, en la Unidad Habitacional Volkswagen 1, en la Junta Auxiliar de Sanctorum, a unos cuantos metros de la autopista M\u00e9xico-Puebla.<\/p>\n<p>Fueron personas que transitaban por la calle 20 de Noviembre, cerca de la calle Revoluci\u00f3n, quienes ubicaron unas bolsas negras de pl\u00e1stico y se\u00f1alaron que hab\u00eda una persona sin vida.<br \/>\nPor otra parte, motociclistas mataron a balazos a hombre en Sanctorum, Cuautlancingo; el hombre fue identificado como Ferm\u00edn, de 31 a\u00f1os de edad.<\/p>\n<p>Pero, aun as\u00ed, ante ese panorama de inseguridad no se aprecia que Omar Mu\u00f1oz de un paso al frente para asumir su rol como responsable de la seguridad p\u00fablica en Cuautlancingo.<\/p>\n<p>Eso s\u00ed, obviamente la Fiscal\u00eda poblana debe llevar a cabo la investigaci\u00f3n de los cr\u00edmenes que se registran en el municipio de Cuautlancingo, en tanto que sus habitantes padecen al percibir un ambiente de inseguridad.<\/p>\n","protected":false},"excerpt":{"rendered":"<p>POR FRED ESTRADA Tras el feminicidio de G\u00e9nesis y otros sucesos registrados en el rubro de seguridad, Cuautlancingo y el edil Omar Mu\u00f1oz est\u00e1n en el ojo de la sociedad local y estatal. Ello, a pesar de que el presidente municipal de Cuautlancingo insista en rehuir cualquier responsabilidad de lo que sucede en el municipio&#8230;<\/p>\n","protected":false},"author":16,"featured_media":27540,"comment_status":"closed","ping_status":"closed","sticky":false,"template":"","format":"standard","meta":[],"categories":[542],"tags":[343,260,2541],"yoast_head":"<!-- This site is optimized with the Yoast SEO plugin v20.8 - https:\/\/yoast.com\/wordpress\/plugins\/seo\/ -->\n<title>Mal y de malas sigue Omar Mu\u00f1oz en materia de seguridad - The Puebla Times<\/title>\n<meta name=\"robots\" content=\"index, follow, max-snippet:-1, max-image-preview:large, max-video-preview:-1\" \/>\n<link rel=\"canonical\" href=\"https:\/\/thepueblatimes.mx\/index.php\/2025\/01\/29\/mal-y-de-malas-sigue-omar-munoz-en-materia-de-seguridad\/\" \/>\n<meta property=\"og:locale\" content=\"es_ES\" \/>\n<meta property=\"og:type\" content=\"article\" \/>\n<meta property=\"og:title\" content=\"Mal y de malas sigue Omar Mu\u00f1oz en materia de seguridad - The Puebla Times\" \/>\n<meta property=\"og:description\" content=\"POR FRED ESTRADA Tras el feminicidio de G\u00e9nesis y otros sucesos registrados en el rubro de seguridad, Cuautlancingo y el edil Omar Mu\u00f1oz est\u00e1n en el ojo de la sociedad local y estatal. Ello, a pesar de que el presidente municipal de Cuautlancingo insista en rehuir cualquier responsabilidad de lo que sucede en el municipio...\" \/>\n<meta property=\"og:url\" content=\"https:\/\/thepueblatimes.mx\/index.php\/2025\/01\/29\/mal-y-de-malas-sigue-omar-munoz-en-materia-de-seguridad\/\" \/>\n<meta property=\"og:site_name\" content=\"The Puebla Times\" \/>\n<meta property=\"article:published_time\" content=\"2025-01-29T18:30:41+00:00\" \/>\n<meta property=\"og:image\" content=\"https:\/\/thepueblatimes.mx\/wp-content\/uploads\/2025\/01\/SOSAPAC-en-Cuautlancingo.jpg\" \/>\n\t<meta property=\"og:image:width\" content=\"1024\" \/>\n\t<meta property=\"og:image:height\" content=\"768\" \/>\n\t<meta property=\"og:image:type\" content=\"image\/jpeg\" \/>\n<meta name=\"author\" content=\"Sa\u00fal Hern\u00e1ndez\" \/>\n<meta name=\"twitter:card\" content=\"summary_large_image\" \/>\n<meta name=\"twitter:label1\" content=\"Escrito por\" \/>\n\t<meta name=\"twitter:data1\" content=\"Sa\u00fal Hern\u00e1ndez\" \/>\n\t<meta name=\"twitter:label2\" content=\"Tiempo de lectura\" \/>\n\t<meta name=\"twitter:data2\" content=\"2 minutos\" \/>\n<script type=\"application\/ld+json\" class=\"yoast-schema-graph\">{\"@context\":\"https:\/\/schema.org\",\"@graph\":[{\"@type\":\"WebPage\",\"@id\":\"https:\/\/thepueblatimes.mx\/index.php\/2025\/01\/29\/mal-y-de-malas-sigue-omar-munoz-en-materia-de-seguridad\/\",\"url\":\"https:\/\/thepueblatimes.mx\/index.php\/2025\/01\/29\/mal-y-de-malas-sigue-omar-munoz-en-materia-de-seguridad\/\",\"name\":\"Mal y de malas sigue Omar Mu\u00f1oz en materia de seguridad - The Puebla Times\",\"isPartOf\":{\"@id\":\"https:\/\/thepueblatimes.mx\/#website\"},\"datePublished\":\"2025-01-29T18:30:41+00:00\",\"dateModified\":\"2025-01-29T18:30:41+00:00\",\"author\":{\"@id\":\"https:\/\/thepueblatimes.mx\/#\/schema\/person\/1664894c2f65ce2c7a08d8f5f905c13c\"},\"breadcrumb\":{\"@id\":\"https:\/\/thepueblatimes.mx\/index.php\/2025\/01\/29\/mal-y-de-malas-sigue-omar-munoz-en-materia-de-seguridad\/#breadcrumb\"},\"inLanguage\":\"es\",\"potentialAction\":[{\"@type\":\"ReadAction\",\"target\":[\"https:\/\/thepueblatimes.mx\/index.php\/2025\/01\/29\/mal-y-de-malas-sigue-omar-munoz-en-materia-de-seguridad\/\"]}]},{\"@type\":\"BreadcrumbList\",\"@id\":\"https:\/\/thepueblatimes.mx\/index.php\/2025\/01\/29\/mal-y-de-malas-sigue-omar-munoz-en-materia-de-seguridad\/#breadcrumb\",\"itemListElement\":[{\"@type\":\"ListItem\",\"position\":1,\"name\":\"Portada\",\"item\":\"https:\/\/thepueblatimes.mx\/\"},{\"@type\":\"ListItem\",\"position\":2,\"name\":\"Mal y de malas sigue Omar Mu\u00f1oz en materia de seguridad\"}]},{\"@type\":\"WebSite\",\"@id\":\"https:\/\/thepueblatimes.mx\/#website\",\"url\":\"https:\/\/thepueblatimes.mx\/\",\"name\":\"The Puebla Times\",\"description\":\"Noticias del Estado de Puebla\",\"potentialAction\":[{\"@type\":\"SearchAction\",\"target\":{\"@type\":\"EntryPoint\",\"urlTemplate\":\"https:\/\/thepueblatimes.mx\/?s={search_term_string}\"},\"query-input\":\"required name=search_term_string\"}],\"inLanguage\":\"es\"},{\"@type\":\"Person\",\"@id\":\"https:\/\/thepueblatimes.mx\/#\/schema\/person\/1664894c2f65ce2c7a08d8f5f905c13c\",\"name\":\"Sa\u00fal Hern\u00e1ndez\",\"image\":{\"@type\":\"ImageObject\",\"inLanguage\":\"es\",\"@id\":\"https:\/\/thepueblatimes.mx\/#\/schema\/person\/image\/\",\"url\":\"https:\/\/secure.gravatar.com\/avatar\/11be338693f243309532caad8f10c930?s=96&d=mm&r=g\",\"contentUrl\":\"https:\/\/secure.gravatar.com\/avatar\/11be338693f243309532caad8f10c930?s=96&d=mm&r=g\",\"caption\":\"Sa\u00fal Hern\u00e1ndez\"},\"url\":\"https:\/\/thepueblatimes.mx\/index.php\/author\/saulhernandez\/\"}]}<\/script>\n<!-- \/ Yoast SEO plugin. -->","yoast_head_json":{"title":"Mal y de malas sigue Omar Mu\u00f1oz en materia de seguridad - The Puebla Times","robots":{"index":"index","follow":"follow","max-snippet":"max-snippet:-1","max-image-preview":"max-image-preview:large","max-video-preview":"max-video-preview:-1"},"canonical":"https:\/\/thepueblatimes.mx\/index.php\/2025\/01\/29\/mal-y-de-malas-sigue-omar-munoz-en-materia-de-seguridad\/","og_locale":"es_ES","og_type":"article","og_title":"Mal y de malas sigue Omar Mu\u00f1oz en materia de seguridad - The Puebla Times","og_description":"POR FRED ESTRADA Tras el feminicidio de G\u00e9nesis y otros sucesos registrados en el rubro de seguridad, Cuautlancingo y el edil Omar Mu\u00f1oz est\u00e1n en el ojo de la sociedad local y estatal. Ello, a pesar de que el presidente municipal de Cuautlancingo insista en rehuir cualquier responsabilidad de lo que sucede en el municipio...","og_url":"https:\/\/thepueblatimes.mx\/index.php\/2025\/01\/29\/mal-y-de-malas-sigue-omar-munoz-en-materia-de-seguridad\/","og_site_name":"The Puebla Times","article_published_time":"2025-01-29T18:30:41+00:00","og_image":[{"width":1024,"height":768,"url":"https:\/\/thepueblatimes.mx\/wp-content\/uploads\/2025\/01\/SOSAPAC-en-Cuautlancingo.jpg","type":"image\/jpeg"}],"author":"Sa\u00fal Hern\u00e1ndez","twitter_card":"summary_large_image","twitter_misc":{"Escrito por":"Sa\u00fal Hern\u00e1ndez","Tiempo de lectura":"2 minutos"},"schema":{"@context":"https:\/\/schema.org","@graph":[{"@type":"WebPage","@id":"https:\/\/thepueblatimes.mx\/index.php\/2025\/01\/29\/mal-y-de-malas-sigue-omar-munoz-en-materia-de-seguridad\/","url":"https:\/\/thepueblatimes.mx\/index.php\/2025\/01\/29\/mal-y-de-malas-sigue-omar-munoz-en-materia-de-seguridad\/","name":"Mal y de malas sigue Omar Mu\u00f1oz en materia de seguridad - The Puebla Times","isPartOf":{"@id":"https:\/\/thepueblatimes.mx\/#website"},"datePublished":"2025-01-29T18:30:41+00:00","dateModified":"2025-01-29T18:30:41+00:00","author":{"@id":"https:\/\/thepueblatimes.mx\/#\/schema\/person\/1664894c2f65ce2c7a08d8f5f905c13c"},"breadcrumb":{"@id":"https:\/\/thepueblatimes.mx\/index.php\/2025\/01\/29\/mal-y-de-malas-sigue-omar-munoz-en-materia-de-seguridad\/#breadcrumb"},"inLanguage":"es","potentialAction":[{"@type":"ReadAction","target":["https:\/\/thepueblatimes.mx\/index.php\/2025\/01\/29\/mal-y-de-malas-sigue-omar-munoz-en-materia-de-seguridad\/"]}]},{"@type":"BreadcrumbList","@id":"https:\/\/thepueblatimes.mx\/index.php\/2025\/01\/29\/mal-y-de-malas-sigue-omar-munoz-en-materia-de-seguridad\/#breadcrumb","itemListElement":[{"@type":"ListItem","position":1,"name":"Portada","item":"https:\/\/thepueblatimes.mx\/"},{"@type":"ListItem","position":2,"name":"Mal y de malas sigue Omar Mu\u00f1oz en materia de seguridad"}]},{"@type":"WebSite","@id":"https:\/\/thepueblatimes.mx\/#website","url":"https:\/\/thepueblatimes.mx\/","name":"The Puebla Times","description":"Noticias del Estado de Puebla","potentialAction":[{"@type":"SearchAction","target":{"@type":"EntryPoint","urlTemplate":"https:\/\/thepueblatimes.mx\/?s={search_term_string}"},"query-input":"required name=search_term_string"}],"inLanguage":"es"},{"@type":"Person","@id":"https:\/\/thepueblatimes.mx\/#\/schema\/person\/1664894c2f65ce2c7a08d8f5f905c13c","name":"Sa\u00fal Hern\u00e1ndez","image":{"@type":"ImageObject","inLanguage":"es","@id":"https:\/\/thepueblatimes.mx\/#\/schema\/person\/image\/","url":"https:\/\/secure.gravatar.com\/avatar\/11be338693f243309532caad8f10c930?s=96&d=mm&r=g","contentUrl":"https:\/\/secure.gravatar.com\/avatar\/11be338693f243309532caad8f10c930?s=96&d=mm&r=g","caption":"Sa\u00fal Hern\u00e1ndez"},"url":"https:\/\/thepueblatimes.mx\/index.php\/author\/saulhernandez\/"}]}},"jetpack_featured_media_url":"https:\/\/thepueblatimes.mx\/wp-content\/uploads\/2025\/01\/SOSAPAC-en-Cuautlancingo.jpg","_links":{"self":[{"href":"https:\/\/thepueblatimes.mx\/index.php\/wp-json\/wp\/v2\/posts\/27539"}],"collection":[{"href":"https:\/\/thepueblatimes.mx\/index.php\/wp-json\/wp\/v2\/posts"}],"about":[{"href":"https:\/\/thepueblatimes.mx\/index.php\/wp-json\/wp\/v2\/types\/post"}],"author":[{"embeddable":true,"href":"https:\/\/thepueblatimes.mx\/index.php\/wp-json\/wp\/v2\/users\/16"}],"replies":[{"embeddable":true,"href":"https:\/\/thepueblatimes.mx\/index.php\/wp-json\/wp\/v2\/comments?post=27539"}],"version-history":[{"count":1,"href":"https:\/\/thepueblatimes.mx\/index.php\/wp-json\/wp\/v2\/posts\/27539\/revisions"}],"predecessor-version":[{"id":27541,"href":"https:\/\/thepueblatimes.mx\/index.php\/wp-json\/wp\/v2\/posts\/27539\/revisions\/27541"}],"wp:featuredmedia":[{"embeddable":true,"href":"https:\/\/thepueblatimes.mx\/index.php\/wp-json\/wp\/v2\/media\/27540"}],"wp:attachment":[{"href":"https:\/\/thepueblatimes.mx\/index.php\/wp-json\/wp\/v2\/media?parent=27539"}],"wp:term":[{"taxonomy":"category","embeddable":true,"href":"https:\/\/thepueblatimes.mx\/index.php\/wp-json\/wp\/v2\/categories?post=27539"},{"taxonomy":"post_tag","embeddable":true,"href":"https:\/\/thepueblatimes.mx\/index.php\/wp-json\/wp\/v2\/tags?post=27539"}],"curies":[{"name":"wp","href":"https:\/\/api.w.org\/{rel}","templated":true}]}}