{"id":27469,"date":"2025-01-23T18:32:37","date_gmt":"2025-01-24T00:32:37","guid":{"rendered":"https:\/\/thepueblatimes.mx\/?p=27469"},"modified":"2025-01-23T18:32:37","modified_gmt":"2025-01-24T00:32:37","slug":"proponen-en-el-congreso-establecer-como-delito-la-practica-de-cirugias-plasticas-por-parte-de-pseudo-cirujanos","status":"publish","type":"post","link":"https:\/\/thepueblatimes.mx\/index.php\/2025\/01\/23\/proponen-en-el-congreso-establecer-como-delito-la-practica-de-cirugias-plasticas-por-parte-de-pseudo-cirujanos\/","title":{"rendered":"Proponen en el Congreso establecer como delito la pr\u00e1ctica de cirug\u00edas pl\u00e1sticas por parte de \u201cpseudo cirujanos\u201d"},"content":{"rendered":"<h3><strong><em>&#8211; Se obligar\u00e1 a quienes prestan estos servicios a contar con c\u00e9dula profesional de especializaci\u00f3n legalmente expedida y certificaci\u00f3n vigente<\/em><\/strong><\/h3>\n<h3><strong><em>&#8211; Durante la sesi\u00f3n ordinaria se presentaron iniciativas y puntos de acuerdo en materia de procuraci\u00f3n de justicia, salud, educaci\u00f3n y protecci\u00f3n a los derechos de la ni\u00f1ez y la familia <\/em><\/strong><\/h3>\n<p>Con la finalidad de establecer como delito la pr\u00e1ctica de cirug\u00edas pl\u00e1sticas, est\u00e9ticas y reconstructivas por parte de \u201cpseudo cirujanos\u201d carentes de profesionalizaci\u00f3n, el diputado Andr\u00e9s Iv\u00e1n Villegas Mendoza present\u00f3 una iniciativa para reformar y adicionar la Ley Estatal de Salud, que obligar\u00eda a las personas que prestan estos servicios a contar con c\u00e9dula profesional de especializaci\u00f3n legalmente expedida por las autoridades competentes y certificaci\u00f3n vigente.<\/p>\n<p>En su intervenci\u00f3n, el legislador propuso que quien realice una cirug\u00eda pl\u00e1stica, est\u00e9tica y reconstructiva, sin contar con los requisitos previstos en el art\u00edculo 259 Bis 1 de la Ley, se le impondr\u00e1 de dos a ocho a\u00f1os de prisi\u00f3n, suspensi\u00f3n de tres a cinco a\u00f1os en el ejercicio profesional y multa de 300 a 500 unidades de medida y actualizaci\u00f3n.<\/p>\n<p>La reforma, que pretende reformar los art\u00edculos 72 y 259 Bis, modificar la denominaci\u00f3n del Cap\u00edtulo XIX, y adicionar los art\u00edculos 259 Bis 1 y 316 Bis de la Ley Estatal de Salud, fue turnada a la Comisi\u00f3n de Salud para su estudio y resoluci\u00f3n correspondiente.<\/p>\n<p>Durante la sesi\u00f3n p\u00fablica ordinaria del Congreso del Estado, el diputado Jaime Alejandro Aurioles Barroeta present\u00f3 una iniciativa para reformar y adicionar la Ley de los Derechos de las Ni\u00f1as, Ni\u00f1os y Adolescentes del Estado de Puebla, con el objetivo de facultar a la Procuradur\u00eda de Protecci\u00f3n de los Derechos de Ni\u00f1as, Ni\u00f1os y Adolescentes del Estado de Puebla, a establecer acciones peri\u00f3dicas de verificaci\u00f3n del debido acceso, ejercicio, respeto y protecci\u00f3n de los derechos de este sector de la poblaci\u00f3n que viven con sus madres en centros penitenciarios.<\/p>\n<p>La propuesta legislativa que propone reformar las fracciones XV Bis, XVI y adicionar la fracci\u00f3n XVII al art\u00edculo 116 de la Ley de los Derechos de las Ni\u00f1as, Ni\u00f1os y Adolescentes del Estado de Puebla, fue dirigida a la Comisi\u00f3n de la Familia y los Derechos de la Ni\u00f1ez para su estudio procedente.<\/p>\n<p>En su momento, la diputada Xel Arianna Hern\u00e1ndez Garc\u00eda present\u00f3 una iniciativa para reformar el C\u00f3digo Penal del Estado con el objetivo de imponer sanciones de dos meses a seis a\u00f1os de prisi\u00f3n y multa de diez a 200 Unidades de Medida y Actualizaci\u00f3n, al que, sin tener t\u00edtulo legal, se atribuya el car\u00e1cter de profesional y ejerza actos propios de la profesi\u00f3n.<\/p>\n<p>La iniciativa que propone reformar la fracci\u00f3n II del art\u00edculo 258 del C\u00f3digo Penal del Estado de Puebla, fue turnada a la Comisi\u00f3n de Procuraci\u00f3n y Administraci\u00f3n de Justicia, para su an\u00e1lisis y resoluci\u00f3n correspondiente.<\/p>\n<p>Por su parte, la diputada Celia Bonaga Ru\u00edz present\u00f3 una iniciativa para reformar la Ley de Educaci\u00f3n del Estado de Puebla con el prop\u00f3sito de fortalecer los modelos pedag\u00f3gicos de ense\u00f1anza-aprendizaje mediante la integraci\u00f3n de cursos de programaci\u00f3n, aprendizaje y desarrollo de inteligencia artificial desde los niveles de secundaria, media superior y superior.<\/p>\n<p>As\u00ed como promover la innovaci\u00f3n educativa y el desarrollo de habilidades tecnol\u00f3gicas en las y los alumnos, orient\u00e1ndolos hacia el manejo y creaci\u00f3n de nuevas tecnolog\u00edas.<\/p>\n<p>La propuesta pretende reformar los art\u00edculos 70 y 71 de la Ley de Educaci\u00f3n del Estado de Puebla.<\/p>\n<p>Para su an\u00e1lisis procedente, la iniciativa fue turnada a la Comisi\u00f3n de Educaci\u00f3n para su estudio correspondiente.<\/p>\n<p>Al hacer uso de la palabra, la diputada Esther Mart\u00ednez Romano present\u00f3 una iniciativa para reformar la Ley Estatal de Salud, con la finalidad de incluir en el ordenamiento legal, la atenci\u00f3n pregestacional, como parte de la atenci\u00f3n que deben recibir las personas que deseen embarazarse, lo que permitir\u00e1 identificar y abordar riesgos potenciales en la salud de los futuros padres que puedan afectar al embarazo y al beb\u00e9.<\/p>\n<p>La iniciativa, que pretende reformar los art\u00edculos 56 y 62 de la Ley Estatal de Salud, fue turnada a la Comisi\u00f3n de Salud para su an\u00e1lisis y dictaminaci\u00f3n correspondiente.<\/p>\n","protected":false},"excerpt":{"rendered":"<p>&#8211; Se obligar\u00e1 a quienes prestan estos servicios a contar con c\u00e9dula profesional de especializaci\u00f3n legalmente expedida y certificaci\u00f3n vigente &#8211; Durante la sesi\u00f3n ordinaria se presentaron iniciativas y puntos de acuerdo en materia de procuraci\u00f3n de justicia, salud, educaci\u00f3n y protecci\u00f3n a los derechos de la ni\u00f1ez y la familia Con la finalidad de&#8230;<\/p>\n","protected":false},"author":16,"featured_media":27470,"comment_status":"closed","ping_status":"closed","sticky":false,"template":"","format":"standard","meta":[],"categories":[3],"tags":[3020,2323,3021,3022,3019],"yoast_head":"<!-- This site is optimized with the Yoast SEO plugin v20.8 - https:\/\/yoast.com\/wordpress\/plugins\/seo\/ -->\n<title>Proponen en el Congreso establecer como delito la pr\u00e1ctica de cirug\u00edas pl\u00e1sticas por parte de \u201cpseudo cirujanos\u201d - The Puebla Times<\/title>\n<meta name=\"robots\" content=\"index, follow, max-snippet:-1, max-image-preview:large, max-video-preview:-1\" \/>\n<link rel=\"canonical\" href=\"https:\/\/thepueblatimes.mx\/index.php\/2025\/01\/23\/proponen-en-el-congreso-establecer-como-delito-la-practica-de-cirugias-plasticas-por-parte-de-pseudo-cirujanos\/\" \/>\n<meta property=\"og:locale\" content=\"es_ES\" \/>\n<meta property=\"og:type\" content=\"article\" \/>\n<meta property=\"og:title\" content=\"Proponen en el Congreso establecer como delito la pr\u00e1ctica de cirug\u00edas pl\u00e1sticas por parte de \u201cpseudo cirujanos\u201d - The Puebla Times\" \/>\n<meta property=\"og:description\" content=\"&#8211; Se obligar\u00e1 a quienes prestan estos servicios a contar con c\u00e9dula profesional de especializaci\u00f3n legalmente expedida y certificaci\u00f3n vigente &#8211; Durante la sesi\u00f3n ordinaria se presentaron iniciativas y puntos de acuerdo en materia de procuraci\u00f3n de justicia, salud, educaci\u00f3n y protecci\u00f3n a los derechos de la ni\u00f1ez y la familia Con la finalidad de...\" \/>\n<meta property=\"og:url\" content=\"https:\/\/thepueblatimes.mx\/index.php\/2025\/01\/23\/proponen-en-el-congreso-establecer-como-delito-la-practica-de-cirugias-plasticas-por-parte-de-pseudo-cirujanos\/\" \/>\n<meta property=\"og:site_name\" content=\"The Puebla Times\" \/>\n<meta property=\"article:published_time\" content=\"2025-01-24T00:32:37+00:00\" \/>\n<meta property=\"og:image\" content=\"https:\/\/thepueblatimes.mx\/wp-content\/uploads\/2025\/01\/WhatsApp-Image-2025-01-23-at-17.47.42.jpeg\" \/>\n\t<meta property=\"og:image:width\" content=\"1600\" \/>\n\t<meta property=\"og:image:height\" content=\"1066\" \/>\n\t<meta property=\"og:image:type\" content=\"image\/jpeg\" \/>\n<meta name=\"author\" content=\"Sa\u00fal Hern\u00e1ndez\" \/>\n<meta name=\"twitter:card\" content=\"summary_large_image\" \/>\n<meta name=\"twitter:label1\" content=\"Escrito por\" \/>\n\t<meta name=\"twitter:data1\" content=\"Sa\u00fal Hern\u00e1ndez\" \/>\n\t<meta name=\"twitter:label2\" content=\"Tiempo de lectura\" \/>\n\t<meta name=\"twitter:data2\" content=\"4 minutos\" \/>\n<script type=\"application\/ld+json\" class=\"yoast-schema-graph\">{\"@context\":\"https:\/\/schema.org\",\"@graph\":[{\"@type\":\"WebPage\",\"@id\":\"https:\/\/thepueblatimes.mx\/index.php\/2025\/01\/23\/proponen-en-el-congreso-establecer-como-delito-la-practica-de-cirugias-plasticas-por-parte-de-pseudo-cirujanos\/\",\"url\":\"https:\/\/thepueblatimes.mx\/index.php\/2025\/01\/23\/proponen-en-el-congreso-establecer-como-delito-la-practica-de-cirugias-plasticas-por-parte-de-pseudo-cirujanos\/\",\"name\":\"Proponen en el Congreso establecer como delito la pr\u00e1ctica de cirug\u00edas pl\u00e1sticas por parte de \u201cpseudo cirujanos\u201d - The Puebla Times\",\"isPartOf\":{\"@id\":\"https:\/\/thepueblatimes.mx\/#website\"},\"datePublished\":\"2025-01-24T00:32:37+00:00\",\"dateModified\":\"2025-01-24T00:32:37+00:00\",\"author\":{\"@id\":\"https:\/\/thepueblatimes.mx\/#\/schema\/person\/1664894c2f65ce2c7a08d8f5f905c13c\"},\"breadcrumb\":{\"@id\":\"https:\/\/thepueblatimes.mx\/index.php\/2025\/01\/23\/proponen-en-el-congreso-establecer-como-delito-la-practica-de-cirugias-plasticas-por-parte-de-pseudo-cirujanos\/#breadcrumb\"},\"inLanguage\":\"es\",\"potentialAction\":[{\"@type\":\"ReadAction\",\"target\":[\"https:\/\/thepueblatimes.mx\/index.php\/2025\/01\/23\/proponen-en-el-congreso-establecer-como-delito-la-practica-de-cirugias-plasticas-por-parte-de-pseudo-cirujanos\/\"]}]},{\"@type\":\"BreadcrumbList\",\"@id\":\"https:\/\/thepueblatimes.mx\/index.php\/2025\/01\/23\/proponen-en-el-congreso-establecer-como-delito-la-practica-de-cirugias-plasticas-por-parte-de-pseudo-cirujanos\/#breadcrumb\",\"itemListElement\":[{\"@type\":\"ListItem\",\"position\":1,\"name\":\"Portada\",\"item\":\"https:\/\/thepueblatimes.mx\/\"},{\"@type\":\"ListItem\",\"position\":2,\"name\":\"Proponen en el Congreso establecer como delito la pr\u00e1ctica de cirug\u00edas pl\u00e1sticas por parte de \u201cpseudo cirujanos\u201d\"}]},{\"@type\":\"WebSite\",\"@id\":\"https:\/\/thepueblatimes.mx\/#website\",\"url\":\"https:\/\/thepueblatimes.mx\/\",\"name\":\"The Puebla Times\",\"description\":\"Noticias del Estado de Puebla\",\"potentialAction\":[{\"@type\":\"SearchAction\",\"target\":{\"@type\":\"EntryPoint\",\"urlTemplate\":\"https:\/\/thepueblatimes.mx\/?s={search_term_string}\"},\"query-input\":\"required name=search_term_string\"}],\"inLanguage\":\"es\"},{\"@type\":\"Person\",\"@id\":\"https:\/\/thepueblatimes.mx\/#\/schema\/person\/1664894c2f65ce2c7a08d8f5f905c13c\",\"name\":\"Sa\u00fal Hern\u00e1ndez\",\"image\":{\"@type\":\"ImageObject\",\"inLanguage\":\"es\",\"@id\":\"https:\/\/thepueblatimes.mx\/#\/schema\/person\/image\/\",\"url\":\"https:\/\/secure.gravatar.com\/avatar\/11be338693f243309532caad8f10c930?s=96&d=mm&r=g\",\"contentUrl\":\"https:\/\/secure.gravatar.com\/avatar\/11be338693f243309532caad8f10c930?s=96&d=mm&r=g\",\"caption\":\"Sa\u00fal Hern\u00e1ndez\"},\"url\":\"https:\/\/thepueblatimes.mx\/index.php\/author\/saulhernandez\/\"}]}<\/script>\n<!-- \/ Yoast SEO plugin. -->","yoast_head_json":{"title":"Proponen en el Congreso establecer como delito la pr\u00e1ctica de cirug\u00edas pl\u00e1sticas por parte de \u201cpseudo cirujanos\u201d - The Puebla Times","robots":{"index":"index","follow":"follow","max-snippet":"max-snippet:-1","max-image-preview":"max-image-preview:large","max-video-preview":"max-video-preview:-1"},"canonical":"https:\/\/thepueblatimes.mx\/index.php\/2025\/01\/23\/proponen-en-el-congreso-establecer-como-delito-la-practica-de-cirugias-plasticas-por-parte-de-pseudo-cirujanos\/","og_locale":"es_ES","og_type":"article","og_title":"Proponen en el Congreso establecer como delito la pr\u00e1ctica de cirug\u00edas pl\u00e1sticas por parte de \u201cpseudo cirujanos\u201d - The Puebla Times","og_description":"&#8211; Se obligar\u00e1 a quienes prestan estos servicios a contar con c\u00e9dula profesional de especializaci\u00f3n legalmente expedida y certificaci\u00f3n vigente &#8211; Durante la sesi\u00f3n ordinaria se presentaron iniciativas y puntos de acuerdo en materia de procuraci\u00f3n de justicia, salud, educaci\u00f3n y protecci\u00f3n a los derechos de la ni\u00f1ez y la familia Con la finalidad de...","og_url":"https:\/\/thepueblatimes.mx\/index.php\/2025\/01\/23\/proponen-en-el-congreso-establecer-como-delito-la-practica-de-cirugias-plasticas-por-parte-de-pseudo-cirujanos\/","og_site_name":"The Puebla Times","article_published_time":"2025-01-24T00:32:37+00:00","og_image":[{"width":1600,"height":1066,"url":"https:\/\/thepueblatimes.mx\/wp-content\/uploads\/2025\/01\/WhatsApp-Image-2025-01-23-at-17.47.42.jpeg","type":"image\/jpeg"}],"author":"Sa\u00fal Hern\u00e1ndez","twitter_card":"summary_large_image","twitter_misc":{"Escrito por":"Sa\u00fal Hern\u00e1ndez","Tiempo de lectura":"4 minutos"},"schema":{"@context":"https:\/\/schema.org","@graph":[{"@type":"WebPage","@id":"https:\/\/thepueblatimes.mx\/index.php\/2025\/01\/23\/proponen-en-el-congreso-establecer-como-delito-la-practica-de-cirugias-plasticas-por-parte-de-pseudo-cirujanos\/","url":"https:\/\/thepueblatimes.mx\/index.php\/2025\/01\/23\/proponen-en-el-congreso-establecer-como-delito-la-practica-de-cirugias-plasticas-por-parte-de-pseudo-cirujanos\/","name":"Proponen en el Congreso establecer como delito la pr\u00e1ctica de cirug\u00edas pl\u00e1sticas por parte de \u201cpseudo cirujanos\u201d - The Puebla Times","isPartOf":{"@id":"https:\/\/thepueblatimes.mx\/#website"},"datePublished":"2025-01-24T00:32:37+00:00","dateModified":"2025-01-24T00:32:37+00:00","author":{"@id":"https:\/\/thepueblatimes.mx\/#\/schema\/person\/1664894c2f65ce2c7a08d8f5f905c13c"},"breadcrumb":{"@id":"https:\/\/thepueblatimes.mx\/index.php\/2025\/01\/23\/proponen-en-el-congreso-establecer-como-delito-la-practica-de-cirugias-plasticas-por-parte-de-pseudo-cirujanos\/#breadcrumb"},"inLanguage":"es","potentialAction":[{"@type":"ReadAction","target":["https:\/\/thepueblatimes.mx\/index.php\/2025\/01\/23\/proponen-en-el-congreso-establecer-como-delito-la-practica-de-cirugias-plasticas-por-parte-de-pseudo-cirujanos\/"]}]},{"@type":"BreadcrumbList","@id":"https:\/\/thepueblatimes.mx\/index.php\/2025\/01\/23\/proponen-en-el-congreso-establecer-como-delito-la-practica-de-cirugias-plasticas-por-parte-de-pseudo-cirujanos\/#breadcrumb","itemListElement":[{"@type":"ListItem","position":1,"name":"Portada","item":"https:\/\/thepueblatimes.mx\/"},{"@type":"ListItem","position":2,"name":"Proponen en el Congreso establecer como delito la pr\u00e1ctica de cirug\u00edas pl\u00e1sticas por parte de \u201cpseudo cirujanos\u201d"}]},{"@type":"WebSite","@id":"https:\/\/thepueblatimes.mx\/#website","url":"https:\/\/thepueblatimes.mx\/","name":"The Puebla Times","description":"Noticias del Estado de Puebla","potentialAction":[{"@type":"SearchAction","target":{"@type":"EntryPoint","urlTemplate":"https:\/\/thepueblatimes.mx\/?s={search_term_string}"},"query-input":"required name=search_term_string"}],"inLanguage":"es"},{"@type":"Person","@id":"https:\/\/thepueblatimes.mx\/#\/schema\/person\/1664894c2f65ce2c7a08d8f5f905c13c","name":"Sa\u00fal Hern\u00e1ndez","image":{"@type":"ImageObject","inLanguage":"es","@id":"https:\/\/thepueblatimes.mx\/#\/schema\/person\/image\/","url":"https:\/\/secure.gravatar.com\/avatar\/11be338693f243309532caad8f10c930?s=96&d=mm&r=g","contentUrl":"https:\/\/secure.gravatar.com\/avatar\/11be338693f243309532caad8f10c930?s=96&d=mm&r=g","caption":"Sa\u00fal Hern\u00e1ndez"},"url":"https:\/\/thepueblatimes.mx\/index.php\/author\/saulhernandez\/"}]}},"jetpack_featured_media_url":"https:\/\/thepueblatimes.mx\/wp-content\/uploads\/2025\/01\/WhatsApp-Image-2025-01-23-at-17.47.42.jpeg","_links":{"self":[{"href":"https:\/\/thepueblatimes.mx\/index.php\/wp-json\/wp\/v2\/posts\/27469"}],"collection":[{"href":"https:\/\/thepueblatimes.mx\/index.php\/wp-json\/wp\/v2\/posts"}],"about":[{"href":"https:\/\/thepueblatimes.mx\/index.php\/wp-json\/wp\/v2\/types\/post"}],"author":[{"embeddable":true,"href":"https:\/\/thepueblatimes.mx\/index.php\/wp-json\/wp\/v2\/users\/16"}],"replies":[{"embeddable":true,"href":"https:\/\/thepueblatimes.mx\/index.php\/wp-json\/wp\/v2\/comments?post=27469"}],"version-history":[{"count":1,"href":"https:\/\/thepueblatimes.mx\/index.php\/wp-json\/wp\/v2\/posts\/27469\/revisions"}],"predecessor-version":[{"id":27471,"href":"https:\/\/thepueblatimes.mx\/index.php\/wp-json\/wp\/v2\/posts\/27469\/revisions\/27471"}],"wp:featuredmedia":[{"embeddable":true,"href":"https:\/\/thepueblatimes.mx\/index.php\/wp-json\/wp\/v2\/media\/27470"}],"wp:attachment":[{"href":"https:\/\/thepueblatimes.mx\/index.php\/wp-json\/wp\/v2\/media?parent=27469"}],"wp:term":[{"taxonomy":"category","embeddable":true,"href":"https:\/\/thepueblatimes.mx\/index.php\/wp-json\/wp\/v2\/categories?post=27469"},{"taxonomy":"post_tag","embeddable":true,"href":"https:\/\/thepueblatimes.mx\/index.php\/wp-json\/wp\/v2\/tags?post=27469"}],"curies":[{"name":"wp","href":"https:\/\/api.w.org\/{rel}","templated":true}]}}