{"id":27465,"date":"2025-01-23T18:23:12","date_gmt":"2025-01-24T00:23:12","guid":{"rendered":"https:\/\/thepueblatimes.mx\/?p=27465"},"modified":"2025-01-23T18:23:12","modified_gmt":"2025-01-24T00:23:12","slug":"se-compromete-marielise-budib-con-la-alimentacion-de-ninas-y-ninos-de-la-capital","status":"publish","type":"post","link":"https:\/\/thepueblatimes.mx\/index.php\/2025\/01\/23\/se-compromete-marielise-budib-con-la-alimentacion-de-ninas-y-ninos-de-la-capital\/","title":{"rendered":"Se compromete MariElise Budib con la alimentaci\u00f3n de ni\u00f1as y ni\u00f1os de la Capital"},"content":{"rendered":"<h3><em><strong>&#8211; SMDIF busca mejorar el desempe\u00f1o escolar con una alimentaci\u00f3n nutritiva y sustanciosa, a trav\u00e9s del Programa de Desayunadores Escolares Modalidad Caliente<\/strong><\/em><\/h3>\n<p>Puebla, Pue.- Con el objetivo de garantizar una correcta nutrici\u00f3n en la ni\u00f1ez poblana, el Sistema Municipal DIF (SMDIF) que encabeza la presidenta MariElise Budib hizo entrega de dos desayunadores escolares en su modalidad caliente, al norte de la Capital.<\/p>\n<p>Se trata de la Escuela Primaria \u00abL\u00e1zaro C\u00e1rdenas del R\u00edo\u00bb de la Colonia 6 de Junio, en la Junta Auxiliar de San Miguel Canoa y la Escuela Jard\u00edn de Ni\u00f1os \u201cPablo Ju\u00e1rez Ru\u00edz\u201d en la Colonia San Crist\u00f3bal Tulcingo, en la Junta Auxiliar de San Jer\u00f3nimo Caleras. A cada instituci\u00f3n educativa le fue entregado un kit de insumos de cocina; electrodom\u00e9sticos como un refrigerador, una licuadora y un estuf\u00f3n. As\u00ed como mobiliario y vajilla para que las y los alumnos tengan mejores condiciones para consumir sus alimentos.<\/p>\n<p>Durante su mensaje la presidenta del SMDIF, MariElise Budib, se\u00f1al\u00f3 que estas acciones son siempre pensando en el bienestar integral de las y los estudiantes, ya que la alimentaci\u00f3n de un ni\u00f1o es fundamental para su desarrollo f\u00edsico e intelectual.<\/p>\n<p>\u201cUn ni\u00f1o bien alimentado aprende mejor y tiene la energ\u00eda para jugar, participar activamente en sus clases y aprovechar al m\u00e1ximo todas las oportunidades que la escuela le ofrece; gracias al esfuerzo en conjunto que hacemos con el Sistema Estatal DIF es que se hace posible la actualizaci\u00f3n de este Desayunador Escolar\u201d, afirm\u00f3 la presidenta.<\/p>\n<p>La finalidad del Programa de Alimentaci\u00f3n Escolar Modalidad Caliente es proveer a las y los estudiantes de un desayuno o almuerzo que sea nutritivo y a bajo costo. En total son 280 las y los beneficiarios que a partir de ahora recibir\u00e1n sus desayunos preparados con insumos no perecederos que previamente les fueron entregados a cada instituci\u00f3n educativa, y que cumplen con los criterios de calidad que indica dicho programa.<\/p>\n<p>Es as\u00ed como el Sistema Municipal DIF refuerza su compromiso para garantizar la alimentaci\u00f3n y educaci\u00f3n de la ni\u00f1ez poblana.<\/p>\n","protected":false},"excerpt":{"rendered":"<p>&#8211; SMDIF busca mejorar el desempe\u00f1o escolar con una alimentaci\u00f3n nutritiva y sustanciosa, a trav\u00e9s del Programa de Desayunadores Escolares Modalidad Caliente Puebla, Pue.- Con el objetivo de garantizar una correcta nutrici\u00f3n en la ni\u00f1ez poblana, el Sistema Municipal DIF (SMDIF) que encabeza la presidenta MariElise Budib hizo entrega de dos desayunadores escolares en su&#8230;<\/p>\n","protected":false},"author":16,"featured_media":27467,"comment_status":"closed","ping_status":"closed","sticky":false,"template":"","format":"standard","meta":[],"categories":[20],"tags":[3018,2559,2425,62,1616],"yoast_head":"<!-- This site is optimized with the Yoast SEO plugin v20.8 - https:\/\/yoast.com\/wordpress\/plugins\/seo\/ -->\n<title>Se compromete MariElise Budib con la alimentaci\u00f3n de ni\u00f1as y ni\u00f1os de la Capital - The Puebla Times<\/title>\n<meta name=\"robots\" content=\"index, follow, max-snippet:-1, max-image-preview:large, max-video-preview:-1\" \/>\n<link rel=\"canonical\" href=\"https:\/\/thepueblatimes.mx\/index.php\/2025\/01\/23\/se-compromete-marielise-budib-con-la-alimentacion-de-ninas-y-ninos-de-la-capital\/\" \/>\n<meta property=\"og:locale\" content=\"es_ES\" \/>\n<meta property=\"og:type\" content=\"article\" \/>\n<meta property=\"og:title\" content=\"Se compromete MariElise Budib con la alimentaci\u00f3n de ni\u00f1as y ni\u00f1os de la Capital - The Puebla Times\" \/>\n<meta property=\"og:description\" content=\"&#8211; SMDIF busca mejorar el desempe\u00f1o escolar con una alimentaci\u00f3n nutritiva y sustanciosa, a trav\u00e9s del Programa de Desayunadores Escolares Modalidad Caliente Puebla, Pue.- Con el objetivo de garantizar una correcta nutrici\u00f3n en la ni\u00f1ez poblana, el Sistema Municipal DIF (SMDIF) que encabeza la presidenta MariElise Budib hizo entrega de dos desayunadores escolares en su...\" \/>\n<meta property=\"og:url\" content=\"https:\/\/thepueblatimes.mx\/index.php\/2025\/01\/23\/se-compromete-marielise-budib-con-la-alimentacion-de-ninas-y-ninos-de-la-capital\/\" \/>\n<meta property=\"og:site_name\" content=\"The Puebla Times\" \/>\n<meta property=\"article:published_time\" content=\"2025-01-24T00:23:12+00:00\" \/>\n<meta property=\"og:image\" content=\"https:\/\/thepueblatimes.mx\/wp-content\/uploads\/2025\/01\/fe508563-106f-43da-a37d-0ecc78109f59-scaled.jpg\" \/>\n\t<meta property=\"og:image:width\" content=\"2560\" \/>\n\t<meta property=\"og:image:height\" content=\"1705\" \/>\n\t<meta property=\"og:image:type\" content=\"image\/jpeg\" \/>\n<meta name=\"author\" content=\"Sa\u00fal Hern\u00e1ndez\" \/>\n<meta name=\"twitter:card\" content=\"summary_large_image\" \/>\n<meta name=\"twitter:label1\" content=\"Escrito por\" \/>\n\t<meta name=\"twitter:data1\" content=\"Sa\u00fal Hern\u00e1ndez\" \/>\n\t<meta name=\"twitter:label2\" content=\"Tiempo de lectura\" \/>\n\t<meta name=\"twitter:data2\" content=\"2 minutos\" \/>\n<script type=\"application\/ld+json\" class=\"yoast-schema-graph\">{\"@context\":\"https:\/\/schema.org\",\"@graph\":[{\"@type\":\"WebPage\",\"@id\":\"https:\/\/thepueblatimes.mx\/index.php\/2025\/01\/23\/se-compromete-marielise-budib-con-la-alimentacion-de-ninas-y-ninos-de-la-capital\/\",\"url\":\"https:\/\/thepueblatimes.mx\/index.php\/2025\/01\/23\/se-compromete-marielise-budib-con-la-alimentacion-de-ninas-y-ninos-de-la-capital\/\",\"name\":\"Se compromete MariElise Budib con la alimentaci\u00f3n de ni\u00f1as y ni\u00f1os de la Capital - The Puebla Times\",\"isPartOf\":{\"@id\":\"https:\/\/thepueblatimes.mx\/#website\"},\"datePublished\":\"2025-01-24T00:23:12+00:00\",\"dateModified\":\"2025-01-24T00:23:12+00:00\",\"author\":{\"@id\":\"https:\/\/thepueblatimes.mx\/#\/schema\/person\/1664894c2f65ce2c7a08d8f5f905c13c\"},\"breadcrumb\":{\"@id\":\"https:\/\/thepueblatimes.mx\/index.php\/2025\/01\/23\/se-compromete-marielise-budib-con-la-alimentacion-de-ninas-y-ninos-de-la-capital\/#breadcrumb\"},\"inLanguage\":\"es\",\"potentialAction\":[{\"@type\":\"ReadAction\",\"target\":[\"https:\/\/thepueblatimes.mx\/index.php\/2025\/01\/23\/se-compromete-marielise-budib-con-la-alimentacion-de-ninas-y-ninos-de-la-capital\/\"]}]},{\"@type\":\"BreadcrumbList\",\"@id\":\"https:\/\/thepueblatimes.mx\/index.php\/2025\/01\/23\/se-compromete-marielise-budib-con-la-alimentacion-de-ninas-y-ninos-de-la-capital\/#breadcrumb\",\"itemListElement\":[{\"@type\":\"ListItem\",\"position\":1,\"name\":\"Portada\",\"item\":\"https:\/\/thepueblatimes.mx\/\"},{\"@type\":\"ListItem\",\"position\":2,\"name\":\"Se compromete MariElise Budib con la alimentaci\u00f3n de ni\u00f1as y ni\u00f1os de la Capital\"}]},{\"@type\":\"WebSite\",\"@id\":\"https:\/\/thepueblatimes.mx\/#website\",\"url\":\"https:\/\/thepueblatimes.mx\/\",\"name\":\"The Puebla Times\",\"description\":\"Noticias del Estado de Puebla\",\"potentialAction\":[{\"@type\":\"SearchAction\",\"target\":{\"@type\":\"EntryPoint\",\"urlTemplate\":\"https:\/\/thepueblatimes.mx\/?s={search_term_string}\"},\"query-input\":\"required name=search_term_string\"}],\"inLanguage\":\"es\"},{\"@type\":\"Person\",\"@id\":\"https:\/\/thepueblatimes.mx\/#\/schema\/person\/1664894c2f65ce2c7a08d8f5f905c13c\",\"name\":\"Sa\u00fal Hern\u00e1ndez\",\"image\":{\"@type\":\"ImageObject\",\"inLanguage\":\"es\",\"@id\":\"https:\/\/thepueblatimes.mx\/#\/schema\/person\/image\/\",\"url\":\"https:\/\/secure.gravatar.com\/avatar\/11be338693f243309532caad8f10c930?s=96&d=mm&r=g\",\"contentUrl\":\"https:\/\/secure.gravatar.com\/avatar\/11be338693f243309532caad8f10c930?s=96&d=mm&r=g\",\"caption\":\"Sa\u00fal Hern\u00e1ndez\"},\"url\":\"https:\/\/thepueblatimes.mx\/index.php\/author\/saulhernandez\/\"}]}<\/script>\n<!-- \/ Yoast SEO plugin. -->","yoast_head_json":{"title":"Se compromete MariElise Budib con la alimentaci\u00f3n de ni\u00f1as y ni\u00f1os de la Capital - The Puebla Times","robots":{"index":"index","follow":"follow","max-snippet":"max-snippet:-1","max-image-preview":"max-image-preview:large","max-video-preview":"max-video-preview:-1"},"canonical":"https:\/\/thepueblatimes.mx\/index.php\/2025\/01\/23\/se-compromete-marielise-budib-con-la-alimentacion-de-ninas-y-ninos-de-la-capital\/","og_locale":"es_ES","og_type":"article","og_title":"Se compromete MariElise Budib con la alimentaci\u00f3n de ni\u00f1as y ni\u00f1os de la Capital - The Puebla Times","og_description":"&#8211; SMDIF busca mejorar el desempe\u00f1o escolar con una alimentaci\u00f3n nutritiva y sustanciosa, a trav\u00e9s del Programa de Desayunadores Escolares Modalidad Caliente Puebla, Pue.- Con el objetivo de garantizar una correcta nutrici\u00f3n en la ni\u00f1ez poblana, el Sistema Municipal DIF (SMDIF) que encabeza la presidenta MariElise Budib hizo entrega de dos desayunadores escolares en su...","og_url":"https:\/\/thepueblatimes.mx\/index.php\/2025\/01\/23\/se-compromete-marielise-budib-con-la-alimentacion-de-ninas-y-ninos-de-la-capital\/","og_site_name":"The Puebla Times","article_published_time":"2025-01-24T00:23:12+00:00","og_image":[{"width":2560,"height":1705,"url":"https:\/\/thepueblatimes.mx\/wp-content\/uploads\/2025\/01\/fe508563-106f-43da-a37d-0ecc78109f59-scaled.jpg","type":"image\/jpeg"}],"author":"Sa\u00fal Hern\u00e1ndez","twitter_card":"summary_large_image","twitter_misc":{"Escrito por":"Sa\u00fal Hern\u00e1ndez","Tiempo de lectura":"2 minutos"},"schema":{"@context":"https:\/\/schema.org","@graph":[{"@type":"WebPage","@id":"https:\/\/thepueblatimes.mx\/index.php\/2025\/01\/23\/se-compromete-marielise-budib-con-la-alimentacion-de-ninas-y-ninos-de-la-capital\/","url":"https:\/\/thepueblatimes.mx\/index.php\/2025\/01\/23\/se-compromete-marielise-budib-con-la-alimentacion-de-ninas-y-ninos-de-la-capital\/","name":"Se compromete MariElise Budib con la alimentaci\u00f3n de ni\u00f1as y ni\u00f1os de la Capital - The Puebla Times","isPartOf":{"@id":"https:\/\/thepueblatimes.mx\/#website"},"datePublished":"2025-01-24T00:23:12+00:00","dateModified":"2025-01-24T00:23:12+00:00","author":{"@id":"https:\/\/thepueblatimes.mx\/#\/schema\/person\/1664894c2f65ce2c7a08d8f5f905c13c"},"breadcrumb":{"@id":"https:\/\/thepueblatimes.mx\/index.php\/2025\/01\/23\/se-compromete-marielise-budib-con-la-alimentacion-de-ninas-y-ninos-de-la-capital\/#breadcrumb"},"inLanguage":"es","potentialAction":[{"@type":"ReadAction","target":["https:\/\/thepueblatimes.mx\/index.php\/2025\/01\/23\/se-compromete-marielise-budib-con-la-alimentacion-de-ninas-y-ninos-de-la-capital\/"]}]},{"@type":"BreadcrumbList","@id":"https:\/\/thepueblatimes.mx\/index.php\/2025\/01\/23\/se-compromete-marielise-budib-con-la-alimentacion-de-ninas-y-ninos-de-la-capital\/#breadcrumb","itemListElement":[{"@type":"ListItem","position":1,"name":"Portada","item":"https:\/\/thepueblatimes.mx\/"},{"@type":"ListItem","position":2,"name":"Se compromete MariElise Budib con la alimentaci\u00f3n de ni\u00f1as y ni\u00f1os de la Capital"}]},{"@type":"WebSite","@id":"https:\/\/thepueblatimes.mx\/#website","url":"https:\/\/thepueblatimes.mx\/","name":"The Puebla Times","description":"Noticias del Estado de Puebla","potentialAction":[{"@type":"SearchAction","target":{"@type":"EntryPoint","urlTemplate":"https:\/\/thepueblatimes.mx\/?s={search_term_string}"},"query-input":"required name=search_term_string"}],"inLanguage":"es"},{"@type":"Person","@id":"https:\/\/thepueblatimes.mx\/#\/schema\/person\/1664894c2f65ce2c7a08d8f5f905c13c","name":"Sa\u00fal Hern\u00e1ndez","image":{"@type":"ImageObject","inLanguage":"es","@id":"https:\/\/thepueblatimes.mx\/#\/schema\/person\/image\/","url":"https:\/\/secure.gravatar.com\/avatar\/11be338693f243309532caad8f10c930?s=96&d=mm&r=g","contentUrl":"https:\/\/secure.gravatar.com\/avatar\/11be338693f243309532caad8f10c930?s=96&d=mm&r=g","caption":"Sa\u00fal Hern\u00e1ndez"},"url":"https:\/\/thepueblatimes.mx\/index.php\/author\/saulhernandez\/"}]}},"jetpack_featured_media_url":"https:\/\/thepueblatimes.mx\/wp-content\/uploads\/2025\/01\/fe508563-106f-43da-a37d-0ecc78109f59-scaled.jpg","_links":{"self":[{"href":"https:\/\/thepueblatimes.mx\/index.php\/wp-json\/wp\/v2\/posts\/27465"}],"collection":[{"href":"https:\/\/thepueblatimes.mx\/index.php\/wp-json\/wp\/v2\/posts"}],"about":[{"href":"https:\/\/thepueblatimes.mx\/index.php\/wp-json\/wp\/v2\/types\/post"}],"author":[{"embeddable":true,"href":"https:\/\/thepueblatimes.mx\/index.php\/wp-json\/wp\/v2\/users\/16"}],"replies":[{"embeddable":true,"href":"https:\/\/thepueblatimes.mx\/index.php\/wp-json\/wp\/v2\/comments?post=27465"}],"version-history":[{"count":1,"href":"https:\/\/thepueblatimes.mx\/index.php\/wp-json\/wp\/v2\/posts\/27465\/revisions"}],"predecessor-version":[{"id":27468,"href":"https:\/\/thepueblatimes.mx\/index.php\/wp-json\/wp\/v2\/posts\/27465\/revisions\/27468"}],"wp:featuredmedia":[{"embeddable":true,"href":"https:\/\/thepueblatimes.mx\/index.php\/wp-json\/wp\/v2\/media\/27467"}],"wp:attachment":[{"href":"https:\/\/thepueblatimes.mx\/index.php\/wp-json\/wp\/v2\/media?parent=27465"}],"wp:term":[{"taxonomy":"category","embeddable":true,"href":"https:\/\/thepueblatimes.mx\/index.php\/wp-json\/wp\/v2\/categories?post=27465"},{"taxonomy":"post_tag","embeddable":true,"href":"https:\/\/thepueblatimes.mx\/index.php\/wp-json\/wp\/v2\/tags?post=27465"}],"curies":[{"name":"wp","href":"https:\/\/api.w.org\/{rel}","templated":true}]}}