{"id":27445,"date":"2025-01-23T11:28:40","date_gmt":"2025-01-23T17:28:40","guid":{"rendered":"https:\/\/thepueblatimes.mx\/?p=27445"},"modified":"2025-01-23T11:28:40","modified_gmt":"2025-01-23T17:28:40","slug":"marielise-budib-entrego-57-aparatos-funcionales-a-personas-con-discapacidad-en-la-capital-de-puebla","status":"publish","type":"post","link":"https:\/\/thepueblatimes.mx\/index.php\/2025\/01\/23\/marielise-budib-entrego-57-aparatos-funcionales-a-personas-con-discapacidad-en-la-capital-de-puebla\/","title":{"rendered":"MariElise Budib entreg\u00f3 57 aparatos funcionales a personas con discapacidad en la Capital de Puebla"},"content":{"rendered":"<h3><strong><em>&#8211; SMDIF reafirma su compromiso por la inclusi\u00f3n, la igualdad y el bienestar de las y los poblanos<\/em><\/strong><\/h3>\n<p>Puebla, Pue. &#8211; A fin de mejorar la calidad de vida de las personas con discapacidad, el Sistema Municipal DIF (SMDIF) encabezado por la presidenta del patronato MariElise Budib realiz\u00f3 la cuarta entrega de aparatos funcionales en la Unidad M\u00e9dica Integral de Servicios.<\/p>\n<p>Se entregaron 35 sillas de ruedas infantiles y de adulto, dos sillas de ruedas PCI y un PCA, 6 sillas andadera, una andadera ortop\u00e9dica adulto, dos bastones gu\u00eda adulto, seis bastones de cuatro puntos y dos muletas. En total fueron 57 aparatos funcionales que beneficiar\u00e1n a ni\u00f1as, ni\u00f1os y adultos con discapacidad.<\/p>\n<p>Con dichas acciones se busca reafirmar el compromiso con la inclusi\u00f3n, la igualdad y el bienestar de las y los poblanos.<\/p>\n<p>Durante su mensaje, la presidenta del patronato del SMDIF MariElise Budib se\u00f1al\u00f3 que la administraci\u00f3n que encabeza el presidente municipal, Pepe Chedraui, est\u00e1 comprometida por generar acciones de inclusi\u00f3n en la sociedad poblana que les permita mayores oportunidades a todas y todos.<\/p>\n<p>\u201cHoy, entregamos herramientas que representan autonom\u00eda, movilidad y calidad de vida. Quiero que sepan que en el Sistema Municipal DIF valoramos y reconocemos a cada uno de ustedes, el trabajo que desempe\u00f1amos aqu\u00ed es para el beneficio de todas y cada uno de las poblanas y poblanos; este acto simboliza el compromiso que tanto mi esposo -el presidente Pepe Chedraui- y yo tenemos con Puebla\u201d, dijo.<\/p>\n<p>Es as\u00ed como el SMDIF trabaja por una Capital m\u00e1s equitativa.<\/p>\n","protected":false},"excerpt":{"rendered":"<p>&#8211; SMDIF reafirma su compromiso por la inclusi\u00f3n, la igualdad y el bienestar de las y los poblanos Puebla, Pue. &#8211; A fin de mejorar la calidad de vida de las personas con discapacidad, el Sistema Municipal DIF (SMDIF) encabezado por la presidenta del patronato MariElise Budib realiz\u00f3 la cuarta entrega de aparatos funcionales en&#8230;<\/p>\n","protected":false},"author":16,"featured_media":27446,"comment_status":"closed","ping_status":"closed","sticky":false,"template":"","format":"standard","meta":[],"categories":[20],"tags":[3010,3009,2425,1616,3011],"yoast_head":"<!-- This site is optimized with the Yoast SEO plugin v20.8 - https:\/\/yoast.com\/wordpress\/plugins\/seo\/ -->\n<title>MariElise Budib entreg\u00f3 57 aparatos funcionales a personas con discapacidad en la Capital de Puebla - The Puebla Times<\/title>\n<meta name=\"robots\" content=\"index, follow, max-snippet:-1, max-image-preview:large, max-video-preview:-1\" \/>\n<link rel=\"canonical\" href=\"https:\/\/thepueblatimes.mx\/index.php\/2025\/01\/23\/marielise-budib-entrego-57-aparatos-funcionales-a-personas-con-discapacidad-en-la-capital-de-puebla\/\" \/>\n<meta property=\"og:locale\" content=\"es_ES\" \/>\n<meta property=\"og:type\" content=\"article\" \/>\n<meta property=\"og:title\" content=\"MariElise Budib entreg\u00f3 57 aparatos funcionales a personas con discapacidad en la Capital de Puebla - The Puebla Times\" \/>\n<meta property=\"og:description\" content=\"&#8211; SMDIF reafirma su compromiso por la inclusi\u00f3n, la igualdad y el bienestar de las y los poblanos Puebla, Pue. &#8211; A fin de mejorar la calidad de vida de las personas con discapacidad, el Sistema Municipal DIF (SMDIF) encabezado por la presidenta del patronato MariElise Budib realiz\u00f3 la cuarta entrega de aparatos funcionales en...\" \/>\n<meta property=\"og:url\" content=\"https:\/\/thepueblatimes.mx\/index.php\/2025\/01\/23\/marielise-budib-entrego-57-aparatos-funcionales-a-personas-con-discapacidad-en-la-capital-de-puebla\/\" \/>\n<meta property=\"og:site_name\" content=\"The Puebla Times\" \/>\n<meta property=\"article:published_time\" content=\"2025-01-23T17:28:40+00:00\" \/>\n<meta property=\"og:image\" content=\"https:\/\/thepueblatimes.mx\/wp-content\/uploads\/2025\/01\/9fd4132d-501c-4aad-a751-2856ee9d42e2.jpg\" \/>\n\t<meta property=\"og:image:width\" content=\"1280\" \/>\n\t<meta property=\"og:image:height\" content=\"851\" \/>\n\t<meta property=\"og:image:type\" content=\"image\/jpeg\" \/>\n<meta name=\"author\" content=\"Sa\u00fal Hern\u00e1ndez\" \/>\n<meta name=\"twitter:card\" content=\"summary_large_image\" \/>\n<meta name=\"twitter:label1\" content=\"Escrito por\" \/>\n\t<meta name=\"twitter:data1\" content=\"Sa\u00fal Hern\u00e1ndez\" \/>\n\t<meta name=\"twitter:label2\" content=\"Tiempo de lectura\" \/>\n\t<meta name=\"twitter:data2\" content=\"2 minutos\" \/>\n<script type=\"application\/ld+json\" class=\"yoast-schema-graph\">{\"@context\":\"https:\/\/schema.org\",\"@graph\":[{\"@type\":\"WebPage\",\"@id\":\"https:\/\/thepueblatimes.mx\/index.php\/2025\/01\/23\/marielise-budib-entrego-57-aparatos-funcionales-a-personas-con-discapacidad-en-la-capital-de-puebla\/\",\"url\":\"https:\/\/thepueblatimes.mx\/index.php\/2025\/01\/23\/marielise-budib-entrego-57-aparatos-funcionales-a-personas-con-discapacidad-en-la-capital-de-puebla\/\",\"name\":\"MariElise Budib entreg\u00f3 57 aparatos funcionales a personas con discapacidad en la Capital de Puebla - The Puebla Times\",\"isPartOf\":{\"@id\":\"https:\/\/thepueblatimes.mx\/#website\"},\"datePublished\":\"2025-01-23T17:28:40+00:00\",\"dateModified\":\"2025-01-23T17:28:40+00:00\",\"author\":{\"@id\":\"https:\/\/thepueblatimes.mx\/#\/schema\/person\/1664894c2f65ce2c7a08d8f5f905c13c\"},\"breadcrumb\":{\"@id\":\"https:\/\/thepueblatimes.mx\/index.php\/2025\/01\/23\/marielise-budib-entrego-57-aparatos-funcionales-a-personas-con-discapacidad-en-la-capital-de-puebla\/#breadcrumb\"},\"inLanguage\":\"es\",\"potentialAction\":[{\"@type\":\"ReadAction\",\"target\":[\"https:\/\/thepueblatimes.mx\/index.php\/2025\/01\/23\/marielise-budib-entrego-57-aparatos-funcionales-a-personas-con-discapacidad-en-la-capital-de-puebla\/\"]}]},{\"@type\":\"BreadcrumbList\",\"@id\":\"https:\/\/thepueblatimes.mx\/index.php\/2025\/01\/23\/marielise-budib-entrego-57-aparatos-funcionales-a-personas-con-discapacidad-en-la-capital-de-puebla\/#breadcrumb\",\"itemListElement\":[{\"@type\":\"ListItem\",\"position\":1,\"name\":\"Portada\",\"item\":\"https:\/\/thepueblatimes.mx\/\"},{\"@type\":\"ListItem\",\"position\":2,\"name\":\"MariElise Budib entreg\u00f3 57 aparatos funcionales a personas con discapacidad en la Capital de Puebla\"}]},{\"@type\":\"WebSite\",\"@id\":\"https:\/\/thepueblatimes.mx\/#website\",\"url\":\"https:\/\/thepueblatimes.mx\/\",\"name\":\"The Puebla Times\",\"description\":\"Noticias del Estado de Puebla\",\"potentialAction\":[{\"@type\":\"SearchAction\",\"target\":{\"@type\":\"EntryPoint\",\"urlTemplate\":\"https:\/\/thepueblatimes.mx\/?s={search_term_string}\"},\"query-input\":\"required name=search_term_string\"}],\"inLanguage\":\"es\"},{\"@type\":\"Person\",\"@id\":\"https:\/\/thepueblatimes.mx\/#\/schema\/person\/1664894c2f65ce2c7a08d8f5f905c13c\",\"name\":\"Sa\u00fal Hern\u00e1ndez\",\"image\":{\"@type\":\"ImageObject\",\"inLanguage\":\"es\",\"@id\":\"https:\/\/thepueblatimes.mx\/#\/schema\/person\/image\/\",\"url\":\"https:\/\/secure.gravatar.com\/avatar\/11be338693f243309532caad8f10c930?s=96&d=mm&r=g\",\"contentUrl\":\"https:\/\/secure.gravatar.com\/avatar\/11be338693f243309532caad8f10c930?s=96&d=mm&r=g\",\"caption\":\"Sa\u00fal Hern\u00e1ndez\"},\"url\":\"https:\/\/thepueblatimes.mx\/index.php\/author\/saulhernandez\/\"}]}<\/script>\n<!-- \/ Yoast SEO plugin. -->","yoast_head_json":{"title":"MariElise Budib entreg\u00f3 57 aparatos funcionales a personas con discapacidad en la Capital de Puebla - The Puebla Times","robots":{"index":"index","follow":"follow","max-snippet":"max-snippet:-1","max-image-preview":"max-image-preview:large","max-video-preview":"max-video-preview:-1"},"canonical":"https:\/\/thepueblatimes.mx\/index.php\/2025\/01\/23\/marielise-budib-entrego-57-aparatos-funcionales-a-personas-con-discapacidad-en-la-capital-de-puebla\/","og_locale":"es_ES","og_type":"article","og_title":"MariElise Budib entreg\u00f3 57 aparatos funcionales a personas con discapacidad en la Capital de Puebla - The Puebla Times","og_description":"&#8211; SMDIF reafirma su compromiso por la inclusi\u00f3n, la igualdad y el bienestar de las y los poblanos Puebla, Pue. &#8211; A fin de mejorar la calidad de vida de las personas con discapacidad, el Sistema Municipal DIF (SMDIF) encabezado por la presidenta del patronato MariElise Budib realiz\u00f3 la cuarta entrega de aparatos funcionales en...","og_url":"https:\/\/thepueblatimes.mx\/index.php\/2025\/01\/23\/marielise-budib-entrego-57-aparatos-funcionales-a-personas-con-discapacidad-en-la-capital-de-puebla\/","og_site_name":"The Puebla Times","article_published_time":"2025-01-23T17:28:40+00:00","og_image":[{"width":1280,"height":851,"url":"https:\/\/thepueblatimes.mx\/wp-content\/uploads\/2025\/01\/9fd4132d-501c-4aad-a751-2856ee9d42e2.jpg","type":"image\/jpeg"}],"author":"Sa\u00fal Hern\u00e1ndez","twitter_card":"summary_large_image","twitter_misc":{"Escrito por":"Sa\u00fal Hern\u00e1ndez","Tiempo de lectura":"2 minutos"},"schema":{"@context":"https:\/\/schema.org","@graph":[{"@type":"WebPage","@id":"https:\/\/thepueblatimes.mx\/index.php\/2025\/01\/23\/marielise-budib-entrego-57-aparatos-funcionales-a-personas-con-discapacidad-en-la-capital-de-puebla\/","url":"https:\/\/thepueblatimes.mx\/index.php\/2025\/01\/23\/marielise-budib-entrego-57-aparatos-funcionales-a-personas-con-discapacidad-en-la-capital-de-puebla\/","name":"MariElise Budib entreg\u00f3 57 aparatos funcionales a personas con discapacidad en la Capital de Puebla - The Puebla Times","isPartOf":{"@id":"https:\/\/thepueblatimes.mx\/#website"},"datePublished":"2025-01-23T17:28:40+00:00","dateModified":"2025-01-23T17:28:40+00:00","author":{"@id":"https:\/\/thepueblatimes.mx\/#\/schema\/person\/1664894c2f65ce2c7a08d8f5f905c13c"},"breadcrumb":{"@id":"https:\/\/thepueblatimes.mx\/index.php\/2025\/01\/23\/marielise-budib-entrego-57-aparatos-funcionales-a-personas-con-discapacidad-en-la-capital-de-puebla\/#breadcrumb"},"inLanguage":"es","potentialAction":[{"@type":"ReadAction","target":["https:\/\/thepueblatimes.mx\/index.php\/2025\/01\/23\/marielise-budib-entrego-57-aparatos-funcionales-a-personas-con-discapacidad-en-la-capital-de-puebla\/"]}]},{"@type":"BreadcrumbList","@id":"https:\/\/thepueblatimes.mx\/index.php\/2025\/01\/23\/marielise-budib-entrego-57-aparatos-funcionales-a-personas-con-discapacidad-en-la-capital-de-puebla\/#breadcrumb","itemListElement":[{"@type":"ListItem","position":1,"name":"Portada","item":"https:\/\/thepueblatimes.mx\/"},{"@type":"ListItem","position":2,"name":"MariElise Budib entreg\u00f3 57 aparatos funcionales a personas con discapacidad en la Capital de Puebla"}]},{"@type":"WebSite","@id":"https:\/\/thepueblatimes.mx\/#website","url":"https:\/\/thepueblatimes.mx\/","name":"The Puebla Times","description":"Noticias del Estado de Puebla","potentialAction":[{"@type":"SearchAction","target":{"@type":"EntryPoint","urlTemplate":"https:\/\/thepueblatimes.mx\/?s={search_term_string}"},"query-input":"required name=search_term_string"}],"inLanguage":"es"},{"@type":"Person","@id":"https:\/\/thepueblatimes.mx\/#\/schema\/person\/1664894c2f65ce2c7a08d8f5f905c13c","name":"Sa\u00fal Hern\u00e1ndez","image":{"@type":"ImageObject","inLanguage":"es","@id":"https:\/\/thepueblatimes.mx\/#\/schema\/person\/image\/","url":"https:\/\/secure.gravatar.com\/avatar\/11be338693f243309532caad8f10c930?s=96&d=mm&r=g","contentUrl":"https:\/\/secure.gravatar.com\/avatar\/11be338693f243309532caad8f10c930?s=96&d=mm&r=g","caption":"Sa\u00fal Hern\u00e1ndez"},"url":"https:\/\/thepueblatimes.mx\/index.php\/author\/saulhernandez\/"}]}},"jetpack_featured_media_url":"https:\/\/thepueblatimes.mx\/wp-content\/uploads\/2025\/01\/9fd4132d-501c-4aad-a751-2856ee9d42e2.jpg","_links":{"self":[{"href":"https:\/\/thepueblatimes.mx\/index.php\/wp-json\/wp\/v2\/posts\/27445"}],"collection":[{"href":"https:\/\/thepueblatimes.mx\/index.php\/wp-json\/wp\/v2\/posts"}],"about":[{"href":"https:\/\/thepueblatimes.mx\/index.php\/wp-json\/wp\/v2\/types\/post"}],"author":[{"embeddable":true,"href":"https:\/\/thepueblatimes.mx\/index.php\/wp-json\/wp\/v2\/users\/16"}],"replies":[{"embeddable":true,"href":"https:\/\/thepueblatimes.mx\/index.php\/wp-json\/wp\/v2\/comments?post=27445"}],"version-history":[{"count":1,"href":"https:\/\/thepueblatimes.mx\/index.php\/wp-json\/wp\/v2\/posts\/27445\/revisions"}],"predecessor-version":[{"id":27447,"href":"https:\/\/thepueblatimes.mx\/index.php\/wp-json\/wp\/v2\/posts\/27445\/revisions\/27447"}],"wp:featuredmedia":[{"embeddable":true,"href":"https:\/\/thepueblatimes.mx\/index.php\/wp-json\/wp\/v2\/media\/27446"}],"wp:attachment":[{"href":"https:\/\/thepueblatimes.mx\/index.php\/wp-json\/wp\/v2\/media?parent=27445"}],"wp:term":[{"taxonomy":"category","embeddable":true,"href":"https:\/\/thepueblatimes.mx\/index.php\/wp-json\/wp\/v2\/categories?post=27445"},{"taxonomy":"post_tag","embeddable":true,"href":"https:\/\/thepueblatimes.mx\/index.php\/wp-json\/wp\/v2\/tags?post=27445"}],"curies":[{"name":"wp","href":"https:\/\/api.w.org\/{rel}","templated":true}]}}