{"id":27382,"date":"2025-01-20T12:07:20","date_gmt":"2025-01-20T18:07:20","guid":{"rendered":"https:\/\/thepueblatimes.mx\/?p=27382"},"modified":"2025-01-20T12:07:20","modified_gmt":"2025-01-20T18:07:20","slug":"activistas-marcharan-para-exigir-justicia-por-feminicidio-de-genesis-en-cuautlancingo","status":"publish","type":"post","link":"https:\/\/thepueblatimes.mx\/index.php\/2025\/01\/20\/activistas-marcharan-para-exigir-justicia-por-feminicidio-de-genesis-en-cuautlancingo\/","title":{"rendered":"Activistas marchar\u00e1n para exigir justicia por feminicidio de G\u00e9nesis, en Cuautlancingo"},"content":{"rendered":"<p>POR FRED ESTRADA<\/p>\n<p>A fin de exigir justicia por el feminicidio de G\u00e9nesis Mei Ling, activistas realizar\u00e1n una marcha el lunes 20 de enero a partir de las 11:00 horas, con destino en la Fiscal\u00eda General del Estado (FGE).<\/p>\n<p>El punto de partida ser\u00e1 la Fiscal\u00eda Especializada en Investigaci\u00f3n de Delitos de Violencia de G\u00e9nero contra las Mujeres, en la 10 Oriente.<\/p>\n<p>Mediante un mensaje en redes sociales, colectivas feministas convocaron a la manifestaci\u00f3n, como una muestra de solidaridad, y sugirieron a las asistentes acudan vestidas de blanco.<\/p>\n<p>\u201cMarcha pac\u00edfica en apoyo a los padres de G\u00e9nesis, piden encuentren al culpable, que no quede impune\u201d, es parte del mensaje.<\/p>\n<p>Un punto que llama la atenci\u00f3n es que el secretario de Gobernaci\u00f3n Samuel Aguilar Pala trate deslegitimar a las convocantes de manera indirecta al declarar que hay pseudo activistas que tratan de sacar provecho y que la familia de G\u00e9nesis no est\u00e1 de acuerdo con esa actividad, sin mostrar evidencia de su afirmaci\u00f3n, por lo que hace a los deudos de la menor.<\/p>\n","protected":false},"excerpt":{"rendered":"<p>POR FRED ESTRADA A fin de exigir justicia por el feminicidio de G\u00e9nesis Mei Ling, activistas realizar\u00e1n una marcha el lunes 20 de enero a partir de las 11:00 horas, con destino en la Fiscal\u00eda General del Estado (FGE). El punto de partida ser\u00e1 la Fiscal\u00eda Especializada en Investigaci\u00f3n de Delitos de Violencia de G\u00e9nero&#8230;<\/p>\n","protected":false},"author":16,"featured_media":27383,"comment_status":"closed","ping_status":"closed","sticky":false,"template":"","format":"standard","meta":[],"categories":[3],"tags":[2984,343,2977,190,96],"yoast_head":"<!-- This site is optimized with the Yoast SEO plugin v20.8 - https:\/\/yoast.com\/wordpress\/plugins\/seo\/ -->\n<title>Activistas marchar\u00e1n para exigir justicia por feminicidio de G\u00e9nesis, en Cuautlancingo - The Puebla Times<\/title>\n<meta name=\"robots\" content=\"index, follow, max-snippet:-1, max-image-preview:large, max-video-preview:-1\" \/>\n<link rel=\"canonical\" href=\"https:\/\/thepueblatimes.mx\/index.php\/2025\/01\/20\/activistas-marcharan-para-exigir-justicia-por-feminicidio-de-genesis-en-cuautlancingo\/\" \/>\n<meta property=\"og:locale\" content=\"es_ES\" \/>\n<meta property=\"og:type\" content=\"article\" \/>\n<meta property=\"og:title\" content=\"Activistas marchar\u00e1n para exigir justicia por feminicidio de G\u00e9nesis, en Cuautlancingo - The Puebla Times\" \/>\n<meta property=\"og:description\" content=\"POR FRED ESTRADA A fin de exigir justicia por el feminicidio de G\u00e9nesis Mei Ling, activistas realizar\u00e1n una marcha el lunes 20 de enero a partir de las 11:00 horas, con destino en la Fiscal\u00eda General del Estado (FGE). El punto de partida ser\u00e1 la Fiscal\u00eda Especializada en Investigaci\u00f3n de Delitos de Violencia de G\u00e9nero...\" \/>\n<meta property=\"og:url\" content=\"https:\/\/thepueblatimes.mx\/index.php\/2025\/01\/20\/activistas-marcharan-para-exigir-justicia-por-feminicidio-de-genesis-en-cuautlancingo\/\" \/>\n<meta property=\"og:site_name\" content=\"The Puebla Times\" \/>\n<meta property=\"article:published_time\" content=\"2025-01-20T18:07:20+00:00\" \/>\n<meta property=\"og:image\" content=\"https:\/\/thepueblatimes.mx\/wp-content\/uploads\/2025\/01\/feminicidio-1-scaled-1.jpg\" \/>\n\t<meta property=\"og:image:width\" content=\"2560\" \/>\n\t<meta property=\"og:image:height\" content=\"1669\" \/>\n\t<meta property=\"og:image:type\" content=\"image\/jpeg\" \/>\n<meta name=\"author\" content=\"Sa\u00fal Hern\u00e1ndez\" \/>\n<meta name=\"twitter:card\" content=\"summary_large_image\" \/>\n<meta name=\"twitter:label1\" content=\"Escrito por\" \/>\n\t<meta name=\"twitter:data1\" content=\"Sa\u00fal Hern\u00e1ndez\" \/>\n\t<meta name=\"twitter:label2\" content=\"Tiempo de lectura\" \/>\n\t<meta name=\"twitter:data2\" content=\"1 minuto\" \/>\n<script type=\"application\/ld+json\" class=\"yoast-schema-graph\">{\"@context\":\"https:\/\/schema.org\",\"@graph\":[{\"@type\":\"WebPage\",\"@id\":\"https:\/\/thepueblatimes.mx\/index.php\/2025\/01\/20\/activistas-marcharan-para-exigir-justicia-por-feminicidio-de-genesis-en-cuautlancingo\/\",\"url\":\"https:\/\/thepueblatimes.mx\/index.php\/2025\/01\/20\/activistas-marcharan-para-exigir-justicia-por-feminicidio-de-genesis-en-cuautlancingo\/\",\"name\":\"Activistas marchar\u00e1n para exigir justicia por feminicidio de G\u00e9nesis, en Cuautlancingo - The Puebla Times\",\"isPartOf\":{\"@id\":\"https:\/\/thepueblatimes.mx\/#website\"},\"datePublished\":\"2025-01-20T18:07:20+00:00\",\"dateModified\":\"2025-01-20T18:07:20+00:00\",\"author\":{\"@id\":\"https:\/\/thepueblatimes.mx\/#\/schema\/person\/1664894c2f65ce2c7a08d8f5f905c13c\"},\"breadcrumb\":{\"@id\":\"https:\/\/thepueblatimes.mx\/index.php\/2025\/01\/20\/activistas-marcharan-para-exigir-justicia-por-feminicidio-de-genesis-en-cuautlancingo\/#breadcrumb\"},\"inLanguage\":\"es\",\"potentialAction\":[{\"@type\":\"ReadAction\",\"target\":[\"https:\/\/thepueblatimes.mx\/index.php\/2025\/01\/20\/activistas-marcharan-para-exigir-justicia-por-feminicidio-de-genesis-en-cuautlancingo\/\"]}]},{\"@type\":\"BreadcrumbList\",\"@id\":\"https:\/\/thepueblatimes.mx\/index.php\/2025\/01\/20\/activistas-marcharan-para-exigir-justicia-por-feminicidio-de-genesis-en-cuautlancingo\/#breadcrumb\",\"itemListElement\":[{\"@type\":\"ListItem\",\"position\":1,\"name\":\"Portada\",\"item\":\"https:\/\/thepueblatimes.mx\/\"},{\"@type\":\"ListItem\",\"position\":2,\"name\":\"Activistas marchar\u00e1n para exigir justicia por feminicidio de G\u00e9nesis, en Cuautlancingo\"}]},{\"@type\":\"WebSite\",\"@id\":\"https:\/\/thepueblatimes.mx\/#website\",\"url\":\"https:\/\/thepueblatimes.mx\/\",\"name\":\"The Puebla Times\",\"description\":\"Noticias del Estado de Puebla\",\"potentialAction\":[{\"@type\":\"SearchAction\",\"target\":{\"@type\":\"EntryPoint\",\"urlTemplate\":\"https:\/\/thepueblatimes.mx\/?s={search_term_string}\"},\"query-input\":\"required name=search_term_string\"}],\"inLanguage\":\"es\"},{\"@type\":\"Person\",\"@id\":\"https:\/\/thepueblatimes.mx\/#\/schema\/person\/1664894c2f65ce2c7a08d8f5f905c13c\",\"name\":\"Sa\u00fal Hern\u00e1ndez\",\"image\":{\"@type\":\"ImageObject\",\"inLanguage\":\"es\",\"@id\":\"https:\/\/thepueblatimes.mx\/#\/schema\/person\/image\/\",\"url\":\"https:\/\/secure.gravatar.com\/avatar\/11be338693f243309532caad8f10c930?s=96&d=mm&r=g\",\"contentUrl\":\"https:\/\/secure.gravatar.com\/avatar\/11be338693f243309532caad8f10c930?s=96&d=mm&r=g\",\"caption\":\"Sa\u00fal Hern\u00e1ndez\"},\"url\":\"https:\/\/thepueblatimes.mx\/index.php\/author\/saulhernandez\/\"}]}<\/script>\n<!-- \/ Yoast SEO plugin. -->","yoast_head_json":{"title":"Activistas marchar\u00e1n para exigir justicia por feminicidio de G\u00e9nesis, en Cuautlancingo - The Puebla Times","robots":{"index":"index","follow":"follow","max-snippet":"max-snippet:-1","max-image-preview":"max-image-preview:large","max-video-preview":"max-video-preview:-1"},"canonical":"https:\/\/thepueblatimes.mx\/index.php\/2025\/01\/20\/activistas-marcharan-para-exigir-justicia-por-feminicidio-de-genesis-en-cuautlancingo\/","og_locale":"es_ES","og_type":"article","og_title":"Activistas marchar\u00e1n para exigir justicia por feminicidio de G\u00e9nesis, en Cuautlancingo - The Puebla Times","og_description":"POR FRED ESTRADA A fin de exigir justicia por el feminicidio de G\u00e9nesis Mei Ling, activistas realizar\u00e1n una marcha el lunes 20 de enero a partir de las 11:00 horas, con destino en la Fiscal\u00eda General del Estado (FGE). El punto de partida ser\u00e1 la Fiscal\u00eda Especializada en Investigaci\u00f3n de Delitos de Violencia de G\u00e9nero...","og_url":"https:\/\/thepueblatimes.mx\/index.php\/2025\/01\/20\/activistas-marcharan-para-exigir-justicia-por-feminicidio-de-genesis-en-cuautlancingo\/","og_site_name":"The Puebla Times","article_published_time":"2025-01-20T18:07:20+00:00","og_image":[{"width":2560,"height":1669,"url":"https:\/\/thepueblatimes.mx\/wp-content\/uploads\/2025\/01\/feminicidio-1-scaled-1.jpg","type":"image\/jpeg"}],"author":"Sa\u00fal Hern\u00e1ndez","twitter_card":"summary_large_image","twitter_misc":{"Escrito por":"Sa\u00fal Hern\u00e1ndez","Tiempo de lectura":"1 minuto"},"schema":{"@context":"https:\/\/schema.org","@graph":[{"@type":"WebPage","@id":"https:\/\/thepueblatimes.mx\/index.php\/2025\/01\/20\/activistas-marcharan-para-exigir-justicia-por-feminicidio-de-genesis-en-cuautlancingo\/","url":"https:\/\/thepueblatimes.mx\/index.php\/2025\/01\/20\/activistas-marcharan-para-exigir-justicia-por-feminicidio-de-genesis-en-cuautlancingo\/","name":"Activistas marchar\u00e1n para exigir justicia por feminicidio de G\u00e9nesis, en Cuautlancingo - The Puebla Times","isPartOf":{"@id":"https:\/\/thepueblatimes.mx\/#website"},"datePublished":"2025-01-20T18:07:20+00:00","dateModified":"2025-01-20T18:07:20+00:00","author":{"@id":"https:\/\/thepueblatimes.mx\/#\/schema\/person\/1664894c2f65ce2c7a08d8f5f905c13c"},"breadcrumb":{"@id":"https:\/\/thepueblatimes.mx\/index.php\/2025\/01\/20\/activistas-marcharan-para-exigir-justicia-por-feminicidio-de-genesis-en-cuautlancingo\/#breadcrumb"},"inLanguage":"es","potentialAction":[{"@type":"ReadAction","target":["https:\/\/thepueblatimes.mx\/index.php\/2025\/01\/20\/activistas-marcharan-para-exigir-justicia-por-feminicidio-de-genesis-en-cuautlancingo\/"]}]},{"@type":"BreadcrumbList","@id":"https:\/\/thepueblatimes.mx\/index.php\/2025\/01\/20\/activistas-marcharan-para-exigir-justicia-por-feminicidio-de-genesis-en-cuautlancingo\/#breadcrumb","itemListElement":[{"@type":"ListItem","position":1,"name":"Portada","item":"https:\/\/thepueblatimes.mx\/"},{"@type":"ListItem","position":2,"name":"Activistas marchar\u00e1n para exigir justicia por feminicidio de G\u00e9nesis, en Cuautlancingo"}]},{"@type":"WebSite","@id":"https:\/\/thepueblatimes.mx\/#website","url":"https:\/\/thepueblatimes.mx\/","name":"The Puebla Times","description":"Noticias del Estado de Puebla","potentialAction":[{"@type":"SearchAction","target":{"@type":"EntryPoint","urlTemplate":"https:\/\/thepueblatimes.mx\/?s={search_term_string}"},"query-input":"required name=search_term_string"}],"inLanguage":"es"},{"@type":"Person","@id":"https:\/\/thepueblatimes.mx\/#\/schema\/person\/1664894c2f65ce2c7a08d8f5f905c13c","name":"Sa\u00fal Hern\u00e1ndez","image":{"@type":"ImageObject","inLanguage":"es","@id":"https:\/\/thepueblatimes.mx\/#\/schema\/person\/image\/","url":"https:\/\/secure.gravatar.com\/avatar\/11be338693f243309532caad8f10c930?s=96&d=mm&r=g","contentUrl":"https:\/\/secure.gravatar.com\/avatar\/11be338693f243309532caad8f10c930?s=96&d=mm&r=g","caption":"Sa\u00fal Hern\u00e1ndez"},"url":"https:\/\/thepueblatimes.mx\/index.php\/author\/saulhernandez\/"}]}},"jetpack_featured_media_url":"https:\/\/thepueblatimes.mx\/wp-content\/uploads\/2025\/01\/feminicidio-1-scaled-1.jpg","_links":{"self":[{"href":"https:\/\/thepueblatimes.mx\/index.php\/wp-json\/wp\/v2\/posts\/27382"}],"collection":[{"href":"https:\/\/thepueblatimes.mx\/index.php\/wp-json\/wp\/v2\/posts"}],"about":[{"href":"https:\/\/thepueblatimes.mx\/index.php\/wp-json\/wp\/v2\/types\/post"}],"author":[{"embeddable":true,"href":"https:\/\/thepueblatimes.mx\/index.php\/wp-json\/wp\/v2\/users\/16"}],"replies":[{"embeddable":true,"href":"https:\/\/thepueblatimes.mx\/index.php\/wp-json\/wp\/v2\/comments?post=27382"}],"version-history":[{"count":1,"href":"https:\/\/thepueblatimes.mx\/index.php\/wp-json\/wp\/v2\/posts\/27382\/revisions"}],"predecessor-version":[{"id":27384,"href":"https:\/\/thepueblatimes.mx\/index.php\/wp-json\/wp\/v2\/posts\/27382\/revisions\/27384"}],"wp:featuredmedia":[{"embeddable":true,"href":"https:\/\/thepueblatimes.mx\/index.php\/wp-json\/wp\/v2\/media\/27383"}],"wp:attachment":[{"href":"https:\/\/thepueblatimes.mx\/index.php\/wp-json\/wp\/v2\/media?parent=27382"}],"wp:term":[{"taxonomy":"category","embeddable":true,"href":"https:\/\/thepueblatimes.mx\/index.php\/wp-json\/wp\/v2\/categories?post=27382"},{"taxonomy":"post_tag","embeddable":true,"href":"https:\/\/thepueblatimes.mx\/index.php\/wp-json\/wp\/v2\/tags?post=27382"}],"curies":[{"name":"wp","href":"https:\/\/api.w.org\/{rel}","templated":true}]}}