{"id":27310,"date":"2025-01-16T16:08:32","date_gmt":"2025-01-16T22:08:32","guid":{"rendered":"https:\/\/thepueblatimes.mx\/?p=27310"},"modified":"2025-01-16T16:08:32","modified_gmt":"2025-01-16T22:08:32","slug":"signan-convenio-de-colaboracion-y-prestacion-de-servicios-uvp-y-congreso-del-estado","status":"publish","type":"post","link":"https:\/\/thepueblatimes.mx\/index.php\/2025\/01\/16\/signan-convenio-de-colaboracion-y-prestacion-de-servicios-uvp-y-congreso-del-estado\/","title":{"rendered":"Signan Convenio de colaboraci\u00f3n y prestaci\u00f3n de servicios UVP y Congreso del Estado"},"content":{"rendered":"<h3><strong><em>-Tareas de investigaci\u00f3n, material acad\u00e9mico, servicio social y otras actividades, el objetivo<\/em><\/strong><\/h3>\n<p>Con el prop\u00f3sito de implementar acciones conjuntas de trascendencia social, cient\u00edfica, cultural, de investigaci\u00f3n y educativa, el Congreso del Estado de Puebla, representado por la diputada Laura Artemisa Garc\u00eda Ch\u00e1vez, presidenta de la Junta de Gobierno y Coordinaci\u00f3n Pol\u00edtica y la rectora de la Universidad del Valle de Puebla, Mar\u00eda Hortensia Irma Lozano e Islas, firmaron un convenio de colaboraci\u00f3n y prestaci\u00f3n de Servicio Social.<\/p>\n<p>Durante el acto protocolario, la diputada presidenta de la Junta de Gobierno y Coordinaci\u00f3n Pol\u00edtica, Laura Artemisa Garc\u00eda Ch\u00e1vez destac\u00f3 que, esta colaboraci\u00f3n permitir\u00e1 en el \u00e1mbito de sus respectivas competencias, desarrollar acciones de investigaci\u00f3n, material acad\u00e9mico, organizar y realizar actividades con el personal del Poder Legislativo y los estudiantes como cursos, talleres, seminarios, as\u00ed como el intercambio y colaboraci\u00f3n de proyectos culturales que puedan ser proyectados a trav\u00e9s de la plataforma del Canal del Congreso.<\/p>\n<p>En su intervenci\u00f3n, la rectora de la Universidad del Valle de Puebla, Mar\u00eda Hortensia Irma Lozano e Islas, agradeci\u00f3 la apertura del Congreso del Estado de Puebla, para estrechar lazos de colaboraci\u00f3n y vinculaci\u00f3n con una instituci\u00f3n certificada, que tiene un crecimiento s\u00f3lido en la entidad, reflejado en sus 43 a\u00f1os de servicio, de manera inicial en la capital poblana y hoy tambi\u00e9n con los campus de Tehuac\u00e1n y Tlaxcala, donde, dijo, el sello es el alto nivel de ense\u00f1anza, gracias a un cuerpo docente comprometido con la excelencia acad\u00e9mica.<\/p>\n<p>Los convenios tendr\u00e1n una vigencia del 15 de enero hasta el 31 de diciembre del 2025, con el prop\u00f3sito de beneficiar a los estudiantes de la Universidad del Valle de Puebla y al personal del Congreso del Estado poniendo a la educaci\u00f3n como el motor principal de transformaci\u00f3n.<\/p>\n<p>Al evento acompa\u00f1aron a la presidenta de la Junta de Gobierno y Coordinaci\u00f3n Pol\u00edtica, Laura Artemisa Garc\u00eda Ch\u00e1vez, la diputada Mar\u00eda Fernanda de la Barreda Ang\u00f3n y el diputado Jaime Natale Uranga, quienes firmaron el convenio como testigos de honor, as\u00ed como la directora de Servicios Legislativos, Lucero Rosales Zacamo. Por parte de la UVP estuvieron la rectora Mar\u00eda Hortensia Irma Lozano e Islas; la vicerrectora, Irma Illescas Lozano; la directora de Vinculaci\u00f3n, Lenika Cerezo Mel\u00e9ndez; el director de Posgrados y Educaci\u00f3n Continua, Salvador Cervantes Cajica y el director de la Divisi\u00f3n de Negocios, Hospitalidad y Ciencias Sociales, Tom\u00e1s V\u00e1zquez Torres.<\/p>\n","protected":false},"excerpt":{"rendered":"<p>-Tareas de investigaci\u00f3n, material acad\u00e9mico, servicio social y otras actividades, el objetivo Con el prop\u00f3sito de implementar acciones conjuntas de trascendencia social, cient\u00edfica, cultural, de investigaci\u00f3n y educativa, el Congreso del Estado de Puebla, representado por la diputada Laura Artemisa Garc\u00eda Ch\u00e1vez, presidenta de la Junta de Gobierno y Coordinaci\u00f3n Pol\u00edtica y la rectora de&#8230;<\/p>\n","protected":false},"author":16,"featured_media":27311,"comment_status":"closed","ping_status":"closed","sticky":false,"template":"","format":"standard","meta":[],"categories":[3],"tags":[2694,2940,2939],"yoast_head":"<!-- This site is optimized with the Yoast SEO plugin v20.8 - https:\/\/yoast.com\/wordpress\/plugins\/seo\/ -->\n<title>Signan Convenio de colaboraci\u00f3n y prestaci\u00f3n de servicios UVP y Congreso del Estado - The Puebla Times<\/title>\n<meta name=\"robots\" content=\"index, follow, max-snippet:-1, max-image-preview:large, max-video-preview:-1\" \/>\n<link rel=\"canonical\" href=\"https:\/\/thepueblatimes.mx\/index.php\/2025\/01\/16\/signan-convenio-de-colaboracion-y-prestacion-de-servicios-uvp-y-congreso-del-estado\/\" \/>\n<meta property=\"og:locale\" content=\"es_ES\" \/>\n<meta property=\"og:type\" content=\"article\" \/>\n<meta property=\"og:title\" content=\"Signan Convenio de colaboraci\u00f3n y prestaci\u00f3n de servicios UVP y Congreso del Estado - The Puebla Times\" \/>\n<meta property=\"og:description\" content=\"-Tareas de investigaci\u00f3n, material acad\u00e9mico, servicio social y otras actividades, el objetivo Con el prop\u00f3sito de implementar acciones conjuntas de trascendencia social, cient\u00edfica, cultural, de investigaci\u00f3n y educativa, el Congreso del Estado de Puebla, representado por la diputada Laura Artemisa Garc\u00eda Ch\u00e1vez, presidenta de la Junta de Gobierno y Coordinaci\u00f3n Pol\u00edtica y la rectora de...\" \/>\n<meta property=\"og:url\" content=\"https:\/\/thepueblatimes.mx\/index.php\/2025\/01\/16\/signan-convenio-de-colaboracion-y-prestacion-de-servicios-uvp-y-congreso-del-estado\/\" \/>\n<meta property=\"og:site_name\" content=\"The Puebla Times\" \/>\n<meta property=\"article:published_time\" content=\"2025-01-16T22:08:32+00:00\" \/>\n<meta property=\"og:image\" content=\"https:\/\/thepueblatimes.mx\/wp-content\/uploads\/2025\/01\/WhatsApp-Image-2025-01-16-at-15.25.42-1.jpeg\" \/>\n\t<meta property=\"og:image:width\" content=\"2560\" \/>\n\t<meta property=\"og:image:height\" content=\"1706\" \/>\n\t<meta property=\"og:image:type\" content=\"image\/jpeg\" \/>\n<meta name=\"author\" content=\"Sa\u00fal Hern\u00e1ndez\" \/>\n<meta name=\"twitter:card\" content=\"summary_large_image\" \/>\n<meta name=\"twitter:label1\" content=\"Escrito por\" \/>\n\t<meta name=\"twitter:data1\" content=\"Sa\u00fal Hern\u00e1ndez\" \/>\n\t<meta name=\"twitter:label2\" content=\"Tiempo de lectura\" \/>\n\t<meta name=\"twitter:data2\" content=\"2 minutos\" \/>\n<script type=\"application\/ld+json\" class=\"yoast-schema-graph\">{\"@context\":\"https:\/\/schema.org\",\"@graph\":[{\"@type\":\"WebPage\",\"@id\":\"https:\/\/thepueblatimes.mx\/index.php\/2025\/01\/16\/signan-convenio-de-colaboracion-y-prestacion-de-servicios-uvp-y-congreso-del-estado\/\",\"url\":\"https:\/\/thepueblatimes.mx\/index.php\/2025\/01\/16\/signan-convenio-de-colaboracion-y-prestacion-de-servicios-uvp-y-congreso-del-estado\/\",\"name\":\"Signan Convenio de colaboraci\u00f3n y prestaci\u00f3n de servicios UVP y Congreso del Estado - The Puebla Times\",\"isPartOf\":{\"@id\":\"https:\/\/thepueblatimes.mx\/#website\"},\"datePublished\":\"2025-01-16T22:08:32+00:00\",\"dateModified\":\"2025-01-16T22:08:32+00:00\",\"author\":{\"@id\":\"https:\/\/thepueblatimes.mx\/#\/schema\/person\/1664894c2f65ce2c7a08d8f5f905c13c\"},\"breadcrumb\":{\"@id\":\"https:\/\/thepueblatimes.mx\/index.php\/2025\/01\/16\/signan-convenio-de-colaboracion-y-prestacion-de-servicios-uvp-y-congreso-del-estado\/#breadcrumb\"},\"inLanguage\":\"es\",\"potentialAction\":[{\"@type\":\"ReadAction\",\"target\":[\"https:\/\/thepueblatimes.mx\/index.php\/2025\/01\/16\/signan-convenio-de-colaboracion-y-prestacion-de-servicios-uvp-y-congreso-del-estado\/\"]}]},{\"@type\":\"BreadcrumbList\",\"@id\":\"https:\/\/thepueblatimes.mx\/index.php\/2025\/01\/16\/signan-convenio-de-colaboracion-y-prestacion-de-servicios-uvp-y-congreso-del-estado\/#breadcrumb\",\"itemListElement\":[{\"@type\":\"ListItem\",\"position\":1,\"name\":\"Portada\",\"item\":\"https:\/\/thepueblatimes.mx\/\"},{\"@type\":\"ListItem\",\"position\":2,\"name\":\"Signan Convenio de colaboraci\u00f3n y prestaci\u00f3n de servicios UVP y Congreso del Estado\"}]},{\"@type\":\"WebSite\",\"@id\":\"https:\/\/thepueblatimes.mx\/#website\",\"url\":\"https:\/\/thepueblatimes.mx\/\",\"name\":\"The Puebla Times\",\"description\":\"Noticias del Estado de Puebla\",\"potentialAction\":[{\"@type\":\"SearchAction\",\"target\":{\"@type\":\"EntryPoint\",\"urlTemplate\":\"https:\/\/thepueblatimes.mx\/?s={search_term_string}\"},\"query-input\":\"required name=search_term_string\"}],\"inLanguage\":\"es\"},{\"@type\":\"Person\",\"@id\":\"https:\/\/thepueblatimes.mx\/#\/schema\/person\/1664894c2f65ce2c7a08d8f5f905c13c\",\"name\":\"Sa\u00fal Hern\u00e1ndez\",\"image\":{\"@type\":\"ImageObject\",\"inLanguage\":\"es\",\"@id\":\"https:\/\/thepueblatimes.mx\/#\/schema\/person\/image\/\",\"url\":\"https:\/\/secure.gravatar.com\/avatar\/11be338693f243309532caad8f10c930?s=96&d=mm&r=g\",\"contentUrl\":\"https:\/\/secure.gravatar.com\/avatar\/11be338693f243309532caad8f10c930?s=96&d=mm&r=g\",\"caption\":\"Sa\u00fal Hern\u00e1ndez\"},\"url\":\"https:\/\/thepueblatimes.mx\/index.php\/author\/saulhernandez\/\"}]}<\/script>\n<!-- \/ Yoast SEO plugin. -->","yoast_head_json":{"title":"Signan Convenio de colaboraci\u00f3n y prestaci\u00f3n de servicios UVP y Congreso del Estado - The Puebla Times","robots":{"index":"index","follow":"follow","max-snippet":"max-snippet:-1","max-image-preview":"max-image-preview:large","max-video-preview":"max-video-preview:-1"},"canonical":"https:\/\/thepueblatimes.mx\/index.php\/2025\/01\/16\/signan-convenio-de-colaboracion-y-prestacion-de-servicios-uvp-y-congreso-del-estado\/","og_locale":"es_ES","og_type":"article","og_title":"Signan Convenio de colaboraci\u00f3n y prestaci\u00f3n de servicios UVP y Congreso del Estado - The Puebla Times","og_description":"-Tareas de investigaci\u00f3n, material acad\u00e9mico, servicio social y otras actividades, el objetivo Con el prop\u00f3sito de implementar acciones conjuntas de trascendencia social, cient\u00edfica, cultural, de investigaci\u00f3n y educativa, el Congreso del Estado de Puebla, representado por la diputada Laura Artemisa Garc\u00eda Ch\u00e1vez, presidenta de la Junta de Gobierno y Coordinaci\u00f3n Pol\u00edtica y la rectora de...","og_url":"https:\/\/thepueblatimes.mx\/index.php\/2025\/01\/16\/signan-convenio-de-colaboracion-y-prestacion-de-servicios-uvp-y-congreso-del-estado\/","og_site_name":"The Puebla Times","article_published_time":"2025-01-16T22:08:32+00:00","og_image":[{"width":2560,"height":1706,"url":"https:\/\/thepueblatimes.mx\/wp-content\/uploads\/2025\/01\/WhatsApp-Image-2025-01-16-at-15.25.42-1.jpeg","type":"image\/jpeg"}],"author":"Sa\u00fal Hern\u00e1ndez","twitter_card":"summary_large_image","twitter_misc":{"Escrito por":"Sa\u00fal Hern\u00e1ndez","Tiempo de lectura":"2 minutos"},"schema":{"@context":"https:\/\/schema.org","@graph":[{"@type":"WebPage","@id":"https:\/\/thepueblatimes.mx\/index.php\/2025\/01\/16\/signan-convenio-de-colaboracion-y-prestacion-de-servicios-uvp-y-congreso-del-estado\/","url":"https:\/\/thepueblatimes.mx\/index.php\/2025\/01\/16\/signan-convenio-de-colaboracion-y-prestacion-de-servicios-uvp-y-congreso-del-estado\/","name":"Signan Convenio de colaboraci\u00f3n y prestaci\u00f3n de servicios UVP y Congreso del Estado - The Puebla Times","isPartOf":{"@id":"https:\/\/thepueblatimes.mx\/#website"},"datePublished":"2025-01-16T22:08:32+00:00","dateModified":"2025-01-16T22:08:32+00:00","author":{"@id":"https:\/\/thepueblatimes.mx\/#\/schema\/person\/1664894c2f65ce2c7a08d8f5f905c13c"},"breadcrumb":{"@id":"https:\/\/thepueblatimes.mx\/index.php\/2025\/01\/16\/signan-convenio-de-colaboracion-y-prestacion-de-servicios-uvp-y-congreso-del-estado\/#breadcrumb"},"inLanguage":"es","potentialAction":[{"@type":"ReadAction","target":["https:\/\/thepueblatimes.mx\/index.php\/2025\/01\/16\/signan-convenio-de-colaboracion-y-prestacion-de-servicios-uvp-y-congreso-del-estado\/"]}]},{"@type":"BreadcrumbList","@id":"https:\/\/thepueblatimes.mx\/index.php\/2025\/01\/16\/signan-convenio-de-colaboracion-y-prestacion-de-servicios-uvp-y-congreso-del-estado\/#breadcrumb","itemListElement":[{"@type":"ListItem","position":1,"name":"Portada","item":"https:\/\/thepueblatimes.mx\/"},{"@type":"ListItem","position":2,"name":"Signan Convenio de colaboraci\u00f3n y prestaci\u00f3n de servicios UVP y Congreso del Estado"}]},{"@type":"WebSite","@id":"https:\/\/thepueblatimes.mx\/#website","url":"https:\/\/thepueblatimes.mx\/","name":"The Puebla Times","description":"Noticias del Estado de Puebla","potentialAction":[{"@type":"SearchAction","target":{"@type":"EntryPoint","urlTemplate":"https:\/\/thepueblatimes.mx\/?s={search_term_string}"},"query-input":"required name=search_term_string"}],"inLanguage":"es"},{"@type":"Person","@id":"https:\/\/thepueblatimes.mx\/#\/schema\/person\/1664894c2f65ce2c7a08d8f5f905c13c","name":"Sa\u00fal Hern\u00e1ndez","image":{"@type":"ImageObject","inLanguage":"es","@id":"https:\/\/thepueblatimes.mx\/#\/schema\/person\/image\/","url":"https:\/\/secure.gravatar.com\/avatar\/11be338693f243309532caad8f10c930?s=96&d=mm&r=g","contentUrl":"https:\/\/secure.gravatar.com\/avatar\/11be338693f243309532caad8f10c930?s=96&d=mm&r=g","caption":"Sa\u00fal Hern\u00e1ndez"},"url":"https:\/\/thepueblatimes.mx\/index.php\/author\/saulhernandez\/"}]}},"jetpack_featured_media_url":"https:\/\/thepueblatimes.mx\/wp-content\/uploads\/2025\/01\/WhatsApp-Image-2025-01-16-at-15.25.42-1.jpeg","_links":{"self":[{"href":"https:\/\/thepueblatimes.mx\/index.php\/wp-json\/wp\/v2\/posts\/27310"}],"collection":[{"href":"https:\/\/thepueblatimes.mx\/index.php\/wp-json\/wp\/v2\/posts"}],"about":[{"href":"https:\/\/thepueblatimes.mx\/index.php\/wp-json\/wp\/v2\/types\/post"}],"author":[{"embeddable":true,"href":"https:\/\/thepueblatimes.mx\/index.php\/wp-json\/wp\/v2\/users\/16"}],"replies":[{"embeddable":true,"href":"https:\/\/thepueblatimes.mx\/index.php\/wp-json\/wp\/v2\/comments?post=27310"}],"version-history":[{"count":1,"href":"https:\/\/thepueblatimes.mx\/index.php\/wp-json\/wp\/v2\/posts\/27310\/revisions"}],"predecessor-version":[{"id":27312,"href":"https:\/\/thepueblatimes.mx\/index.php\/wp-json\/wp\/v2\/posts\/27310\/revisions\/27312"}],"wp:featuredmedia":[{"embeddable":true,"href":"https:\/\/thepueblatimes.mx\/index.php\/wp-json\/wp\/v2\/media\/27311"}],"wp:attachment":[{"href":"https:\/\/thepueblatimes.mx\/index.php\/wp-json\/wp\/v2\/media?parent=27310"}],"wp:term":[{"taxonomy":"category","embeddable":true,"href":"https:\/\/thepueblatimes.mx\/index.php\/wp-json\/wp\/v2\/categories?post=27310"},{"taxonomy":"post_tag","embeddable":true,"href":"https:\/\/thepueblatimes.mx\/index.php\/wp-json\/wp\/v2\/tags?post=27310"}],"curies":[{"name":"wp","href":"https:\/\/api.w.org\/{rel}","templated":true}]}}