{"id":27263,"date":"2025-01-15T13:39:01","date_gmt":"2025-01-15T19:39:01","guid":{"rendered":"https:\/\/thepueblatimes.mx\/?p=27263"},"modified":"2025-01-15T13:39:01","modified_gmt":"2025-01-15T19:39:01","slug":"la-muerte-de-la-nina-genesis-reflejo-de-la-inseguridad-que-prevalece-en-cuautlancingo","status":"publish","type":"post","link":"https:\/\/thepueblatimes.mx\/index.php\/2025\/01\/15\/la-muerte-de-la-nina-genesis-reflejo-de-la-inseguridad-que-prevalece-en-cuautlancingo\/","title":{"rendered":"La muerte de la ni\u00f1a G\u00e9nesis, reflejo de la inseguridad que prevalece en Cuautlancingo"},"content":{"rendered":"<p>POR FRED ESTRADA<\/p>\n<p>La ma\u00f1ana de este mi\u00e9rcoles 15 de enero localizaron sin vida la ni\u00f1a G\u00e9nesis Mei Ling de tan solo 10 a\u00f1os de edad en el municipio de Cuautlancingo, lo que refleja el nivel de inseguridad que prevalece en el municipio gobernado por Omar Mu\u00f1oz.<\/p>\n<p>Y, en paralelo, deja en claro que tiene mucho trabajo que hacer en materia de prevenci\u00f3n y recomposici\u00f3n del tejido social, sin que el alcalde lo acepte de manera abierta.<\/p>\n<p>La menor era buscada sus familiares desde el domingo, cuando la vieron por \u00faltima vez en su domicilio.<\/p>\n<p>Familiares y amigos se abocaron para realizar una b\u00fasqueda y colocar volantes con datos que ayudaran a la localizaci\u00f3n de la peque\u00f1a.<\/p>\n<p>Pero finalmente fue localizada sin vida.<\/p>\n","protected":false},"excerpt":{"rendered":"<p>POR FRED ESTRADA La ma\u00f1ana de este mi\u00e9rcoles 15 de enero localizaron sin vida la ni\u00f1a G\u00e9nesis Mei Ling de tan solo 10 a\u00f1os de edad en el municipio de Cuautlancingo, lo que refleja el nivel de inseguridad que prevalece en el municipio gobernado por Omar Mu\u00f1oz. Y, en paralelo, deja en claro que tiene&#8230;<\/p>\n","protected":false},"author":16,"featured_media":27265,"comment_status":"closed","ping_status":"closed","sticky":false,"template":"","format":"standard","meta":[],"categories":[3],"tags":[343,260,2923,2541],"yoast_head":"<!-- This site is optimized with the Yoast SEO plugin v20.8 - https:\/\/yoast.com\/wordpress\/plugins\/seo\/ -->\n<title>La muerte de la ni\u00f1a G\u00e9nesis, reflejo de la inseguridad que prevalece en Cuautlancingo - The Puebla Times<\/title>\n<meta name=\"robots\" content=\"index, follow, max-snippet:-1, max-image-preview:large, max-video-preview:-1\" \/>\n<link rel=\"canonical\" href=\"https:\/\/thepueblatimes.mx\/index.php\/2025\/01\/15\/la-muerte-de-la-nina-genesis-reflejo-de-la-inseguridad-que-prevalece-en-cuautlancingo\/\" \/>\n<meta property=\"og:locale\" content=\"es_ES\" \/>\n<meta property=\"og:type\" content=\"article\" \/>\n<meta property=\"og:title\" content=\"La muerte de la ni\u00f1a G\u00e9nesis, reflejo de la inseguridad que prevalece en Cuautlancingo - The Puebla Times\" \/>\n<meta property=\"og:description\" content=\"POR FRED ESTRADA La ma\u00f1ana de este mi\u00e9rcoles 15 de enero localizaron sin vida la ni\u00f1a G\u00e9nesis Mei Ling de tan solo 10 a\u00f1os de edad en el municipio de Cuautlancingo, lo que refleja el nivel de inseguridad que prevalece en el municipio gobernado por Omar Mu\u00f1oz. Y, en paralelo, deja en claro que tiene...\" \/>\n<meta property=\"og:url\" content=\"https:\/\/thepueblatimes.mx\/index.php\/2025\/01\/15\/la-muerte-de-la-nina-genesis-reflejo-de-la-inseguridad-que-prevalece-en-cuautlancingo\/\" \/>\n<meta property=\"og:site_name\" content=\"The Puebla Times\" \/>\n<meta property=\"article:published_time\" content=\"2025-01-15T19:39:01+00:00\" \/>\n<meta property=\"og:image\" content=\"https:\/\/thepueblatimes.mx\/wp-content\/uploads\/2025\/01\/WhatsApp-Image-2025-01-15-at-13.37.23.jpeg\" \/>\n\t<meta property=\"og:image:width\" content=\"1570\" \/>\n\t<meta property=\"og:image:height\" content=\"795\" \/>\n\t<meta property=\"og:image:type\" content=\"image\/jpeg\" \/>\n<meta name=\"author\" content=\"Sa\u00fal Hern\u00e1ndez\" \/>\n<meta name=\"twitter:card\" content=\"summary_large_image\" \/>\n<meta name=\"twitter:label1\" content=\"Escrito por\" \/>\n\t<meta name=\"twitter:data1\" content=\"Sa\u00fal Hern\u00e1ndez\" \/>\n\t<meta name=\"twitter:label2\" content=\"Tiempo de lectura\" \/>\n\t<meta name=\"twitter:data2\" content=\"1 minuto\" \/>\n<script type=\"application\/ld+json\" class=\"yoast-schema-graph\">{\"@context\":\"https:\/\/schema.org\",\"@graph\":[{\"@type\":\"WebPage\",\"@id\":\"https:\/\/thepueblatimes.mx\/index.php\/2025\/01\/15\/la-muerte-de-la-nina-genesis-reflejo-de-la-inseguridad-que-prevalece-en-cuautlancingo\/\",\"url\":\"https:\/\/thepueblatimes.mx\/index.php\/2025\/01\/15\/la-muerte-de-la-nina-genesis-reflejo-de-la-inseguridad-que-prevalece-en-cuautlancingo\/\",\"name\":\"La muerte de la ni\u00f1a G\u00e9nesis, reflejo de la inseguridad que prevalece en Cuautlancingo - The Puebla Times\",\"isPartOf\":{\"@id\":\"https:\/\/thepueblatimes.mx\/#website\"},\"datePublished\":\"2025-01-15T19:39:01+00:00\",\"dateModified\":\"2025-01-15T19:39:01+00:00\",\"author\":{\"@id\":\"https:\/\/thepueblatimes.mx\/#\/schema\/person\/1664894c2f65ce2c7a08d8f5f905c13c\"},\"breadcrumb\":{\"@id\":\"https:\/\/thepueblatimes.mx\/index.php\/2025\/01\/15\/la-muerte-de-la-nina-genesis-reflejo-de-la-inseguridad-que-prevalece-en-cuautlancingo\/#breadcrumb\"},\"inLanguage\":\"es\",\"potentialAction\":[{\"@type\":\"ReadAction\",\"target\":[\"https:\/\/thepueblatimes.mx\/index.php\/2025\/01\/15\/la-muerte-de-la-nina-genesis-reflejo-de-la-inseguridad-que-prevalece-en-cuautlancingo\/\"]}]},{\"@type\":\"BreadcrumbList\",\"@id\":\"https:\/\/thepueblatimes.mx\/index.php\/2025\/01\/15\/la-muerte-de-la-nina-genesis-reflejo-de-la-inseguridad-que-prevalece-en-cuautlancingo\/#breadcrumb\",\"itemListElement\":[{\"@type\":\"ListItem\",\"position\":1,\"name\":\"Portada\",\"item\":\"https:\/\/thepueblatimes.mx\/\"},{\"@type\":\"ListItem\",\"position\":2,\"name\":\"La muerte de la ni\u00f1a G\u00e9nesis, reflejo de la inseguridad que prevalece en Cuautlancingo\"}]},{\"@type\":\"WebSite\",\"@id\":\"https:\/\/thepueblatimes.mx\/#website\",\"url\":\"https:\/\/thepueblatimes.mx\/\",\"name\":\"The Puebla Times\",\"description\":\"Noticias del Estado de Puebla\",\"potentialAction\":[{\"@type\":\"SearchAction\",\"target\":{\"@type\":\"EntryPoint\",\"urlTemplate\":\"https:\/\/thepueblatimes.mx\/?s={search_term_string}\"},\"query-input\":\"required name=search_term_string\"}],\"inLanguage\":\"es\"},{\"@type\":\"Person\",\"@id\":\"https:\/\/thepueblatimes.mx\/#\/schema\/person\/1664894c2f65ce2c7a08d8f5f905c13c\",\"name\":\"Sa\u00fal Hern\u00e1ndez\",\"image\":{\"@type\":\"ImageObject\",\"inLanguage\":\"es\",\"@id\":\"https:\/\/thepueblatimes.mx\/#\/schema\/person\/image\/\",\"url\":\"https:\/\/secure.gravatar.com\/avatar\/11be338693f243309532caad8f10c930?s=96&d=mm&r=g\",\"contentUrl\":\"https:\/\/secure.gravatar.com\/avatar\/11be338693f243309532caad8f10c930?s=96&d=mm&r=g\",\"caption\":\"Sa\u00fal Hern\u00e1ndez\"},\"url\":\"https:\/\/thepueblatimes.mx\/index.php\/author\/saulhernandez\/\"}]}<\/script>\n<!-- \/ Yoast SEO plugin. -->","yoast_head_json":{"title":"La muerte de la ni\u00f1a G\u00e9nesis, reflejo de la inseguridad que prevalece en Cuautlancingo - The Puebla Times","robots":{"index":"index","follow":"follow","max-snippet":"max-snippet:-1","max-image-preview":"max-image-preview:large","max-video-preview":"max-video-preview:-1"},"canonical":"https:\/\/thepueblatimes.mx\/index.php\/2025\/01\/15\/la-muerte-de-la-nina-genesis-reflejo-de-la-inseguridad-que-prevalece-en-cuautlancingo\/","og_locale":"es_ES","og_type":"article","og_title":"La muerte de la ni\u00f1a G\u00e9nesis, reflejo de la inseguridad que prevalece en Cuautlancingo - The Puebla Times","og_description":"POR FRED ESTRADA La ma\u00f1ana de este mi\u00e9rcoles 15 de enero localizaron sin vida la ni\u00f1a G\u00e9nesis Mei Ling de tan solo 10 a\u00f1os de edad en el municipio de Cuautlancingo, lo que refleja el nivel de inseguridad que prevalece en el municipio gobernado por Omar Mu\u00f1oz. Y, en paralelo, deja en claro que tiene...","og_url":"https:\/\/thepueblatimes.mx\/index.php\/2025\/01\/15\/la-muerte-de-la-nina-genesis-reflejo-de-la-inseguridad-que-prevalece-en-cuautlancingo\/","og_site_name":"The Puebla Times","article_published_time":"2025-01-15T19:39:01+00:00","og_image":[{"width":1570,"height":795,"url":"https:\/\/thepueblatimes.mx\/wp-content\/uploads\/2025\/01\/WhatsApp-Image-2025-01-15-at-13.37.23.jpeg","type":"image\/jpeg"}],"author":"Sa\u00fal Hern\u00e1ndez","twitter_card":"summary_large_image","twitter_misc":{"Escrito por":"Sa\u00fal Hern\u00e1ndez","Tiempo de lectura":"1 minuto"},"schema":{"@context":"https:\/\/schema.org","@graph":[{"@type":"WebPage","@id":"https:\/\/thepueblatimes.mx\/index.php\/2025\/01\/15\/la-muerte-de-la-nina-genesis-reflejo-de-la-inseguridad-que-prevalece-en-cuautlancingo\/","url":"https:\/\/thepueblatimes.mx\/index.php\/2025\/01\/15\/la-muerte-de-la-nina-genesis-reflejo-de-la-inseguridad-que-prevalece-en-cuautlancingo\/","name":"La muerte de la ni\u00f1a G\u00e9nesis, reflejo de la inseguridad que prevalece en Cuautlancingo - The Puebla Times","isPartOf":{"@id":"https:\/\/thepueblatimes.mx\/#website"},"datePublished":"2025-01-15T19:39:01+00:00","dateModified":"2025-01-15T19:39:01+00:00","author":{"@id":"https:\/\/thepueblatimes.mx\/#\/schema\/person\/1664894c2f65ce2c7a08d8f5f905c13c"},"breadcrumb":{"@id":"https:\/\/thepueblatimes.mx\/index.php\/2025\/01\/15\/la-muerte-de-la-nina-genesis-reflejo-de-la-inseguridad-que-prevalece-en-cuautlancingo\/#breadcrumb"},"inLanguage":"es","potentialAction":[{"@type":"ReadAction","target":["https:\/\/thepueblatimes.mx\/index.php\/2025\/01\/15\/la-muerte-de-la-nina-genesis-reflejo-de-la-inseguridad-que-prevalece-en-cuautlancingo\/"]}]},{"@type":"BreadcrumbList","@id":"https:\/\/thepueblatimes.mx\/index.php\/2025\/01\/15\/la-muerte-de-la-nina-genesis-reflejo-de-la-inseguridad-que-prevalece-en-cuautlancingo\/#breadcrumb","itemListElement":[{"@type":"ListItem","position":1,"name":"Portada","item":"https:\/\/thepueblatimes.mx\/"},{"@type":"ListItem","position":2,"name":"La muerte de la ni\u00f1a G\u00e9nesis, reflejo de la inseguridad que prevalece en Cuautlancingo"}]},{"@type":"WebSite","@id":"https:\/\/thepueblatimes.mx\/#website","url":"https:\/\/thepueblatimes.mx\/","name":"The Puebla Times","description":"Noticias del Estado de Puebla","potentialAction":[{"@type":"SearchAction","target":{"@type":"EntryPoint","urlTemplate":"https:\/\/thepueblatimes.mx\/?s={search_term_string}"},"query-input":"required name=search_term_string"}],"inLanguage":"es"},{"@type":"Person","@id":"https:\/\/thepueblatimes.mx\/#\/schema\/person\/1664894c2f65ce2c7a08d8f5f905c13c","name":"Sa\u00fal Hern\u00e1ndez","image":{"@type":"ImageObject","inLanguage":"es","@id":"https:\/\/thepueblatimes.mx\/#\/schema\/person\/image\/","url":"https:\/\/secure.gravatar.com\/avatar\/11be338693f243309532caad8f10c930?s=96&d=mm&r=g","contentUrl":"https:\/\/secure.gravatar.com\/avatar\/11be338693f243309532caad8f10c930?s=96&d=mm&r=g","caption":"Sa\u00fal Hern\u00e1ndez"},"url":"https:\/\/thepueblatimes.mx\/index.php\/author\/saulhernandez\/"}]}},"jetpack_featured_media_url":"https:\/\/thepueblatimes.mx\/wp-content\/uploads\/2025\/01\/WhatsApp-Image-2025-01-15-at-13.37.23.jpeg","_links":{"self":[{"href":"https:\/\/thepueblatimes.mx\/index.php\/wp-json\/wp\/v2\/posts\/27263"}],"collection":[{"href":"https:\/\/thepueblatimes.mx\/index.php\/wp-json\/wp\/v2\/posts"}],"about":[{"href":"https:\/\/thepueblatimes.mx\/index.php\/wp-json\/wp\/v2\/types\/post"}],"author":[{"embeddable":true,"href":"https:\/\/thepueblatimes.mx\/index.php\/wp-json\/wp\/v2\/users\/16"}],"replies":[{"embeddable":true,"href":"https:\/\/thepueblatimes.mx\/index.php\/wp-json\/wp\/v2\/comments?post=27263"}],"version-history":[{"count":1,"href":"https:\/\/thepueblatimes.mx\/index.php\/wp-json\/wp\/v2\/posts\/27263\/revisions"}],"predecessor-version":[{"id":27266,"href":"https:\/\/thepueblatimes.mx\/index.php\/wp-json\/wp\/v2\/posts\/27263\/revisions\/27266"}],"wp:featuredmedia":[{"embeddable":true,"href":"https:\/\/thepueblatimes.mx\/index.php\/wp-json\/wp\/v2\/media\/27265"}],"wp:attachment":[{"href":"https:\/\/thepueblatimes.mx\/index.php\/wp-json\/wp\/v2\/media?parent=27263"}],"wp:term":[{"taxonomy":"category","embeddable":true,"href":"https:\/\/thepueblatimes.mx\/index.php\/wp-json\/wp\/v2\/categories?post=27263"},{"taxonomy":"post_tag","embeddable":true,"href":"https:\/\/thepueblatimes.mx\/index.php\/wp-json\/wp\/v2\/tags?post=27263"}],"curies":[{"name":"wp","href":"https:\/\/api.w.org\/{rel}","templated":true}]}}