{"id":27204,"date":"2025-01-13T12:56:57","date_gmt":"2025-01-13T18:56:57","guid":{"rendered":"https:\/\/thepueblatimes.mx\/?p=27204"},"modified":"2025-01-13T13:03:26","modified_gmt":"2025-01-13T19:03:26","slug":"edmundo-tlatehui-sera-secretario-de-accion-de-gobierno-del-pan-puebla","status":"publish","type":"post","link":"https:\/\/thepueblatimes.mx\/index.php\/2025\/01\/13\/edmundo-tlatehui-sera-secretario-de-accion-de-gobierno-del-pan-puebla\/","title":{"rendered":"Edmundo Tlatehui ser\u00e1 secretario de Acci\u00f3n de Gobierno del PAN Puebla"},"content":{"rendered":"<p>POR FRED ESTRADA<\/p>\n<p>Edmundo Tlatehui Percino y su esposa Guadalupe Cuautle lograron doblar a Mario Riestra.<\/p>\n<p>Le pasaron la factura y obtuvieron las posiciones que buscaban.<\/p>\n<p>Guadalupe Cuautle se hizo de la coordinaci\u00f3n de alcaldes y Edmundo Tlatehui ser\u00e1 el pr\u00f3ximo secretario de Acci\u00f3n de Gobierno dentro del Comit\u00e9 Directivo Estatal (CDE) del PAN.<\/p>\n<p>Un costo pol\u00edtico que tuvo que saldar casi de inmediato Mario Riestra y que pone de relieve el peso que tuvo el matrimonio de pol\u00edticos san andrese\u00f1os en el triunfo del hoy directivo estatal del PAN, quien tuvo que buscar acomodamiento en el PAN luego de que fracas\u00f3 en su intento por hacerse de la presidencia municipal de Puebla.<\/p>\n<p>Por otra parte, Mario Riestra, busca concretar la operaci\u00f3n cicatriz al abrir las puertas a los perfiles de la planilla de Felipe Vel\u00e1zquez para sumarse a su equipo.<\/p>\n","protected":false},"excerpt":{"rendered":"<p>POR FRED ESTRADA Edmundo Tlatehui Percino y su esposa Guadalupe Cuautle lograron doblar a Mario Riestra. Le pasaron la factura y obtuvieron las posiciones que buscaban. Guadalupe Cuautle se hizo de la coordinaci\u00f3n de alcaldes y Edmundo Tlatehui ser\u00e1 el pr\u00f3ximo secretario de Acci\u00f3n de Gobierno dentro del Comit\u00e9 Directivo Estatal (CDE) del PAN. Un&#8230;<\/p>\n","protected":false},"author":16,"featured_media":27213,"comment_status":"closed","ping_status":"closed","sticky":false,"template":"","format":"standard","meta":[],"categories":[3],"tags":[2897,1260,1683,1721,2718],"yoast_head":"<!-- This site is optimized with the Yoast SEO plugin v20.8 - https:\/\/yoast.com\/wordpress\/plugins\/seo\/ -->\n<title>Edmundo Tlatehui ser\u00e1 secretario de Acci\u00f3n de Gobierno del PAN Puebla - The Puebla Times<\/title>\n<meta name=\"robots\" content=\"index, follow, max-snippet:-1, max-image-preview:large, max-video-preview:-1\" \/>\n<link rel=\"canonical\" href=\"https:\/\/thepueblatimes.mx\/index.php\/2025\/01\/13\/edmundo-tlatehui-sera-secretario-de-accion-de-gobierno-del-pan-puebla\/\" \/>\n<meta property=\"og:locale\" content=\"es_ES\" \/>\n<meta property=\"og:type\" content=\"article\" \/>\n<meta property=\"og:title\" content=\"Edmundo Tlatehui ser\u00e1 secretario de Acci\u00f3n de Gobierno del PAN Puebla - The Puebla Times\" \/>\n<meta property=\"og:description\" content=\"POR FRED ESTRADA Edmundo Tlatehui Percino y su esposa Guadalupe Cuautle lograron doblar a Mario Riestra. Le pasaron la factura y obtuvieron las posiciones que buscaban. Guadalupe Cuautle se hizo de la coordinaci\u00f3n de alcaldes y Edmundo Tlatehui ser\u00e1 el pr\u00f3ximo secretario de Acci\u00f3n de Gobierno dentro del Comit\u00e9 Directivo Estatal (CDE) del PAN. Un...\" \/>\n<meta property=\"og:url\" content=\"https:\/\/thepueblatimes.mx\/index.php\/2025\/01\/13\/edmundo-tlatehui-sera-secretario-de-accion-de-gobierno-del-pan-puebla\/\" \/>\n<meta property=\"og:site_name\" content=\"The Puebla Times\" \/>\n<meta property=\"article:published_time\" content=\"2025-01-13T18:56:57+00:00\" \/>\n<meta property=\"article:modified_time\" content=\"2025-01-13T19:03:26+00:00\" \/>\n<meta property=\"og:image\" content=\"https:\/\/thepueblatimes.mx\/wp-content\/uploads\/2025\/01\/311351081_197238259335057_3610132633384261746_n.jpg\" \/>\n\t<meta property=\"og:image:width\" content=\"960\" \/>\n\t<meta property=\"og:image:height\" content=\"952\" \/>\n\t<meta property=\"og:image:type\" content=\"image\/jpeg\" \/>\n<meta name=\"author\" content=\"Sa\u00fal Hern\u00e1ndez\" \/>\n<meta name=\"twitter:card\" content=\"summary_large_image\" \/>\n<meta name=\"twitter:label1\" content=\"Escrito por\" \/>\n\t<meta name=\"twitter:data1\" content=\"Sa\u00fal Hern\u00e1ndez\" \/>\n\t<meta name=\"twitter:label2\" content=\"Tiempo de lectura\" \/>\n\t<meta name=\"twitter:data2\" content=\"1 minuto\" \/>\n<script type=\"application\/ld+json\" class=\"yoast-schema-graph\">{\"@context\":\"https:\/\/schema.org\",\"@graph\":[{\"@type\":\"WebPage\",\"@id\":\"https:\/\/thepueblatimes.mx\/index.php\/2025\/01\/13\/edmundo-tlatehui-sera-secretario-de-accion-de-gobierno-del-pan-puebla\/\",\"url\":\"https:\/\/thepueblatimes.mx\/index.php\/2025\/01\/13\/edmundo-tlatehui-sera-secretario-de-accion-de-gobierno-del-pan-puebla\/\",\"name\":\"Edmundo Tlatehui ser\u00e1 secretario de Acci\u00f3n de Gobierno del PAN Puebla - The Puebla Times\",\"isPartOf\":{\"@id\":\"https:\/\/thepueblatimes.mx\/#website\"},\"datePublished\":\"2025-01-13T18:56:57+00:00\",\"dateModified\":\"2025-01-13T19:03:26+00:00\",\"author\":{\"@id\":\"https:\/\/thepueblatimes.mx\/#\/schema\/person\/1664894c2f65ce2c7a08d8f5f905c13c\"},\"breadcrumb\":{\"@id\":\"https:\/\/thepueblatimes.mx\/index.php\/2025\/01\/13\/edmundo-tlatehui-sera-secretario-de-accion-de-gobierno-del-pan-puebla\/#breadcrumb\"},\"inLanguage\":\"es\",\"potentialAction\":[{\"@type\":\"ReadAction\",\"target\":[\"https:\/\/thepueblatimes.mx\/index.php\/2025\/01\/13\/edmundo-tlatehui-sera-secretario-de-accion-de-gobierno-del-pan-puebla\/\"]}]},{\"@type\":\"BreadcrumbList\",\"@id\":\"https:\/\/thepueblatimes.mx\/index.php\/2025\/01\/13\/edmundo-tlatehui-sera-secretario-de-accion-de-gobierno-del-pan-puebla\/#breadcrumb\",\"itemListElement\":[{\"@type\":\"ListItem\",\"position\":1,\"name\":\"Portada\",\"item\":\"https:\/\/thepueblatimes.mx\/\"},{\"@type\":\"ListItem\",\"position\":2,\"name\":\"Edmundo Tlatehui ser\u00e1 secretario de Acci\u00f3n de Gobierno del PAN Puebla\"}]},{\"@type\":\"WebSite\",\"@id\":\"https:\/\/thepueblatimes.mx\/#website\",\"url\":\"https:\/\/thepueblatimes.mx\/\",\"name\":\"The Puebla Times\",\"description\":\"Noticias del Estado de Puebla\",\"potentialAction\":[{\"@type\":\"SearchAction\",\"target\":{\"@type\":\"EntryPoint\",\"urlTemplate\":\"https:\/\/thepueblatimes.mx\/?s={search_term_string}\"},\"query-input\":\"required name=search_term_string\"}],\"inLanguage\":\"es\"},{\"@type\":\"Person\",\"@id\":\"https:\/\/thepueblatimes.mx\/#\/schema\/person\/1664894c2f65ce2c7a08d8f5f905c13c\",\"name\":\"Sa\u00fal Hern\u00e1ndez\",\"image\":{\"@type\":\"ImageObject\",\"inLanguage\":\"es\",\"@id\":\"https:\/\/thepueblatimes.mx\/#\/schema\/person\/image\/\",\"url\":\"https:\/\/secure.gravatar.com\/avatar\/11be338693f243309532caad8f10c930?s=96&d=mm&r=g\",\"contentUrl\":\"https:\/\/secure.gravatar.com\/avatar\/11be338693f243309532caad8f10c930?s=96&d=mm&r=g\",\"caption\":\"Sa\u00fal Hern\u00e1ndez\"},\"url\":\"https:\/\/thepueblatimes.mx\/index.php\/author\/saulhernandez\/\"}]}<\/script>\n<!-- \/ Yoast SEO plugin. -->","yoast_head_json":{"title":"Edmundo Tlatehui ser\u00e1 secretario de Acci\u00f3n de Gobierno del PAN Puebla - The Puebla Times","robots":{"index":"index","follow":"follow","max-snippet":"max-snippet:-1","max-image-preview":"max-image-preview:large","max-video-preview":"max-video-preview:-1"},"canonical":"https:\/\/thepueblatimes.mx\/index.php\/2025\/01\/13\/edmundo-tlatehui-sera-secretario-de-accion-de-gobierno-del-pan-puebla\/","og_locale":"es_ES","og_type":"article","og_title":"Edmundo Tlatehui ser\u00e1 secretario de Acci\u00f3n de Gobierno del PAN Puebla - The Puebla Times","og_description":"POR FRED ESTRADA Edmundo Tlatehui Percino y su esposa Guadalupe Cuautle lograron doblar a Mario Riestra. Le pasaron la factura y obtuvieron las posiciones que buscaban. Guadalupe Cuautle se hizo de la coordinaci\u00f3n de alcaldes y Edmundo Tlatehui ser\u00e1 el pr\u00f3ximo secretario de Acci\u00f3n de Gobierno dentro del Comit\u00e9 Directivo Estatal (CDE) del PAN. Un...","og_url":"https:\/\/thepueblatimes.mx\/index.php\/2025\/01\/13\/edmundo-tlatehui-sera-secretario-de-accion-de-gobierno-del-pan-puebla\/","og_site_name":"The Puebla Times","article_published_time":"2025-01-13T18:56:57+00:00","article_modified_time":"2025-01-13T19:03:26+00:00","og_image":[{"width":960,"height":952,"url":"https:\/\/thepueblatimes.mx\/wp-content\/uploads\/2025\/01\/311351081_197238259335057_3610132633384261746_n.jpg","type":"image\/jpeg"}],"author":"Sa\u00fal Hern\u00e1ndez","twitter_card":"summary_large_image","twitter_misc":{"Escrito por":"Sa\u00fal Hern\u00e1ndez","Tiempo de lectura":"1 minuto"},"schema":{"@context":"https:\/\/schema.org","@graph":[{"@type":"WebPage","@id":"https:\/\/thepueblatimes.mx\/index.php\/2025\/01\/13\/edmundo-tlatehui-sera-secretario-de-accion-de-gobierno-del-pan-puebla\/","url":"https:\/\/thepueblatimes.mx\/index.php\/2025\/01\/13\/edmundo-tlatehui-sera-secretario-de-accion-de-gobierno-del-pan-puebla\/","name":"Edmundo Tlatehui ser\u00e1 secretario de Acci\u00f3n de Gobierno del PAN Puebla - The Puebla Times","isPartOf":{"@id":"https:\/\/thepueblatimes.mx\/#website"},"datePublished":"2025-01-13T18:56:57+00:00","dateModified":"2025-01-13T19:03:26+00:00","author":{"@id":"https:\/\/thepueblatimes.mx\/#\/schema\/person\/1664894c2f65ce2c7a08d8f5f905c13c"},"breadcrumb":{"@id":"https:\/\/thepueblatimes.mx\/index.php\/2025\/01\/13\/edmundo-tlatehui-sera-secretario-de-accion-de-gobierno-del-pan-puebla\/#breadcrumb"},"inLanguage":"es","potentialAction":[{"@type":"ReadAction","target":["https:\/\/thepueblatimes.mx\/index.php\/2025\/01\/13\/edmundo-tlatehui-sera-secretario-de-accion-de-gobierno-del-pan-puebla\/"]}]},{"@type":"BreadcrumbList","@id":"https:\/\/thepueblatimes.mx\/index.php\/2025\/01\/13\/edmundo-tlatehui-sera-secretario-de-accion-de-gobierno-del-pan-puebla\/#breadcrumb","itemListElement":[{"@type":"ListItem","position":1,"name":"Portada","item":"https:\/\/thepueblatimes.mx\/"},{"@type":"ListItem","position":2,"name":"Edmundo Tlatehui ser\u00e1 secretario de Acci\u00f3n de Gobierno del PAN Puebla"}]},{"@type":"WebSite","@id":"https:\/\/thepueblatimes.mx\/#website","url":"https:\/\/thepueblatimes.mx\/","name":"The Puebla Times","description":"Noticias del Estado de Puebla","potentialAction":[{"@type":"SearchAction","target":{"@type":"EntryPoint","urlTemplate":"https:\/\/thepueblatimes.mx\/?s={search_term_string}"},"query-input":"required name=search_term_string"}],"inLanguage":"es"},{"@type":"Person","@id":"https:\/\/thepueblatimes.mx\/#\/schema\/person\/1664894c2f65ce2c7a08d8f5f905c13c","name":"Sa\u00fal Hern\u00e1ndez","image":{"@type":"ImageObject","inLanguage":"es","@id":"https:\/\/thepueblatimes.mx\/#\/schema\/person\/image\/","url":"https:\/\/secure.gravatar.com\/avatar\/11be338693f243309532caad8f10c930?s=96&d=mm&r=g","contentUrl":"https:\/\/secure.gravatar.com\/avatar\/11be338693f243309532caad8f10c930?s=96&d=mm&r=g","caption":"Sa\u00fal Hern\u00e1ndez"},"url":"https:\/\/thepueblatimes.mx\/index.php\/author\/saulhernandez\/"}]}},"jetpack_featured_media_url":"https:\/\/thepueblatimes.mx\/wp-content\/uploads\/2025\/01\/311351081_197238259335057_3610132633384261746_n.jpg","_links":{"self":[{"href":"https:\/\/thepueblatimes.mx\/index.php\/wp-json\/wp\/v2\/posts\/27204"}],"collection":[{"href":"https:\/\/thepueblatimes.mx\/index.php\/wp-json\/wp\/v2\/posts"}],"about":[{"href":"https:\/\/thepueblatimes.mx\/index.php\/wp-json\/wp\/v2\/types\/post"}],"author":[{"embeddable":true,"href":"https:\/\/thepueblatimes.mx\/index.php\/wp-json\/wp\/v2\/users\/16"}],"replies":[{"embeddable":true,"href":"https:\/\/thepueblatimes.mx\/index.php\/wp-json\/wp\/v2\/comments?post=27204"}],"version-history":[{"count":1,"href":"https:\/\/thepueblatimes.mx\/index.php\/wp-json\/wp\/v2\/posts\/27204\/revisions"}],"predecessor-version":[{"id":27211,"href":"https:\/\/thepueblatimes.mx\/index.php\/wp-json\/wp\/v2\/posts\/27204\/revisions\/27211"}],"wp:featuredmedia":[{"embeddable":true,"href":"https:\/\/thepueblatimes.mx\/index.php\/wp-json\/wp\/v2\/media\/27213"}],"wp:attachment":[{"href":"https:\/\/thepueblatimes.mx\/index.php\/wp-json\/wp\/v2\/media?parent=27204"}],"wp:term":[{"taxonomy":"category","embeddable":true,"href":"https:\/\/thepueblatimes.mx\/index.php\/wp-json\/wp\/v2\/categories?post=27204"},{"taxonomy":"post_tag","embeddable":true,"href":"https:\/\/thepueblatimes.mx\/index.php\/wp-json\/wp\/v2\/tags?post=27204"}],"curies":[{"name":"wp","href":"https:\/\/api.w.org\/{rel}","templated":true}]}}