{"id":27190,"date":"2025-01-11T10:34:28","date_gmt":"2025-01-11T16:34:28","guid":{"rendered":"https:\/\/thepueblatimes.mx\/?p=27190"},"modified":"2025-01-11T10:34:28","modified_gmt":"2025-01-11T16:34:28","slug":"semana-santa-2025","status":"publish","type":"post","link":"https:\/\/thepueblatimes.mx\/index.php\/2025\/01\/11\/semana-santa-2025\/","title":{"rendered":"Semana Santa 2025"},"content":{"rendered":"<p>POR FRED ESTRADA<\/p>\n<p>En 2025, la Semana Santa ser\u00e1 del 13 al 19 de abril, en tanto que las vacaciones escolares de acuerdo al calendario de la SEP iniciar\u00e1n el lunes 14 de abril y terminar\u00e1n el viernes 25 de abril y los estudiantes regresar\u00e1n a clases el lunes 28 de abril.<\/p>\n<p>Los d\u00edas de mayor trascendencia en la Semana Mayor ser\u00e1n:<\/p>\n<p>El 13 de abril, ser\u00e1 el Domingo de Ramos en el que se recuerda la entrada triunfal de Jes\u00fas a Jerusal\u00e9n.<\/p>\n<p>El Jueves Santo ser\u00e1 el 17 de abril. Se recuerda la \u00daltima Cena, donde Jes\u00fas instituy\u00f3 la Eucarist\u00eda y lav\u00f3 los pies a sus disc\u00edpulos como muestra de humildad y servicio.<\/p>\n<p>El Viernes Santo el 18 de abril. Se realiza la crucifixi\u00f3n y muerte de Jes\u00fas.<\/p>\n<p>Y el S\u00e1bado de Gloria el 19 de abril. Culmina con la Vigilia Pascual, donde se celebra la Resurrecci\u00f3n.<\/p>\n<p>El Domingo de Pascua ser\u00e1 el 20 de abril, como inicio de la Semana de Pascua. El 20 de abril tambi\u00e9n es conocido como Domingo de Resurrecci\u00f3n.<\/p>\n","protected":false},"excerpt":{"rendered":"<p>POR FRED ESTRADA En 2025, la Semana Santa ser\u00e1 del 13 al 19 de abril, en tanto que las vacaciones escolares de acuerdo al calendario de la SEP iniciar\u00e1n el lunes 14 de abril y terminar\u00e1n el viernes 25 de abril y los estudiantes regresar\u00e1n a clases el lunes 28 de abril. Los d\u00edas de&#8230;<\/p>\n","protected":false},"author":16,"featured_media":27191,"comment_status":"closed","ping_status":"closed","sticky":false,"template":"","format":"standard","meta":[],"categories":[542],"tags":[2883,2879,2880,2881,1695,2882,1696],"yoast_head":"<!-- This site is optimized with the Yoast SEO plugin v20.8 - https:\/\/yoast.com\/wordpress\/plugins\/seo\/ -->\n<title>Semana Santa 2025 - The Puebla Times<\/title>\n<meta name=\"robots\" content=\"index, follow, max-snippet:-1, max-image-preview:large, max-video-preview:-1\" \/>\n<link rel=\"canonical\" href=\"https:\/\/thepueblatimes.mx\/index.php\/2025\/01\/11\/semana-santa-2025\/\" \/>\n<meta property=\"og:locale\" content=\"es_ES\" \/>\n<meta property=\"og:type\" content=\"article\" \/>\n<meta property=\"og:title\" content=\"Semana Santa 2025 - The Puebla Times\" \/>\n<meta property=\"og:description\" content=\"POR FRED ESTRADA En 2025, la Semana Santa ser\u00e1 del 13 al 19 de abril, en tanto que las vacaciones escolares de acuerdo al calendario de la SEP iniciar\u00e1n el lunes 14 de abril y terminar\u00e1n el viernes 25 de abril y los estudiantes regresar\u00e1n a clases el lunes 28 de abril. Los d\u00edas de...\" \/>\n<meta property=\"og:url\" content=\"https:\/\/thepueblatimes.mx\/index.php\/2025\/01\/11\/semana-santa-2025\/\" \/>\n<meta property=\"og:site_name\" content=\"The Puebla Times\" \/>\n<meta property=\"article:published_time\" content=\"2025-01-11T16:34:28+00:00\" \/>\n<meta property=\"og:image\" content=\"https:\/\/thepueblatimes.mx\/wp-content\/uploads\/2025\/01\/ruta-viacrucis-pasion-cristo-iztapalapa-2024.webp\" \/>\n\t<meta property=\"og:image:width\" content=\"768\" \/>\n\t<meta property=\"og:image:height\" content=\"432\" \/>\n\t<meta property=\"og:image:type\" content=\"image\/webp\" \/>\n<meta name=\"author\" content=\"Sa\u00fal Hern\u00e1ndez\" \/>\n<meta name=\"twitter:card\" content=\"summary_large_image\" \/>\n<meta name=\"twitter:label1\" content=\"Escrito por\" \/>\n\t<meta name=\"twitter:data1\" content=\"Sa\u00fal Hern\u00e1ndez\" \/>\n\t<meta name=\"twitter:label2\" content=\"Tiempo de lectura\" \/>\n\t<meta name=\"twitter:data2\" content=\"1 minuto\" \/>\n<script type=\"application\/ld+json\" class=\"yoast-schema-graph\">{\"@context\":\"https:\/\/schema.org\",\"@graph\":[{\"@type\":\"WebPage\",\"@id\":\"https:\/\/thepueblatimes.mx\/index.php\/2025\/01\/11\/semana-santa-2025\/\",\"url\":\"https:\/\/thepueblatimes.mx\/index.php\/2025\/01\/11\/semana-santa-2025\/\",\"name\":\"Semana Santa 2025 - The Puebla Times\",\"isPartOf\":{\"@id\":\"https:\/\/thepueblatimes.mx\/#website\"},\"datePublished\":\"2025-01-11T16:34:28+00:00\",\"dateModified\":\"2025-01-11T16:34:28+00:00\",\"author\":{\"@id\":\"https:\/\/thepueblatimes.mx\/#\/schema\/person\/1664894c2f65ce2c7a08d8f5f905c13c\"},\"breadcrumb\":{\"@id\":\"https:\/\/thepueblatimes.mx\/index.php\/2025\/01\/11\/semana-santa-2025\/#breadcrumb\"},\"inLanguage\":\"es\",\"potentialAction\":[{\"@type\":\"ReadAction\",\"target\":[\"https:\/\/thepueblatimes.mx\/index.php\/2025\/01\/11\/semana-santa-2025\/\"]}]},{\"@type\":\"BreadcrumbList\",\"@id\":\"https:\/\/thepueblatimes.mx\/index.php\/2025\/01\/11\/semana-santa-2025\/#breadcrumb\",\"itemListElement\":[{\"@type\":\"ListItem\",\"position\":1,\"name\":\"Portada\",\"item\":\"https:\/\/thepueblatimes.mx\/\"},{\"@type\":\"ListItem\",\"position\":2,\"name\":\"Semana Santa 2025\"}]},{\"@type\":\"WebSite\",\"@id\":\"https:\/\/thepueblatimes.mx\/#website\",\"url\":\"https:\/\/thepueblatimes.mx\/\",\"name\":\"The Puebla Times\",\"description\":\"Noticias del Estado de Puebla\",\"potentialAction\":[{\"@type\":\"SearchAction\",\"target\":{\"@type\":\"EntryPoint\",\"urlTemplate\":\"https:\/\/thepueblatimes.mx\/?s={search_term_string}\"},\"query-input\":\"required name=search_term_string\"}],\"inLanguage\":\"es\"},{\"@type\":\"Person\",\"@id\":\"https:\/\/thepueblatimes.mx\/#\/schema\/person\/1664894c2f65ce2c7a08d8f5f905c13c\",\"name\":\"Sa\u00fal Hern\u00e1ndez\",\"image\":{\"@type\":\"ImageObject\",\"inLanguage\":\"es\",\"@id\":\"https:\/\/thepueblatimes.mx\/#\/schema\/person\/image\/\",\"url\":\"https:\/\/secure.gravatar.com\/avatar\/11be338693f243309532caad8f10c930?s=96&d=mm&r=g\",\"contentUrl\":\"https:\/\/secure.gravatar.com\/avatar\/11be338693f243309532caad8f10c930?s=96&d=mm&r=g\",\"caption\":\"Sa\u00fal Hern\u00e1ndez\"},\"url\":\"https:\/\/thepueblatimes.mx\/index.php\/author\/saulhernandez\/\"}]}<\/script>\n<!-- \/ Yoast SEO plugin. -->","yoast_head_json":{"title":"Semana Santa 2025 - The Puebla Times","robots":{"index":"index","follow":"follow","max-snippet":"max-snippet:-1","max-image-preview":"max-image-preview:large","max-video-preview":"max-video-preview:-1"},"canonical":"https:\/\/thepueblatimes.mx\/index.php\/2025\/01\/11\/semana-santa-2025\/","og_locale":"es_ES","og_type":"article","og_title":"Semana Santa 2025 - The Puebla Times","og_description":"POR FRED ESTRADA En 2025, la Semana Santa ser\u00e1 del 13 al 19 de abril, en tanto que las vacaciones escolares de acuerdo al calendario de la SEP iniciar\u00e1n el lunes 14 de abril y terminar\u00e1n el viernes 25 de abril y los estudiantes regresar\u00e1n a clases el lunes 28 de abril. Los d\u00edas de...","og_url":"https:\/\/thepueblatimes.mx\/index.php\/2025\/01\/11\/semana-santa-2025\/","og_site_name":"The Puebla Times","article_published_time":"2025-01-11T16:34:28+00:00","og_image":[{"width":768,"height":432,"url":"https:\/\/thepueblatimes.mx\/wp-content\/uploads\/2025\/01\/ruta-viacrucis-pasion-cristo-iztapalapa-2024.webp","type":"image\/webp"}],"author":"Sa\u00fal Hern\u00e1ndez","twitter_card":"summary_large_image","twitter_misc":{"Escrito por":"Sa\u00fal Hern\u00e1ndez","Tiempo de lectura":"1 minuto"},"schema":{"@context":"https:\/\/schema.org","@graph":[{"@type":"WebPage","@id":"https:\/\/thepueblatimes.mx\/index.php\/2025\/01\/11\/semana-santa-2025\/","url":"https:\/\/thepueblatimes.mx\/index.php\/2025\/01\/11\/semana-santa-2025\/","name":"Semana Santa 2025 - The Puebla Times","isPartOf":{"@id":"https:\/\/thepueblatimes.mx\/#website"},"datePublished":"2025-01-11T16:34:28+00:00","dateModified":"2025-01-11T16:34:28+00:00","author":{"@id":"https:\/\/thepueblatimes.mx\/#\/schema\/person\/1664894c2f65ce2c7a08d8f5f905c13c"},"breadcrumb":{"@id":"https:\/\/thepueblatimes.mx\/index.php\/2025\/01\/11\/semana-santa-2025\/#breadcrumb"},"inLanguage":"es","potentialAction":[{"@type":"ReadAction","target":["https:\/\/thepueblatimes.mx\/index.php\/2025\/01\/11\/semana-santa-2025\/"]}]},{"@type":"BreadcrumbList","@id":"https:\/\/thepueblatimes.mx\/index.php\/2025\/01\/11\/semana-santa-2025\/#breadcrumb","itemListElement":[{"@type":"ListItem","position":1,"name":"Portada","item":"https:\/\/thepueblatimes.mx\/"},{"@type":"ListItem","position":2,"name":"Semana Santa 2025"}]},{"@type":"WebSite","@id":"https:\/\/thepueblatimes.mx\/#website","url":"https:\/\/thepueblatimes.mx\/","name":"The Puebla Times","description":"Noticias del Estado de Puebla","potentialAction":[{"@type":"SearchAction","target":{"@type":"EntryPoint","urlTemplate":"https:\/\/thepueblatimes.mx\/?s={search_term_string}"},"query-input":"required name=search_term_string"}],"inLanguage":"es"},{"@type":"Person","@id":"https:\/\/thepueblatimes.mx\/#\/schema\/person\/1664894c2f65ce2c7a08d8f5f905c13c","name":"Sa\u00fal Hern\u00e1ndez","image":{"@type":"ImageObject","inLanguage":"es","@id":"https:\/\/thepueblatimes.mx\/#\/schema\/person\/image\/","url":"https:\/\/secure.gravatar.com\/avatar\/11be338693f243309532caad8f10c930?s=96&d=mm&r=g","contentUrl":"https:\/\/secure.gravatar.com\/avatar\/11be338693f243309532caad8f10c930?s=96&d=mm&r=g","caption":"Sa\u00fal Hern\u00e1ndez"},"url":"https:\/\/thepueblatimes.mx\/index.php\/author\/saulhernandez\/"}]}},"jetpack_featured_media_url":"https:\/\/thepueblatimes.mx\/wp-content\/uploads\/2025\/01\/ruta-viacrucis-pasion-cristo-iztapalapa-2024.webp","_links":{"self":[{"href":"https:\/\/thepueblatimes.mx\/index.php\/wp-json\/wp\/v2\/posts\/27190"}],"collection":[{"href":"https:\/\/thepueblatimes.mx\/index.php\/wp-json\/wp\/v2\/posts"}],"about":[{"href":"https:\/\/thepueblatimes.mx\/index.php\/wp-json\/wp\/v2\/types\/post"}],"author":[{"embeddable":true,"href":"https:\/\/thepueblatimes.mx\/index.php\/wp-json\/wp\/v2\/users\/16"}],"replies":[{"embeddable":true,"href":"https:\/\/thepueblatimes.mx\/index.php\/wp-json\/wp\/v2\/comments?post=27190"}],"version-history":[{"count":1,"href":"https:\/\/thepueblatimes.mx\/index.php\/wp-json\/wp\/v2\/posts\/27190\/revisions"}],"predecessor-version":[{"id":27192,"href":"https:\/\/thepueblatimes.mx\/index.php\/wp-json\/wp\/v2\/posts\/27190\/revisions\/27192"}],"wp:featuredmedia":[{"embeddable":true,"href":"https:\/\/thepueblatimes.mx\/index.php\/wp-json\/wp\/v2\/media\/27191"}],"wp:attachment":[{"href":"https:\/\/thepueblatimes.mx\/index.php\/wp-json\/wp\/v2\/media?parent=27190"}],"wp:term":[{"taxonomy":"category","embeddable":true,"href":"https:\/\/thepueblatimes.mx\/index.php\/wp-json\/wp\/v2\/categories?post=27190"},{"taxonomy":"post_tag","embeddable":true,"href":"https:\/\/thepueblatimes.mx\/index.php\/wp-json\/wp\/v2\/tags?post=27190"}],"curies":[{"name":"wp","href":"https:\/\/api.w.org\/{rel}","templated":true}]}}