{"id":27186,"date":"2025-01-11T10:20:57","date_gmt":"2025-01-11T16:20:57","guid":{"rendered":"https:\/\/thepueblatimes.mx\/?p=27186"},"modified":"2025-01-11T10:20:57","modified_gmt":"2025-01-11T16:20:57","slug":"feria-de-chachapa-2025","status":"publish","type":"post","link":"https:\/\/thepueblatimes.mx\/index.php\/2025\/01\/11\/feria-de-chachapa-2025\/","title":{"rendered":"Feria de Chachapa 2025"},"content":{"rendered":"<p>POR FRED ESTRADA<\/p>\n<p>La Feria de Chachapa 2025, se realizar\u00e1 del 19 al 26 de enero, con actividades y una cartelera atractivas.<\/p>\n<p>La sede ser\u00e1 la junta auxiliar de San Salvador Chachapa, en el municipio poblano de Amozoc de Mota.<\/p>\n<p>La Feria se organiza como parte de las fiestas patronales en honor al Divino Salvador, tradicionalmente cuenta con juegos mec\u00e1nicos y eventos religiosos y culturales.<\/p>\n<p>Adem\u00e1s, se realizar\u00e1n ceremonias religiosas como procesiones y misas.<\/p>\n<p>Cartelera de la Feria de Chachapa 2025.<\/p>\n<p>De acuerdo al cartel promocional de la Feria al momento se tienen contempladas las siguientes presentaciones:<\/p>\n<ul>\n<li>19 de enero: Sonora Dinamita<\/li>\n<li>20 de enero: Los Bybys<\/li>\n<li>21 de enero: Juan Soria El Ave Real, Sonora Altepexana<\/li>\n<li>22 de enero: \u00c1ngel Venegas Jr., Conjunto Invasor<\/li>\n<li>23 de enero: Master Kumbia, Conjunto Acapulco Tropical y Letal Norte<\/li>\n<li>24 de enero: Sobredosis Norte\u00f1a, Los Cl\u00e1sicos Marios, Los Master Klan, Grupo Villa del Mar y Revolver Colectivo<\/li>\n<li>25 de enero: La Fama de Rosete, Los Ingobernables Luchaklones y Gran jaripeo en el rancho La Misi\u00f3n<\/li>\n<\/ul>\n","protected":false},"excerpt":{"rendered":"<p>POR FRED ESTRADA La Feria de Chachapa 2025, se realizar\u00e1 del 19 al 26 de enero, con actividades y una cartelera atractivas. La sede ser\u00e1 la junta auxiliar de San Salvador Chachapa, en el municipio poblano de Amozoc de Mota. La Feria se organiza como parte de las fiestas patronales en honor al Divino Salvador,&#8230;<\/p>\n","protected":false},"author":16,"featured_media":27188,"comment_status":"closed","ping_status":"closed","sticky":false,"template":"","format":"standard","meta":[],"categories":[3],"tags":[2875,2878,2542,2877,2876,2874],"yoast_head":"<!-- This site is optimized with the Yoast SEO plugin v20.8 - https:\/\/yoast.com\/wordpress\/plugins\/seo\/ -->\n<title>Feria de Chachapa 2025 - The Puebla Times<\/title>\n<meta name=\"robots\" content=\"index, follow, max-snippet:-1, max-image-preview:large, max-video-preview:-1\" \/>\n<link rel=\"canonical\" href=\"https:\/\/thepueblatimes.mx\/index.php\/2025\/01\/11\/feria-de-chachapa-2025\/\" \/>\n<meta property=\"og:locale\" content=\"es_ES\" \/>\n<meta property=\"og:type\" content=\"article\" \/>\n<meta property=\"og:title\" content=\"Feria de Chachapa 2025 - The Puebla Times\" \/>\n<meta property=\"og:description\" content=\"POR FRED ESTRADA La Feria de Chachapa 2025, se realizar\u00e1 del 19 al 26 de enero, con actividades y una cartelera atractivas. La sede ser\u00e1 la junta auxiliar de San Salvador Chachapa, en el municipio poblano de Amozoc de Mota. La Feria se organiza como parte de las fiestas patronales en honor al Divino Salvador,...\" \/>\n<meta property=\"og:url\" content=\"https:\/\/thepueblatimes.mx\/index.php\/2025\/01\/11\/feria-de-chachapa-2025\/\" \/>\n<meta property=\"og:site_name\" content=\"The Puebla Times\" \/>\n<meta property=\"article:published_time\" content=\"2025-01-11T16:20:57+00:00\" \/>\n<meta property=\"og:image\" content=\"https:\/\/thepueblatimes.mx\/wp-content\/uploads\/2025\/01\/465401598_864931892415143_7791678105726961681_n.jpg\" \/>\n\t<meta property=\"og:image:width\" content=\"1026\" \/>\n\t<meta property=\"og:image:height\" content=\"1000\" \/>\n\t<meta property=\"og:image:type\" content=\"image\/jpeg\" \/>\n<meta name=\"author\" content=\"Sa\u00fal Hern\u00e1ndez\" \/>\n<meta name=\"twitter:card\" content=\"summary_large_image\" \/>\n<meta name=\"twitter:label1\" content=\"Escrito por\" \/>\n\t<meta name=\"twitter:data1\" content=\"Sa\u00fal Hern\u00e1ndez\" \/>\n\t<meta name=\"twitter:label2\" content=\"Tiempo de lectura\" \/>\n\t<meta name=\"twitter:data2\" content=\"1 minuto\" \/>\n<script type=\"application\/ld+json\" class=\"yoast-schema-graph\">{\"@context\":\"https:\/\/schema.org\",\"@graph\":[{\"@type\":\"WebPage\",\"@id\":\"https:\/\/thepueblatimes.mx\/index.php\/2025\/01\/11\/feria-de-chachapa-2025\/\",\"url\":\"https:\/\/thepueblatimes.mx\/index.php\/2025\/01\/11\/feria-de-chachapa-2025\/\",\"name\":\"Feria de Chachapa 2025 - The Puebla Times\",\"isPartOf\":{\"@id\":\"https:\/\/thepueblatimes.mx\/#website\"},\"datePublished\":\"2025-01-11T16:20:57+00:00\",\"dateModified\":\"2025-01-11T16:20:57+00:00\",\"author\":{\"@id\":\"https:\/\/thepueblatimes.mx\/#\/schema\/person\/1664894c2f65ce2c7a08d8f5f905c13c\"},\"breadcrumb\":{\"@id\":\"https:\/\/thepueblatimes.mx\/index.php\/2025\/01\/11\/feria-de-chachapa-2025\/#breadcrumb\"},\"inLanguage\":\"es\",\"potentialAction\":[{\"@type\":\"ReadAction\",\"target\":[\"https:\/\/thepueblatimes.mx\/index.php\/2025\/01\/11\/feria-de-chachapa-2025\/\"]}]},{\"@type\":\"BreadcrumbList\",\"@id\":\"https:\/\/thepueblatimes.mx\/index.php\/2025\/01\/11\/feria-de-chachapa-2025\/#breadcrumb\",\"itemListElement\":[{\"@type\":\"ListItem\",\"position\":1,\"name\":\"Portada\",\"item\":\"https:\/\/thepueblatimes.mx\/\"},{\"@type\":\"ListItem\",\"position\":2,\"name\":\"Feria de Chachapa 2025\"}]},{\"@type\":\"WebSite\",\"@id\":\"https:\/\/thepueblatimes.mx\/#website\",\"url\":\"https:\/\/thepueblatimes.mx\/\",\"name\":\"The Puebla Times\",\"description\":\"Noticias del Estado de Puebla\",\"potentialAction\":[{\"@type\":\"SearchAction\",\"target\":{\"@type\":\"EntryPoint\",\"urlTemplate\":\"https:\/\/thepueblatimes.mx\/?s={search_term_string}\"},\"query-input\":\"required name=search_term_string\"}],\"inLanguage\":\"es\"},{\"@type\":\"Person\",\"@id\":\"https:\/\/thepueblatimes.mx\/#\/schema\/person\/1664894c2f65ce2c7a08d8f5f905c13c\",\"name\":\"Sa\u00fal Hern\u00e1ndez\",\"image\":{\"@type\":\"ImageObject\",\"inLanguage\":\"es\",\"@id\":\"https:\/\/thepueblatimes.mx\/#\/schema\/person\/image\/\",\"url\":\"https:\/\/secure.gravatar.com\/avatar\/11be338693f243309532caad8f10c930?s=96&d=mm&r=g\",\"contentUrl\":\"https:\/\/secure.gravatar.com\/avatar\/11be338693f243309532caad8f10c930?s=96&d=mm&r=g\",\"caption\":\"Sa\u00fal Hern\u00e1ndez\"},\"url\":\"https:\/\/thepueblatimes.mx\/index.php\/author\/saulhernandez\/\"}]}<\/script>\n<!-- \/ Yoast SEO plugin. -->","yoast_head_json":{"title":"Feria de Chachapa 2025 - The Puebla Times","robots":{"index":"index","follow":"follow","max-snippet":"max-snippet:-1","max-image-preview":"max-image-preview:large","max-video-preview":"max-video-preview:-1"},"canonical":"https:\/\/thepueblatimes.mx\/index.php\/2025\/01\/11\/feria-de-chachapa-2025\/","og_locale":"es_ES","og_type":"article","og_title":"Feria de Chachapa 2025 - The Puebla Times","og_description":"POR FRED ESTRADA La Feria de Chachapa 2025, se realizar\u00e1 del 19 al 26 de enero, con actividades y una cartelera atractivas. La sede ser\u00e1 la junta auxiliar de San Salvador Chachapa, en el municipio poblano de Amozoc de Mota. La Feria se organiza como parte de las fiestas patronales en honor al Divino Salvador,...","og_url":"https:\/\/thepueblatimes.mx\/index.php\/2025\/01\/11\/feria-de-chachapa-2025\/","og_site_name":"The Puebla Times","article_published_time":"2025-01-11T16:20:57+00:00","og_image":[{"width":1026,"height":1000,"url":"https:\/\/thepueblatimes.mx\/wp-content\/uploads\/2025\/01\/465401598_864931892415143_7791678105726961681_n.jpg","type":"image\/jpeg"}],"author":"Sa\u00fal Hern\u00e1ndez","twitter_card":"summary_large_image","twitter_misc":{"Escrito por":"Sa\u00fal Hern\u00e1ndez","Tiempo de lectura":"1 minuto"},"schema":{"@context":"https:\/\/schema.org","@graph":[{"@type":"WebPage","@id":"https:\/\/thepueblatimes.mx\/index.php\/2025\/01\/11\/feria-de-chachapa-2025\/","url":"https:\/\/thepueblatimes.mx\/index.php\/2025\/01\/11\/feria-de-chachapa-2025\/","name":"Feria de Chachapa 2025 - The Puebla Times","isPartOf":{"@id":"https:\/\/thepueblatimes.mx\/#website"},"datePublished":"2025-01-11T16:20:57+00:00","dateModified":"2025-01-11T16:20:57+00:00","author":{"@id":"https:\/\/thepueblatimes.mx\/#\/schema\/person\/1664894c2f65ce2c7a08d8f5f905c13c"},"breadcrumb":{"@id":"https:\/\/thepueblatimes.mx\/index.php\/2025\/01\/11\/feria-de-chachapa-2025\/#breadcrumb"},"inLanguage":"es","potentialAction":[{"@type":"ReadAction","target":["https:\/\/thepueblatimes.mx\/index.php\/2025\/01\/11\/feria-de-chachapa-2025\/"]}]},{"@type":"BreadcrumbList","@id":"https:\/\/thepueblatimes.mx\/index.php\/2025\/01\/11\/feria-de-chachapa-2025\/#breadcrumb","itemListElement":[{"@type":"ListItem","position":1,"name":"Portada","item":"https:\/\/thepueblatimes.mx\/"},{"@type":"ListItem","position":2,"name":"Feria de Chachapa 2025"}]},{"@type":"WebSite","@id":"https:\/\/thepueblatimes.mx\/#website","url":"https:\/\/thepueblatimes.mx\/","name":"The Puebla Times","description":"Noticias del Estado de Puebla","potentialAction":[{"@type":"SearchAction","target":{"@type":"EntryPoint","urlTemplate":"https:\/\/thepueblatimes.mx\/?s={search_term_string}"},"query-input":"required name=search_term_string"}],"inLanguage":"es"},{"@type":"Person","@id":"https:\/\/thepueblatimes.mx\/#\/schema\/person\/1664894c2f65ce2c7a08d8f5f905c13c","name":"Sa\u00fal Hern\u00e1ndez","image":{"@type":"ImageObject","inLanguage":"es","@id":"https:\/\/thepueblatimes.mx\/#\/schema\/person\/image\/","url":"https:\/\/secure.gravatar.com\/avatar\/11be338693f243309532caad8f10c930?s=96&d=mm&r=g","contentUrl":"https:\/\/secure.gravatar.com\/avatar\/11be338693f243309532caad8f10c930?s=96&d=mm&r=g","caption":"Sa\u00fal Hern\u00e1ndez"},"url":"https:\/\/thepueblatimes.mx\/index.php\/author\/saulhernandez\/"}]}},"jetpack_featured_media_url":"https:\/\/thepueblatimes.mx\/wp-content\/uploads\/2025\/01\/465401598_864931892415143_7791678105726961681_n.jpg","_links":{"self":[{"href":"https:\/\/thepueblatimes.mx\/index.php\/wp-json\/wp\/v2\/posts\/27186"}],"collection":[{"href":"https:\/\/thepueblatimes.mx\/index.php\/wp-json\/wp\/v2\/posts"}],"about":[{"href":"https:\/\/thepueblatimes.mx\/index.php\/wp-json\/wp\/v2\/types\/post"}],"author":[{"embeddable":true,"href":"https:\/\/thepueblatimes.mx\/index.php\/wp-json\/wp\/v2\/users\/16"}],"replies":[{"embeddable":true,"href":"https:\/\/thepueblatimes.mx\/index.php\/wp-json\/wp\/v2\/comments?post=27186"}],"version-history":[{"count":1,"href":"https:\/\/thepueblatimes.mx\/index.php\/wp-json\/wp\/v2\/posts\/27186\/revisions"}],"predecessor-version":[{"id":27189,"href":"https:\/\/thepueblatimes.mx\/index.php\/wp-json\/wp\/v2\/posts\/27186\/revisions\/27189"}],"wp:featuredmedia":[{"embeddable":true,"href":"https:\/\/thepueblatimes.mx\/index.php\/wp-json\/wp\/v2\/media\/27188"}],"wp:attachment":[{"href":"https:\/\/thepueblatimes.mx\/index.php\/wp-json\/wp\/v2\/media?parent=27186"}],"wp:term":[{"taxonomy":"category","embeddable":true,"href":"https:\/\/thepueblatimes.mx\/index.php\/wp-json\/wp\/v2\/categories?post=27186"},{"taxonomy":"post_tag","embeddable":true,"href":"https:\/\/thepueblatimes.mx\/index.php\/wp-json\/wp\/v2\/tags?post=27186"}],"curies":[{"name":"wp","href":"https:\/\/api.w.org\/{rel}","templated":true}]}}