{"id":27183,"date":"2025-01-10T15:53:02","date_gmt":"2025-01-10T21:53:02","guid":{"rendered":"https:\/\/thepueblatimes.mx\/?p=27183"},"modified":"2025-01-10T15:53:02","modified_gmt":"2025-01-10T21:53:02","slug":"casas-violetas-para-reforzar-la-seguridad-de-las-mujeres-armenta","status":"publish","type":"post","link":"https:\/\/thepueblatimes.mx\/index.php\/2025\/01\/10\/casas-violetas-para-reforzar-la-seguridad-de-las-mujeres-armenta\/","title":{"rendered":"Casas Violetas para reforzar la seguridad de las mujeres: Armenta"},"content":{"rendered":"<h3><strong><em>-No hay medias tintas, estamos del lado del pueblo, defendiendo su seguridad, afirm\u00f3 el gobernador.<\/em><\/strong><\/h3>\n<p>ACATL\u00c1N DE OSORIO, Pue.- \u201cLas mujeres no pueden estar desprotegidas en el territorio poblano\u201d, expres\u00f3 el gobernador Alejandro Armenta durante la gira de trabajo que realiz\u00f3 en este municipio. En su intervenci\u00f3n, destac\u00f3 la colaboraci\u00f3n de la Fiscal\u00eda General del Estado, el Sistema DIF y la Secretar\u00eda de Gobernaci\u00f3n para instalar las \u201cCasas Violeta\u201d en Tepexi, Atlixco, Chiautla de Tapia e Iz\u00facar de Matamoros, espacios que buscan acercar los servicios de apoyo a mujeres v\u00edctimas de acoso, violencia y abuso, sin excluir la atenci\u00f3n a hombres, ni\u00f1as y ni\u00f1os.<\/p>\n<p>El mandatario estatal anunci\u00f3 que trabajar\u00e1 en coordinaci\u00f3n con las y los paisanos migrantes que, originarios de esa regi\u00f3n mixteca, participar\u00e1n en proyectos como la f\u00e1brica de paneles solares para disminuir el gasto en energ\u00eda.<\/p>\n<p>En el evento, el gobernador de Puebla dio el banderazo de inicio a los trabajos de rehabilitaci\u00f3n de la Carretera Acatl\u00e1n de Osorio \u2013 San Vicente Boquer\u00f3n, obra que contar\u00e1 con una inversi\u00f3n superior a los 14 millones de pesos, provenientes de recursos estatales y municipales y beneficiar\u00e1 a 37 mil 955 habitantes, quienes agradecieron el impulso al desarrollo de Acatl\u00e1n.<\/p>\n<p>Adem\u00e1s, el Gobierno del Estado entreg\u00f3 45 uniformes a la Polic\u00eda de Seguridad P\u00fablica Municipal y dos Certificados de Construcci\u00f3n de Techados de Cancha de Usos M\u00faltiples para las y los estudiantes del Centro Escolar \u201cPresidente Benito Ju\u00e1rez\u201d y de la Escuela Secundaria \u201cJosefa Ortiz de Dom\u00ednguez\u201d.<\/p>\n<p>En su mensaje, la presidenta municipal de Acatl\u00e1n, Guadalupe B\u00e1rcenas, calific\u00f3 el evento como un d\u00eda hist\u00f3rico para el municipio y sus comunidades vecinas, destacando que la rehabilitaci\u00f3n de la carretera, una demanda de 20 a\u00f1os, finalmente es una realidad. Un proyecto que no solo conecta caminos, sino representa nuevas oportunidades para las y los mixtecos al dignificar su calidad de vida. Agradeci\u00f3 el liderazgo e inter\u00e9s del gobernador para construir un futuro mejor y trabajo por la regi\u00f3n, significado de amor por Acatl\u00e1n.<\/p>\n<p>Al evento tambi\u00e9n asistieron el secretario de seguridad P\u00fablica, Vicealmirante Francisco S\u00e1nchez; de Gobernaci\u00f3n, Samuel Aguilar; de Bienestar, Javier Aquino; de Educaci\u00f3n, Manuel Viveros; de Infraestructura, Jos\u00e9 Manuel Contreras; de Movilidad y Transporte, Silvia Tan\u00fas; el director del CAPCEE, Carlos Ochoa; la directora de SICOM, Natalie Hoyos; el director General de Gobierno, Isauro Rend\u00f3n. As\u00ed como el diputado local de Acatl\u00e1n, Pavel Gaspar; la diputada de Atlixco, Modesta Delgado y presidentes municipales de la regi\u00f3n.<\/p>\n","protected":false},"excerpt":{"rendered":"<p>-No hay medias tintas, estamos del lado del pueblo, defendiendo su seguridad, afirm\u00f3 el gobernador. ACATL\u00c1N DE OSORIO, Pue.- \u201cLas mujeres no pueden estar desprotegidas en el territorio poblano\u201d, expres\u00f3 el gobernador Alejandro Armenta durante la gira de trabajo que realiz\u00f3 en este municipio. En su intervenci\u00f3n, destac\u00f3 la colaboraci\u00f3n de la Fiscal\u00eda General del&#8230;<\/p>\n","protected":false},"author":16,"featured_media":27184,"comment_status":"closed","ping_status":"closed","sticky":false,"template":"","format":"standard","meta":[],"categories":[3],"tags":[1651,2871,1273,2873,2872,25],"yoast_head":"<!-- This site is optimized with the Yoast SEO plugin v20.8 - https:\/\/yoast.com\/wordpress\/plugins\/seo\/ -->\n<title>Casas Violetas para reforzar la seguridad de las mujeres: Armenta - The Puebla Times<\/title>\n<meta name=\"robots\" content=\"index, follow, max-snippet:-1, max-image-preview:large, max-video-preview:-1\" \/>\n<link rel=\"canonical\" href=\"https:\/\/thepueblatimes.mx\/index.php\/2025\/01\/10\/casas-violetas-para-reforzar-la-seguridad-de-las-mujeres-armenta\/\" \/>\n<meta property=\"og:locale\" content=\"es_ES\" \/>\n<meta property=\"og:type\" content=\"article\" \/>\n<meta property=\"og:title\" content=\"Casas Violetas para reforzar la seguridad de las mujeres: Armenta - The Puebla Times\" \/>\n<meta property=\"og:description\" content=\"-No hay medias tintas, estamos del lado del pueblo, defendiendo su seguridad, afirm\u00f3 el gobernador. ACATL\u00c1N DE OSORIO, Pue.- \u201cLas mujeres no pueden estar desprotegidas en el territorio poblano\u201d, expres\u00f3 el gobernador Alejandro Armenta durante la gira de trabajo que realiz\u00f3 en este municipio. En su intervenci\u00f3n, destac\u00f3 la colaboraci\u00f3n de la Fiscal\u00eda General del...\" \/>\n<meta property=\"og:url\" content=\"https:\/\/thepueblatimes.mx\/index.php\/2025\/01\/10\/casas-violetas-para-reforzar-la-seguridad-de-las-mujeres-armenta\/\" \/>\n<meta property=\"og:site_name\" content=\"The Puebla Times\" \/>\n<meta property=\"article:published_time\" content=\"2025-01-10T21:53:02+00:00\" \/>\n<meta property=\"og:image\" content=\"https:\/\/thepueblatimes.mx\/wp-content\/uploads\/2025\/01\/WhatsApp-Image-2025-01-10-at-15.15.47-scaled.jpeg\" \/>\n\t<meta property=\"og:image:width\" content=\"2560\" \/>\n\t<meta property=\"og:image:height\" content=\"1434\" \/>\n\t<meta property=\"og:image:type\" content=\"image\/jpeg\" \/>\n<meta name=\"author\" content=\"Sa\u00fal Hern\u00e1ndez\" \/>\n<meta name=\"twitter:card\" content=\"summary_large_image\" \/>\n<meta name=\"twitter:label1\" content=\"Escrito por\" \/>\n\t<meta name=\"twitter:data1\" content=\"Sa\u00fal Hern\u00e1ndez\" \/>\n\t<meta name=\"twitter:label2\" content=\"Tiempo de lectura\" \/>\n\t<meta name=\"twitter:data2\" content=\"2 minutos\" \/>\n<script type=\"application\/ld+json\" class=\"yoast-schema-graph\">{\"@context\":\"https:\/\/schema.org\",\"@graph\":[{\"@type\":\"WebPage\",\"@id\":\"https:\/\/thepueblatimes.mx\/index.php\/2025\/01\/10\/casas-violetas-para-reforzar-la-seguridad-de-las-mujeres-armenta\/\",\"url\":\"https:\/\/thepueblatimes.mx\/index.php\/2025\/01\/10\/casas-violetas-para-reforzar-la-seguridad-de-las-mujeres-armenta\/\",\"name\":\"Casas Violetas para reforzar la seguridad de las mujeres: Armenta - The Puebla Times\",\"isPartOf\":{\"@id\":\"https:\/\/thepueblatimes.mx\/#website\"},\"datePublished\":\"2025-01-10T21:53:02+00:00\",\"dateModified\":\"2025-01-10T21:53:02+00:00\",\"author\":{\"@id\":\"https:\/\/thepueblatimes.mx\/#\/schema\/person\/1664894c2f65ce2c7a08d8f5f905c13c\"},\"breadcrumb\":{\"@id\":\"https:\/\/thepueblatimes.mx\/index.php\/2025\/01\/10\/casas-violetas-para-reforzar-la-seguridad-de-las-mujeres-armenta\/#breadcrumb\"},\"inLanguage\":\"es\",\"potentialAction\":[{\"@type\":\"ReadAction\",\"target\":[\"https:\/\/thepueblatimes.mx\/index.php\/2025\/01\/10\/casas-violetas-para-reforzar-la-seguridad-de-las-mujeres-armenta\/\"]}]},{\"@type\":\"BreadcrumbList\",\"@id\":\"https:\/\/thepueblatimes.mx\/index.php\/2025\/01\/10\/casas-violetas-para-reforzar-la-seguridad-de-las-mujeres-armenta\/#breadcrumb\",\"itemListElement\":[{\"@type\":\"ListItem\",\"position\":1,\"name\":\"Portada\",\"item\":\"https:\/\/thepueblatimes.mx\/\"},{\"@type\":\"ListItem\",\"position\":2,\"name\":\"Casas Violetas para reforzar la seguridad de las mujeres: Armenta\"}]},{\"@type\":\"WebSite\",\"@id\":\"https:\/\/thepueblatimes.mx\/#website\",\"url\":\"https:\/\/thepueblatimes.mx\/\",\"name\":\"The Puebla Times\",\"description\":\"Noticias del Estado de Puebla\",\"potentialAction\":[{\"@type\":\"SearchAction\",\"target\":{\"@type\":\"EntryPoint\",\"urlTemplate\":\"https:\/\/thepueblatimes.mx\/?s={search_term_string}\"},\"query-input\":\"required name=search_term_string\"}],\"inLanguage\":\"es\"},{\"@type\":\"Person\",\"@id\":\"https:\/\/thepueblatimes.mx\/#\/schema\/person\/1664894c2f65ce2c7a08d8f5f905c13c\",\"name\":\"Sa\u00fal Hern\u00e1ndez\",\"image\":{\"@type\":\"ImageObject\",\"inLanguage\":\"es\",\"@id\":\"https:\/\/thepueblatimes.mx\/#\/schema\/person\/image\/\",\"url\":\"https:\/\/secure.gravatar.com\/avatar\/11be338693f243309532caad8f10c930?s=96&d=mm&r=g\",\"contentUrl\":\"https:\/\/secure.gravatar.com\/avatar\/11be338693f243309532caad8f10c930?s=96&d=mm&r=g\",\"caption\":\"Sa\u00fal Hern\u00e1ndez\"},\"url\":\"https:\/\/thepueblatimes.mx\/index.php\/author\/saulhernandez\/\"}]}<\/script>\n<!-- \/ Yoast SEO plugin. -->","yoast_head_json":{"title":"Casas Violetas para reforzar la seguridad de las mujeres: Armenta - The Puebla Times","robots":{"index":"index","follow":"follow","max-snippet":"max-snippet:-1","max-image-preview":"max-image-preview:large","max-video-preview":"max-video-preview:-1"},"canonical":"https:\/\/thepueblatimes.mx\/index.php\/2025\/01\/10\/casas-violetas-para-reforzar-la-seguridad-de-las-mujeres-armenta\/","og_locale":"es_ES","og_type":"article","og_title":"Casas Violetas para reforzar la seguridad de las mujeres: Armenta - The Puebla Times","og_description":"-No hay medias tintas, estamos del lado del pueblo, defendiendo su seguridad, afirm\u00f3 el gobernador. ACATL\u00c1N DE OSORIO, Pue.- \u201cLas mujeres no pueden estar desprotegidas en el territorio poblano\u201d, expres\u00f3 el gobernador Alejandro Armenta durante la gira de trabajo que realiz\u00f3 en este municipio. En su intervenci\u00f3n, destac\u00f3 la colaboraci\u00f3n de la Fiscal\u00eda General del...","og_url":"https:\/\/thepueblatimes.mx\/index.php\/2025\/01\/10\/casas-violetas-para-reforzar-la-seguridad-de-las-mujeres-armenta\/","og_site_name":"The Puebla Times","article_published_time":"2025-01-10T21:53:02+00:00","og_image":[{"width":2560,"height":1434,"url":"https:\/\/thepueblatimes.mx\/wp-content\/uploads\/2025\/01\/WhatsApp-Image-2025-01-10-at-15.15.47-scaled.jpeg","type":"image\/jpeg"}],"author":"Sa\u00fal Hern\u00e1ndez","twitter_card":"summary_large_image","twitter_misc":{"Escrito por":"Sa\u00fal Hern\u00e1ndez","Tiempo de lectura":"2 minutos"},"schema":{"@context":"https:\/\/schema.org","@graph":[{"@type":"WebPage","@id":"https:\/\/thepueblatimes.mx\/index.php\/2025\/01\/10\/casas-violetas-para-reforzar-la-seguridad-de-las-mujeres-armenta\/","url":"https:\/\/thepueblatimes.mx\/index.php\/2025\/01\/10\/casas-violetas-para-reforzar-la-seguridad-de-las-mujeres-armenta\/","name":"Casas Violetas para reforzar la seguridad de las mujeres: Armenta - The Puebla Times","isPartOf":{"@id":"https:\/\/thepueblatimes.mx\/#website"},"datePublished":"2025-01-10T21:53:02+00:00","dateModified":"2025-01-10T21:53:02+00:00","author":{"@id":"https:\/\/thepueblatimes.mx\/#\/schema\/person\/1664894c2f65ce2c7a08d8f5f905c13c"},"breadcrumb":{"@id":"https:\/\/thepueblatimes.mx\/index.php\/2025\/01\/10\/casas-violetas-para-reforzar-la-seguridad-de-las-mujeres-armenta\/#breadcrumb"},"inLanguage":"es","potentialAction":[{"@type":"ReadAction","target":["https:\/\/thepueblatimes.mx\/index.php\/2025\/01\/10\/casas-violetas-para-reforzar-la-seguridad-de-las-mujeres-armenta\/"]}]},{"@type":"BreadcrumbList","@id":"https:\/\/thepueblatimes.mx\/index.php\/2025\/01\/10\/casas-violetas-para-reforzar-la-seguridad-de-las-mujeres-armenta\/#breadcrumb","itemListElement":[{"@type":"ListItem","position":1,"name":"Portada","item":"https:\/\/thepueblatimes.mx\/"},{"@type":"ListItem","position":2,"name":"Casas Violetas para reforzar la seguridad de las mujeres: Armenta"}]},{"@type":"WebSite","@id":"https:\/\/thepueblatimes.mx\/#website","url":"https:\/\/thepueblatimes.mx\/","name":"The Puebla Times","description":"Noticias del Estado de Puebla","potentialAction":[{"@type":"SearchAction","target":{"@type":"EntryPoint","urlTemplate":"https:\/\/thepueblatimes.mx\/?s={search_term_string}"},"query-input":"required name=search_term_string"}],"inLanguage":"es"},{"@type":"Person","@id":"https:\/\/thepueblatimes.mx\/#\/schema\/person\/1664894c2f65ce2c7a08d8f5f905c13c","name":"Sa\u00fal Hern\u00e1ndez","image":{"@type":"ImageObject","inLanguage":"es","@id":"https:\/\/thepueblatimes.mx\/#\/schema\/person\/image\/","url":"https:\/\/secure.gravatar.com\/avatar\/11be338693f243309532caad8f10c930?s=96&d=mm&r=g","contentUrl":"https:\/\/secure.gravatar.com\/avatar\/11be338693f243309532caad8f10c930?s=96&d=mm&r=g","caption":"Sa\u00fal Hern\u00e1ndez"},"url":"https:\/\/thepueblatimes.mx\/index.php\/author\/saulhernandez\/"}]}},"jetpack_featured_media_url":"https:\/\/thepueblatimes.mx\/wp-content\/uploads\/2025\/01\/WhatsApp-Image-2025-01-10-at-15.15.47-scaled.jpeg","_links":{"self":[{"href":"https:\/\/thepueblatimes.mx\/index.php\/wp-json\/wp\/v2\/posts\/27183"}],"collection":[{"href":"https:\/\/thepueblatimes.mx\/index.php\/wp-json\/wp\/v2\/posts"}],"about":[{"href":"https:\/\/thepueblatimes.mx\/index.php\/wp-json\/wp\/v2\/types\/post"}],"author":[{"embeddable":true,"href":"https:\/\/thepueblatimes.mx\/index.php\/wp-json\/wp\/v2\/users\/16"}],"replies":[{"embeddable":true,"href":"https:\/\/thepueblatimes.mx\/index.php\/wp-json\/wp\/v2\/comments?post=27183"}],"version-history":[{"count":1,"href":"https:\/\/thepueblatimes.mx\/index.php\/wp-json\/wp\/v2\/posts\/27183\/revisions"}],"predecessor-version":[{"id":27185,"href":"https:\/\/thepueblatimes.mx\/index.php\/wp-json\/wp\/v2\/posts\/27183\/revisions\/27185"}],"wp:featuredmedia":[{"embeddable":true,"href":"https:\/\/thepueblatimes.mx\/index.php\/wp-json\/wp\/v2\/media\/27184"}],"wp:attachment":[{"href":"https:\/\/thepueblatimes.mx\/index.php\/wp-json\/wp\/v2\/media?parent=27183"}],"wp:term":[{"taxonomy":"category","embeddable":true,"href":"https:\/\/thepueblatimes.mx\/index.php\/wp-json\/wp\/v2\/categories?post=27183"},{"taxonomy":"post_tag","embeddable":true,"href":"https:\/\/thepueblatimes.mx\/index.php\/wp-json\/wp\/v2\/tags?post=27183"}],"curies":[{"name":"wp","href":"https:\/\/api.w.org\/{rel}","templated":true}]}}