{"id":27174,"date":"2025-01-10T14:02:22","date_gmt":"2025-01-10T20:02:22","guid":{"rendered":"https:\/\/thepueblatimes.mx\/?p=27174"},"modified":"2025-01-10T14:02:22","modified_gmt":"2025-01-10T20:02:22","slug":"union-de-pueblos-y-fraccionamientos-contra-apertura-de-relleno-sanitario","status":"publish","type":"post","link":"https:\/\/thepueblatimes.mx\/index.php\/2025\/01\/10\/union-de-pueblos-y-fraccionamientos-contra-apertura-de-relleno-sanitario\/","title":{"rendered":"Uni\u00f3n de Pueblos y Fraccionamientos contra apertura de relleno sanitario"},"content":{"rendered":"<p>POR FRED ESTRADA<\/p>\n<p>La Uni\u00f3n de Pueblos y Fraccionamientos se manifestaron en el municipio de San Pedro Cholula para expresar su rechazo a la posibilidad de la reapertura del relleno sanitario de la regi\u00f3n.<\/p>\n<p>Exigen una mesa de di\u00e1logo con la asistencia de la alcaldesa Tonantzin Fern\u00e1ndez D\u00edaz.<\/p>\n<p>Los manifestantes realizaron un cierre a la circulaci\u00f3n de la calle 4 Poniente-Oriente, con pancartas en las que se pod\u00eda leer la frase \u201c\u00a1fuera basurero de muerte\u201d.<\/p>\n<p>Argumentan que la nueva administraci\u00f3n municipal prometi\u00f3 un cambio y que los recibir\u00eda para poder entablar comunicaci\u00f3n con ellos.<\/p>\n<p>Sin embargo, les indicaron que la presidenta municipal no estar\u00eda presente el d\u00eda de hoy, lo cual provoc\u00f3 el enfado de los ciudadanos, quienes piden que no se reabra este basurero.<\/p>\n<p>Una comitiva de la Uni\u00f3n de Pueblos tuvo acceso a las instalaciones para poder platicar con Fern\u00e1ndez D\u00edaz y otras personas.<\/p>\n","protected":false},"excerpt":{"rendered":"<p>POR FRED ESTRADA La Uni\u00f3n de Pueblos y Fraccionamientos se manifestaron en el municipio de San Pedro Cholula para expresar su rechazo a la posibilidad de la reapertura del relleno sanitario de la regi\u00f3n. Exigen una mesa de di\u00e1logo con la asistencia de la alcaldesa Tonantzin Fern\u00e1ndez D\u00edaz. Los manifestantes realizaron un cierre a la&#8230;<\/p>\n","protected":false},"author":16,"featured_media":27175,"comment_status":"closed","ping_status":"closed","sticky":false,"template":"","format":"standard","meta":[],"categories":[15,11],"tags":[2869,2867,2868,1304,2866],"yoast_head":"<!-- This site is optimized with the Yoast SEO plugin v20.8 - https:\/\/yoast.com\/wordpress\/plugins\/seo\/ -->\n<title>Uni\u00f3n de Pueblos y Fraccionamientos contra apertura de relleno sanitario - The Puebla Times<\/title>\n<meta name=\"robots\" content=\"index, follow, max-snippet:-1, max-image-preview:large, max-video-preview:-1\" \/>\n<link rel=\"canonical\" href=\"https:\/\/thepueblatimes.mx\/index.php\/2025\/01\/10\/union-de-pueblos-y-fraccionamientos-contra-apertura-de-relleno-sanitario\/\" \/>\n<meta property=\"og:locale\" content=\"es_ES\" \/>\n<meta property=\"og:type\" content=\"article\" \/>\n<meta property=\"og:title\" content=\"Uni\u00f3n de Pueblos y Fraccionamientos contra apertura de relleno sanitario - The Puebla Times\" \/>\n<meta property=\"og:description\" content=\"POR FRED ESTRADA La Uni\u00f3n de Pueblos y Fraccionamientos se manifestaron en el municipio de San Pedro Cholula para expresar su rechazo a la posibilidad de la reapertura del relleno sanitario de la regi\u00f3n. Exigen una mesa de di\u00e1logo con la asistencia de la alcaldesa Tonantzin Fern\u00e1ndez D\u00edaz. Los manifestantes realizaron un cierre a la...\" \/>\n<meta property=\"og:url\" content=\"https:\/\/thepueblatimes.mx\/index.php\/2025\/01\/10\/union-de-pueblos-y-fraccionamientos-contra-apertura-de-relleno-sanitario\/\" \/>\n<meta property=\"og:site_name\" content=\"The Puebla Times\" \/>\n<meta property=\"article:published_time\" content=\"2025-01-10T20:02:22+00:00\" \/>\n<meta property=\"og:image\" content=\"https:\/\/thepueblatimes.mx\/wp-content\/uploads\/2025\/01\/DSF7014-2048x1152-1.jpg\" \/>\n\t<meta property=\"og:image:width\" content=\"2048\" \/>\n\t<meta property=\"og:image:height\" content=\"1152\" \/>\n\t<meta property=\"og:image:type\" content=\"image\/jpeg\" \/>\n<meta name=\"author\" content=\"Sa\u00fal Hern\u00e1ndez\" \/>\n<meta name=\"twitter:card\" content=\"summary_large_image\" \/>\n<meta name=\"twitter:label1\" content=\"Escrito por\" \/>\n\t<meta name=\"twitter:data1\" content=\"Sa\u00fal Hern\u00e1ndez\" \/>\n\t<meta name=\"twitter:label2\" content=\"Tiempo de lectura\" \/>\n\t<meta name=\"twitter:data2\" content=\"1 minuto\" \/>\n<script type=\"application\/ld+json\" class=\"yoast-schema-graph\">{\"@context\":\"https:\/\/schema.org\",\"@graph\":[{\"@type\":\"WebPage\",\"@id\":\"https:\/\/thepueblatimes.mx\/index.php\/2025\/01\/10\/union-de-pueblos-y-fraccionamientos-contra-apertura-de-relleno-sanitario\/\",\"url\":\"https:\/\/thepueblatimes.mx\/index.php\/2025\/01\/10\/union-de-pueblos-y-fraccionamientos-contra-apertura-de-relleno-sanitario\/\",\"name\":\"Uni\u00f3n de Pueblos y Fraccionamientos contra apertura de relleno sanitario - The Puebla Times\",\"isPartOf\":{\"@id\":\"https:\/\/thepueblatimes.mx\/#website\"},\"datePublished\":\"2025-01-10T20:02:22+00:00\",\"dateModified\":\"2025-01-10T20:02:22+00:00\",\"author\":{\"@id\":\"https:\/\/thepueblatimes.mx\/#\/schema\/person\/1664894c2f65ce2c7a08d8f5f905c13c\"},\"breadcrumb\":{\"@id\":\"https:\/\/thepueblatimes.mx\/index.php\/2025\/01\/10\/union-de-pueblos-y-fraccionamientos-contra-apertura-de-relleno-sanitario\/#breadcrumb\"},\"inLanguage\":\"es\",\"potentialAction\":[{\"@type\":\"ReadAction\",\"target\":[\"https:\/\/thepueblatimes.mx\/index.php\/2025\/01\/10\/union-de-pueblos-y-fraccionamientos-contra-apertura-de-relleno-sanitario\/\"]}]},{\"@type\":\"BreadcrumbList\",\"@id\":\"https:\/\/thepueblatimes.mx\/index.php\/2025\/01\/10\/union-de-pueblos-y-fraccionamientos-contra-apertura-de-relleno-sanitario\/#breadcrumb\",\"itemListElement\":[{\"@type\":\"ListItem\",\"position\":1,\"name\":\"Portada\",\"item\":\"https:\/\/thepueblatimes.mx\/\"},{\"@type\":\"ListItem\",\"position\":2,\"name\":\"Uni\u00f3n de Pueblos y Fraccionamientos contra apertura de relleno sanitario\"}]},{\"@type\":\"WebSite\",\"@id\":\"https:\/\/thepueblatimes.mx\/#website\",\"url\":\"https:\/\/thepueblatimes.mx\/\",\"name\":\"The Puebla Times\",\"description\":\"Noticias del Estado de Puebla\",\"potentialAction\":[{\"@type\":\"SearchAction\",\"target\":{\"@type\":\"EntryPoint\",\"urlTemplate\":\"https:\/\/thepueblatimes.mx\/?s={search_term_string}\"},\"query-input\":\"required name=search_term_string\"}],\"inLanguage\":\"es\"},{\"@type\":\"Person\",\"@id\":\"https:\/\/thepueblatimes.mx\/#\/schema\/person\/1664894c2f65ce2c7a08d8f5f905c13c\",\"name\":\"Sa\u00fal Hern\u00e1ndez\",\"image\":{\"@type\":\"ImageObject\",\"inLanguage\":\"es\",\"@id\":\"https:\/\/thepueblatimes.mx\/#\/schema\/person\/image\/\",\"url\":\"https:\/\/secure.gravatar.com\/avatar\/11be338693f243309532caad8f10c930?s=96&d=mm&r=g\",\"contentUrl\":\"https:\/\/secure.gravatar.com\/avatar\/11be338693f243309532caad8f10c930?s=96&d=mm&r=g\",\"caption\":\"Sa\u00fal Hern\u00e1ndez\"},\"url\":\"https:\/\/thepueblatimes.mx\/index.php\/author\/saulhernandez\/\"}]}<\/script>\n<!-- \/ Yoast SEO plugin. -->","yoast_head_json":{"title":"Uni\u00f3n de Pueblos y Fraccionamientos contra apertura de relleno sanitario - The Puebla Times","robots":{"index":"index","follow":"follow","max-snippet":"max-snippet:-1","max-image-preview":"max-image-preview:large","max-video-preview":"max-video-preview:-1"},"canonical":"https:\/\/thepueblatimes.mx\/index.php\/2025\/01\/10\/union-de-pueblos-y-fraccionamientos-contra-apertura-de-relleno-sanitario\/","og_locale":"es_ES","og_type":"article","og_title":"Uni\u00f3n de Pueblos y Fraccionamientos contra apertura de relleno sanitario - The Puebla Times","og_description":"POR FRED ESTRADA La Uni\u00f3n de Pueblos y Fraccionamientos se manifestaron en el municipio de San Pedro Cholula para expresar su rechazo a la posibilidad de la reapertura del relleno sanitario de la regi\u00f3n. Exigen una mesa de di\u00e1logo con la asistencia de la alcaldesa Tonantzin Fern\u00e1ndez D\u00edaz. Los manifestantes realizaron un cierre a la...","og_url":"https:\/\/thepueblatimes.mx\/index.php\/2025\/01\/10\/union-de-pueblos-y-fraccionamientos-contra-apertura-de-relleno-sanitario\/","og_site_name":"The Puebla Times","article_published_time":"2025-01-10T20:02:22+00:00","og_image":[{"width":2048,"height":1152,"url":"https:\/\/thepueblatimes.mx\/wp-content\/uploads\/2025\/01\/DSF7014-2048x1152-1.jpg","type":"image\/jpeg"}],"author":"Sa\u00fal Hern\u00e1ndez","twitter_card":"summary_large_image","twitter_misc":{"Escrito por":"Sa\u00fal Hern\u00e1ndez","Tiempo de lectura":"1 minuto"},"schema":{"@context":"https:\/\/schema.org","@graph":[{"@type":"WebPage","@id":"https:\/\/thepueblatimes.mx\/index.php\/2025\/01\/10\/union-de-pueblos-y-fraccionamientos-contra-apertura-de-relleno-sanitario\/","url":"https:\/\/thepueblatimes.mx\/index.php\/2025\/01\/10\/union-de-pueblos-y-fraccionamientos-contra-apertura-de-relleno-sanitario\/","name":"Uni\u00f3n de Pueblos y Fraccionamientos contra apertura de relleno sanitario - The Puebla Times","isPartOf":{"@id":"https:\/\/thepueblatimes.mx\/#website"},"datePublished":"2025-01-10T20:02:22+00:00","dateModified":"2025-01-10T20:02:22+00:00","author":{"@id":"https:\/\/thepueblatimes.mx\/#\/schema\/person\/1664894c2f65ce2c7a08d8f5f905c13c"},"breadcrumb":{"@id":"https:\/\/thepueblatimes.mx\/index.php\/2025\/01\/10\/union-de-pueblos-y-fraccionamientos-contra-apertura-de-relleno-sanitario\/#breadcrumb"},"inLanguage":"es","potentialAction":[{"@type":"ReadAction","target":["https:\/\/thepueblatimes.mx\/index.php\/2025\/01\/10\/union-de-pueblos-y-fraccionamientos-contra-apertura-de-relleno-sanitario\/"]}]},{"@type":"BreadcrumbList","@id":"https:\/\/thepueblatimes.mx\/index.php\/2025\/01\/10\/union-de-pueblos-y-fraccionamientos-contra-apertura-de-relleno-sanitario\/#breadcrumb","itemListElement":[{"@type":"ListItem","position":1,"name":"Portada","item":"https:\/\/thepueblatimes.mx\/"},{"@type":"ListItem","position":2,"name":"Uni\u00f3n de Pueblos y Fraccionamientos contra apertura de relleno sanitario"}]},{"@type":"WebSite","@id":"https:\/\/thepueblatimes.mx\/#website","url":"https:\/\/thepueblatimes.mx\/","name":"The Puebla Times","description":"Noticias del Estado de Puebla","potentialAction":[{"@type":"SearchAction","target":{"@type":"EntryPoint","urlTemplate":"https:\/\/thepueblatimes.mx\/?s={search_term_string}"},"query-input":"required name=search_term_string"}],"inLanguage":"es"},{"@type":"Person","@id":"https:\/\/thepueblatimes.mx\/#\/schema\/person\/1664894c2f65ce2c7a08d8f5f905c13c","name":"Sa\u00fal Hern\u00e1ndez","image":{"@type":"ImageObject","inLanguage":"es","@id":"https:\/\/thepueblatimes.mx\/#\/schema\/person\/image\/","url":"https:\/\/secure.gravatar.com\/avatar\/11be338693f243309532caad8f10c930?s=96&d=mm&r=g","contentUrl":"https:\/\/secure.gravatar.com\/avatar\/11be338693f243309532caad8f10c930?s=96&d=mm&r=g","caption":"Sa\u00fal Hern\u00e1ndez"},"url":"https:\/\/thepueblatimes.mx\/index.php\/author\/saulhernandez\/"}]}},"jetpack_featured_media_url":"https:\/\/thepueblatimes.mx\/wp-content\/uploads\/2025\/01\/DSF7014-2048x1152-1.jpg","_links":{"self":[{"href":"https:\/\/thepueblatimes.mx\/index.php\/wp-json\/wp\/v2\/posts\/27174"}],"collection":[{"href":"https:\/\/thepueblatimes.mx\/index.php\/wp-json\/wp\/v2\/posts"}],"about":[{"href":"https:\/\/thepueblatimes.mx\/index.php\/wp-json\/wp\/v2\/types\/post"}],"author":[{"embeddable":true,"href":"https:\/\/thepueblatimes.mx\/index.php\/wp-json\/wp\/v2\/users\/16"}],"replies":[{"embeddable":true,"href":"https:\/\/thepueblatimes.mx\/index.php\/wp-json\/wp\/v2\/comments?post=27174"}],"version-history":[{"count":1,"href":"https:\/\/thepueblatimes.mx\/index.php\/wp-json\/wp\/v2\/posts\/27174\/revisions"}],"predecessor-version":[{"id":27176,"href":"https:\/\/thepueblatimes.mx\/index.php\/wp-json\/wp\/v2\/posts\/27174\/revisions\/27176"}],"wp:featuredmedia":[{"embeddable":true,"href":"https:\/\/thepueblatimes.mx\/index.php\/wp-json\/wp\/v2\/media\/27175"}],"wp:attachment":[{"href":"https:\/\/thepueblatimes.mx\/index.php\/wp-json\/wp\/v2\/media?parent=27174"}],"wp:term":[{"taxonomy":"category","embeddable":true,"href":"https:\/\/thepueblatimes.mx\/index.php\/wp-json\/wp\/v2\/categories?post=27174"},{"taxonomy":"post_tag","embeddable":true,"href":"https:\/\/thepueblatimes.mx\/index.php\/wp-json\/wp\/v2\/tags?post=27174"}],"curies":[{"name":"wp","href":"https:\/\/api.w.org\/{rel}","templated":true}]}}