{"id":27151,"date":"2025-01-09T18:22:54","date_gmt":"2025-01-10T00:22:54","guid":{"rendered":"https:\/\/thepueblatimes.mx\/?p=27151"},"modified":"2025-01-09T18:22:54","modified_gmt":"2025-01-10T00:22:54","slug":"mario-riestra-nombra-a-blanca-jimenez-coordinadora-de-regidores-del-pan","status":"publish","type":"post","link":"https:\/\/thepueblatimes.mx\/index.php\/2025\/01\/09\/mario-riestra-nombra-a-blanca-jimenez-coordinadora-de-regidores-del-pan\/","title":{"rendered":"Mario Riestra nombra a Blanca Jim\u00e9nez coordinadora de regidores del PAN"},"content":{"rendered":"<p>POR FRED ESTRADA<\/p>\n<p>El presidente del Comit\u00e9 Directivo Estatal (CDE) del PAN, Mario Riestra, nombr\u00f3 a Blanca Jim\u00e9nez Castillo como coordinadora de regidoras, regidores y s\u00edndicos en el estado de Puebla.<\/p>\n<p>Mario Riestra expres\u00f3 \u201cestamos seguros de que Blanca Jim\u00e9nez, con su compromiso y experiencia, fortalecer\u00e1 el trabajo de nuestros regidores, asegurando que cada uno de ellos represente los valores y principios de Acci\u00f3n Nacional, siempre al servicio de la ciudadan\u00eda\u00bb.<\/p>\n<p>Blanca Jim\u00e9nez cuenta con una trayectoria como legisladora, directora del Instituto Poblano de las Mujeres y actualmente regidora.<\/p>\n<p>Se estima que trabajar\u00e1 estrechamente con los regidores y s\u00edndicos para asegurar que los principios del PAN se vean reflejados en cada acci\u00f3n y decisi\u00f3n tomada a nivel municipal.<\/p>\n","protected":false},"excerpt":{"rendered":"<p>POR FRED ESTRADA El presidente del Comit\u00e9 Directivo Estatal (CDE) del PAN, Mario Riestra, nombr\u00f3 a Blanca Jim\u00e9nez Castillo como coordinadora de regidoras, regidores y s\u00edndicos en el estado de Puebla. Mario Riestra expres\u00f3 \u201cestamos seguros de que Blanca Jim\u00e9nez, con su compromiso y experiencia, fortalecer\u00e1 el trabajo de nuestros regidores, asegurando que cada uno&#8230;<\/p>\n","protected":false},"author":16,"featured_media":27152,"comment_status":"closed","ping_status":"closed","sticky":false,"template":"","format":"standard","meta":[],"categories":[3],"tags":[2849,2848,2850,1721,161],"yoast_head":"<!-- This site is optimized with the Yoast SEO plugin v20.8 - https:\/\/yoast.com\/wordpress\/plugins\/seo\/ -->\n<title>Mario Riestra nombra a Blanca Jim\u00e9nez coordinadora de regidores del PAN - The Puebla Times<\/title>\n<meta name=\"robots\" content=\"index, follow, max-snippet:-1, max-image-preview:large, max-video-preview:-1\" \/>\n<link rel=\"canonical\" href=\"https:\/\/thepueblatimes.mx\/index.php\/2025\/01\/09\/mario-riestra-nombra-a-blanca-jimenez-coordinadora-de-regidores-del-pan\/\" \/>\n<meta property=\"og:locale\" content=\"es_ES\" \/>\n<meta property=\"og:type\" content=\"article\" \/>\n<meta property=\"og:title\" content=\"Mario Riestra nombra a Blanca Jim\u00e9nez coordinadora de regidores del PAN - The Puebla Times\" \/>\n<meta property=\"og:description\" content=\"POR FRED ESTRADA El presidente del Comit\u00e9 Directivo Estatal (CDE) del PAN, Mario Riestra, nombr\u00f3 a Blanca Jim\u00e9nez Castillo como coordinadora de regidoras, regidores y s\u00edndicos en el estado de Puebla. Mario Riestra expres\u00f3 \u201cestamos seguros de que Blanca Jim\u00e9nez, con su compromiso y experiencia, fortalecer\u00e1 el trabajo de nuestros regidores, asegurando que cada uno...\" \/>\n<meta property=\"og:url\" content=\"https:\/\/thepueblatimes.mx\/index.php\/2025\/01\/09\/mario-riestra-nombra-a-blanca-jimenez-coordinadora-de-regidores-del-pan\/\" \/>\n<meta property=\"og:site_name\" content=\"The Puebla Times\" \/>\n<meta property=\"article:published_time\" content=\"2025-01-10T00:22:54+00:00\" \/>\n<meta property=\"og:image\" content=\"https:\/\/thepueblatimes.mx\/wp-content\/uploads\/2025\/01\/Mario-Riestra-nombra-a-Blanca-Jimenez-Castillo-Nueva-Coordinadora-de-Regidoras-Regidores-y-Sindicos-del-PAN-en-Puebla.webp\" \/>\n\t<meta property=\"og:image:width\" content=\"1368\" \/>\n\t<meta property=\"og:image:height\" content=\"1510\" \/>\n\t<meta property=\"og:image:type\" content=\"image\/webp\" \/>\n<meta name=\"author\" content=\"Sa\u00fal Hern\u00e1ndez\" \/>\n<meta name=\"twitter:card\" content=\"summary_large_image\" \/>\n<meta name=\"twitter:label1\" content=\"Escrito por\" \/>\n\t<meta name=\"twitter:data1\" content=\"Sa\u00fal Hern\u00e1ndez\" \/>\n\t<meta name=\"twitter:label2\" content=\"Tiempo de lectura\" \/>\n\t<meta name=\"twitter:data2\" content=\"1 minuto\" \/>\n<script type=\"application\/ld+json\" class=\"yoast-schema-graph\">{\"@context\":\"https:\/\/schema.org\",\"@graph\":[{\"@type\":\"WebPage\",\"@id\":\"https:\/\/thepueblatimes.mx\/index.php\/2025\/01\/09\/mario-riestra-nombra-a-blanca-jimenez-coordinadora-de-regidores-del-pan\/\",\"url\":\"https:\/\/thepueblatimes.mx\/index.php\/2025\/01\/09\/mario-riestra-nombra-a-blanca-jimenez-coordinadora-de-regidores-del-pan\/\",\"name\":\"Mario Riestra nombra a Blanca Jim\u00e9nez coordinadora de regidores del PAN - The Puebla Times\",\"isPartOf\":{\"@id\":\"https:\/\/thepueblatimes.mx\/#website\"},\"datePublished\":\"2025-01-10T00:22:54+00:00\",\"dateModified\":\"2025-01-10T00:22:54+00:00\",\"author\":{\"@id\":\"https:\/\/thepueblatimes.mx\/#\/schema\/person\/1664894c2f65ce2c7a08d8f5f905c13c\"},\"breadcrumb\":{\"@id\":\"https:\/\/thepueblatimes.mx\/index.php\/2025\/01\/09\/mario-riestra-nombra-a-blanca-jimenez-coordinadora-de-regidores-del-pan\/#breadcrumb\"},\"inLanguage\":\"es\",\"potentialAction\":[{\"@type\":\"ReadAction\",\"target\":[\"https:\/\/thepueblatimes.mx\/index.php\/2025\/01\/09\/mario-riestra-nombra-a-blanca-jimenez-coordinadora-de-regidores-del-pan\/\"]}]},{\"@type\":\"BreadcrumbList\",\"@id\":\"https:\/\/thepueblatimes.mx\/index.php\/2025\/01\/09\/mario-riestra-nombra-a-blanca-jimenez-coordinadora-de-regidores-del-pan\/#breadcrumb\",\"itemListElement\":[{\"@type\":\"ListItem\",\"position\":1,\"name\":\"Portada\",\"item\":\"https:\/\/thepueblatimes.mx\/\"},{\"@type\":\"ListItem\",\"position\":2,\"name\":\"Mario Riestra nombra a Blanca Jim\u00e9nez coordinadora de regidores del PAN\"}]},{\"@type\":\"WebSite\",\"@id\":\"https:\/\/thepueblatimes.mx\/#website\",\"url\":\"https:\/\/thepueblatimes.mx\/\",\"name\":\"The Puebla Times\",\"description\":\"Noticias del Estado de Puebla\",\"potentialAction\":[{\"@type\":\"SearchAction\",\"target\":{\"@type\":\"EntryPoint\",\"urlTemplate\":\"https:\/\/thepueblatimes.mx\/?s={search_term_string}\"},\"query-input\":\"required name=search_term_string\"}],\"inLanguage\":\"es\"},{\"@type\":\"Person\",\"@id\":\"https:\/\/thepueblatimes.mx\/#\/schema\/person\/1664894c2f65ce2c7a08d8f5f905c13c\",\"name\":\"Sa\u00fal Hern\u00e1ndez\",\"image\":{\"@type\":\"ImageObject\",\"inLanguage\":\"es\",\"@id\":\"https:\/\/thepueblatimes.mx\/#\/schema\/person\/image\/\",\"url\":\"https:\/\/secure.gravatar.com\/avatar\/11be338693f243309532caad8f10c930?s=96&d=mm&r=g\",\"contentUrl\":\"https:\/\/secure.gravatar.com\/avatar\/11be338693f243309532caad8f10c930?s=96&d=mm&r=g\",\"caption\":\"Sa\u00fal Hern\u00e1ndez\"},\"url\":\"https:\/\/thepueblatimes.mx\/index.php\/author\/saulhernandez\/\"}]}<\/script>\n<!-- \/ Yoast SEO plugin. -->","yoast_head_json":{"title":"Mario Riestra nombra a Blanca Jim\u00e9nez coordinadora de regidores del PAN - The Puebla Times","robots":{"index":"index","follow":"follow","max-snippet":"max-snippet:-1","max-image-preview":"max-image-preview:large","max-video-preview":"max-video-preview:-1"},"canonical":"https:\/\/thepueblatimes.mx\/index.php\/2025\/01\/09\/mario-riestra-nombra-a-blanca-jimenez-coordinadora-de-regidores-del-pan\/","og_locale":"es_ES","og_type":"article","og_title":"Mario Riestra nombra a Blanca Jim\u00e9nez coordinadora de regidores del PAN - The Puebla Times","og_description":"POR FRED ESTRADA El presidente del Comit\u00e9 Directivo Estatal (CDE) del PAN, Mario Riestra, nombr\u00f3 a Blanca Jim\u00e9nez Castillo como coordinadora de regidoras, regidores y s\u00edndicos en el estado de Puebla. Mario Riestra expres\u00f3 \u201cestamos seguros de que Blanca Jim\u00e9nez, con su compromiso y experiencia, fortalecer\u00e1 el trabajo de nuestros regidores, asegurando que cada uno...","og_url":"https:\/\/thepueblatimes.mx\/index.php\/2025\/01\/09\/mario-riestra-nombra-a-blanca-jimenez-coordinadora-de-regidores-del-pan\/","og_site_name":"The Puebla Times","article_published_time":"2025-01-10T00:22:54+00:00","og_image":[{"width":1368,"height":1510,"url":"https:\/\/thepueblatimes.mx\/wp-content\/uploads\/2025\/01\/Mario-Riestra-nombra-a-Blanca-Jimenez-Castillo-Nueva-Coordinadora-de-Regidoras-Regidores-y-Sindicos-del-PAN-en-Puebla.webp","type":"image\/webp"}],"author":"Sa\u00fal Hern\u00e1ndez","twitter_card":"summary_large_image","twitter_misc":{"Escrito por":"Sa\u00fal Hern\u00e1ndez","Tiempo de lectura":"1 minuto"},"schema":{"@context":"https:\/\/schema.org","@graph":[{"@type":"WebPage","@id":"https:\/\/thepueblatimes.mx\/index.php\/2025\/01\/09\/mario-riestra-nombra-a-blanca-jimenez-coordinadora-de-regidores-del-pan\/","url":"https:\/\/thepueblatimes.mx\/index.php\/2025\/01\/09\/mario-riestra-nombra-a-blanca-jimenez-coordinadora-de-regidores-del-pan\/","name":"Mario Riestra nombra a Blanca Jim\u00e9nez coordinadora de regidores del PAN - The Puebla Times","isPartOf":{"@id":"https:\/\/thepueblatimes.mx\/#website"},"datePublished":"2025-01-10T00:22:54+00:00","dateModified":"2025-01-10T00:22:54+00:00","author":{"@id":"https:\/\/thepueblatimes.mx\/#\/schema\/person\/1664894c2f65ce2c7a08d8f5f905c13c"},"breadcrumb":{"@id":"https:\/\/thepueblatimes.mx\/index.php\/2025\/01\/09\/mario-riestra-nombra-a-blanca-jimenez-coordinadora-de-regidores-del-pan\/#breadcrumb"},"inLanguage":"es","potentialAction":[{"@type":"ReadAction","target":["https:\/\/thepueblatimes.mx\/index.php\/2025\/01\/09\/mario-riestra-nombra-a-blanca-jimenez-coordinadora-de-regidores-del-pan\/"]}]},{"@type":"BreadcrumbList","@id":"https:\/\/thepueblatimes.mx\/index.php\/2025\/01\/09\/mario-riestra-nombra-a-blanca-jimenez-coordinadora-de-regidores-del-pan\/#breadcrumb","itemListElement":[{"@type":"ListItem","position":1,"name":"Portada","item":"https:\/\/thepueblatimes.mx\/"},{"@type":"ListItem","position":2,"name":"Mario Riestra nombra a Blanca Jim\u00e9nez coordinadora de regidores del PAN"}]},{"@type":"WebSite","@id":"https:\/\/thepueblatimes.mx\/#website","url":"https:\/\/thepueblatimes.mx\/","name":"The Puebla Times","description":"Noticias del Estado de Puebla","potentialAction":[{"@type":"SearchAction","target":{"@type":"EntryPoint","urlTemplate":"https:\/\/thepueblatimes.mx\/?s={search_term_string}"},"query-input":"required name=search_term_string"}],"inLanguage":"es"},{"@type":"Person","@id":"https:\/\/thepueblatimes.mx\/#\/schema\/person\/1664894c2f65ce2c7a08d8f5f905c13c","name":"Sa\u00fal Hern\u00e1ndez","image":{"@type":"ImageObject","inLanguage":"es","@id":"https:\/\/thepueblatimes.mx\/#\/schema\/person\/image\/","url":"https:\/\/secure.gravatar.com\/avatar\/11be338693f243309532caad8f10c930?s=96&d=mm&r=g","contentUrl":"https:\/\/secure.gravatar.com\/avatar\/11be338693f243309532caad8f10c930?s=96&d=mm&r=g","caption":"Sa\u00fal Hern\u00e1ndez"},"url":"https:\/\/thepueblatimes.mx\/index.php\/author\/saulhernandez\/"}]}},"jetpack_featured_media_url":"https:\/\/thepueblatimes.mx\/wp-content\/uploads\/2025\/01\/Mario-Riestra-nombra-a-Blanca-Jimenez-Castillo-Nueva-Coordinadora-de-Regidoras-Regidores-y-Sindicos-del-PAN-en-Puebla.webp","_links":{"self":[{"href":"https:\/\/thepueblatimes.mx\/index.php\/wp-json\/wp\/v2\/posts\/27151"}],"collection":[{"href":"https:\/\/thepueblatimes.mx\/index.php\/wp-json\/wp\/v2\/posts"}],"about":[{"href":"https:\/\/thepueblatimes.mx\/index.php\/wp-json\/wp\/v2\/types\/post"}],"author":[{"embeddable":true,"href":"https:\/\/thepueblatimes.mx\/index.php\/wp-json\/wp\/v2\/users\/16"}],"replies":[{"embeddable":true,"href":"https:\/\/thepueblatimes.mx\/index.php\/wp-json\/wp\/v2\/comments?post=27151"}],"version-history":[{"count":1,"href":"https:\/\/thepueblatimes.mx\/index.php\/wp-json\/wp\/v2\/posts\/27151\/revisions"}],"predecessor-version":[{"id":27153,"href":"https:\/\/thepueblatimes.mx\/index.php\/wp-json\/wp\/v2\/posts\/27151\/revisions\/27153"}],"wp:featuredmedia":[{"embeddable":true,"href":"https:\/\/thepueblatimes.mx\/index.php\/wp-json\/wp\/v2\/media\/27152"}],"wp:attachment":[{"href":"https:\/\/thepueblatimes.mx\/index.php\/wp-json\/wp\/v2\/media?parent=27151"}],"wp:term":[{"taxonomy":"category","embeddable":true,"href":"https:\/\/thepueblatimes.mx\/index.php\/wp-json\/wp\/v2\/categories?post=27151"},{"taxonomy":"post_tag","embeddable":true,"href":"https:\/\/thepueblatimes.mx\/index.php\/wp-json\/wp\/v2\/tags?post=27151"}],"curies":[{"name":"wp","href":"https:\/\/api.w.org\/{rel}","templated":true}]}}