{"id":27120,"date":"2025-01-08T18:09:53","date_gmt":"2025-01-09T00:09:53","guid":{"rendered":"https:\/\/thepueblatimes.mx\/?p=27120"},"modified":"2025-01-08T18:10:49","modified_gmt":"2025-01-09T00:10:49","slug":"ingenio-calipam-en-quiebra","status":"publish","type":"post","link":"https:\/\/thepueblatimes.mx\/index.php\/2025\/01\/08\/ingenio-calipam-en-quiebra\/","title":{"rendered":"Ingenio Calipam en quiebra"},"content":{"rendered":"<p>POR FRED ESTRADA<\/p>\n<p>Los due\u00f1os del ingenio Calipam declararon en quiebra, y buscan poner en venta un predio de cuatro hect\u00e1reas, ubicado en el municipio de Coxcatl\u00e1n para saldar la deuda con los productores ca\u00f1eros.<\/p>\n<p>Lo anterior de acuerdo con el secretario de Gobernaci\u00f3n, Samuel Aguilar Pala, quieren indic\u00f3 que platicar\u00e1n con los trabajadores para ver si es que aceptan esta oferta como garant\u00eda.<\/p>\n<p>Expres\u00f3 \u201cellos declaran que, efectivamente, est\u00e1n en bancarrota y que est\u00e1n buscando algunas formas de solucionar el tema y el acuerdo fue que ofrecieron un terreno de cuatro hect\u00e1reas\u201d.<\/p>\n<p>Precis\u00f3 que se llevar\u00e1 a cabo un eval\u00fao catastral para saber cu\u00e1l es el costo exacto por estas tierras y si es equiparable al monto pendiente que existe por el pago de sus salarios.<\/p>\n<p>Durante esta semana habr\u00e1 una reuni\u00f3n entre las autoridades estatales y los ca\u00f1eros, para poder hacer un planteamiento concreto respecto a recuperar su dinero.<\/p>\n","protected":false},"excerpt":{"rendered":"<p>POR FRED ESTRADA Los due\u00f1os del ingenio Calipam declararon en quiebra, y buscan poner en venta un predio de cuatro hect\u00e1reas, ubicado en el municipio de Coxcatl\u00e1n para saldar la deuda con los productores ca\u00f1eros. Lo anterior de acuerdo con el secretario de Gobernaci\u00f3n, Samuel Aguilar Pala, quieren indic\u00f3 que platicar\u00e1n con los trabajadores para&#8230;<\/p>\n","protected":false},"author":16,"featured_media":27123,"comment_status":"closed","ping_status":"closed","sticky":false,"template":"","format":"standard","meta":[],"categories":[542],"tags":[2783,509,2829,2828,2830],"yoast_head":"<!-- This site is optimized with the Yoast SEO plugin v20.8 - https:\/\/yoast.com\/wordpress\/plugins\/seo\/ -->\n<title>Ingenio Calipam en quiebra - The Puebla Times<\/title>\n<meta name=\"robots\" content=\"index, follow, max-snippet:-1, max-image-preview:large, max-video-preview:-1\" \/>\n<link rel=\"canonical\" href=\"https:\/\/thepueblatimes.mx\/index.php\/2025\/01\/08\/ingenio-calipam-en-quiebra\/\" \/>\n<meta property=\"og:locale\" content=\"es_ES\" \/>\n<meta property=\"og:type\" content=\"article\" \/>\n<meta property=\"og:title\" content=\"Ingenio Calipam en quiebra - The Puebla Times\" \/>\n<meta property=\"og:description\" content=\"POR FRED ESTRADA Los due\u00f1os del ingenio Calipam declararon en quiebra, y buscan poner en venta un predio de cuatro hect\u00e1reas, ubicado en el municipio de Coxcatl\u00e1n para saldar la deuda con los productores ca\u00f1eros. Lo anterior de acuerdo con el secretario de Gobernaci\u00f3n, Samuel Aguilar Pala, quieren indic\u00f3 que platicar\u00e1n con los trabajadores para...\" \/>\n<meta property=\"og:url\" content=\"https:\/\/thepueblatimes.mx\/index.php\/2025\/01\/08\/ingenio-calipam-en-quiebra\/\" \/>\n<meta property=\"og:site_name\" content=\"The Puebla Times\" \/>\n<meta property=\"article:published_time\" content=\"2025-01-09T00:09:53+00:00\" \/>\n<meta property=\"article:modified_time\" content=\"2025-01-09T00:10:49+00:00\" \/>\n<meta property=\"og:image\" content=\"https:\/\/thepueblatimes.mx\/wp-content\/uploads\/2025\/01\/INGENIO-DE-CALIPAM-01-JAJ.webp\" \/>\n\t<meta property=\"og:image:width\" content=\"1900\" \/>\n\t<meta property=\"og:image:height\" content=\"1068\" \/>\n\t<meta property=\"og:image:type\" content=\"image\/webp\" \/>\n<meta name=\"author\" content=\"Sa\u00fal Hern\u00e1ndez\" \/>\n<meta name=\"twitter:card\" content=\"summary_large_image\" \/>\n<meta name=\"twitter:label1\" content=\"Escrito por\" \/>\n\t<meta name=\"twitter:data1\" content=\"Sa\u00fal Hern\u00e1ndez\" \/>\n\t<meta name=\"twitter:label2\" content=\"Tiempo de lectura\" \/>\n\t<meta name=\"twitter:data2\" content=\"1 minuto\" \/>\n<script type=\"application\/ld+json\" class=\"yoast-schema-graph\">{\"@context\":\"https:\/\/schema.org\",\"@graph\":[{\"@type\":\"WebPage\",\"@id\":\"https:\/\/thepueblatimes.mx\/index.php\/2025\/01\/08\/ingenio-calipam-en-quiebra\/\",\"url\":\"https:\/\/thepueblatimes.mx\/index.php\/2025\/01\/08\/ingenio-calipam-en-quiebra\/\",\"name\":\"Ingenio Calipam en quiebra - The Puebla Times\",\"isPartOf\":{\"@id\":\"https:\/\/thepueblatimes.mx\/#website\"},\"datePublished\":\"2025-01-09T00:09:53+00:00\",\"dateModified\":\"2025-01-09T00:10:49+00:00\",\"author\":{\"@id\":\"https:\/\/thepueblatimes.mx\/#\/schema\/person\/1664894c2f65ce2c7a08d8f5f905c13c\"},\"breadcrumb\":{\"@id\":\"https:\/\/thepueblatimes.mx\/index.php\/2025\/01\/08\/ingenio-calipam-en-quiebra\/#breadcrumb\"},\"inLanguage\":\"es\",\"potentialAction\":[{\"@type\":\"ReadAction\",\"target\":[\"https:\/\/thepueblatimes.mx\/index.php\/2025\/01\/08\/ingenio-calipam-en-quiebra\/\"]}]},{\"@type\":\"BreadcrumbList\",\"@id\":\"https:\/\/thepueblatimes.mx\/index.php\/2025\/01\/08\/ingenio-calipam-en-quiebra\/#breadcrumb\",\"itemListElement\":[{\"@type\":\"ListItem\",\"position\":1,\"name\":\"Portada\",\"item\":\"https:\/\/thepueblatimes.mx\/\"},{\"@type\":\"ListItem\",\"position\":2,\"name\":\"Ingenio Calipam en quiebra\"}]},{\"@type\":\"WebSite\",\"@id\":\"https:\/\/thepueblatimes.mx\/#website\",\"url\":\"https:\/\/thepueblatimes.mx\/\",\"name\":\"The Puebla Times\",\"description\":\"Noticias del Estado de Puebla\",\"potentialAction\":[{\"@type\":\"SearchAction\",\"target\":{\"@type\":\"EntryPoint\",\"urlTemplate\":\"https:\/\/thepueblatimes.mx\/?s={search_term_string}\"},\"query-input\":\"required name=search_term_string\"}],\"inLanguage\":\"es\"},{\"@type\":\"Person\",\"@id\":\"https:\/\/thepueblatimes.mx\/#\/schema\/person\/1664894c2f65ce2c7a08d8f5f905c13c\",\"name\":\"Sa\u00fal Hern\u00e1ndez\",\"image\":{\"@type\":\"ImageObject\",\"inLanguage\":\"es\",\"@id\":\"https:\/\/thepueblatimes.mx\/#\/schema\/person\/image\/\",\"url\":\"https:\/\/secure.gravatar.com\/avatar\/11be338693f243309532caad8f10c930?s=96&d=mm&r=g\",\"contentUrl\":\"https:\/\/secure.gravatar.com\/avatar\/11be338693f243309532caad8f10c930?s=96&d=mm&r=g\",\"caption\":\"Sa\u00fal Hern\u00e1ndez\"},\"url\":\"https:\/\/thepueblatimes.mx\/index.php\/author\/saulhernandez\/\"}]}<\/script>\n<!-- \/ Yoast SEO plugin. -->","yoast_head_json":{"title":"Ingenio Calipam en quiebra - The Puebla Times","robots":{"index":"index","follow":"follow","max-snippet":"max-snippet:-1","max-image-preview":"max-image-preview:large","max-video-preview":"max-video-preview:-1"},"canonical":"https:\/\/thepueblatimes.mx\/index.php\/2025\/01\/08\/ingenio-calipam-en-quiebra\/","og_locale":"es_ES","og_type":"article","og_title":"Ingenio Calipam en quiebra - The Puebla Times","og_description":"POR FRED ESTRADA Los due\u00f1os del ingenio Calipam declararon en quiebra, y buscan poner en venta un predio de cuatro hect\u00e1reas, ubicado en el municipio de Coxcatl\u00e1n para saldar la deuda con los productores ca\u00f1eros. Lo anterior de acuerdo con el secretario de Gobernaci\u00f3n, Samuel Aguilar Pala, quieren indic\u00f3 que platicar\u00e1n con los trabajadores para...","og_url":"https:\/\/thepueblatimes.mx\/index.php\/2025\/01\/08\/ingenio-calipam-en-quiebra\/","og_site_name":"The Puebla Times","article_published_time":"2025-01-09T00:09:53+00:00","article_modified_time":"2025-01-09T00:10:49+00:00","og_image":[{"width":1900,"height":1068,"url":"https:\/\/thepueblatimes.mx\/wp-content\/uploads\/2025\/01\/INGENIO-DE-CALIPAM-01-JAJ.webp","type":"image\/webp"}],"author":"Sa\u00fal Hern\u00e1ndez","twitter_card":"summary_large_image","twitter_misc":{"Escrito por":"Sa\u00fal Hern\u00e1ndez","Tiempo de lectura":"1 minuto"},"schema":{"@context":"https:\/\/schema.org","@graph":[{"@type":"WebPage","@id":"https:\/\/thepueblatimes.mx\/index.php\/2025\/01\/08\/ingenio-calipam-en-quiebra\/","url":"https:\/\/thepueblatimes.mx\/index.php\/2025\/01\/08\/ingenio-calipam-en-quiebra\/","name":"Ingenio Calipam en quiebra - The Puebla Times","isPartOf":{"@id":"https:\/\/thepueblatimes.mx\/#website"},"datePublished":"2025-01-09T00:09:53+00:00","dateModified":"2025-01-09T00:10:49+00:00","author":{"@id":"https:\/\/thepueblatimes.mx\/#\/schema\/person\/1664894c2f65ce2c7a08d8f5f905c13c"},"breadcrumb":{"@id":"https:\/\/thepueblatimes.mx\/index.php\/2025\/01\/08\/ingenio-calipam-en-quiebra\/#breadcrumb"},"inLanguage":"es","potentialAction":[{"@type":"ReadAction","target":["https:\/\/thepueblatimes.mx\/index.php\/2025\/01\/08\/ingenio-calipam-en-quiebra\/"]}]},{"@type":"BreadcrumbList","@id":"https:\/\/thepueblatimes.mx\/index.php\/2025\/01\/08\/ingenio-calipam-en-quiebra\/#breadcrumb","itemListElement":[{"@type":"ListItem","position":1,"name":"Portada","item":"https:\/\/thepueblatimes.mx\/"},{"@type":"ListItem","position":2,"name":"Ingenio Calipam en quiebra"}]},{"@type":"WebSite","@id":"https:\/\/thepueblatimes.mx\/#website","url":"https:\/\/thepueblatimes.mx\/","name":"The Puebla Times","description":"Noticias del Estado de Puebla","potentialAction":[{"@type":"SearchAction","target":{"@type":"EntryPoint","urlTemplate":"https:\/\/thepueblatimes.mx\/?s={search_term_string}"},"query-input":"required name=search_term_string"}],"inLanguage":"es"},{"@type":"Person","@id":"https:\/\/thepueblatimes.mx\/#\/schema\/person\/1664894c2f65ce2c7a08d8f5f905c13c","name":"Sa\u00fal Hern\u00e1ndez","image":{"@type":"ImageObject","inLanguage":"es","@id":"https:\/\/thepueblatimes.mx\/#\/schema\/person\/image\/","url":"https:\/\/secure.gravatar.com\/avatar\/11be338693f243309532caad8f10c930?s=96&d=mm&r=g","contentUrl":"https:\/\/secure.gravatar.com\/avatar\/11be338693f243309532caad8f10c930?s=96&d=mm&r=g","caption":"Sa\u00fal Hern\u00e1ndez"},"url":"https:\/\/thepueblatimes.mx\/index.php\/author\/saulhernandez\/"}]}},"jetpack_featured_media_url":"https:\/\/thepueblatimes.mx\/wp-content\/uploads\/2025\/01\/INGENIO-DE-CALIPAM-01-JAJ.webp","_links":{"self":[{"href":"https:\/\/thepueblatimes.mx\/index.php\/wp-json\/wp\/v2\/posts\/27120"}],"collection":[{"href":"https:\/\/thepueblatimes.mx\/index.php\/wp-json\/wp\/v2\/posts"}],"about":[{"href":"https:\/\/thepueblatimes.mx\/index.php\/wp-json\/wp\/v2\/types\/post"}],"author":[{"embeddable":true,"href":"https:\/\/thepueblatimes.mx\/index.php\/wp-json\/wp\/v2\/users\/16"}],"replies":[{"embeddable":true,"href":"https:\/\/thepueblatimes.mx\/index.php\/wp-json\/wp\/v2\/comments?post=27120"}],"version-history":[{"count":1,"href":"https:\/\/thepueblatimes.mx\/index.php\/wp-json\/wp\/v2\/posts\/27120\/revisions"}],"predecessor-version":[{"id":27122,"href":"https:\/\/thepueblatimes.mx\/index.php\/wp-json\/wp\/v2\/posts\/27120\/revisions\/27122"}],"wp:featuredmedia":[{"embeddable":true,"href":"https:\/\/thepueblatimes.mx\/index.php\/wp-json\/wp\/v2\/media\/27123"}],"wp:attachment":[{"href":"https:\/\/thepueblatimes.mx\/index.php\/wp-json\/wp\/v2\/media?parent=27120"}],"wp:term":[{"taxonomy":"category","embeddable":true,"href":"https:\/\/thepueblatimes.mx\/index.php\/wp-json\/wp\/v2\/categories?post=27120"},{"taxonomy":"post_tag","embeddable":true,"href":"https:\/\/thepueblatimes.mx\/index.php\/wp-json\/wp\/v2\/tags?post=27120"}],"curies":[{"name":"wp","href":"https:\/\/api.w.org\/{rel}","templated":true}]}}