{"id":27085,"date":"2025-01-07T15:34:01","date_gmt":"2025-01-07T21:34:01","guid":{"rendered":"https:\/\/thepueblatimes.mx\/?p=27085"},"modified":"2025-01-07T15:34:31","modified_gmt":"2025-01-07T21:34:31","slug":"parquimetros-en-el-centro-historico-de-puebla-comenzaran-a-operar-en-febrero","status":"publish","type":"post","link":"https:\/\/thepueblatimes.mx\/index.php\/2025\/01\/07\/parquimetros-en-el-centro-historico-de-puebla-comenzaran-a-operar-en-febrero\/","title":{"rendered":"Parqu\u00edmetros en el Centro Hist\u00f3rico de Puebla comenzar\u00e1n a operar en febrero"},"content":{"rendered":"<p>POR FRED ESTRADA<\/p>\n<p>Los parqu\u00edmetros comenzar\u00e1n a operare, en febrero, con el nuevo reglamento que permite tres horas de estacionamiento gratuito en las calles del Centro Hist\u00f3rico.<\/p>\n<p>As\u00ed lo inform\u00f3 el alcalde Jos\u00e9 Chedraui quien agreg\u00f3 que los poblanos podr\u00e1n acceder a los beneficios del programa, pero deber\u00e1n registrarse en un tiempo l\u00edmite de 15 minutos, para no ser sancionados.<\/p>\n<p>El nuevo reglamento de uso de parqu\u00edmetros se establece que el horario de funcionamiento ser\u00e1 de lunes a viernes de 8:00 horas a 22:00 horas. Los d\u00edas s\u00e1bado y domingo operar\u00e1n de 11:00 horas a 19:00 horas.<\/p>\n<p>Se prev\u00e9 que la aplicaci\u00f3n que operar\u00e1 los parqu\u00edmetros emita un aviso a los usuarios con 10 minutos de anticipaci\u00f3n al t\u00e9rmino del tiempo de uso del espacio.<\/p>\n<p>Quienes utilicen zonas de carga y descarga, lo har\u00e1n de 8:00 horas a 20:59 horas. Esos espacios quedan restringidos para veh\u00edculos que carguen mercanc\u00eda con hasta 3.5 toneladas.<\/p>\n<p>Los residentes o comerciantes del Centro Hist\u00f3rico, no tendr\u00e1 l\u00edmite de tiempo ni costo, pero deber\u00e1n gestionar el permiso correspondiente en la Secretar\u00eda de Movilidad e Infraestructura y comprobar que laboran o viven en el \u00e1rea.<\/p>\n","protected":false},"excerpt":{"rendered":"<p>POR FRED ESTRADA Los parqu\u00edmetros comenzar\u00e1n a operare, en febrero, con el nuevo reglamento que permite tres horas de estacionamiento gratuito en las calles del Centro Hist\u00f3rico. As\u00ed lo inform\u00f3 el alcalde Jos\u00e9 Chedraui quien agreg\u00f3 que los poblanos podr\u00e1n acceder a los beneficios del programa, pero deber\u00e1n registrarse en un tiempo l\u00edmite de 15&#8230;<\/p>\n","protected":false},"author":16,"featured_media":0,"comment_status":"closed","ping_status":"closed","sticky":false,"template":"","format":"standard","meta":[],"categories":[20],"tags":[2621,2377,2362,2816],"yoast_head":"<!-- This site is optimized with the Yoast SEO plugin v20.8 - https:\/\/yoast.com\/wordpress\/plugins\/seo\/ -->\n<title>Parqu\u00edmetros en el Centro Hist\u00f3rico de Puebla comenzar\u00e1n a operar en febrero - The Puebla Times<\/title>\n<meta name=\"robots\" content=\"index, follow, max-snippet:-1, max-image-preview:large, max-video-preview:-1\" \/>\n<link rel=\"canonical\" href=\"https:\/\/thepueblatimes.mx\/index.php\/2025\/01\/07\/parquimetros-en-el-centro-historico-de-puebla-comenzaran-a-operar-en-febrero\/\" \/>\n<meta property=\"og:locale\" content=\"es_ES\" \/>\n<meta property=\"og:type\" content=\"article\" \/>\n<meta property=\"og:title\" content=\"Parqu\u00edmetros en el Centro Hist\u00f3rico de Puebla comenzar\u00e1n a operar en febrero - The Puebla Times\" \/>\n<meta property=\"og:description\" content=\"POR FRED ESTRADA Los parqu\u00edmetros comenzar\u00e1n a operare, en febrero, con el nuevo reglamento que permite tres horas de estacionamiento gratuito en las calles del Centro Hist\u00f3rico. As\u00ed lo inform\u00f3 el alcalde Jos\u00e9 Chedraui quien agreg\u00f3 que los poblanos podr\u00e1n acceder a los beneficios del programa, pero deber\u00e1n registrarse en un tiempo l\u00edmite de 15...\" \/>\n<meta property=\"og:url\" content=\"https:\/\/thepueblatimes.mx\/index.php\/2025\/01\/07\/parquimetros-en-el-centro-historico-de-puebla-comenzaran-a-operar-en-febrero\/\" \/>\n<meta property=\"og:site_name\" content=\"The Puebla Times\" \/>\n<meta property=\"article:published_time\" content=\"2025-01-07T21:34:01+00:00\" \/>\n<meta property=\"article:modified_time\" content=\"2025-01-07T21:34:31+00:00\" \/>\n<meta property=\"og:image\" content=\"https:\/\/thepueblatimes.mx\/wp-content\/uploads\/2025\/01\/parquimetros-644399-scaled-1.jpg\" \/>\n\t<meta property=\"og:image:width\" content=\"2560\" \/>\n\t<meta property=\"og:image:height\" content=\"1707\" \/>\n\t<meta property=\"og:image:type\" content=\"image\/jpeg\" \/>\n<meta name=\"author\" content=\"Sa\u00fal Hern\u00e1ndez\" \/>\n<meta name=\"twitter:card\" content=\"summary_large_image\" \/>\n<meta name=\"twitter:label1\" content=\"Escrito por\" \/>\n\t<meta name=\"twitter:data1\" content=\"Sa\u00fal Hern\u00e1ndez\" \/>\n\t<meta name=\"twitter:label2\" content=\"Tiempo de lectura\" \/>\n\t<meta name=\"twitter:data2\" content=\"1 minuto\" \/>\n<script type=\"application\/ld+json\" class=\"yoast-schema-graph\">{\"@context\":\"https:\/\/schema.org\",\"@graph\":[{\"@type\":\"WebPage\",\"@id\":\"https:\/\/thepueblatimes.mx\/index.php\/2025\/01\/07\/parquimetros-en-el-centro-historico-de-puebla-comenzaran-a-operar-en-febrero\/\",\"url\":\"https:\/\/thepueblatimes.mx\/index.php\/2025\/01\/07\/parquimetros-en-el-centro-historico-de-puebla-comenzaran-a-operar-en-febrero\/\",\"name\":\"Parqu\u00edmetros en el Centro Hist\u00f3rico de Puebla comenzar\u00e1n a operar en febrero - The Puebla Times\",\"isPartOf\":{\"@id\":\"https:\/\/thepueblatimes.mx\/#website\"},\"datePublished\":\"2025-01-07T21:34:01+00:00\",\"dateModified\":\"2025-01-07T21:34:31+00:00\",\"author\":{\"@id\":\"https:\/\/thepueblatimes.mx\/#\/schema\/person\/1664894c2f65ce2c7a08d8f5f905c13c\"},\"breadcrumb\":{\"@id\":\"https:\/\/thepueblatimes.mx\/index.php\/2025\/01\/07\/parquimetros-en-el-centro-historico-de-puebla-comenzaran-a-operar-en-febrero\/#breadcrumb\"},\"inLanguage\":\"es\",\"potentialAction\":[{\"@type\":\"ReadAction\",\"target\":[\"https:\/\/thepueblatimes.mx\/index.php\/2025\/01\/07\/parquimetros-en-el-centro-historico-de-puebla-comenzaran-a-operar-en-febrero\/\"]}]},{\"@type\":\"BreadcrumbList\",\"@id\":\"https:\/\/thepueblatimes.mx\/index.php\/2025\/01\/07\/parquimetros-en-el-centro-historico-de-puebla-comenzaran-a-operar-en-febrero\/#breadcrumb\",\"itemListElement\":[{\"@type\":\"ListItem\",\"position\":1,\"name\":\"Portada\",\"item\":\"https:\/\/thepueblatimes.mx\/\"},{\"@type\":\"ListItem\",\"position\":2,\"name\":\"Parqu\u00edmetros en el Centro Hist\u00f3rico de Puebla comenzar\u00e1n a operar en febrero\"}]},{\"@type\":\"WebSite\",\"@id\":\"https:\/\/thepueblatimes.mx\/#website\",\"url\":\"https:\/\/thepueblatimes.mx\/\",\"name\":\"The Puebla Times\",\"description\":\"Noticias del Estado de Puebla\",\"potentialAction\":[{\"@type\":\"SearchAction\",\"target\":{\"@type\":\"EntryPoint\",\"urlTemplate\":\"https:\/\/thepueblatimes.mx\/?s={search_term_string}\"},\"query-input\":\"required name=search_term_string\"}],\"inLanguage\":\"es\"},{\"@type\":\"Person\",\"@id\":\"https:\/\/thepueblatimes.mx\/#\/schema\/person\/1664894c2f65ce2c7a08d8f5f905c13c\",\"name\":\"Sa\u00fal Hern\u00e1ndez\",\"image\":{\"@type\":\"ImageObject\",\"inLanguage\":\"es\",\"@id\":\"https:\/\/thepueblatimes.mx\/#\/schema\/person\/image\/\",\"url\":\"https:\/\/secure.gravatar.com\/avatar\/11be338693f243309532caad8f10c930?s=96&d=mm&r=g\",\"contentUrl\":\"https:\/\/secure.gravatar.com\/avatar\/11be338693f243309532caad8f10c930?s=96&d=mm&r=g\",\"caption\":\"Sa\u00fal Hern\u00e1ndez\"},\"url\":\"https:\/\/thepueblatimes.mx\/index.php\/author\/saulhernandez\/\"}]}<\/script>\n<!-- \/ Yoast SEO plugin. -->","yoast_head_json":{"title":"Parqu\u00edmetros en el Centro Hist\u00f3rico de Puebla comenzar\u00e1n a operar en febrero - The Puebla Times","robots":{"index":"index","follow":"follow","max-snippet":"max-snippet:-1","max-image-preview":"max-image-preview:large","max-video-preview":"max-video-preview:-1"},"canonical":"https:\/\/thepueblatimes.mx\/index.php\/2025\/01\/07\/parquimetros-en-el-centro-historico-de-puebla-comenzaran-a-operar-en-febrero\/","og_locale":"es_ES","og_type":"article","og_title":"Parqu\u00edmetros en el Centro Hist\u00f3rico de Puebla comenzar\u00e1n a operar en febrero - The Puebla Times","og_description":"POR FRED ESTRADA Los parqu\u00edmetros comenzar\u00e1n a operare, en febrero, con el nuevo reglamento que permite tres horas de estacionamiento gratuito en las calles del Centro Hist\u00f3rico. As\u00ed lo inform\u00f3 el alcalde Jos\u00e9 Chedraui quien agreg\u00f3 que los poblanos podr\u00e1n acceder a los beneficios del programa, pero deber\u00e1n registrarse en un tiempo l\u00edmite de 15...","og_url":"https:\/\/thepueblatimes.mx\/index.php\/2025\/01\/07\/parquimetros-en-el-centro-historico-de-puebla-comenzaran-a-operar-en-febrero\/","og_site_name":"The Puebla Times","article_published_time":"2025-01-07T21:34:01+00:00","article_modified_time":"2025-01-07T21:34:31+00:00","og_image":[{"width":2560,"height":1707,"url":"https:\/\/thepueblatimes.mx\/wp-content\/uploads\/2025\/01\/parquimetros-644399-scaled-1.jpg","type":"image\/jpeg"}],"author":"Sa\u00fal Hern\u00e1ndez","twitter_card":"summary_large_image","twitter_misc":{"Escrito por":"Sa\u00fal Hern\u00e1ndez","Tiempo de lectura":"1 minuto"},"schema":{"@context":"https:\/\/schema.org","@graph":[{"@type":"WebPage","@id":"https:\/\/thepueblatimes.mx\/index.php\/2025\/01\/07\/parquimetros-en-el-centro-historico-de-puebla-comenzaran-a-operar-en-febrero\/","url":"https:\/\/thepueblatimes.mx\/index.php\/2025\/01\/07\/parquimetros-en-el-centro-historico-de-puebla-comenzaran-a-operar-en-febrero\/","name":"Parqu\u00edmetros en el Centro Hist\u00f3rico de Puebla comenzar\u00e1n a operar en febrero - The Puebla Times","isPartOf":{"@id":"https:\/\/thepueblatimes.mx\/#website"},"datePublished":"2025-01-07T21:34:01+00:00","dateModified":"2025-01-07T21:34:31+00:00","author":{"@id":"https:\/\/thepueblatimes.mx\/#\/schema\/person\/1664894c2f65ce2c7a08d8f5f905c13c"},"breadcrumb":{"@id":"https:\/\/thepueblatimes.mx\/index.php\/2025\/01\/07\/parquimetros-en-el-centro-historico-de-puebla-comenzaran-a-operar-en-febrero\/#breadcrumb"},"inLanguage":"es","potentialAction":[{"@type":"ReadAction","target":["https:\/\/thepueblatimes.mx\/index.php\/2025\/01\/07\/parquimetros-en-el-centro-historico-de-puebla-comenzaran-a-operar-en-febrero\/"]}]},{"@type":"BreadcrumbList","@id":"https:\/\/thepueblatimes.mx\/index.php\/2025\/01\/07\/parquimetros-en-el-centro-historico-de-puebla-comenzaran-a-operar-en-febrero\/#breadcrumb","itemListElement":[{"@type":"ListItem","position":1,"name":"Portada","item":"https:\/\/thepueblatimes.mx\/"},{"@type":"ListItem","position":2,"name":"Parqu\u00edmetros en el Centro Hist\u00f3rico de Puebla comenzar\u00e1n a operar en febrero"}]},{"@type":"WebSite","@id":"https:\/\/thepueblatimes.mx\/#website","url":"https:\/\/thepueblatimes.mx\/","name":"The Puebla Times","description":"Noticias del Estado de Puebla","potentialAction":[{"@type":"SearchAction","target":{"@type":"EntryPoint","urlTemplate":"https:\/\/thepueblatimes.mx\/?s={search_term_string}"},"query-input":"required name=search_term_string"}],"inLanguage":"es"},{"@type":"Person","@id":"https:\/\/thepueblatimes.mx\/#\/schema\/person\/1664894c2f65ce2c7a08d8f5f905c13c","name":"Sa\u00fal Hern\u00e1ndez","image":{"@type":"ImageObject","inLanguage":"es","@id":"https:\/\/thepueblatimes.mx\/#\/schema\/person\/image\/","url":"https:\/\/secure.gravatar.com\/avatar\/11be338693f243309532caad8f10c930?s=96&d=mm&r=g","contentUrl":"https:\/\/secure.gravatar.com\/avatar\/11be338693f243309532caad8f10c930?s=96&d=mm&r=g","caption":"Sa\u00fal Hern\u00e1ndez"},"url":"https:\/\/thepueblatimes.mx\/index.php\/author\/saulhernandez\/"}]}},"jetpack_featured_media_url":"","_links":{"self":[{"href":"https:\/\/thepueblatimes.mx\/index.php\/wp-json\/wp\/v2\/posts\/27085"}],"collection":[{"href":"https:\/\/thepueblatimes.mx\/index.php\/wp-json\/wp\/v2\/posts"}],"about":[{"href":"https:\/\/thepueblatimes.mx\/index.php\/wp-json\/wp\/v2\/types\/post"}],"author":[{"embeddable":true,"href":"https:\/\/thepueblatimes.mx\/index.php\/wp-json\/wp\/v2\/users\/16"}],"replies":[{"embeddable":true,"href":"https:\/\/thepueblatimes.mx\/index.php\/wp-json\/wp\/v2\/comments?post=27085"}],"version-history":[{"count":2,"href":"https:\/\/thepueblatimes.mx\/index.php\/wp-json\/wp\/v2\/posts\/27085\/revisions"}],"predecessor-version":[{"id":27088,"href":"https:\/\/thepueblatimes.mx\/index.php\/wp-json\/wp\/v2\/posts\/27085\/revisions\/27088"}],"wp:attachment":[{"href":"https:\/\/thepueblatimes.mx\/index.php\/wp-json\/wp\/v2\/media?parent=27085"}],"wp:term":[{"taxonomy":"category","embeddable":true,"href":"https:\/\/thepueblatimes.mx\/index.php\/wp-json\/wp\/v2\/categories?post=27085"},{"taxonomy":"post_tag","embeddable":true,"href":"https:\/\/thepueblatimes.mx\/index.php\/wp-json\/wp\/v2\/tags?post=27085"}],"curies":[{"name":"wp","href":"https:\/\/api.w.org\/{rel}","templated":true}]}}