{"id":26929,"date":"2024-12-27T13:49:23","date_gmt":"2024-12-27T19:49:23","guid":{"rendered":"https:\/\/thepueblatimes.mx\/?p=26929"},"modified":"2024-12-27T13:49:23","modified_gmt":"2024-12-27T19:49:23","slug":"armenta-activa-el-deporte-para-combatir-adicciones","status":"publish","type":"post","link":"https:\/\/thepueblatimes.mx\/index.php\/2024\/12\/27\/armenta-activa-el-deporte-para-combatir-adicciones\/","title":{"rendered":"Armenta activa el deporte para combatir adicciones"},"content":{"rendered":"<p>POR FRED ESTRADA<\/p>\n<h3>&#8211;<em><strong> La activaci\u00f3n f\u00edsica y la pr\u00e1ctica deportiva contribuir\u00e1n a reconstruir el tejido social.<\/strong><\/em><br \/>\n<em><strong>&#8211; Ni\u00f1as, ni\u00f1os y j\u00f3venes de los 217 municipios ser\u00e1n embajadores del deporte en Puebla.<\/strong><\/em><\/h3>\n<p>PUEBLA, Pue.- El gobernador de Puebla, Alejandro Armenta, puso en marcha el programa \u201cPor Amor a Puebla, Activaci\u00f3n deportiva\u201d en la Unidad Mario V\u00e1zquez Ra\u00f1a. \u201cUn joven enfocado en el deporte no buscar\u00e1 delinquir. Mediante la activaci\u00f3n f\u00edsica y deportiva, le arrebatamos al crimen la posibilidad de reclutar delincuentes. Puebla y su juventud ser\u00e1n tierra de campeones, porque Puebla volver\u00e1 a ser cuna de campeones\u201d, afirm\u00f3.<\/p>\n<p>Para el gobierno del estado de Puebla es primordial enfrentar de manera integral los retos y desaf\u00edos sociales, por lo que la pr\u00e1ctica deportiva es una herramienta para la transformaci\u00f3n y el combate a las adicciones, acorde con la visi\u00f3n de la presidenta de la Rep\u00fablica, Claudia Sheinbaum.<\/p>\n<p>Alejandro Armenta, mandatario estatal, constat\u00f3 la pr\u00e1ctica deportiva de ni\u00f1as, ni\u00f1os y j\u00f3venes en: karate, gimnasia art\u00edstica, de trampol\u00edn y r\u00edtmica, box, taekwondo, lucha ol\u00edmpica y esgrima. Adem\u00e1s, alent\u00f3 a entrenadoras y entrenadores, alumnas y alumnos, madres y padres de familia, a practicar con pasi\u00f3n cada una de las disciplinas y los exhort\u00f3 a pensar en grande por el futuro de las nuevas generaciones poblanas.<\/p>\n<p>En las actividades deportivas estuvieron presentes: Emma Itzel Jim\u00e9nez Ponce, subsecretaria de la Juventud; Mauricio Garc\u00eda Castillo, subsecretario del Deporte; Jos\u00e9 Francisco Gonz\u00e1lez Bonilla, subsecretario de Fomento y Participaci\u00f3n Ciudadana y Maricela Olivares, Instructora de Activaci\u00f3n F\u00edsica.<\/p>\n<p>Por otra parte, el director del Sistema Estatal DIF, Raymundo Atanacio, en el arranque de los viernes de activaci\u00f3n f\u00edsica se\u00f1al\u00f3: \u201cLos ni\u00f1os y j\u00f3venes de los 217 municipios de nuestra entidad, ser\u00e1n embajadores de la cultura deportiva y art\u00edfices de la reconstrucci\u00f3n del tejido social\u201d. De igual manera, subray\u00f3 el inter\u00e9s del gobernador del estado, Alejandro Armenta, para que la sociedad cambie sus h\u00e1bitos logrando una vida saludable.<\/p>\n<p>Atanacio Luna resalt\u00f3 que el \u00faltimo viernes de cada mes, cuando se celebran los consejos t\u00e9cnicos escolares, habr\u00e1 clases de activaci\u00f3n f\u00edsica y diversas disciplinas deportivas para que ni\u00f1as, ni\u00f1os y j\u00f3venes puedan elegir la que m\u00e1s les agrade: \u201cReconocemos que, en cada rinc\u00f3n del estado, comunidades, inspector\u00edas, juntas auxiliares y cabeceras municipales, tendremos presente el deporte con nuestro gobernador Alejandro Armenta\u201d.<\/p>\n<p>En su oportunidad, la secretaria del Deporte y la Juventud, Gabriela \u201cLa Bonita\u201d S\u00e1nchez, record\u00f3 que fue mediante la activaci\u00f3n f\u00edsica y la pr\u00e1ctica de boxeo desde temprana edad, que logr\u00f3 forjarse una carrera deportiva de alto rendimiento hasta convertirse en campeona del Consejo Mundial de Boxeo. \u201cEl deporte es la herramienta m\u00e1s bonita para cambiar nuestra vida, en mi caso sufr\u00ed bullying, sufr\u00ed acoso, pero practicar el boxeo me llev\u00f3 a aprender de disciplina, a tener mejores h\u00e1bitos de alimentaci\u00f3n, saludables, un mejor estilo de vida\u201d,\u00a0puntualiz\u00f3.<\/p>\n","protected":false},"excerpt":{"rendered":"<p>POR FRED ESTRADA &#8211; La activaci\u00f3n f\u00edsica y la pr\u00e1ctica deportiva contribuir\u00e1n a reconstruir el tejido social. &#8211; Ni\u00f1as, ni\u00f1os y j\u00f3venes de los 217 municipios ser\u00e1n embajadores del deporte en Puebla. PUEBLA, Pue.- El gobernador de Puebla, Alejandro Armenta, puso en marcha el programa \u201cPor Amor a Puebla, Activaci\u00f3n deportiva\u201d en la Unidad Mario&#8230;<\/p>\n","protected":false},"author":16,"featured_media":26930,"comment_status":"closed","ping_status":"closed","sticky":false,"template":"","format":"standard","meta":[],"categories":[3],"tags":[2741,1651,303,1273,2742],"yoast_head":"<!-- This site is optimized with the Yoast SEO plugin v20.8 - https:\/\/yoast.com\/wordpress\/plugins\/seo\/ -->\n<title>Armenta activa el deporte para combatir adicciones - The Puebla Times<\/title>\n<meta name=\"robots\" content=\"index, follow, max-snippet:-1, max-image-preview:large, max-video-preview:-1\" \/>\n<link rel=\"canonical\" href=\"https:\/\/thepueblatimes.mx\/index.php\/2024\/12\/27\/armenta-activa-el-deporte-para-combatir-adicciones\/\" \/>\n<meta property=\"og:locale\" content=\"es_ES\" \/>\n<meta property=\"og:type\" content=\"article\" \/>\n<meta property=\"og:title\" content=\"Armenta activa el deporte para combatir adicciones - The Puebla Times\" \/>\n<meta property=\"og:description\" content=\"POR FRED ESTRADA &#8211; La activaci\u00f3n f\u00edsica y la pr\u00e1ctica deportiva contribuir\u00e1n a reconstruir el tejido social. &#8211; Ni\u00f1as, ni\u00f1os y j\u00f3venes de los 217 municipios ser\u00e1n embajadores del deporte en Puebla. PUEBLA, Pue.- El gobernador de Puebla, Alejandro Armenta, puso en marcha el programa \u201cPor Amor a Puebla, Activaci\u00f3n deportiva\u201d en la Unidad Mario...\" \/>\n<meta property=\"og:url\" content=\"https:\/\/thepueblatimes.mx\/index.php\/2024\/12\/27\/armenta-activa-el-deporte-para-combatir-adicciones\/\" \/>\n<meta property=\"og:site_name\" content=\"The Puebla Times\" \/>\n<meta property=\"article:published_time\" content=\"2024-12-27T19:49:23+00:00\" \/>\n<meta property=\"og:image\" content=\"https:\/\/thepueblatimes.mx\/wp-content\/uploads\/2024\/12\/2033bf05-cca3-41ab-909f-388774f4e25d.jpg\" \/>\n\t<meta property=\"og:image:width\" content=\"1920\" \/>\n\t<meta property=\"og:image:height\" content=\"1280\" \/>\n\t<meta property=\"og:image:type\" content=\"image\/jpeg\" \/>\n<meta name=\"author\" content=\"Sa\u00fal Hern\u00e1ndez\" \/>\n<meta name=\"twitter:card\" content=\"summary_large_image\" \/>\n<meta name=\"twitter:label1\" content=\"Escrito por\" \/>\n\t<meta name=\"twitter:data1\" content=\"Sa\u00fal Hern\u00e1ndez\" \/>\n\t<meta name=\"twitter:label2\" content=\"Tiempo de lectura\" \/>\n\t<meta name=\"twitter:data2\" content=\"3 minutos\" \/>\n<script type=\"application\/ld+json\" class=\"yoast-schema-graph\">{\"@context\":\"https:\/\/schema.org\",\"@graph\":[{\"@type\":\"WebPage\",\"@id\":\"https:\/\/thepueblatimes.mx\/index.php\/2024\/12\/27\/armenta-activa-el-deporte-para-combatir-adicciones\/\",\"url\":\"https:\/\/thepueblatimes.mx\/index.php\/2024\/12\/27\/armenta-activa-el-deporte-para-combatir-adicciones\/\",\"name\":\"Armenta activa el deporte para combatir adicciones - The Puebla Times\",\"isPartOf\":{\"@id\":\"https:\/\/thepueblatimes.mx\/#website\"},\"datePublished\":\"2024-12-27T19:49:23+00:00\",\"dateModified\":\"2024-12-27T19:49:23+00:00\",\"author\":{\"@id\":\"https:\/\/thepueblatimes.mx\/#\/schema\/person\/1664894c2f65ce2c7a08d8f5f905c13c\"},\"breadcrumb\":{\"@id\":\"https:\/\/thepueblatimes.mx\/index.php\/2024\/12\/27\/armenta-activa-el-deporte-para-combatir-adicciones\/#breadcrumb\"},\"inLanguage\":\"es\",\"potentialAction\":[{\"@type\":\"ReadAction\",\"target\":[\"https:\/\/thepueblatimes.mx\/index.php\/2024\/12\/27\/armenta-activa-el-deporte-para-combatir-adicciones\/\"]}]},{\"@type\":\"BreadcrumbList\",\"@id\":\"https:\/\/thepueblatimes.mx\/index.php\/2024\/12\/27\/armenta-activa-el-deporte-para-combatir-adicciones\/#breadcrumb\",\"itemListElement\":[{\"@type\":\"ListItem\",\"position\":1,\"name\":\"Portada\",\"item\":\"https:\/\/thepueblatimes.mx\/\"},{\"@type\":\"ListItem\",\"position\":2,\"name\":\"Armenta activa el deporte para combatir adicciones\"}]},{\"@type\":\"WebSite\",\"@id\":\"https:\/\/thepueblatimes.mx\/#website\",\"url\":\"https:\/\/thepueblatimes.mx\/\",\"name\":\"The Puebla Times\",\"description\":\"Noticias del Estado de Puebla\",\"potentialAction\":[{\"@type\":\"SearchAction\",\"target\":{\"@type\":\"EntryPoint\",\"urlTemplate\":\"https:\/\/thepueblatimes.mx\/?s={search_term_string}\"},\"query-input\":\"required name=search_term_string\"}],\"inLanguage\":\"es\"},{\"@type\":\"Person\",\"@id\":\"https:\/\/thepueblatimes.mx\/#\/schema\/person\/1664894c2f65ce2c7a08d8f5f905c13c\",\"name\":\"Sa\u00fal Hern\u00e1ndez\",\"image\":{\"@type\":\"ImageObject\",\"inLanguage\":\"es\",\"@id\":\"https:\/\/thepueblatimes.mx\/#\/schema\/person\/image\/\",\"url\":\"https:\/\/secure.gravatar.com\/avatar\/11be338693f243309532caad8f10c930?s=96&d=mm&r=g\",\"contentUrl\":\"https:\/\/secure.gravatar.com\/avatar\/11be338693f243309532caad8f10c930?s=96&d=mm&r=g\",\"caption\":\"Sa\u00fal Hern\u00e1ndez\"},\"url\":\"https:\/\/thepueblatimes.mx\/index.php\/author\/saulhernandez\/\"}]}<\/script>\n<!-- \/ Yoast SEO plugin. -->","yoast_head_json":{"title":"Armenta activa el deporte para combatir adicciones - The Puebla Times","robots":{"index":"index","follow":"follow","max-snippet":"max-snippet:-1","max-image-preview":"max-image-preview:large","max-video-preview":"max-video-preview:-1"},"canonical":"https:\/\/thepueblatimes.mx\/index.php\/2024\/12\/27\/armenta-activa-el-deporte-para-combatir-adicciones\/","og_locale":"es_ES","og_type":"article","og_title":"Armenta activa el deporte para combatir adicciones - The Puebla Times","og_description":"POR FRED ESTRADA &#8211; La activaci\u00f3n f\u00edsica y la pr\u00e1ctica deportiva contribuir\u00e1n a reconstruir el tejido social. &#8211; Ni\u00f1as, ni\u00f1os y j\u00f3venes de los 217 municipios ser\u00e1n embajadores del deporte en Puebla. PUEBLA, Pue.- El gobernador de Puebla, Alejandro Armenta, puso en marcha el programa \u201cPor Amor a Puebla, Activaci\u00f3n deportiva\u201d en la Unidad Mario...","og_url":"https:\/\/thepueblatimes.mx\/index.php\/2024\/12\/27\/armenta-activa-el-deporte-para-combatir-adicciones\/","og_site_name":"The Puebla Times","article_published_time":"2024-12-27T19:49:23+00:00","og_image":[{"width":1920,"height":1280,"url":"https:\/\/thepueblatimes.mx\/wp-content\/uploads\/2024\/12\/2033bf05-cca3-41ab-909f-388774f4e25d.jpg","type":"image\/jpeg"}],"author":"Sa\u00fal Hern\u00e1ndez","twitter_card":"summary_large_image","twitter_misc":{"Escrito por":"Sa\u00fal Hern\u00e1ndez","Tiempo de lectura":"3 minutos"},"schema":{"@context":"https:\/\/schema.org","@graph":[{"@type":"WebPage","@id":"https:\/\/thepueblatimes.mx\/index.php\/2024\/12\/27\/armenta-activa-el-deporte-para-combatir-adicciones\/","url":"https:\/\/thepueblatimes.mx\/index.php\/2024\/12\/27\/armenta-activa-el-deporte-para-combatir-adicciones\/","name":"Armenta activa el deporte para combatir adicciones - The Puebla Times","isPartOf":{"@id":"https:\/\/thepueblatimes.mx\/#website"},"datePublished":"2024-12-27T19:49:23+00:00","dateModified":"2024-12-27T19:49:23+00:00","author":{"@id":"https:\/\/thepueblatimes.mx\/#\/schema\/person\/1664894c2f65ce2c7a08d8f5f905c13c"},"breadcrumb":{"@id":"https:\/\/thepueblatimes.mx\/index.php\/2024\/12\/27\/armenta-activa-el-deporte-para-combatir-adicciones\/#breadcrumb"},"inLanguage":"es","potentialAction":[{"@type":"ReadAction","target":["https:\/\/thepueblatimes.mx\/index.php\/2024\/12\/27\/armenta-activa-el-deporte-para-combatir-adicciones\/"]}]},{"@type":"BreadcrumbList","@id":"https:\/\/thepueblatimes.mx\/index.php\/2024\/12\/27\/armenta-activa-el-deporte-para-combatir-adicciones\/#breadcrumb","itemListElement":[{"@type":"ListItem","position":1,"name":"Portada","item":"https:\/\/thepueblatimes.mx\/"},{"@type":"ListItem","position":2,"name":"Armenta activa el deporte para combatir adicciones"}]},{"@type":"WebSite","@id":"https:\/\/thepueblatimes.mx\/#website","url":"https:\/\/thepueblatimes.mx\/","name":"The Puebla Times","description":"Noticias del Estado de Puebla","potentialAction":[{"@type":"SearchAction","target":{"@type":"EntryPoint","urlTemplate":"https:\/\/thepueblatimes.mx\/?s={search_term_string}"},"query-input":"required name=search_term_string"}],"inLanguage":"es"},{"@type":"Person","@id":"https:\/\/thepueblatimes.mx\/#\/schema\/person\/1664894c2f65ce2c7a08d8f5f905c13c","name":"Sa\u00fal Hern\u00e1ndez","image":{"@type":"ImageObject","inLanguage":"es","@id":"https:\/\/thepueblatimes.mx\/#\/schema\/person\/image\/","url":"https:\/\/secure.gravatar.com\/avatar\/11be338693f243309532caad8f10c930?s=96&d=mm&r=g","contentUrl":"https:\/\/secure.gravatar.com\/avatar\/11be338693f243309532caad8f10c930?s=96&d=mm&r=g","caption":"Sa\u00fal Hern\u00e1ndez"},"url":"https:\/\/thepueblatimes.mx\/index.php\/author\/saulhernandez\/"}]}},"jetpack_featured_media_url":"https:\/\/thepueblatimes.mx\/wp-content\/uploads\/2024\/12\/2033bf05-cca3-41ab-909f-388774f4e25d.jpg","_links":{"self":[{"href":"https:\/\/thepueblatimes.mx\/index.php\/wp-json\/wp\/v2\/posts\/26929"}],"collection":[{"href":"https:\/\/thepueblatimes.mx\/index.php\/wp-json\/wp\/v2\/posts"}],"about":[{"href":"https:\/\/thepueblatimes.mx\/index.php\/wp-json\/wp\/v2\/types\/post"}],"author":[{"embeddable":true,"href":"https:\/\/thepueblatimes.mx\/index.php\/wp-json\/wp\/v2\/users\/16"}],"replies":[{"embeddable":true,"href":"https:\/\/thepueblatimes.mx\/index.php\/wp-json\/wp\/v2\/comments?post=26929"}],"version-history":[{"count":1,"href":"https:\/\/thepueblatimes.mx\/index.php\/wp-json\/wp\/v2\/posts\/26929\/revisions"}],"predecessor-version":[{"id":26931,"href":"https:\/\/thepueblatimes.mx\/index.php\/wp-json\/wp\/v2\/posts\/26929\/revisions\/26931"}],"wp:featuredmedia":[{"embeddable":true,"href":"https:\/\/thepueblatimes.mx\/index.php\/wp-json\/wp\/v2\/media\/26930"}],"wp:attachment":[{"href":"https:\/\/thepueblatimes.mx\/index.php\/wp-json\/wp\/v2\/media?parent=26929"}],"wp:term":[{"taxonomy":"category","embeddable":true,"href":"https:\/\/thepueblatimes.mx\/index.php\/wp-json\/wp\/v2\/categories?post=26929"},{"taxonomy":"post_tag","embeddable":true,"href":"https:\/\/thepueblatimes.mx\/index.php\/wp-json\/wp\/v2\/tags?post=26929"}],"curies":[{"name":"wp","href":"https:\/\/api.w.org\/{rel}","templated":true}]}}