{"id":26826,"date":"2024-12-21T13:17:44","date_gmt":"2024-12-21T19:17:44","guid":{"rendered":"https:\/\/thepueblatimes.mx\/?p=26826"},"modified":"2024-12-21T13:17:44","modified_gmt":"2024-12-21T19:17:44","slug":"por-recorte-presupuestal-policias-de-tochimilco-se-quedan-sin-aguinaldo","status":"publish","type":"post","link":"https:\/\/thepueblatimes.mx\/index.php\/2024\/12\/21\/por-recorte-presupuestal-policias-de-tochimilco-se-quedan-sin-aguinaldo\/","title":{"rendered":"Por recorte presupuestal, polic\u00edas de Tochimilco se quedan sin aguinaldo"},"content":{"rendered":"<p>POR FRED ESTRADA<\/p>\n<p>Polic\u00edas municipales de Tochimilco no recibir\u00e1n el pago de aguinaldo.<\/p>\n<p>As\u00ed lo inform\u00f3 el presidente municipal, David Gonz\u00e1lez.<\/p>\n<p>La informaci\u00f3n que se difundi\u00f3 en redes sociales, caus\u00f3 preocupaci\u00f3n entre los elementos debido a los gastos t\u00edpicos de la temporada decembrina.<\/p>\n<p>Los uniformados expresan temor ante los posibles despidos a principios de a\u00f1o, debido a que se realizar\u00e1n ex\u00e1menes de confianza, y los resultados definir\u00e1n qui\u00e9nes seguir\u00e1n en el puesto.<\/p>\n<p>El viernes 20 de diciembre, el gobierno de Tochimilco emiti\u00f3 un comunicado en el que se\u00f1al\u00f3 que \u201cse establecer\u00e1 una fecha de pago de aguinaldo a las y los trabajadores conforme a derecho\u201d.<\/p>\n<p>El comunicado tambi\u00e9n aclar\u00f3 que el retraso se debi\u00f3 \u201cal recorte de participaciones federales del 44 por ciento\u201d.<\/p>\n","protected":false},"excerpt":{"rendered":"<p>POR FRED ESTRADA Polic\u00edas municipales de Tochimilco no recibir\u00e1n el pago de aguinaldo. As\u00ed lo inform\u00f3 el presidente municipal, David Gonz\u00e1lez. La informaci\u00f3n que se difundi\u00f3 en redes sociales, caus\u00f3 preocupaci\u00f3n entre los elementos debido a los gastos t\u00edpicos de la temporada decembrina. Los uniformados expresan temor ante los posibles despidos a principios de a\u00f1o,&#8230;<\/p>\n","protected":false},"author":16,"featured_media":26827,"comment_status":"closed","ping_status":"closed","sticky":false,"template":"","format":"standard","meta":[],"categories":[542],"tags":[2698,2702,1734],"yoast_head":"<!-- This site is optimized with the Yoast SEO plugin v20.8 - https:\/\/yoast.com\/wordpress\/plugins\/seo\/ -->\n<title>Por recorte presupuestal, polic\u00edas de Tochimilco se quedan sin aguinaldo - The Puebla Times<\/title>\n<meta name=\"robots\" content=\"index, follow, max-snippet:-1, max-image-preview:large, max-video-preview:-1\" \/>\n<link rel=\"canonical\" href=\"https:\/\/thepueblatimes.mx\/index.php\/2024\/12\/21\/por-recorte-presupuestal-policias-de-tochimilco-se-quedan-sin-aguinaldo\/\" \/>\n<meta property=\"og:locale\" content=\"es_ES\" \/>\n<meta property=\"og:type\" content=\"article\" \/>\n<meta property=\"og:title\" content=\"Por recorte presupuestal, polic\u00edas de Tochimilco se quedan sin aguinaldo - The Puebla Times\" \/>\n<meta property=\"og:description\" content=\"POR FRED ESTRADA Polic\u00edas municipales de Tochimilco no recibir\u00e1n el pago de aguinaldo. As\u00ed lo inform\u00f3 el presidente municipal, David Gonz\u00e1lez. La informaci\u00f3n que se difundi\u00f3 en redes sociales, caus\u00f3 preocupaci\u00f3n entre los elementos debido a los gastos t\u00edpicos de la temporada decembrina. Los uniformados expresan temor ante los posibles despidos a principios de a\u00f1o,...\" \/>\n<meta property=\"og:url\" content=\"https:\/\/thepueblatimes.mx\/index.php\/2024\/12\/21\/por-recorte-presupuestal-policias-de-tochimilco-se-quedan-sin-aguinaldo\/\" \/>\n<meta property=\"og:site_name\" content=\"The Puebla Times\" \/>\n<meta property=\"article:published_time\" content=\"2024-12-21T19:17:44+00:00\" \/>\n<meta property=\"og:image\" content=\"https:\/\/thepueblatimes.mx\/wp-content\/uploads\/2024\/12\/foto-de-archivo-71_0.webp\" \/>\n\t<meta property=\"og:image:width\" content=\"948\" \/>\n\t<meta property=\"og:image:height\" content=\"533\" \/>\n\t<meta property=\"og:image:type\" content=\"image\/webp\" \/>\n<meta name=\"author\" content=\"Sa\u00fal Hern\u00e1ndez\" \/>\n<meta name=\"twitter:card\" content=\"summary_large_image\" \/>\n<meta name=\"twitter:label1\" content=\"Escrito por\" \/>\n\t<meta name=\"twitter:data1\" content=\"Sa\u00fal Hern\u00e1ndez\" \/>\n\t<meta name=\"twitter:label2\" content=\"Tiempo de lectura\" \/>\n\t<meta name=\"twitter:data2\" content=\"1 minuto\" \/>\n<script type=\"application\/ld+json\" class=\"yoast-schema-graph\">{\"@context\":\"https:\/\/schema.org\",\"@graph\":[{\"@type\":\"WebPage\",\"@id\":\"https:\/\/thepueblatimes.mx\/index.php\/2024\/12\/21\/por-recorte-presupuestal-policias-de-tochimilco-se-quedan-sin-aguinaldo\/\",\"url\":\"https:\/\/thepueblatimes.mx\/index.php\/2024\/12\/21\/por-recorte-presupuestal-policias-de-tochimilco-se-quedan-sin-aguinaldo\/\",\"name\":\"Por recorte presupuestal, polic\u00edas de Tochimilco se quedan sin aguinaldo - The Puebla Times\",\"isPartOf\":{\"@id\":\"https:\/\/thepueblatimes.mx\/#website\"},\"datePublished\":\"2024-12-21T19:17:44+00:00\",\"dateModified\":\"2024-12-21T19:17:44+00:00\",\"author\":{\"@id\":\"https:\/\/thepueblatimes.mx\/#\/schema\/person\/1664894c2f65ce2c7a08d8f5f905c13c\"},\"breadcrumb\":{\"@id\":\"https:\/\/thepueblatimes.mx\/index.php\/2024\/12\/21\/por-recorte-presupuestal-policias-de-tochimilco-se-quedan-sin-aguinaldo\/#breadcrumb\"},\"inLanguage\":\"es\",\"potentialAction\":[{\"@type\":\"ReadAction\",\"target\":[\"https:\/\/thepueblatimes.mx\/index.php\/2024\/12\/21\/por-recorte-presupuestal-policias-de-tochimilco-se-quedan-sin-aguinaldo\/\"]}]},{\"@type\":\"BreadcrumbList\",\"@id\":\"https:\/\/thepueblatimes.mx\/index.php\/2024\/12\/21\/por-recorte-presupuestal-policias-de-tochimilco-se-quedan-sin-aguinaldo\/#breadcrumb\",\"itemListElement\":[{\"@type\":\"ListItem\",\"position\":1,\"name\":\"Portada\",\"item\":\"https:\/\/thepueblatimes.mx\/\"},{\"@type\":\"ListItem\",\"position\":2,\"name\":\"Por recorte presupuestal, polic\u00edas de Tochimilco se quedan sin aguinaldo\"}]},{\"@type\":\"WebSite\",\"@id\":\"https:\/\/thepueblatimes.mx\/#website\",\"url\":\"https:\/\/thepueblatimes.mx\/\",\"name\":\"The Puebla Times\",\"description\":\"Noticias del Estado de Puebla\",\"potentialAction\":[{\"@type\":\"SearchAction\",\"target\":{\"@type\":\"EntryPoint\",\"urlTemplate\":\"https:\/\/thepueblatimes.mx\/?s={search_term_string}\"},\"query-input\":\"required name=search_term_string\"}],\"inLanguage\":\"es\"},{\"@type\":\"Person\",\"@id\":\"https:\/\/thepueblatimes.mx\/#\/schema\/person\/1664894c2f65ce2c7a08d8f5f905c13c\",\"name\":\"Sa\u00fal Hern\u00e1ndez\",\"image\":{\"@type\":\"ImageObject\",\"inLanguage\":\"es\",\"@id\":\"https:\/\/thepueblatimes.mx\/#\/schema\/person\/image\/\",\"url\":\"https:\/\/secure.gravatar.com\/avatar\/11be338693f243309532caad8f10c930?s=96&d=mm&r=g\",\"contentUrl\":\"https:\/\/secure.gravatar.com\/avatar\/11be338693f243309532caad8f10c930?s=96&d=mm&r=g\",\"caption\":\"Sa\u00fal Hern\u00e1ndez\"},\"url\":\"https:\/\/thepueblatimes.mx\/index.php\/author\/saulhernandez\/\"}]}<\/script>\n<!-- \/ Yoast SEO plugin. -->","yoast_head_json":{"title":"Por recorte presupuestal, polic\u00edas de Tochimilco se quedan sin aguinaldo - The Puebla Times","robots":{"index":"index","follow":"follow","max-snippet":"max-snippet:-1","max-image-preview":"max-image-preview:large","max-video-preview":"max-video-preview:-1"},"canonical":"https:\/\/thepueblatimes.mx\/index.php\/2024\/12\/21\/por-recorte-presupuestal-policias-de-tochimilco-se-quedan-sin-aguinaldo\/","og_locale":"es_ES","og_type":"article","og_title":"Por recorte presupuestal, polic\u00edas de Tochimilco se quedan sin aguinaldo - The Puebla Times","og_description":"POR FRED ESTRADA Polic\u00edas municipales de Tochimilco no recibir\u00e1n el pago de aguinaldo. As\u00ed lo inform\u00f3 el presidente municipal, David Gonz\u00e1lez. La informaci\u00f3n que se difundi\u00f3 en redes sociales, caus\u00f3 preocupaci\u00f3n entre los elementos debido a los gastos t\u00edpicos de la temporada decembrina. Los uniformados expresan temor ante los posibles despidos a principios de a\u00f1o,...","og_url":"https:\/\/thepueblatimes.mx\/index.php\/2024\/12\/21\/por-recorte-presupuestal-policias-de-tochimilco-se-quedan-sin-aguinaldo\/","og_site_name":"The Puebla Times","article_published_time":"2024-12-21T19:17:44+00:00","og_image":[{"width":948,"height":533,"url":"https:\/\/thepueblatimes.mx\/wp-content\/uploads\/2024\/12\/foto-de-archivo-71_0.webp","type":"image\/webp"}],"author":"Sa\u00fal Hern\u00e1ndez","twitter_card":"summary_large_image","twitter_misc":{"Escrito por":"Sa\u00fal Hern\u00e1ndez","Tiempo de lectura":"1 minuto"},"schema":{"@context":"https:\/\/schema.org","@graph":[{"@type":"WebPage","@id":"https:\/\/thepueblatimes.mx\/index.php\/2024\/12\/21\/por-recorte-presupuestal-policias-de-tochimilco-se-quedan-sin-aguinaldo\/","url":"https:\/\/thepueblatimes.mx\/index.php\/2024\/12\/21\/por-recorte-presupuestal-policias-de-tochimilco-se-quedan-sin-aguinaldo\/","name":"Por recorte presupuestal, polic\u00edas de Tochimilco se quedan sin aguinaldo - The Puebla Times","isPartOf":{"@id":"https:\/\/thepueblatimes.mx\/#website"},"datePublished":"2024-12-21T19:17:44+00:00","dateModified":"2024-12-21T19:17:44+00:00","author":{"@id":"https:\/\/thepueblatimes.mx\/#\/schema\/person\/1664894c2f65ce2c7a08d8f5f905c13c"},"breadcrumb":{"@id":"https:\/\/thepueblatimes.mx\/index.php\/2024\/12\/21\/por-recorte-presupuestal-policias-de-tochimilco-se-quedan-sin-aguinaldo\/#breadcrumb"},"inLanguage":"es","potentialAction":[{"@type":"ReadAction","target":["https:\/\/thepueblatimes.mx\/index.php\/2024\/12\/21\/por-recorte-presupuestal-policias-de-tochimilco-se-quedan-sin-aguinaldo\/"]}]},{"@type":"BreadcrumbList","@id":"https:\/\/thepueblatimes.mx\/index.php\/2024\/12\/21\/por-recorte-presupuestal-policias-de-tochimilco-se-quedan-sin-aguinaldo\/#breadcrumb","itemListElement":[{"@type":"ListItem","position":1,"name":"Portada","item":"https:\/\/thepueblatimes.mx\/"},{"@type":"ListItem","position":2,"name":"Por recorte presupuestal, polic\u00edas de Tochimilco se quedan sin aguinaldo"}]},{"@type":"WebSite","@id":"https:\/\/thepueblatimes.mx\/#website","url":"https:\/\/thepueblatimes.mx\/","name":"The Puebla Times","description":"Noticias del Estado de Puebla","potentialAction":[{"@type":"SearchAction","target":{"@type":"EntryPoint","urlTemplate":"https:\/\/thepueblatimes.mx\/?s={search_term_string}"},"query-input":"required name=search_term_string"}],"inLanguage":"es"},{"@type":"Person","@id":"https:\/\/thepueblatimes.mx\/#\/schema\/person\/1664894c2f65ce2c7a08d8f5f905c13c","name":"Sa\u00fal Hern\u00e1ndez","image":{"@type":"ImageObject","inLanguage":"es","@id":"https:\/\/thepueblatimes.mx\/#\/schema\/person\/image\/","url":"https:\/\/secure.gravatar.com\/avatar\/11be338693f243309532caad8f10c930?s=96&d=mm&r=g","contentUrl":"https:\/\/secure.gravatar.com\/avatar\/11be338693f243309532caad8f10c930?s=96&d=mm&r=g","caption":"Sa\u00fal Hern\u00e1ndez"},"url":"https:\/\/thepueblatimes.mx\/index.php\/author\/saulhernandez\/"}]}},"jetpack_featured_media_url":"https:\/\/thepueblatimes.mx\/wp-content\/uploads\/2024\/12\/foto-de-archivo-71_0.webp","_links":{"self":[{"href":"https:\/\/thepueblatimes.mx\/index.php\/wp-json\/wp\/v2\/posts\/26826"}],"collection":[{"href":"https:\/\/thepueblatimes.mx\/index.php\/wp-json\/wp\/v2\/posts"}],"about":[{"href":"https:\/\/thepueblatimes.mx\/index.php\/wp-json\/wp\/v2\/types\/post"}],"author":[{"embeddable":true,"href":"https:\/\/thepueblatimes.mx\/index.php\/wp-json\/wp\/v2\/users\/16"}],"replies":[{"embeddable":true,"href":"https:\/\/thepueblatimes.mx\/index.php\/wp-json\/wp\/v2\/comments?post=26826"}],"version-history":[{"count":1,"href":"https:\/\/thepueblatimes.mx\/index.php\/wp-json\/wp\/v2\/posts\/26826\/revisions"}],"predecessor-version":[{"id":26828,"href":"https:\/\/thepueblatimes.mx\/index.php\/wp-json\/wp\/v2\/posts\/26826\/revisions\/26828"}],"wp:featuredmedia":[{"embeddable":true,"href":"https:\/\/thepueblatimes.mx\/index.php\/wp-json\/wp\/v2\/media\/26827"}],"wp:attachment":[{"href":"https:\/\/thepueblatimes.mx\/index.php\/wp-json\/wp\/v2\/media?parent=26826"}],"wp:term":[{"taxonomy":"category","embeddable":true,"href":"https:\/\/thepueblatimes.mx\/index.php\/wp-json\/wp\/v2\/categories?post=26826"},{"taxonomy":"post_tag","embeddable":true,"href":"https:\/\/thepueblatimes.mx\/index.php\/wp-json\/wp\/v2\/tags?post=26826"}],"curies":[{"name":"wp","href":"https:\/\/api.w.org\/{rel}","templated":true}]}}