{"id":26817,"date":"2024-12-21T12:29:58","date_gmt":"2024-12-21T18:29:58","guid":{"rendered":"https:\/\/thepueblatimes.mx\/?p=26817"},"modified":"2024-12-21T12:29:58","modified_gmt":"2024-12-21T18:29:58","slug":"aprueba-congreso-del-estado-reformas-al-decreto-de-creacion-de-la-policia-auxiliar","status":"publish","type":"post","link":"https:\/\/thepueblatimes.mx\/index.php\/2024\/12\/21\/aprueba-congreso-del-estado-reformas-al-decreto-de-creacion-de-la-policia-auxiliar\/","title":{"rendered":"Aprueba Congreso del Estado reformas al decreto de creaci\u00f3n de la Polic\u00eda Auxiliar"},"content":{"rendered":"<h3><strong><em>-El objetivo es que la corporaci\u00f3n preste los servicios de vigilancia, cuando lo requieran las instancias de gobierno<\/em><\/strong><\/h3>\n<h3><strong><em>-Tambi\u00e9n se avalaron reformas al Organismo P\u00fablico Descentralizado denominado \u00abSistema de Informaci\u00f3n y Comunicaci\u00f3n del Estado de Puebla<\/em><\/strong><\/h3>\n<p>En sesi\u00f3n extraordinaria, el Pleno del Congreso del Estado aprob\u00f3 el Proyecto de Decreto que crea el Organismo P\u00fablico Descentralizado denominado \u00abCorporaci\u00f3n Auxiliar de Polic\u00eda de Protecci\u00f3n Ciudadana\u00bb, con la finalidad de que la corporaci\u00f3n preste los servicios de custodia o vigilancia, cuando lo requieran las autoridades de las instancias de gobierno, que permita el fortalecimiento de la vigilancia y seguridad en la entidad.<\/p>\n<p>As\u00ed como disponer de los remanentes de operaci\u00f3n con los que cuente, para el cumplimento de las obligaciones contra\u00eddas en los instrumentos legales celebrados con el Gobierno del Estado.<\/p>\n<p>En este sentido, la diputada Ang\u00e9lica Alvarado Ju\u00e1rez consider\u00f3 que el prop\u00f3sito es fortalecer a los cuerpos de seguridad p\u00fablica en sus funciones.<\/p>\n<p>Asimismo, se aval\u00f3 el dictamen para reformar el decreto que crea el Organismo P\u00fablico Descentralizado denominado \u00abSistema de informaci\u00f3n y Comunicaci\u00f3n del Estado de Puebla (SICOM), para establecer como edad m\u00ednima para ocupar la titularidad del SICOM, 23 a\u00f1os de edad cumplidos el d\u00eda del nombramiento.<\/p>\n<p>Tambi\u00e9n se pretende integrar lenguaje inclusivo en el decreto en menci\u00f3n.<\/p>\n<p>Durante su intervenci\u00f3n, la diputada Esther Mart\u00ednez Romano consider\u00f3 que con estas acciones legislativas se incentiva la participaci\u00f3n ciudadana desde edades tempranas.<\/p>\n<p>El dictamen reforma el p\u00e1rrafo primero y la fracci\u00f3n II del art\u00edculo 12, del decreto que crea el Organismo P\u00fablico Descentralizado denominado \u00abSistema de Informaci\u00f3n y Comunicaci\u00f3n del Estado de Puebla.<\/p>\n","protected":false},"excerpt":{"rendered":"<p>-El objetivo es que la corporaci\u00f3n preste los servicios de vigilancia, cuando lo requieran las instancias de gobierno -Tambi\u00e9n se avalaron reformas al Organismo P\u00fablico Descentralizado denominado \u00abSistema de Informaci\u00f3n y Comunicaci\u00f3n del Estado de Puebla En sesi\u00f3n extraordinaria, el Pleno del Congreso del Estado aprob\u00f3 el Proyecto de Decreto que crea el Organismo P\u00fablico&#8230;<\/p>\n","protected":false},"author":16,"featured_media":26818,"comment_status":"closed","ping_status":"closed","sticky":false,"template":"","format":"standard","meta":[],"categories":[3],"tags":[2697,2694,1273,2696,2695],"yoast_head":"<!-- This site is optimized with the Yoast SEO plugin v20.8 - https:\/\/yoast.com\/wordpress\/plugins\/seo\/ -->\n<title>Aprueba Congreso del Estado reformas al decreto de creaci\u00f3n de la Polic\u00eda Auxiliar - The Puebla Times<\/title>\n<meta name=\"robots\" content=\"index, follow, max-snippet:-1, max-image-preview:large, max-video-preview:-1\" \/>\n<link rel=\"canonical\" href=\"https:\/\/thepueblatimes.mx\/index.php\/2024\/12\/21\/aprueba-congreso-del-estado-reformas-al-decreto-de-creacion-de-la-policia-auxiliar\/\" \/>\n<meta property=\"og:locale\" content=\"es_ES\" \/>\n<meta property=\"og:type\" content=\"article\" \/>\n<meta property=\"og:title\" content=\"Aprueba Congreso del Estado reformas al decreto de creaci\u00f3n de la Polic\u00eda Auxiliar - The Puebla Times\" \/>\n<meta property=\"og:description\" content=\"-El objetivo es que la corporaci\u00f3n preste los servicios de vigilancia, cuando lo requieran las instancias de gobierno -Tambi\u00e9n se avalaron reformas al Organismo P\u00fablico Descentralizado denominado \u00abSistema de Informaci\u00f3n y Comunicaci\u00f3n del Estado de Puebla En sesi\u00f3n extraordinaria, el Pleno del Congreso del Estado aprob\u00f3 el Proyecto de Decreto que crea el Organismo P\u00fablico...\" \/>\n<meta property=\"og:url\" content=\"https:\/\/thepueblatimes.mx\/index.php\/2024\/12\/21\/aprueba-congreso-del-estado-reformas-al-decreto-de-creacion-de-la-policia-auxiliar\/\" \/>\n<meta property=\"og:site_name\" content=\"The Puebla Times\" \/>\n<meta property=\"article:published_time\" content=\"2024-12-21T18:29:58+00:00\" \/>\n<meta property=\"og:image\" content=\"https:\/\/thepueblatimes.mx\/wp-content\/uploads\/2024\/12\/a2798514-ea24-4039-a69d-e8987b0f0045.jpg\" \/>\n\t<meta property=\"og:image:width\" content=\"1599\" \/>\n\t<meta property=\"og:image:height\" content=\"1066\" \/>\n\t<meta property=\"og:image:type\" content=\"image\/jpeg\" \/>\n<meta name=\"author\" content=\"Sa\u00fal Hern\u00e1ndez\" \/>\n<meta name=\"twitter:card\" content=\"summary_large_image\" \/>\n<meta name=\"twitter:label1\" content=\"Escrito por\" \/>\n\t<meta name=\"twitter:data1\" content=\"Sa\u00fal Hern\u00e1ndez\" \/>\n\t<meta name=\"twitter:label2\" content=\"Tiempo de lectura\" \/>\n\t<meta name=\"twitter:data2\" content=\"2 minutos\" \/>\n<script type=\"application\/ld+json\" class=\"yoast-schema-graph\">{\"@context\":\"https:\/\/schema.org\",\"@graph\":[{\"@type\":\"WebPage\",\"@id\":\"https:\/\/thepueblatimes.mx\/index.php\/2024\/12\/21\/aprueba-congreso-del-estado-reformas-al-decreto-de-creacion-de-la-policia-auxiliar\/\",\"url\":\"https:\/\/thepueblatimes.mx\/index.php\/2024\/12\/21\/aprueba-congreso-del-estado-reformas-al-decreto-de-creacion-de-la-policia-auxiliar\/\",\"name\":\"Aprueba Congreso del Estado reformas al decreto de creaci\u00f3n de la Polic\u00eda Auxiliar - The Puebla Times\",\"isPartOf\":{\"@id\":\"https:\/\/thepueblatimes.mx\/#website\"},\"datePublished\":\"2024-12-21T18:29:58+00:00\",\"dateModified\":\"2024-12-21T18:29:58+00:00\",\"author\":{\"@id\":\"https:\/\/thepueblatimes.mx\/#\/schema\/person\/1664894c2f65ce2c7a08d8f5f905c13c\"},\"breadcrumb\":{\"@id\":\"https:\/\/thepueblatimes.mx\/index.php\/2024\/12\/21\/aprueba-congreso-del-estado-reformas-al-decreto-de-creacion-de-la-policia-auxiliar\/#breadcrumb\"},\"inLanguage\":\"es\",\"potentialAction\":[{\"@type\":\"ReadAction\",\"target\":[\"https:\/\/thepueblatimes.mx\/index.php\/2024\/12\/21\/aprueba-congreso-del-estado-reformas-al-decreto-de-creacion-de-la-policia-auxiliar\/\"]}]},{\"@type\":\"BreadcrumbList\",\"@id\":\"https:\/\/thepueblatimes.mx\/index.php\/2024\/12\/21\/aprueba-congreso-del-estado-reformas-al-decreto-de-creacion-de-la-policia-auxiliar\/#breadcrumb\",\"itemListElement\":[{\"@type\":\"ListItem\",\"position\":1,\"name\":\"Portada\",\"item\":\"https:\/\/thepueblatimes.mx\/\"},{\"@type\":\"ListItem\",\"position\":2,\"name\":\"Aprueba Congreso del Estado reformas al decreto de creaci\u00f3n de la Polic\u00eda Auxiliar\"}]},{\"@type\":\"WebSite\",\"@id\":\"https:\/\/thepueblatimes.mx\/#website\",\"url\":\"https:\/\/thepueblatimes.mx\/\",\"name\":\"The Puebla Times\",\"description\":\"Noticias del Estado de Puebla\",\"potentialAction\":[{\"@type\":\"SearchAction\",\"target\":{\"@type\":\"EntryPoint\",\"urlTemplate\":\"https:\/\/thepueblatimes.mx\/?s={search_term_string}\"},\"query-input\":\"required name=search_term_string\"}],\"inLanguage\":\"es\"},{\"@type\":\"Person\",\"@id\":\"https:\/\/thepueblatimes.mx\/#\/schema\/person\/1664894c2f65ce2c7a08d8f5f905c13c\",\"name\":\"Sa\u00fal Hern\u00e1ndez\",\"image\":{\"@type\":\"ImageObject\",\"inLanguage\":\"es\",\"@id\":\"https:\/\/thepueblatimes.mx\/#\/schema\/person\/image\/\",\"url\":\"https:\/\/secure.gravatar.com\/avatar\/11be338693f243309532caad8f10c930?s=96&d=mm&r=g\",\"contentUrl\":\"https:\/\/secure.gravatar.com\/avatar\/11be338693f243309532caad8f10c930?s=96&d=mm&r=g\",\"caption\":\"Sa\u00fal Hern\u00e1ndez\"},\"url\":\"https:\/\/thepueblatimes.mx\/index.php\/author\/saulhernandez\/\"}]}<\/script>\n<!-- \/ Yoast SEO plugin. -->","yoast_head_json":{"title":"Aprueba Congreso del Estado reformas al decreto de creaci\u00f3n de la Polic\u00eda Auxiliar - The Puebla Times","robots":{"index":"index","follow":"follow","max-snippet":"max-snippet:-1","max-image-preview":"max-image-preview:large","max-video-preview":"max-video-preview:-1"},"canonical":"https:\/\/thepueblatimes.mx\/index.php\/2024\/12\/21\/aprueba-congreso-del-estado-reformas-al-decreto-de-creacion-de-la-policia-auxiliar\/","og_locale":"es_ES","og_type":"article","og_title":"Aprueba Congreso del Estado reformas al decreto de creaci\u00f3n de la Polic\u00eda Auxiliar - The Puebla Times","og_description":"-El objetivo es que la corporaci\u00f3n preste los servicios de vigilancia, cuando lo requieran las instancias de gobierno -Tambi\u00e9n se avalaron reformas al Organismo P\u00fablico Descentralizado denominado \u00abSistema de Informaci\u00f3n y Comunicaci\u00f3n del Estado de Puebla En sesi\u00f3n extraordinaria, el Pleno del Congreso del Estado aprob\u00f3 el Proyecto de Decreto que crea el Organismo P\u00fablico...","og_url":"https:\/\/thepueblatimes.mx\/index.php\/2024\/12\/21\/aprueba-congreso-del-estado-reformas-al-decreto-de-creacion-de-la-policia-auxiliar\/","og_site_name":"The Puebla Times","article_published_time":"2024-12-21T18:29:58+00:00","og_image":[{"width":1599,"height":1066,"url":"https:\/\/thepueblatimes.mx\/wp-content\/uploads\/2024\/12\/a2798514-ea24-4039-a69d-e8987b0f0045.jpg","type":"image\/jpeg"}],"author":"Sa\u00fal Hern\u00e1ndez","twitter_card":"summary_large_image","twitter_misc":{"Escrito por":"Sa\u00fal Hern\u00e1ndez","Tiempo de lectura":"2 minutos"},"schema":{"@context":"https:\/\/schema.org","@graph":[{"@type":"WebPage","@id":"https:\/\/thepueblatimes.mx\/index.php\/2024\/12\/21\/aprueba-congreso-del-estado-reformas-al-decreto-de-creacion-de-la-policia-auxiliar\/","url":"https:\/\/thepueblatimes.mx\/index.php\/2024\/12\/21\/aprueba-congreso-del-estado-reformas-al-decreto-de-creacion-de-la-policia-auxiliar\/","name":"Aprueba Congreso del Estado reformas al decreto de creaci\u00f3n de la Polic\u00eda Auxiliar - The Puebla Times","isPartOf":{"@id":"https:\/\/thepueblatimes.mx\/#website"},"datePublished":"2024-12-21T18:29:58+00:00","dateModified":"2024-12-21T18:29:58+00:00","author":{"@id":"https:\/\/thepueblatimes.mx\/#\/schema\/person\/1664894c2f65ce2c7a08d8f5f905c13c"},"breadcrumb":{"@id":"https:\/\/thepueblatimes.mx\/index.php\/2024\/12\/21\/aprueba-congreso-del-estado-reformas-al-decreto-de-creacion-de-la-policia-auxiliar\/#breadcrumb"},"inLanguage":"es","potentialAction":[{"@type":"ReadAction","target":["https:\/\/thepueblatimes.mx\/index.php\/2024\/12\/21\/aprueba-congreso-del-estado-reformas-al-decreto-de-creacion-de-la-policia-auxiliar\/"]}]},{"@type":"BreadcrumbList","@id":"https:\/\/thepueblatimes.mx\/index.php\/2024\/12\/21\/aprueba-congreso-del-estado-reformas-al-decreto-de-creacion-de-la-policia-auxiliar\/#breadcrumb","itemListElement":[{"@type":"ListItem","position":1,"name":"Portada","item":"https:\/\/thepueblatimes.mx\/"},{"@type":"ListItem","position":2,"name":"Aprueba Congreso del Estado reformas al decreto de creaci\u00f3n de la Polic\u00eda Auxiliar"}]},{"@type":"WebSite","@id":"https:\/\/thepueblatimes.mx\/#website","url":"https:\/\/thepueblatimes.mx\/","name":"The Puebla Times","description":"Noticias del Estado de Puebla","potentialAction":[{"@type":"SearchAction","target":{"@type":"EntryPoint","urlTemplate":"https:\/\/thepueblatimes.mx\/?s={search_term_string}"},"query-input":"required name=search_term_string"}],"inLanguage":"es"},{"@type":"Person","@id":"https:\/\/thepueblatimes.mx\/#\/schema\/person\/1664894c2f65ce2c7a08d8f5f905c13c","name":"Sa\u00fal Hern\u00e1ndez","image":{"@type":"ImageObject","inLanguage":"es","@id":"https:\/\/thepueblatimes.mx\/#\/schema\/person\/image\/","url":"https:\/\/secure.gravatar.com\/avatar\/11be338693f243309532caad8f10c930?s=96&d=mm&r=g","contentUrl":"https:\/\/secure.gravatar.com\/avatar\/11be338693f243309532caad8f10c930?s=96&d=mm&r=g","caption":"Sa\u00fal Hern\u00e1ndez"},"url":"https:\/\/thepueblatimes.mx\/index.php\/author\/saulhernandez\/"}]}},"jetpack_featured_media_url":"https:\/\/thepueblatimes.mx\/wp-content\/uploads\/2024\/12\/a2798514-ea24-4039-a69d-e8987b0f0045.jpg","_links":{"self":[{"href":"https:\/\/thepueblatimes.mx\/index.php\/wp-json\/wp\/v2\/posts\/26817"}],"collection":[{"href":"https:\/\/thepueblatimes.mx\/index.php\/wp-json\/wp\/v2\/posts"}],"about":[{"href":"https:\/\/thepueblatimes.mx\/index.php\/wp-json\/wp\/v2\/types\/post"}],"author":[{"embeddable":true,"href":"https:\/\/thepueblatimes.mx\/index.php\/wp-json\/wp\/v2\/users\/16"}],"replies":[{"embeddable":true,"href":"https:\/\/thepueblatimes.mx\/index.php\/wp-json\/wp\/v2\/comments?post=26817"}],"version-history":[{"count":1,"href":"https:\/\/thepueblatimes.mx\/index.php\/wp-json\/wp\/v2\/posts\/26817\/revisions"}],"predecessor-version":[{"id":26819,"href":"https:\/\/thepueblatimes.mx\/index.php\/wp-json\/wp\/v2\/posts\/26817\/revisions\/26819"}],"wp:featuredmedia":[{"embeddable":true,"href":"https:\/\/thepueblatimes.mx\/index.php\/wp-json\/wp\/v2\/media\/26818"}],"wp:attachment":[{"href":"https:\/\/thepueblatimes.mx\/index.php\/wp-json\/wp\/v2\/media?parent=26817"}],"wp:term":[{"taxonomy":"category","embeddable":true,"href":"https:\/\/thepueblatimes.mx\/index.php\/wp-json\/wp\/v2\/categories?post=26817"},{"taxonomy":"post_tag","embeddable":true,"href":"https:\/\/thepueblatimes.mx\/index.php\/wp-json\/wp\/v2\/tags?post=26817"}],"curies":[{"name":"wp","href":"https:\/\/api.w.org\/{rel}","templated":true}]}}