{"id":267,"date":"2020-06-17T23:41:14","date_gmt":"2020-06-18T04:41:14","guid":{"rendered":"https:\/\/thepueblatimes.mx\/?p=267"},"modified":"2020-06-17T23:41:14","modified_gmt":"2020-06-18T04:41:14","slug":"colaborador-de-cotoneto-denuncia-a-manzanilla-por-proselitismo","status":"publish","type":"post","link":"https:\/\/thepueblatimes.mx\/index.php\/2020\/06\/17\/colaborador-de-cotoneto-denuncia-a-manzanilla-por-proselitismo\/","title":{"rendered":"Colaborador de Coto\u00f1eto denuncia a Manzanilla por proselitismo"},"content":{"rendered":"<p><strong>Tras la denuncia, el IEE orden\u00f3 a Fernando Manzanilla eliminar su posible promoci\u00f3n personal.<\/strong><\/p>\n<p>El exconsejero nacional del PRD, Jorge Antonio Mota Jim\u00e9nez, ahora simpatizante del gobernador Miguel Barbosa Huerta, denunci\u00f3 ante el IEE al diputado federal Fernando Manzanilla Prieto (del PES) por presunta promoci\u00f3n personal y consigui\u00f3 suspenderla.<\/p>\n<p>El denunciante es colaborador del exdirigente estatal del PRD, Eric Coto\u00f1eto Carmona y uno de los morenistas que se ampararon para no ser detenidos tras la trifulca que tuvieron con panistas el 3 de julio de 2018 en el hotel MM Grand.<\/p>\n<p>El experredista interpuso en el Instituto Electoral del Estado (IEE) dos denuncias contra el exsecretario de Gobernaci\u00f3n estatal por incurrir en presunta promoci\u00f3n personal mediante la entrega de despensas con motivo de la contingencia por Covid-19.<\/p>\n<p>Sus quejas se presentaron por separado el 2 y 3 de junio y se acumularon en el expediente SE\/ORD\/JAMJ\/013\/2020, del cual tiene copia este medio.<\/p>\n<p>En ellas exigi\u00f3 imponer medidas cautelares a Manzanilla Prieto para que retire de sus redes sociales las im\u00e1genes donde aparece entregando despensas con su nombre a vecinos de la unidad habitacional \u201cLa Margarita\u201d, en Puebla capital.<\/p>\n<p><strong>Ordenan retirar promoci\u00f3n personal<\/strong><\/p>\n<p>El fallo aprobado advierte que el material denunciado s\u00ed parece posible promoci\u00f3n personal, lo cual implicar\u00eda una violaci\u00f3n al art\u00edculo 134 de la Constituci\u00f3n Mexicana.<\/p>\n<p>Por lo anterior se aval\u00f3 imponer a Manzanilla Prieto la medida cautelar y ordenarle que retire de su p\u00e1gina de Facebook las publicaciones donde difundi\u00f3 la entrega de despensas.<\/p>\n<p>El IEE dio un plazo de 48 horas para acatar la resoluci\u00f3n, mismas que empezar\u00e1n a correr a partir de que el diputado sea legalmente notificado.<\/p>\n<p>De acuerdo con el expediente, la notificaci\u00f3n se concret\u00f3 este d\u00eda, as\u00ed que el retiro de las publicaciones deber\u00e1 llevarse a cabo a m\u00e1s tardar el viernes.<\/p>\n<p>De no cumplir con el ordenamiento, la misma resoluci\u00f3n advierte que se impondr\u00e1n sanciones al extitular de la Segob.<\/p>\n<p>Tras la emisi\u00f3n de la medida cautelar, el IEE continuar\u00e1 con la investigaci\u00f3n, pues deber\u00e1 concluir la integraci\u00f3n del expediente para enviarlo al Tribunal Electoral del Estado de Puebla (TEEP), que ser\u00e1 el encargado de determinar y sancionar el asunto de fondo, es decir si Manzanilla Prieto incurri\u00f3 en promoci\u00f3n personal.<\/p>\n<p>Este es el segundo proceso que enfrenta el legislador por la entrega de apoyos, ya que el Instituto Nacional Electoral (INE) tambi\u00e9n abri\u00f3 uno en su contra, que adem\u00e1s incluye a los diputados federales H\u00e9ctor Jim\u00e9nez y Meneses (de Morena) y Nayeli Salvatori Bojalil (del PES).<\/p>\n<p>La Comisi\u00f3n de Quejas y Denuncias del IEE emiti\u00f3 el 9 de junio un proyecto de resoluci\u00f3n de las medidas cautelares, mismo que fue aprobado el d\u00eda 11.<\/p>\n","protected":false},"excerpt":{"rendered":"<p>Tras la denuncia, el IEE orden\u00f3 a Fernando Manzanilla eliminar su posible promoci\u00f3n personal.<\/p>\n","protected":false},"author":1,"featured_media":268,"comment_status":"open","ping_status":"open","sticky":false,"template":"","format":"standard","meta":[],"categories":[8],"tags":[94,95],"yoast_head":"<!-- This site is optimized with the Yoast SEO plugin v20.8 - https:\/\/yoast.com\/wordpress\/plugins\/seo\/ -->\n<title>Colaborador de Coto\u00f1eto denuncia a Manzanilla por proselitismo - The Puebla Times<\/title>\n<meta name=\"robots\" content=\"index, follow, max-snippet:-1, max-image-preview:large, max-video-preview:-1\" \/>\n<link rel=\"canonical\" href=\"https:\/\/thepueblatimes.mx\/index.php\/2020\/06\/17\/colaborador-de-cotoneto-denuncia-a-manzanilla-por-proselitismo\/\" \/>\n<meta property=\"og:locale\" content=\"es_ES\" \/>\n<meta property=\"og:type\" content=\"article\" \/>\n<meta property=\"og:title\" content=\"Colaborador de Coto\u00f1eto denuncia a Manzanilla por proselitismo - The Puebla Times\" \/>\n<meta property=\"og:description\" content=\"Tras la denuncia, el IEE orden\u00f3 a Fernando Manzanilla eliminar su posible promoci\u00f3n personal.\" \/>\n<meta property=\"og:url\" content=\"https:\/\/thepueblatimes.mx\/index.php\/2020\/06\/17\/colaborador-de-cotoneto-denuncia-a-manzanilla-por-proselitismo\/\" \/>\n<meta property=\"og:site_name\" content=\"The Puebla Times\" \/>\n<meta property=\"article:published_time\" content=\"2020-06-18T04:41:14+00:00\" \/>\n<meta property=\"og:image\" content=\"https:\/\/thepueblatimes.mx\/wp-content\/uploads\/2020\/06\/manzanilla.jpg\" \/>\n\t<meta property=\"og:image:width\" content=\"640\" \/>\n\t<meta property=\"og:image:height\" content=\"426\" \/>\n\t<meta property=\"og:image:type\" content=\"image\/jpeg\" \/>\n<meta name=\"author\" content=\"adminshn\" \/>\n<meta name=\"twitter:card\" content=\"summary_large_image\" \/>\n<meta name=\"twitter:label1\" content=\"Escrito por\" \/>\n\t<meta name=\"twitter:data1\" content=\"adminshn\" \/>\n\t<meta name=\"twitter:label2\" content=\"Tiempo de lectura\" \/>\n\t<meta name=\"twitter:data2\" content=\"2 minutos\" \/>\n<script type=\"application\/ld+json\" class=\"yoast-schema-graph\">{\"@context\":\"https:\/\/schema.org\",\"@graph\":[{\"@type\":\"WebPage\",\"@id\":\"https:\/\/thepueblatimes.mx\/index.php\/2020\/06\/17\/colaborador-de-cotoneto-denuncia-a-manzanilla-por-proselitismo\/\",\"url\":\"https:\/\/thepueblatimes.mx\/index.php\/2020\/06\/17\/colaborador-de-cotoneto-denuncia-a-manzanilla-por-proselitismo\/\",\"name\":\"Colaborador de Coto\u00f1eto denuncia a Manzanilla por proselitismo - The Puebla Times\",\"isPartOf\":{\"@id\":\"https:\/\/thepueblatimes.mx\/#website\"},\"datePublished\":\"2020-06-18T04:41:14+00:00\",\"dateModified\":\"2020-06-18T04:41:14+00:00\",\"author\":{\"@id\":\"https:\/\/thepueblatimes.mx\/#\/schema\/person\/bacbdcbafaffe83c55b34c46e278a2c0\"},\"breadcrumb\":{\"@id\":\"https:\/\/thepueblatimes.mx\/index.php\/2020\/06\/17\/colaborador-de-cotoneto-denuncia-a-manzanilla-por-proselitismo\/#breadcrumb\"},\"inLanguage\":\"es\",\"potentialAction\":[{\"@type\":\"ReadAction\",\"target\":[\"https:\/\/thepueblatimes.mx\/index.php\/2020\/06\/17\/colaborador-de-cotoneto-denuncia-a-manzanilla-por-proselitismo\/\"]}]},{\"@type\":\"BreadcrumbList\",\"@id\":\"https:\/\/thepueblatimes.mx\/index.php\/2020\/06\/17\/colaborador-de-cotoneto-denuncia-a-manzanilla-por-proselitismo\/#breadcrumb\",\"itemListElement\":[{\"@type\":\"ListItem\",\"position\":1,\"name\":\"Portada\",\"item\":\"https:\/\/thepueblatimes.mx\/\"},{\"@type\":\"ListItem\",\"position\":2,\"name\":\"Colaborador de Coto\u00f1eto denuncia a Manzanilla por proselitismo\"}]},{\"@type\":\"WebSite\",\"@id\":\"https:\/\/thepueblatimes.mx\/#website\",\"url\":\"https:\/\/thepueblatimes.mx\/\",\"name\":\"The Puebla Times\",\"description\":\"Noticias del Estado de Puebla\",\"potentialAction\":[{\"@type\":\"SearchAction\",\"target\":{\"@type\":\"EntryPoint\",\"urlTemplate\":\"https:\/\/thepueblatimes.mx\/?s={search_term_string}\"},\"query-input\":\"required name=search_term_string\"}],\"inLanguage\":\"es\"},{\"@type\":\"Person\",\"@id\":\"https:\/\/thepueblatimes.mx\/#\/schema\/person\/bacbdcbafaffe83c55b34c46e278a2c0\",\"name\":\"adminshn\",\"image\":{\"@type\":\"ImageObject\",\"inLanguage\":\"es\",\"@id\":\"https:\/\/thepueblatimes.mx\/#\/schema\/person\/image\/\",\"url\":\"https:\/\/secure.gravatar.com\/avatar\/f3a15c1fa92ae8f39edb1c2fe722db47?s=96&d=mm&r=g\",\"contentUrl\":\"https:\/\/secure.gravatar.com\/avatar\/f3a15c1fa92ae8f39edb1c2fe722db47?s=96&d=mm&r=g\",\"caption\":\"adminshn\"},\"sameAs\":[\"http:\/\/thepueblatimes.mx\"],\"url\":\"https:\/\/thepueblatimes.mx\/index.php\/author\/jro7yzzejg\/\"}]}<\/script>\n<!-- \/ Yoast SEO plugin. -->","yoast_head_json":{"title":"Colaborador de Coto\u00f1eto denuncia a Manzanilla por proselitismo - The Puebla Times","robots":{"index":"index","follow":"follow","max-snippet":"max-snippet:-1","max-image-preview":"max-image-preview:large","max-video-preview":"max-video-preview:-1"},"canonical":"https:\/\/thepueblatimes.mx\/index.php\/2020\/06\/17\/colaborador-de-cotoneto-denuncia-a-manzanilla-por-proselitismo\/","og_locale":"es_ES","og_type":"article","og_title":"Colaborador de Coto\u00f1eto denuncia a Manzanilla por proselitismo - The Puebla Times","og_description":"Tras la denuncia, el IEE orden\u00f3 a Fernando Manzanilla eliminar su posible promoci\u00f3n personal.","og_url":"https:\/\/thepueblatimes.mx\/index.php\/2020\/06\/17\/colaborador-de-cotoneto-denuncia-a-manzanilla-por-proselitismo\/","og_site_name":"The Puebla Times","article_published_time":"2020-06-18T04:41:14+00:00","og_image":[{"width":640,"height":426,"url":"https:\/\/thepueblatimes.mx\/wp-content\/uploads\/2020\/06\/manzanilla.jpg","type":"image\/jpeg"}],"author":"adminshn","twitter_card":"summary_large_image","twitter_misc":{"Escrito por":"adminshn","Tiempo de lectura":"2 minutos"},"schema":{"@context":"https:\/\/schema.org","@graph":[{"@type":"WebPage","@id":"https:\/\/thepueblatimes.mx\/index.php\/2020\/06\/17\/colaborador-de-cotoneto-denuncia-a-manzanilla-por-proselitismo\/","url":"https:\/\/thepueblatimes.mx\/index.php\/2020\/06\/17\/colaborador-de-cotoneto-denuncia-a-manzanilla-por-proselitismo\/","name":"Colaborador de Coto\u00f1eto denuncia a Manzanilla por proselitismo - The Puebla Times","isPartOf":{"@id":"https:\/\/thepueblatimes.mx\/#website"},"datePublished":"2020-06-18T04:41:14+00:00","dateModified":"2020-06-18T04:41:14+00:00","author":{"@id":"https:\/\/thepueblatimes.mx\/#\/schema\/person\/bacbdcbafaffe83c55b34c46e278a2c0"},"breadcrumb":{"@id":"https:\/\/thepueblatimes.mx\/index.php\/2020\/06\/17\/colaborador-de-cotoneto-denuncia-a-manzanilla-por-proselitismo\/#breadcrumb"},"inLanguage":"es","potentialAction":[{"@type":"ReadAction","target":["https:\/\/thepueblatimes.mx\/index.php\/2020\/06\/17\/colaborador-de-cotoneto-denuncia-a-manzanilla-por-proselitismo\/"]}]},{"@type":"BreadcrumbList","@id":"https:\/\/thepueblatimes.mx\/index.php\/2020\/06\/17\/colaborador-de-cotoneto-denuncia-a-manzanilla-por-proselitismo\/#breadcrumb","itemListElement":[{"@type":"ListItem","position":1,"name":"Portada","item":"https:\/\/thepueblatimes.mx\/"},{"@type":"ListItem","position":2,"name":"Colaborador de Coto\u00f1eto denuncia a Manzanilla por proselitismo"}]},{"@type":"WebSite","@id":"https:\/\/thepueblatimes.mx\/#website","url":"https:\/\/thepueblatimes.mx\/","name":"The Puebla Times","description":"Noticias del Estado de Puebla","potentialAction":[{"@type":"SearchAction","target":{"@type":"EntryPoint","urlTemplate":"https:\/\/thepueblatimes.mx\/?s={search_term_string}"},"query-input":"required name=search_term_string"}],"inLanguage":"es"},{"@type":"Person","@id":"https:\/\/thepueblatimes.mx\/#\/schema\/person\/bacbdcbafaffe83c55b34c46e278a2c0","name":"adminshn","image":{"@type":"ImageObject","inLanguage":"es","@id":"https:\/\/thepueblatimes.mx\/#\/schema\/person\/image\/","url":"https:\/\/secure.gravatar.com\/avatar\/f3a15c1fa92ae8f39edb1c2fe722db47?s=96&d=mm&r=g","contentUrl":"https:\/\/secure.gravatar.com\/avatar\/f3a15c1fa92ae8f39edb1c2fe722db47?s=96&d=mm&r=g","caption":"adminshn"},"sameAs":["http:\/\/thepueblatimes.mx"],"url":"https:\/\/thepueblatimes.mx\/index.php\/author\/jro7yzzejg\/"}]}},"jetpack_featured_media_url":"https:\/\/thepueblatimes.mx\/wp-content\/uploads\/2020\/06\/manzanilla.jpg","_links":{"self":[{"href":"https:\/\/thepueblatimes.mx\/index.php\/wp-json\/wp\/v2\/posts\/267"}],"collection":[{"href":"https:\/\/thepueblatimes.mx\/index.php\/wp-json\/wp\/v2\/posts"}],"about":[{"href":"https:\/\/thepueblatimes.mx\/index.php\/wp-json\/wp\/v2\/types\/post"}],"author":[{"embeddable":true,"href":"https:\/\/thepueblatimes.mx\/index.php\/wp-json\/wp\/v2\/users\/1"}],"replies":[{"embeddable":true,"href":"https:\/\/thepueblatimes.mx\/index.php\/wp-json\/wp\/v2\/comments?post=267"}],"version-history":[{"count":1,"href":"https:\/\/thepueblatimes.mx\/index.php\/wp-json\/wp\/v2\/posts\/267\/revisions"}],"predecessor-version":[{"id":269,"href":"https:\/\/thepueblatimes.mx\/index.php\/wp-json\/wp\/v2\/posts\/267\/revisions\/269"}],"wp:featuredmedia":[{"embeddable":true,"href":"https:\/\/thepueblatimes.mx\/index.php\/wp-json\/wp\/v2\/media\/268"}],"wp:attachment":[{"href":"https:\/\/thepueblatimes.mx\/index.php\/wp-json\/wp\/v2\/media?parent=267"}],"wp:term":[{"taxonomy":"category","embeddable":true,"href":"https:\/\/thepueblatimes.mx\/index.php\/wp-json\/wp\/v2\/categories?post=267"},{"taxonomy":"post_tag","embeddable":true,"href":"https:\/\/thepueblatimes.mx\/index.php\/wp-json\/wp\/v2\/tags?post=267"}],"curies":[{"name":"wp","href":"https:\/\/api.w.org\/{rel}","templated":true}]}}