{"id":26620,"date":"2024-12-10T14:12:56","date_gmt":"2024-12-10T20:12:56","guid":{"rendered":"https:\/\/thepueblatimes.mx\/?p=26620"},"modified":"2024-12-10T14:12:56","modified_gmt":"2024-12-10T20:12:56","slug":"lugares-de-puebla-dedicados-a-la-virgen-de-guadalupe","status":"publish","type":"post","link":"https:\/\/thepueblatimes.mx\/index.php\/2024\/12\/10\/lugares-de-puebla-dedicados-a-la-virgen-de-guadalupe\/","title":{"rendered":"Lugares de Puebla dedicados a la Virgen de Guadalupe"},"content":{"rendered":"<p>POR FRED ESTRADA<\/p>\n<p>Adem\u00e1s del Santuario Guadalupano, conocido popularmente como \u00abLa Villita de Puebla\u00bb, en Puebla hay otros lugares en los que es venerada, sobre todo cada 12 de diciembre.<\/p>\n<p>El Seminario Palafoxiano celebra la edici\u00f3n 63 de su Feria Guadalupana del 8 al 12 de diciembre.<\/p>\n<p>En el pueblo m\u00e1gico de Xicotepec, en las alturas se ubica una monumental Virgen de Guadalupe de 23 metros que fue inaugurada en 2010, como s\u00edmbolo de devoci\u00f3n.<\/p>\n<p>El Santuario de la Virgen del Pe\u00f1\u00f3n, en Jonotla cuya historia se remonta a 1922, es otro sitio en el que se venera a la Virgen de Guadalupe.<\/p>\n<p>En la comunidad de Xopanaco, Zautla, los devotos visitan un \u00e1rbol de zapote donde recientemente apareci\u00f3 una imagen de la Virgen.<\/p>\n","protected":false},"excerpt":{"rendered":"<p>POR FRED ESTRADA Adem\u00e1s del Santuario Guadalupano, conocido popularmente como \u00abLa Villita de Puebla\u00bb, en Puebla hay otros lugares en los que es venerada, sobre todo cada 12 de diciembre. El Seminario Palafoxiano celebra la edici\u00f3n 63 de su Feria Guadalupana del 8 al 12 de diciembre. En el pueblo m\u00e1gico de Xicotepec, en las&#8230;<\/p>\n","protected":false},"author":16,"featured_media":26621,"comment_status":"closed","ping_status":"closed","sticky":false,"template":"","format":"standard","meta":[],"categories":[20],"tags":[2625,2624,2623,2620,593,2626],"yoast_head":"<!-- This site is optimized with the Yoast SEO plugin v20.8 - https:\/\/yoast.com\/wordpress\/plugins\/seo\/ -->\n<title>Lugares de Puebla dedicados a la Virgen de Guadalupe - The Puebla Times<\/title>\n<meta name=\"robots\" content=\"index, follow, max-snippet:-1, max-image-preview:large, max-video-preview:-1\" \/>\n<link rel=\"canonical\" href=\"https:\/\/thepueblatimes.mx\/index.php\/2024\/12\/10\/lugares-de-puebla-dedicados-a-la-virgen-de-guadalupe\/\" \/>\n<meta property=\"og:locale\" content=\"es_ES\" \/>\n<meta property=\"og:type\" content=\"article\" \/>\n<meta property=\"og:title\" content=\"Lugares de Puebla dedicados a la Virgen de Guadalupe - The Puebla Times\" \/>\n<meta property=\"og:description\" content=\"POR FRED ESTRADA Adem\u00e1s del Santuario Guadalupano, conocido popularmente como \u00abLa Villita de Puebla\u00bb, en Puebla hay otros lugares en los que es venerada, sobre todo cada 12 de diciembre. El Seminario Palafoxiano celebra la edici\u00f3n 63 de su Feria Guadalupana del 8 al 12 de diciembre. En el pueblo m\u00e1gico de Xicotepec, en las...\" \/>\n<meta property=\"og:url\" content=\"https:\/\/thepueblatimes.mx\/index.php\/2024\/12\/10\/lugares-de-puebla-dedicados-a-la-virgen-de-guadalupe\/\" \/>\n<meta property=\"og:site_name\" content=\"The Puebla Times\" \/>\n<meta property=\"article:published_time\" content=\"2024-12-10T20:12:56+00:00\" \/>\n<meta property=\"og:image\" content=\"https:\/\/thepueblatimes.mx\/wp-content\/uploads\/2024\/12\/La-Virgen-de-Guadalupe-de-Xicotepec-Puebla.jpg\" \/>\n\t<meta property=\"og:image:width\" content=\"980\" \/>\n\t<meta property=\"og:image:height\" content=\"1509\" \/>\n\t<meta property=\"og:image:type\" content=\"image\/jpeg\" \/>\n<meta name=\"author\" content=\"Sa\u00fal Hern\u00e1ndez\" \/>\n<meta name=\"twitter:card\" content=\"summary_large_image\" \/>\n<meta name=\"twitter:label1\" content=\"Escrito por\" \/>\n\t<meta name=\"twitter:data1\" content=\"Sa\u00fal Hern\u00e1ndez\" \/>\n\t<meta name=\"twitter:label2\" content=\"Tiempo de lectura\" \/>\n\t<meta name=\"twitter:data2\" content=\"1 minuto\" \/>\n<script type=\"application\/ld+json\" class=\"yoast-schema-graph\">{\"@context\":\"https:\/\/schema.org\",\"@graph\":[{\"@type\":\"WebPage\",\"@id\":\"https:\/\/thepueblatimes.mx\/index.php\/2024\/12\/10\/lugares-de-puebla-dedicados-a-la-virgen-de-guadalupe\/\",\"url\":\"https:\/\/thepueblatimes.mx\/index.php\/2024\/12\/10\/lugares-de-puebla-dedicados-a-la-virgen-de-guadalupe\/\",\"name\":\"Lugares de Puebla dedicados a la Virgen de Guadalupe - The Puebla Times\",\"isPartOf\":{\"@id\":\"https:\/\/thepueblatimes.mx\/#website\"},\"datePublished\":\"2024-12-10T20:12:56+00:00\",\"dateModified\":\"2024-12-10T20:12:56+00:00\",\"author\":{\"@id\":\"https:\/\/thepueblatimes.mx\/#\/schema\/person\/1664894c2f65ce2c7a08d8f5f905c13c\"},\"breadcrumb\":{\"@id\":\"https:\/\/thepueblatimes.mx\/index.php\/2024\/12\/10\/lugares-de-puebla-dedicados-a-la-virgen-de-guadalupe\/#breadcrumb\"},\"inLanguage\":\"es\",\"potentialAction\":[{\"@type\":\"ReadAction\",\"target\":[\"https:\/\/thepueblatimes.mx\/index.php\/2024\/12\/10\/lugares-de-puebla-dedicados-a-la-virgen-de-guadalupe\/\"]}]},{\"@type\":\"BreadcrumbList\",\"@id\":\"https:\/\/thepueblatimes.mx\/index.php\/2024\/12\/10\/lugares-de-puebla-dedicados-a-la-virgen-de-guadalupe\/#breadcrumb\",\"itemListElement\":[{\"@type\":\"ListItem\",\"position\":1,\"name\":\"Portada\",\"item\":\"https:\/\/thepueblatimes.mx\/\"},{\"@type\":\"ListItem\",\"position\":2,\"name\":\"Lugares de Puebla dedicados a la Virgen de Guadalupe\"}]},{\"@type\":\"WebSite\",\"@id\":\"https:\/\/thepueblatimes.mx\/#website\",\"url\":\"https:\/\/thepueblatimes.mx\/\",\"name\":\"The Puebla Times\",\"description\":\"Noticias del Estado de Puebla\",\"potentialAction\":[{\"@type\":\"SearchAction\",\"target\":{\"@type\":\"EntryPoint\",\"urlTemplate\":\"https:\/\/thepueblatimes.mx\/?s={search_term_string}\"},\"query-input\":\"required name=search_term_string\"}],\"inLanguage\":\"es\"},{\"@type\":\"Person\",\"@id\":\"https:\/\/thepueblatimes.mx\/#\/schema\/person\/1664894c2f65ce2c7a08d8f5f905c13c\",\"name\":\"Sa\u00fal Hern\u00e1ndez\",\"image\":{\"@type\":\"ImageObject\",\"inLanguage\":\"es\",\"@id\":\"https:\/\/thepueblatimes.mx\/#\/schema\/person\/image\/\",\"url\":\"https:\/\/secure.gravatar.com\/avatar\/11be338693f243309532caad8f10c930?s=96&d=mm&r=g\",\"contentUrl\":\"https:\/\/secure.gravatar.com\/avatar\/11be338693f243309532caad8f10c930?s=96&d=mm&r=g\",\"caption\":\"Sa\u00fal Hern\u00e1ndez\"},\"url\":\"https:\/\/thepueblatimes.mx\/index.php\/author\/saulhernandez\/\"}]}<\/script>\n<!-- \/ Yoast SEO plugin. -->","yoast_head_json":{"title":"Lugares de Puebla dedicados a la Virgen de Guadalupe - The Puebla Times","robots":{"index":"index","follow":"follow","max-snippet":"max-snippet:-1","max-image-preview":"max-image-preview:large","max-video-preview":"max-video-preview:-1"},"canonical":"https:\/\/thepueblatimes.mx\/index.php\/2024\/12\/10\/lugares-de-puebla-dedicados-a-la-virgen-de-guadalupe\/","og_locale":"es_ES","og_type":"article","og_title":"Lugares de Puebla dedicados a la Virgen de Guadalupe - The Puebla Times","og_description":"POR FRED ESTRADA Adem\u00e1s del Santuario Guadalupano, conocido popularmente como \u00abLa Villita de Puebla\u00bb, en Puebla hay otros lugares en los que es venerada, sobre todo cada 12 de diciembre. El Seminario Palafoxiano celebra la edici\u00f3n 63 de su Feria Guadalupana del 8 al 12 de diciembre. En el pueblo m\u00e1gico de Xicotepec, en las...","og_url":"https:\/\/thepueblatimes.mx\/index.php\/2024\/12\/10\/lugares-de-puebla-dedicados-a-la-virgen-de-guadalupe\/","og_site_name":"The Puebla Times","article_published_time":"2024-12-10T20:12:56+00:00","og_image":[{"width":980,"height":1509,"url":"https:\/\/thepueblatimes.mx\/wp-content\/uploads\/2024\/12\/La-Virgen-de-Guadalupe-de-Xicotepec-Puebla.jpg","type":"image\/jpeg"}],"author":"Sa\u00fal Hern\u00e1ndez","twitter_card":"summary_large_image","twitter_misc":{"Escrito por":"Sa\u00fal Hern\u00e1ndez","Tiempo de lectura":"1 minuto"},"schema":{"@context":"https:\/\/schema.org","@graph":[{"@type":"WebPage","@id":"https:\/\/thepueblatimes.mx\/index.php\/2024\/12\/10\/lugares-de-puebla-dedicados-a-la-virgen-de-guadalupe\/","url":"https:\/\/thepueblatimes.mx\/index.php\/2024\/12\/10\/lugares-de-puebla-dedicados-a-la-virgen-de-guadalupe\/","name":"Lugares de Puebla dedicados a la Virgen de Guadalupe - The Puebla Times","isPartOf":{"@id":"https:\/\/thepueblatimes.mx\/#website"},"datePublished":"2024-12-10T20:12:56+00:00","dateModified":"2024-12-10T20:12:56+00:00","author":{"@id":"https:\/\/thepueblatimes.mx\/#\/schema\/person\/1664894c2f65ce2c7a08d8f5f905c13c"},"breadcrumb":{"@id":"https:\/\/thepueblatimes.mx\/index.php\/2024\/12\/10\/lugares-de-puebla-dedicados-a-la-virgen-de-guadalupe\/#breadcrumb"},"inLanguage":"es","potentialAction":[{"@type":"ReadAction","target":["https:\/\/thepueblatimes.mx\/index.php\/2024\/12\/10\/lugares-de-puebla-dedicados-a-la-virgen-de-guadalupe\/"]}]},{"@type":"BreadcrumbList","@id":"https:\/\/thepueblatimes.mx\/index.php\/2024\/12\/10\/lugares-de-puebla-dedicados-a-la-virgen-de-guadalupe\/#breadcrumb","itemListElement":[{"@type":"ListItem","position":1,"name":"Portada","item":"https:\/\/thepueblatimes.mx\/"},{"@type":"ListItem","position":2,"name":"Lugares de Puebla dedicados a la Virgen de Guadalupe"}]},{"@type":"WebSite","@id":"https:\/\/thepueblatimes.mx\/#website","url":"https:\/\/thepueblatimes.mx\/","name":"The Puebla Times","description":"Noticias del Estado de Puebla","potentialAction":[{"@type":"SearchAction","target":{"@type":"EntryPoint","urlTemplate":"https:\/\/thepueblatimes.mx\/?s={search_term_string}"},"query-input":"required name=search_term_string"}],"inLanguage":"es"},{"@type":"Person","@id":"https:\/\/thepueblatimes.mx\/#\/schema\/person\/1664894c2f65ce2c7a08d8f5f905c13c","name":"Sa\u00fal Hern\u00e1ndez","image":{"@type":"ImageObject","inLanguage":"es","@id":"https:\/\/thepueblatimes.mx\/#\/schema\/person\/image\/","url":"https:\/\/secure.gravatar.com\/avatar\/11be338693f243309532caad8f10c930?s=96&d=mm&r=g","contentUrl":"https:\/\/secure.gravatar.com\/avatar\/11be338693f243309532caad8f10c930?s=96&d=mm&r=g","caption":"Sa\u00fal Hern\u00e1ndez"},"url":"https:\/\/thepueblatimes.mx\/index.php\/author\/saulhernandez\/"}]}},"jetpack_featured_media_url":"https:\/\/thepueblatimes.mx\/wp-content\/uploads\/2024\/12\/La-Virgen-de-Guadalupe-de-Xicotepec-Puebla.jpg","_links":{"self":[{"href":"https:\/\/thepueblatimes.mx\/index.php\/wp-json\/wp\/v2\/posts\/26620"}],"collection":[{"href":"https:\/\/thepueblatimes.mx\/index.php\/wp-json\/wp\/v2\/posts"}],"about":[{"href":"https:\/\/thepueblatimes.mx\/index.php\/wp-json\/wp\/v2\/types\/post"}],"author":[{"embeddable":true,"href":"https:\/\/thepueblatimes.mx\/index.php\/wp-json\/wp\/v2\/users\/16"}],"replies":[{"embeddable":true,"href":"https:\/\/thepueblatimes.mx\/index.php\/wp-json\/wp\/v2\/comments?post=26620"}],"version-history":[{"count":1,"href":"https:\/\/thepueblatimes.mx\/index.php\/wp-json\/wp\/v2\/posts\/26620\/revisions"}],"predecessor-version":[{"id":26622,"href":"https:\/\/thepueblatimes.mx\/index.php\/wp-json\/wp\/v2\/posts\/26620\/revisions\/26622"}],"wp:featuredmedia":[{"embeddable":true,"href":"https:\/\/thepueblatimes.mx\/index.php\/wp-json\/wp\/v2\/media\/26621"}],"wp:attachment":[{"href":"https:\/\/thepueblatimes.mx\/index.php\/wp-json\/wp\/v2\/media?parent=26620"}],"wp:term":[{"taxonomy":"category","embeddable":true,"href":"https:\/\/thepueblatimes.mx\/index.php\/wp-json\/wp\/v2\/categories?post=26620"},{"taxonomy":"post_tag","embeddable":true,"href":"https:\/\/thepueblatimes.mx\/index.php\/wp-json\/wp\/v2\/tags?post=26620"}],"curies":[{"name":"wp","href":"https:\/\/api.w.org\/{rel}","templated":true}]}}