{"id":26615,"date":"2024-12-10T13:57:26","date_gmt":"2024-12-10T19:57:26","guid":{"rendered":"https:\/\/thepueblatimes.mx\/?p=26615"},"modified":"2024-12-10T13:59:36","modified_gmt":"2024-12-10T19:59:36","slug":"femicidio-en-cuautlancingo-puebla","status":"publish","type":"post","link":"https:\/\/thepueblatimes.mx\/index.php\/2024\/12\/10\/femicidio-en-cuautlancingo-puebla\/","title":{"rendered":"Femicidio en Cuautlancingo, Puebla"},"content":{"rendered":"<p>POR FRED ESTRADA<\/p>\n<p>Ante el hallazgo del cuerpo de una mujer en Cuautlancingo, el presidente municipal Omar Mu\u00f1oz, recurre a las declaraciones tradicionales en el sentido de que durante su gesti\u00f3n se combatir\u00e1 la inseguridad y las instancias municipales colaborar\u00e1n en la investigaci\u00f3n.<\/p>\n<p>Incluso hace referencia al uso de drones y c\u00e1maras para realizar labores de vigilancia y coordinaci\u00f3n con autoridades estatales, al tiempo que plantea que la situaci\u00f3n de inseguridad alcanza a los municipios de la zona conurbada.<\/p>\n<p>Sin embargo, nada de lo expresado se traduce en hechos concretos que abonen en los hechos a la soluci\u00f3n de fondo que requieren los habitantes de Cuautlancingo en el rubro de la seguridad y en particular al esclarecimiento del feminicidio.<\/p>\n<p>El cad\u00e1ver de una mujer con huellas de violencia y envuelto entre cobijas, se localiz\u00f3 en un paraje de la colonia.<\/p>\n<p>Nueva Alemania en La Trinidad Sanctorum, Cuautlancingo, hoy martes 10 de diciembre de 2024, lo que moviliz\u00f3 a la polic\u00eda municipal en la calle Munich.<\/p>\n<p>Los primeros datos indican que a la mujer habr\u00eda sido asesinada en otro punto y ah\u00ed solo la abandonaron.<\/p>\n<p>Elementos de la Fiscal\u00eda poblana busca c\u00e1maras de vigilancia para dar con el responsable de lo ocurrido e iniciaron una carpeta de investigaci\u00f3n para esclarecer los hechos.<\/p>\n<p>El cuerpo fue trasladado al anfiteatro de la regi\u00f3n donde le realizar\u00e1n la necropsia de rigor para determinar las causas de muerte.<\/p>\n","protected":false},"excerpt":{"rendered":"<p>POR FRED ESTRADA Ante el hallazgo del cuerpo de una mujer en Cuautlancingo, el presidente municipal Omar Mu\u00f1oz, recurre a las declaraciones tradicionales en el sentido de que durante su gesti\u00f3n se combatir\u00e1 la inseguridad y las instancias municipales colaborar\u00e1n en la investigaci\u00f3n. Incluso hace referencia al uso de drones y c\u00e1maras para realizar labores&#8230;<\/p>\n","protected":false},"author":16,"featured_media":26617,"comment_status":"closed","ping_status":"closed","sticky":false,"template":"","format":"standard","meta":[],"categories":[11],"tags":[343,182,260,2541],"yoast_head":"<!-- This site is optimized with the Yoast SEO plugin v20.8 - https:\/\/yoast.com\/wordpress\/plugins\/seo\/ -->\n<title>Femicidio en Cuautlancingo, Puebla - The Puebla Times<\/title>\n<meta name=\"robots\" content=\"index, follow, max-snippet:-1, max-image-preview:large, max-video-preview:-1\" \/>\n<link rel=\"canonical\" href=\"https:\/\/thepueblatimes.mx\/index.php\/2024\/12\/10\/femicidio-en-cuautlancingo-puebla\/\" \/>\n<meta property=\"og:locale\" content=\"es_ES\" \/>\n<meta property=\"og:type\" content=\"article\" \/>\n<meta property=\"og:title\" content=\"Femicidio en Cuautlancingo, Puebla - The Puebla Times\" \/>\n<meta property=\"og:description\" content=\"POR FRED ESTRADA Ante el hallazgo del cuerpo de una mujer en Cuautlancingo, el presidente municipal Omar Mu\u00f1oz, recurre a las declaraciones tradicionales en el sentido de que durante su gesti\u00f3n se combatir\u00e1 la inseguridad y las instancias municipales colaborar\u00e1n en la investigaci\u00f3n. Incluso hace referencia al uso de drones y c\u00e1maras para realizar labores...\" \/>\n<meta property=\"og:url\" content=\"https:\/\/thepueblatimes.mx\/index.php\/2024\/12\/10\/femicidio-en-cuautlancingo-puebla\/\" \/>\n<meta property=\"og:site_name\" content=\"The Puebla Times\" \/>\n<meta property=\"article:published_time\" content=\"2024-12-10T19:57:26+00:00\" \/>\n<meta property=\"article:modified_time\" content=\"2024-12-10T19:59:36+00:00\" \/>\n<meta property=\"og:image\" content=\"https:\/\/thepueblatimes.mx\/wp-content\/uploads\/2024\/12\/468840006_1116002943865835_1775098872948338408_n.jpg\" \/>\n\t<meta property=\"og:image:width\" content=\"1464\" \/>\n\t<meta property=\"og:image:height\" content=\"1492\" \/>\n\t<meta property=\"og:image:type\" content=\"image\/jpeg\" \/>\n<meta name=\"author\" content=\"Sa\u00fal Hern\u00e1ndez\" \/>\n<meta name=\"twitter:card\" content=\"summary_large_image\" \/>\n<meta name=\"twitter:label1\" content=\"Escrito por\" \/>\n\t<meta name=\"twitter:data1\" content=\"Sa\u00fal Hern\u00e1ndez\" \/>\n\t<meta name=\"twitter:label2\" content=\"Tiempo de lectura\" \/>\n\t<meta name=\"twitter:data2\" content=\"2 minutos\" \/>\n<script type=\"application\/ld+json\" class=\"yoast-schema-graph\">{\"@context\":\"https:\/\/schema.org\",\"@graph\":[{\"@type\":\"WebPage\",\"@id\":\"https:\/\/thepueblatimes.mx\/index.php\/2024\/12\/10\/femicidio-en-cuautlancingo-puebla\/\",\"url\":\"https:\/\/thepueblatimes.mx\/index.php\/2024\/12\/10\/femicidio-en-cuautlancingo-puebla\/\",\"name\":\"Femicidio en Cuautlancingo, Puebla - The Puebla Times\",\"isPartOf\":{\"@id\":\"https:\/\/thepueblatimes.mx\/#website\"},\"datePublished\":\"2024-12-10T19:57:26+00:00\",\"dateModified\":\"2024-12-10T19:59:36+00:00\",\"author\":{\"@id\":\"https:\/\/thepueblatimes.mx\/#\/schema\/person\/1664894c2f65ce2c7a08d8f5f905c13c\"},\"breadcrumb\":{\"@id\":\"https:\/\/thepueblatimes.mx\/index.php\/2024\/12\/10\/femicidio-en-cuautlancingo-puebla\/#breadcrumb\"},\"inLanguage\":\"es\",\"potentialAction\":[{\"@type\":\"ReadAction\",\"target\":[\"https:\/\/thepueblatimes.mx\/index.php\/2024\/12\/10\/femicidio-en-cuautlancingo-puebla\/\"]}]},{\"@type\":\"BreadcrumbList\",\"@id\":\"https:\/\/thepueblatimes.mx\/index.php\/2024\/12\/10\/femicidio-en-cuautlancingo-puebla\/#breadcrumb\",\"itemListElement\":[{\"@type\":\"ListItem\",\"position\":1,\"name\":\"Portada\",\"item\":\"https:\/\/thepueblatimes.mx\/\"},{\"@type\":\"ListItem\",\"position\":2,\"name\":\"Femicidio en Cuautlancingo, Puebla\"}]},{\"@type\":\"WebSite\",\"@id\":\"https:\/\/thepueblatimes.mx\/#website\",\"url\":\"https:\/\/thepueblatimes.mx\/\",\"name\":\"The Puebla Times\",\"description\":\"Noticias del Estado de Puebla\",\"potentialAction\":[{\"@type\":\"SearchAction\",\"target\":{\"@type\":\"EntryPoint\",\"urlTemplate\":\"https:\/\/thepueblatimes.mx\/?s={search_term_string}\"},\"query-input\":\"required name=search_term_string\"}],\"inLanguage\":\"es\"},{\"@type\":\"Person\",\"@id\":\"https:\/\/thepueblatimes.mx\/#\/schema\/person\/1664894c2f65ce2c7a08d8f5f905c13c\",\"name\":\"Sa\u00fal Hern\u00e1ndez\",\"image\":{\"@type\":\"ImageObject\",\"inLanguage\":\"es\",\"@id\":\"https:\/\/thepueblatimes.mx\/#\/schema\/person\/image\/\",\"url\":\"https:\/\/secure.gravatar.com\/avatar\/11be338693f243309532caad8f10c930?s=96&d=mm&r=g\",\"contentUrl\":\"https:\/\/secure.gravatar.com\/avatar\/11be338693f243309532caad8f10c930?s=96&d=mm&r=g\",\"caption\":\"Sa\u00fal Hern\u00e1ndez\"},\"url\":\"https:\/\/thepueblatimes.mx\/index.php\/author\/saulhernandez\/\"}]}<\/script>\n<!-- \/ Yoast SEO plugin. -->","yoast_head_json":{"title":"Femicidio en Cuautlancingo, Puebla - The Puebla Times","robots":{"index":"index","follow":"follow","max-snippet":"max-snippet:-1","max-image-preview":"max-image-preview:large","max-video-preview":"max-video-preview:-1"},"canonical":"https:\/\/thepueblatimes.mx\/index.php\/2024\/12\/10\/femicidio-en-cuautlancingo-puebla\/","og_locale":"es_ES","og_type":"article","og_title":"Femicidio en Cuautlancingo, Puebla - The Puebla Times","og_description":"POR FRED ESTRADA Ante el hallazgo del cuerpo de una mujer en Cuautlancingo, el presidente municipal Omar Mu\u00f1oz, recurre a las declaraciones tradicionales en el sentido de que durante su gesti\u00f3n se combatir\u00e1 la inseguridad y las instancias municipales colaborar\u00e1n en la investigaci\u00f3n. Incluso hace referencia al uso de drones y c\u00e1maras para realizar labores...","og_url":"https:\/\/thepueblatimes.mx\/index.php\/2024\/12\/10\/femicidio-en-cuautlancingo-puebla\/","og_site_name":"The Puebla Times","article_published_time":"2024-12-10T19:57:26+00:00","article_modified_time":"2024-12-10T19:59:36+00:00","og_image":[{"width":1464,"height":1492,"url":"https:\/\/thepueblatimes.mx\/wp-content\/uploads\/2024\/12\/468840006_1116002943865835_1775098872948338408_n.jpg","type":"image\/jpeg"}],"author":"Sa\u00fal Hern\u00e1ndez","twitter_card":"summary_large_image","twitter_misc":{"Escrito por":"Sa\u00fal Hern\u00e1ndez","Tiempo de lectura":"2 minutos"},"schema":{"@context":"https:\/\/schema.org","@graph":[{"@type":"WebPage","@id":"https:\/\/thepueblatimes.mx\/index.php\/2024\/12\/10\/femicidio-en-cuautlancingo-puebla\/","url":"https:\/\/thepueblatimes.mx\/index.php\/2024\/12\/10\/femicidio-en-cuautlancingo-puebla\/","name":"Femicidio en Cuautlancingo, Puebla - The Puebla Times","isPartOf":{"@id":"https:\/\/thepueblatimes.mx\/#website"},"datePublished":"2024-12-10T19:57:26+00:00","dateModified":"2024-12-10T19:59:36+00:00","author":{"@id":"https:\/\/thepueblatimes.mx\/#\/schema\/person\/1664894c2f65ce2c7a08d8f5f905c13c"},"breadcrumb":{"@id":"https:\/\/thepueblatimes.mx\/index.php\/2024\/12\/10\/femicidio-en-cuautlancingo-puebla\/#breadcrumb"},"inLanguage":"es","potentialAction":[{"@type":"ReadAction","target":["https:\/\/thepueblatimes.mx\/index.php\/2024\/12\/10\/femicidio-en-cuautlancingo-puebla\/"]}]},{"@type":"BreadcrumbList","@id":"https:\/\/thepueblatimes.mx\/index.php\/2024\/12\/10\/femicidio-en-cuautlancingo-puebla\/#breadcrumb","itemListElement":[{"@type":"ListItem","position":1,"name":"Portada","item":"https:\/\/thepueblatimes.mx\/"},{"@type":"ListItem","position":2,"name":"Femicidio en Cuautlancingo, Puebla"}]},{"@type":"WebSite","@id":"https:\/\/thepueblatimes.mx\/#website","url":"https:\/\/thepueblatimes.mx\/","name":"The Puebla Times","description":"Noticias del Estado de Puebla","potentialAction":[{"@type":"SearchAction","target":{"@type":"EntryPoint","urlTemplate":"https:\/\/thepueblatimes.mx\/?s={search_term_string}"},"query-input":"required name=search_term_string"}],"inLanguage":"es"},{"@type":"Person","@id":"https:\/\/thepueblatimes.mx\/#\/schema\/person\/1664894c2f65ce2c7a08d8f5f905c13c","name":"Sa\u00fal Hern\u00e1ndez","image":{"@type":"ImageObject","inLanguage":"es","@id":"https:\/\/thepueblatimes.mx\/#\/schema\/person\/image\/","url":"https:\/\/secure.gravatar.com\/avatar\/11be338693f243309532caad8f10c930?s=96&d=mm&r=g","contentUrl":"https:\/\/secure.gravatar.com\/avatar\/11be338693f243309532caad8f10c930?s=96&d=mm&r=g","caption":"Sa\u00fal Hern\u00e1ndez"},"url":"https:\/\/thepueblatimes.mx\/index.php\/author\/saulhernandez\/"}]}},"jetpack_featured_media_url":"https:\/\/thepueblatimes.mx\/wp-content\/uploads\/2024\/12\/468840006_1116002943865835_1775098872948338408_n.jpg","_links":{"self":[{"href":"https:\/\/thepueblatimes.mx\/index.php\/wp-json\/wp\/v2\/posts\/26615"}],"collection":[{"href":"https:\/\/thepueblatimes.mx\/index.php\/wp-json\/wp\/v2\/posts"}],"about":[{"href":"https:\/\/thepueblatimes.mx\/index.php\/wp-json\/wp\/v2\/types\/post"}],"author":[{"embeddable":true,"href":"https:\/\/thepueblatimes.mx\/index.php\/wp-json\/wp\/v2\/users\/16"}],"replies":[{"embeddable":true,"href":"https:\/\/thepueblatimes.mx\/index.php\/wp-json\/wp\/v2\/comments?post=26615"}],"version-history":[{"count":2,"href":"https:\/\/thepueblatimes.mx\/index.php\/wp-json\/wp\/v2\/posts\/26615\/revisions"}],"predecessor-version":[{"id":26619,"href":"https:\/\/thepueblatimes.mx\/index.php\/wp-json\/wp\/v2\/posts\/26615\/revisions\/26619"}],"wp:featuredmedia":[{"embeddable":true,"href":"https:\/\/thepueblatimes.mx\/index.php\/wp-json\/wp\/v2\/media\/26617"}],"wp:attachment":[{"href":"https:\/\/thepueblatimes.mx\/index.php\/wp-json\/wp\/v2\/media?parent=26615"}],"wp:term":[{"taxonomy":"category","embeddable":true,"href":"https:\/\/thepueblatimes.mx\/index.php\/wp-json\/wp\/v2\/categories?post=26615"},{"taxonomy":"post_tag","embeddable":true,"href":"https:\/\/thepueblatimes.mx\/index.php\/wp-json\/wp\/v2\/tags?post=26615"}],"curies":[{"name":"wp","href":"https:\/\/api.w.org\/{rel}","templated":true}]}}