{"id":26602,"date":"2024-12-09T17:41:30","date_gmt":"2024-12-09T23:41:30","guid":{"rendered":"https:\/\/thepueblatimes.mx\/?p=26602"},"modified":"2024-12-09T17:43:45","modified_gmt":"2024-12-09T23:43:45","slug":"en-la-mixteca-poblana-la-presa-de-tehuitzingo-representa-un-riesgo","status":"publish","type":"post","link":"https:\/\/thepueblatimes.mx\/index.php\/2024\/12\/09\/en-la-mixteca-poblana-la-presa-de-tehuitzingo-representa-un-riesgo\/","title":{"rendered":"En la Mixteca poblana, la Presa de Tehuitzingo representa un riesgo"},"content":{"rendered":"<p>POR FRED ESTRADA<\/p>\n<p>Debido a los materiales de mala calidad, con los que presuntamente fue erigida en 202 y su evidente deterioro, la presa ubicada en las Jaulillas, Tehuitzingo, es un riesgo para la regi\u00f3n y sus habitantes.<\/p>\n<p>Sin embargo, derivado de que est\u00e1 en proceso un juicio, el gobierno estatal no puede intervenirla con la finalidad de evitar alg\u00fan da\u00f1o mayor, sobre todo en la \u00e9poca de lluvias.<\/p>\n<p>Lo anterior se desprende de la exposici\u00f3n que realiz\u00f3 la titular de la Secretar\u00eda de Desarrollo Rural, Morayma Rub\u00ed, al comparecer ante la Comisi\u00f3n de Desarrollo Rural del Congreso del estado de Puebla.<\/p>\n<p>Agreg\u00f3 que el gobierno estatal dio acompa\u00f1amiento a los pobladores a trav\u00e9s de la dependencia a su cargo.<br \/>\nY se realizaron reuniones con la Comisi\u00f3n Nacional del Agua (Conagua), tanto a nivel federal como local, la Secretar\u00eda de Gobernaci\u00f3n (Segob) y la Secretar\u00eda de Desarrollo Rural federal (SDR).<\/p>\n<p>Detall\u00f3 que de manera preventiva se han desarrollado acciones como el desazolve de la compuerta, a fin de que no colapse, y la supervisi\u00f3n y acompa\u00f1amiento porque el desbordamiento de la presa era un riesgo latente pues el tipo de materiales presenta deficiencias.<\/p>\n<p>Refiri\u00f3 que la obra se realiz\u00f3 a trav\u00e9s de un esquema en el que los pobladores fueron quienes contrataron a la empresa para la construcci\u00f3n de la presa.<\/p>\n<p>En este entorno, las instancias competentes realizan un an\u00e1lisis para determinar si los elementos con los que se construy\u00f3 la presa cumplen con las condiciones, los requerimientos y los permisos.<\/p>\n<p>En tanto que la obra se encuentra en un litigio porque la comunidad demand\u00f3 a la constructora que realiz\u00f3 la obra.<\/p>\n<p>Apunto, que por eso no se han podido llevar a cabo acciones directas que lleven a la mejora o modificaci\u00f3n.<\/p>\n<p>En consecuencia, ser\u00e1 hasta que las instancias correspondientes den un dictamen y se resuelva el juicio, ser\u00e1 cuando el gobierno pueda actuar con la modificaci\u00f3n.<\/p>\n","protected":false},"excerpt":{"rendered":"<p>POR FRED ESTRADA Debido a los materiales de mala calidad, con los que presuntamente fue erigida en 202 y su evidente deterioro, la presa ubicada en las Jaulillas, Tehuitzingo, es un riesgo para la regi\u00f3n y sus habitantes. Sin embargo, derivado de que est\u00e1 en proceso un juicio, el gobierno estatal no puede intervenirla con&#8230;<\/p>\n","protected":false},"author":16,"featured_media":26605,"comment_status":"closed","ping_status":"closed","sticky":false,"template":"","format":"standard","meta":[],"categories":[11],"tags":[2618,1687,2616,2617,1361],"yoast_head":"<!-- This site is optimized with the Yoast SEO plugin v20.8 - https:\/\/yoast.com\/wordpress\/plugins\/seo\/ -->\n<title>En la Mixteca poblana, la Presa de Tehuitzingo representa un riesgo - The Puebla Times<\/title>\n<meta name=\"robots\" content=\"index, follow, max-snippet:-1, max-image-preview:large, max-video-preview:-1\" \/>\n<link rel=\"canonical\" href=\"https:\/\/thepueblatimes.mx\/index.php\/2024\/12\/09\/en-la-mixteca-poblana-la-presa-de-tehuitzingo-representa-un-riesgo\/\" \/>\n<meta property=\"og:locale\" content=\"es_ES\" \/>\n<meta property=\"og:type\" content=\"article\" \/>\n<meta property=\"og:title\" content=\"En la Mixteca poblana, la Presa de Tehuitzingo representa un riesgo - The Puebla Times\" \/>\n<meta property=\"og:description\" content=\"POR FRED ESTRADA Debido a los materiales de mala calidad, con los que presuntamente fue erigida en 202 y su evidente deterioro, la presa ubicada en las Jaulillas, Tehuitzingo, es un riesgo para la regi\u00f3n y sus habitantes. Sin embargo, derivado de que est\u00e1 en proceso un juicio, el gobierno estatal no puede intervenirla con...\" \/>\n<meta property=\"og:url\" content=\"https:\/\/thepueblatimes.mx\/index.php\/2024\/12\/09\/en-la-mixteca-poblana-la-presa-de-tehuitzingo-representa-un-riesgo\/\" \/>\n<meta property=\"og:site_name\" content=\"The Puebla Times\" \/>\n<meta property=\"article:published_time\" content=\"2024-12-09T23:41:30+00:00\" \/>\n<meta property=\"article:modified_time\" content=\"2024-12-09T23:43:45+00:00\" \/>\n<meta property=\"og:image\" content=\"https:\/\/thepueblatimes.mx\/wp-content\/uploads\/2024\/12\/presaTehuitzingo.webp\" \/>\n\t<meta property=\"og:image:width\" content=\"1200\" \/>\n\t<meta property=\"og:image:height\" content=\"675\" \/>\n\t<meta property=\"og:image:type\" content=\"image\/webp\" \/>\n<meta name=\"author\" content=\"Sa\u00fal Hern\u00e1ndez\" \/>\n<meta name=\"twitter:card\" content=\"summary_large_image\" \/>\n<meta name=\"twitter:label1\" content=\"Escrito por\" \/>\n\t<meta name=\"twitter:data1\" content=\"Sa\u00fal Hern\u00e1ndez\" \/>\n\t<meta name=\"twitter:label2\" content=\"Tiempo de lectura\" \/>\n\t<meta name=\"twitter:data2\" content=\"2 minutos\" \/>\n<script type=\"application\/ld+json\" class=\"yoast-schema-graph\">{\"@context\":\"https:\/\/schema.org\",\"@graph\":[{\"@type\":\"WebPage\",\"@id\":\"https:\/\/thepueblatimes.mx\/index.php\/2024\/12\/09\/en-la-mixteca-poblana-la-presa-de-tehuitzingo-representa-un-riesgo\/\",\"url\":\"https:\/\/thepueblatimes.mx\/index.php\/2024\/12\/09\/en-la-mixteca-poblana-la-presa-de-tehuitzingo-representa-un-riesgo\/\",\"name\":\"En la Mixteca poblana, la Presa de Tehuitzingo representa un riesgo - The Puebla Times\",\"isPartOf\":{\"@id\":\"https:\/\/thepueblatimes.mx\/#website\"},\"datePublished\":\"2024-12-09T23:41:30+00:00\",\"dateModified\":\"2024-12-09T23:43:45+00:00\",\"author\":{\"@id\":\"https:\/\/thepueblatimes.mx\/#\/schema\/person\/1664894c2f65ce2c7a08d8f5f905c13c\"},\"breadcrumb\":{\"@id\":\"https:\/\/thepueblatimes.mx\/index.php\/2024\/12\/09\/en-la-mixteca-poblana-la-presa-de-tehuitzingo-representa-un-riesgo\/#breadcrumb\"},\"inLanguage\":\"es\",\"potentialAction\":[{\"@type\":\"ReadAction\",\"target\":[\"https:\/\/thepueblatimes.mx\/index.php\/2024\/12\/09\/en-la-mixteca-poblana-la-presa-de-tehuitzingo-representa-un-riesgo\/\"]}]},{\"@type\":\"BreadcrumbList\",\"@id\":\"https:\/\/thepueblatimes.mx\/index.php\/2024\/12\/09\/en-la-mixteca-poblana-la-presa-de-tehuitzingo-representa-un-riesgo\/#breadcrumb\",\"itemListElement\":[{\"@type\":\"ListItem\",\"position\":1,\"name\":\"Portada\",\"item\":\"https:\/\/thepueblatimes.mx\/\"},{\"@type\":\"ListItem\",\"position\":2,\"name\":\"En la Mixteca poblana, la Presa de Tehuitzingo representa un riesgo\"}]},{\"@type\":\"WebSite\",\"@id\":\"https:\/\/thepueblatimes.mx\/#website\",\"url\":\"https:\/\/thepueblatimes.mx\/\",\"name\":\"The Puebla Times\",\"description\":\"Noticias del Estado de Puebla\",\"potentialAction\":[{\"@type\":\"SearchAction\",\"target\":{\"@type\":\"EntryPoint\",\"urlTemplate\":\"https:\/\/thepueblatimes.mx\/?s={search_term_string}\"},\"query-input\":\"required name=search_term_string\"}],\"inLanguage\":\"es\"},{\"@type\":\"Person\",\"@id\":\"https:\/\/thepueblatimes.mx\/#\/schema\/person\/1664894c2f65ce2c7a08d8f5f905c13c\",\"name\":\"Sa\u00fal Hern\u00e1ndez\",\"image\":{\"@type\":\"ImageObject\",\"inLanguage\":\"es\",\"@id\":\"https:\/\/thepueblatimes.mx\/#\/schema\/person\/image\/\",\"url\":\"https:\/\/secure.gravatar.com\/avatar\/11be338693f243309532caad8f10c930?s=96&d=mm&r=g\",\"contentUrl\":\"https:\/\/secure.gravatar.com\/avatar\/11be338693f243309532caad8f10c930?s=96&d=mm&r=g\",\"caption\":\"Sa\u00fal Hern\u00e1ndez\"},\"url\":\"https:\/\/thepueblatimes.mx\/index.php\/author\/saulhernandez\/\"}]}<\/script>\n<!-- \/ Yoast SEO plugin. -->","yoast_head_json":{"title":"En la Mixteca poblana, la Presa de Tehuitzingo representa un riesgo - The Puebla Times","robots":{"index":"index","follow":"follow","max-snippet":"max-snippet:-1","max-image-preview":"max-image-preview:large","max-video-preview":"max-video-preview:-1"},"canonical":"https:\/\/thepueblatimes.mx\/index.php\/2024\/12\/09\/en-la-mixteca-poblana-la-presa-de-tehuitzingo-representa-un-riesgo\/","og_locale":"es_ES","og_type":"article","og_title":"En la Mixteca poblana, la Presa de Tehuitzingo representa un riesgo - The Puebla Times","og_description":"POR FRED ESTRADA Debido a los materiales de mala calidad, con los que presuntamente fue erigida en 202 y su evidente deterioro, la presa ubicada en las Jaulillas, Tehuitzingo, es un riesgo para la regi\u00f3n y sus habitantes. Sin embargo, derivado de que est\u00e1 en proceso un juicio, el gobierno estatal no puede intervenirla con...","og_url":"https:\/\/thepueblatimes.mx\/index.php\/2024\/12\/09\/en-la-mixteca-poblana-la-presa-de-tehuitzingo-representa-un-riesgo\/","og_site_name":"The Puebla Times","article_published_time":"2024-12-09T23:41:30+00:00","article_modified_time":"2024-12-09T23:43:45+00:00","og_image":[{"width":1200,"height":675,"url":"https:\/\/thepueblatimes.mx\/wp-content\/uploads\/2024\/12\/presaTehuitzingo.webp","type":"image\/webp"}],"author":"Sa\u00fal Hern\u00e1ndez","twitter_card":"summary_large_image","twitter_misc":{"Escrito por":"Sa\u00fal Hern\u00e1ndez","Tiempo de lectura":"2 minutos"},"schema":{"@context":"https:\/\/schema.org","@graph":[{"@type":"WebPage","@id":"https:\/\/thepueblatimes.mx\/index.php\/2024\/12\/09\/en-la-mixteca-poblana-la-presa-de-tehuitzingo-representa-un-riesgo\/","url":"https:\/\/thepueblatimes.mx\/index.php\/2024\/12\/09\/en-la-mixteca-poblana-la-presa-de-tehuitzingo-representa-un-riesgo\/","name":"En la Mixteca poblana, la Presa de Tehuitzingo representa un riesgo - The Puebla Times","isPartOf":{"@id":"https:\/\/thepueblatimes.mx\/#website"},"datePublished":"2024-12-09T23:41:30+00:00","dateModified":"2024-12-09T23:43:45+00:00","author":{"@id":"https:\/\/thepueblatimes.mx\/#\/schema\/person\/1664894c2f65ce2c7a08d8f5f905c13c"},"breadcrumb":{"@id":"https:\/\/thepueblatimes.mx\/index.php\/2024\/12\/09\/en-la-mixteca-poblana-la-presa-de-tehuitzingo-representa-un-riesgo\/#breadcrumb"},"inLanguage":"es","potentialAction":[{"@type":"ReadAction","target":["https:\/\/thepueblatimes.mx\/index.php\/2024\/12\/09\/en-la-mixteca-poblana-la-presa-de-tehuitzingo-representa-un-riesgo\/"]}]},{"@type":"BreadcrumbList","@id":"https:\/\/thepueblatimes.mx\/index.php\/2024\/12\/09\/en-la-mixteca-poblana-la-presa-de-tehuitzingo-representa-un-riesgo\/#breadcrumb","itemListElement":[{"@type":"ListItem","position":1,"name":"Portada","item":"https:\/\/thepueblatimes.mx\/"},{"@type":"ListItem","position":2,"name":"En la Mixteca poblana, la Presa de Tehuitzingo representa un riesgo"}]},{"@type":"WebSite","@id":"https:\/\/thepueblatimes.mx\/#website","url":"https:\/\/thepueblatimes.mx\/","name":"The Puebla Times","description":"Noticias del Estado de Puebla","potentialAction":[{"@type":"SearchAction","target":{"@type":"EntryPoint","urlTemplate":"https:\/\/thepueblatimes.mx\/?s={search_term_string}"},"query-input":"required name=search_term_string"}],"inLanguage":"es"},{"@type":"Person","@id":"https:\/\/thepueblatimes.mx\/#\/schema\/person\/1664894c2f65ce2c7a08d8f5f905c13c","name":"Sa\u00fal Hern\u00e1ndez","image":{"@type":"ImageObject","inLanguage":"es","@id":"https:\/\/thepueblatimes.mx\/#\/schema\/person\/image\/","url":"https:\/\/secure.gravatar.com\/avatar\/11be338693f243309532caad8f10c930?s=96&d=mm&r=g","contentUrl":"https:\/\/secure.gravatar.com\/avatar\/11be338693f243309532caad8f10c930?s=96&d=mm&r=g","caption":"Sa\u00fal Hern\u00e1ndez"},"url":"https:\/\/thepueblatimes.mx\/index.php\/author\/saulhernandez\/"}]}},"jetpack_featured_media_url":"https:\/\/thepueblatimes.mx\/wp-content\/uploads\/2024\/12\/presaTehuitzingo.webp","_links":{"self":[{"href":"https:\/\/thepueblatimes.mx\/index.php\/wp-json\/wp\/v2\/posts\/26602"}],"collection":[{"href":"https:\/\/thepueblatimes.mx\/index.php\/wp-json\/wp\/v2\/posts"}],"about":[{"href":"https:\/\/thepueblatimes.mx\/index.php\/wp-json\/wp\/v2\/types\/post"}],"author":[{"embeddable":true,"href":"https:\/\/thepueblatimes.mx\/index.php\/wp-json\/wp\/v2\/users\/16"}],"replies":[{"embeddable":true,"href":"https:\/\/thepueblatimes.mx\/index.php\/wp-json\/wp\/v2\/comments?post=26602"}],"version-history":[{"count":1,"href":"https:\/\/thepueblatimes.mx\/index.php\/wp-json\/wp\/v2\/posts\/26602\/revisions"}],"predecessor-version":[{"id":26606,"href":"https:\/\/thepueblatimes.mx\/index.php\/wp-json\/wp\/v2\/posts\/26602\/revisions\/26606"}],"wp:featuredmedia":[{"embeddable":true,"href":"https:\/\/thepueblatimes.mx\/index.php\/wp-json\/wp\/v2\/media\/26605"}],"wp:attachment":[{"href":"https:\/\/thepueblatimes.mx\/index.php\/wp-json\/wp\/v2\/media?parent=26602"}],"wp:term":[{"taxonomy":"category","embeddable":true,"href":"https:\/\/thepueblatimes.mx\/index.php\/wp-json\/wp\/v2\/categories?post=26602"},{"taxonomy":"post_tag","embeddable":true,"href":"https:\/\/thepueblatimes.mx\/index.php\/wp-json\/wp\/v2\/tags?post=26602"}],"curies":[{"name":"wp","href":"https:\/\/api.w.org\/{rel}","templated":true}]}}